{"id":5474,"date":"2023-10-23T10:35:57","date_gmt":"2023-10-23T10:35:57","guid":{"rendered":"https:\/\/challengeseconomiques.com\/?p=5474"},"modified":"2023-10-23T10:37:21","modified_gmt":"2023-10-23T10:37:21","slug":"transport-infrastructures-les-chantiers-de-laeroport-de-ziguinchor-executes-a-95-dg-aibd","status":"publish","type":"post","link":"https:\/\/challengeseconomiques.com\/?p=5474","title":{"rendered":"Les chantiers de l\u2019a\u00e9roport de Ziguinchor \u00ab ex\u00e9cut\u00e9s \u00e0 95% \u00bb (DG AIBD)"},"content":{"rendered":"<p><strong>Les travaux de r\u00e9habilitation de l\u2019a\u00e9roport de Ziguinchor (sud) sont ex\u00e9cut\u00e9s \u00e0 hauteur de \u00ab\u00a095%\u00a0\u00bb environ, a soutenu, samedi, le directeur g\u00e9n\u00e9ral de l\u2019a\u00e9roport international Blaise Diagne (AIBD) de Diass, Abdoulaye Di\u00e8ye.<\/strong><\/p>\n<p>\u00ab\u00a0Actuellement, l\u2019a\u00e9roport de Ziguinchor est en phase terminale. La piste a \u00e9t\u00e9 r\u00e9nov\u00e9e aux normes internationales. Mais \u00e9galement nous avons repris en neuf l\u2019a\u00e9rogare. Les travaux d\u2019ex\u00e9cution sont \u00e0 peu pr\u00e8s \u00e0 95%\u00a0\u00bb, a-t-il d\u00e9clar\u00e9.<\/p>\n<p>Le DG de l\u2019a\u00e9roport international Blaise Diagne intervenait en marge d\u2019une signature de convention avec la soci\u00e9t\u00e9 d\u2019embouteillage casaman\u00e7aise (SODECA).<\/p>\n<p>La piste de l\u2019a\u00e9roport de Ziguinchor, qui \u00e9tait 2.000 m\u00e8tres, va \u00eatre rallong\u00e9e \u00e0 2.500 m\u00e8tres au terme des travaux. \u00ab\u00a0Cet a\u00e9roport peut d\u00e9sormais recevoir diff\u00e9rents types d\u2019avion. Il r\u00e9pond aux normes internationales\u00a0\u00bb, a assur\u00e9 Abdoulaye Di\u00e8ye.<\/p>\n<p>Les travaux de r\u00e9habilitation de l\u2019a\u00e9roport de Ziguinchor devraient \u00eatre r\u00e9ceptionn\u00e9s \u00ab\u00a0d\u2019ici la fin de l\u2019ann\u00e9e\u00a0\u00bb, a-t-il dit, ajoutant que les a\u00e9roports r\u00e9gionaux, de fa\u00e7on g\u00e9n\u00e9rale, \u00ab\u00a0faciliteront les investissements que les soci\u00e9t\u00e9s priv\u00e9es nationales sont en train de faire au S\u00e9n\u00e9gal\u00a0\u00bb.<\/p>\n<p>\u00ab\u00a0La r\u00e9gion de la Casamance devient une r\u00e9gion d\u00e9senclav\u00e9e avec l\u2019a\u00e9roport de Ziguinchor, de Cap Skiring, de Kolda et de S\u00e9dhiou dont la piste a \u00e9t\u00e9 r\u00e9nov\u00e9e\u00a0\u00bb, a d\u00e9clar\u00e9 Abdoulaye Di\u00e8ye, selon qui \u00ab\u00a0dans trois mois l\u2019a\u00e9rogare de S\u00e9dhiou sera reconstruit\u00a0\u00bb.<\/p>\n<p>\u00ab\u00a0On peut aujourd\u2019hui s\u2019en r\u00e9jouir : la r\u00e9gion de la Casamance est une opportunit\u00e9 pour les touristes. Elle est aussi une opportunit\u00e9 d\u2019investissement\u00a0\u00bb, a-t-il fait valoir.<\/p>\n<p>L\u2019a\u00e9roport international Blaise Diagne s\u2019inscrit dans sa strat\u00e9gie visant \u00e0 faire du S\u00e9n\u00e9gal un hub a\u00e9rien, par le biais de son programme de r\u00e9habilitation des a\u00e9roports r\u00e9gionaux, selon son DG.<\/p>\n<p>Il est revenu sur la convention sign\u00e9e par l\u2019AIBD et la soci\u00e9t\u00e9 d\u2019embouteillage casaman\u00e7aise, un partenariat dont le but est de \u00ab\u00a0mettre en valeur nos produits locaux et donner une bonne visibilit\u00e9 \u00e0 nos a\u00e9roports\u00a0\u00bb.<\/p>\n<p>\u00ab\u00a0La soci\u00e9t\u00e9 d\u2019embouteillage casaman\u00e7aise qui existe depuis sept ans est une propri\u00e9taire r\u00e9gionale. Cette convention va lui permettre d\u2019avoir une visibilit\u00e9 dans les a\u00e9roports du S\u00e9n\u00e9gal\u00a0\u00bb, a expliqu\u00e9 Maurice Sarra, directeur g\u00e9n\u00e9ral de la SODECA, qui compte \u00ab\u00a0350\u00a0\u00bb employ\u00e9s.<\/p>\n<p>M. Sarra a signal\u00e9 que le partenariat liant l\u2019AIBD \u00e0 sa soci\u00e9t\u00e9 est d\u2019une dur\u00e9e d\u2019un an renouvelable.<\/p>\n<p>&nbsp;<\/p>\n<p><strong>APS<\/strong><\/p>\n","protected":false},"excerpt":{"rendered":"<p>Les travaux de r\u00e9habilitation de l\u2019a\u00e9roport de Ziguinchor (sud) sont ex\u00e9cut\u00e9s \u00e0 hauteur de \u00ab\u00a095%\u00a0\u00bb environ, a soutenu, samedi, le directeur g\u00e9n\u00e9ral de l\u2019a\u00e9roport international&#8230;<\/p>\n","protected":false},"author":1,"featured_media":5475,"comment_status":"closed","ping_status":"open","sticky":false,"template":"","format":"standard","meta":{"_jetpack_memberships_contains_paid_content":false,"footnotes":""},"categories":[23,10],"tags":[],"class_list":["post-5474","post","type-post","status-publish","format-standard","has-post-thumbnail","hentry","category-a-la-une","category-infos-eco","wpcat-23-id","wpcat-10-id"],"yoast_head":"<!-- This site is optimized with the Yoast SEO plugin v27.1.1 - https:\/\/yoast.com\/product\/yoast-seo-wordpress\/ -->\n<title>Les chantiers de l\u2019a\u00e9roport de Ziguinchor \u00ab ex\u00e9cut\u00e9s \u00e0 95% \u00bb (DG AIBD) - challenges economiques<\/title>\n<meta name=\"robots\" content=\"index, follow, max-snippet:-1, max-image-preview:large, max-video-preview:-1\" \/>\n<link rel=\"canonical\" href=\"https:\/\/challengeseconomiques.com\/?p=5474\" \/>\n<meta property=\"og:locale\" content=\"fr_FR\" \/>\n<meta property=\"og:type\" content=\"article\" \/>\n<meta property=\"og:title\" content=\"Les chantiers de l\u2019a\u00e9roport de Ziguinchor \u00ab ex\u00e9cut\u00e9s \u00e0 95% \u00bb (DG AIBD) - challenges economiques\" \/>\n<meta property=\"og:description\" content=\"Les travaux de r\u00e9habilitation de l\u2019a\u00e9roport de Ziguinchor (sud) sont ex\u00e9cut\u00e9s \u00e0 hauteur de \u00ab\u00a095%\u00a0\u00bb environ, a soutenu, samedi, le directeur g\u00e9n\u00e9ral de l\u2019a\u00e9roport international...\" \/>\n<meta property=\"og:url\" content=\"https:\/\/challengeseconomiques.com\/?p=5474\" \/>\n<meta property=\"og:site_name\" content=\"challenges economiques\" \/>\n<meta property=\"article:published_time\" content=\"2023-10-23T10:35:57+00:00\" \/>\n<meta property=\"article:modified_time\" content=\"2023-10-23T10:37:21+00:00\" \/>\n<meta property=\"og:image\" content=\"https:\/\/challengeseconomiques.com\/wp-content\/uploads\/2023\/10\/aeroport_ziguinchor-770x470-1.jpeg\" \/>\n\t<meta property=\"og:image:width\" content=\"770\" \/>\n\t<meta property=\"og:image:height\" content=\"470\" \/>\n\t<meta property=\"og:image:type\" content=\"image\/jpeg\" \/>\n<meta name=\"author\" content=\"admin\" \/>\n<meta name=\"twitter:card\" content=\"summary_large_image\" \/>\n<meta name=\"twitter:label1\" content=\"\u00c9crit par\" \/>\n\t<meta name=\"twitter:data1\" content=\"admin\" \/>\n\t<meta name=\"twitter:label2\" content=\"Dur\u00e9e de lecture estim\u00e9e\" \/>\n\t<meta name=\"twitter:data2\" content=\"2 minutes\" \/>\n<script type=\"application\/ld+json\" class=\"yoast-schema-graph\">{\"@context\":\"https:\/\/schema.org\",\"@graph\":[{\"@type\":\"Article\",\"@id\":\"https:\/\/challengeseconomiques.com\/?p=5474#article\",\"isPartOf\":{\"@id\":\"https:\/\/challengeseconomiques.com\/?p=5474\"},\"author\":{\"name\":\"admin\",\"@id\":\"https:\/\/challengeseconomiques.com\/#\/schema\/person\/b4568c9afebc5a9238a771873801e349\"},\"headline\":\"Les chantiers de l\u2019a\u00e9roport de Ziguinchor \u00ab ex\u00e9cut\u00e9s \u00e0 95% \u00bb (DG AIBD)\",\"datePublished\":\"2023-10-23T10:35:57+00:00\",\"dateModified\":\"2023-10-23T10:37:21+00:00\",\"mainEntityOfPage\":{\"@id\":\"https:\/\/challengeseconomiques.com\/?p=5474\"},\"wordCount\":463,\"image\":{\"@id\":\"https:\/\/challengeseconomiques.com\/?p=5474#primaryimage\"},\"thumbnailUrl\":\"https:\/\/challengeseconomiques.com\/wp-content\/uploads\/2023\/10\/aeroport_ziguinchor-770x470-1.jpeg\",\"articleSection\":[\"A la une\",\"Infos \u00e9co\"],\"inLanguage\":\"fr-FR\"},{\"@type\":\"WebPage\",\"@id\":\"https:\/\/challengeseconomiques.com\/?p=5474\",\"url\":\"https:\/\/challengeseconomiques.com\/?p=5474\",\"name\":\"Les chantiers de l\u2019a\u00e9roport de Ziguinchor \u00ab ex\u00e9cut\u00e9s \u00e0 95% \u00bb (DG AIBD) - challenges economiques\",\"isPartOf\":{\"@id\":\"https:\/\/challengeseconomiques.com\/#website\"},\"primaryImageOfPage\":{\"@id\":\"https:\/\/challengeseconomiques.com\/?p=5474#primaryimage\"},\"image\":{\"@id\":\"https:\/\/challengeseconomiques.com\/?p=5474#primaryimage\"},\"thumbnailUrl\":\"https:\/\/challengeseconomiques.com\/wp-content\/uploads\/2023\/10\/aeroport_ziguinchor-770x470-1.jpeg\",\"datePublished\":\"2023-10-23T10:35:57+00:00\",\"dateModified\":\"2023-10-23T10:37:21+00:00\",\"author\":{\"@id\":\"https:\/\/challengeseconomiques.com\/#\/schema\/person\/b4568c9afebc5a9238a771873801e349\"},\"breadcrumb\":{\"@id\":\"https:\/\/challengeseconomiques.com\/?p=5474#breadcrumb\"},\"inLanguage\":\"fr-FR\",\"potentialAction\":[{\"@type\":\"ReadAction\",\"target\":[\"https:\/\/challengeseconomiques.com\/?p=5474\"]}]},{\"@type\":\"ImageObject\",\"inLanguage\":\"fr-FR\",\"@id\":\"https:\/\/challengeseconomiques.com\/?p=5474#primaryimage\",\"url\":\"https:\/\/challengeseconomiques.com\/wp-content\/uploads\/2023\/10\/aeroport_ziguinchor-770x470-1.jpeg\",\"contentUrl\":\"https:\/\/challengeseconomiques.com\/wp-content\/uploads\/2023\/10\/aeroport_ziguinchor-770x470-1.jpeg\",\"width\":770,\"height\":470},{\"@type\":\"BreadcrumbList\",\"@id\":\"https:\/\/challengeseconomiques.com\/?p=5474#breadcrumb\",\"itemListElement\":[{\"@type\":\"ListItem\",\"position\":1,\"name\":\"Home\",\"item\":\"https:\/\/challengeseconomiques.com\/\"},{\"@type\":\"ListItem\",\"position\":2,\"name\":\"Les chantiers de l\u2019a\u00e9roport de Ziguinchor \u00ab ex\u00e9cut\u00e9s \u00e0 95% \u00bb (DG AIBD)\"}]},{\"@type\":\"WebSite\",\"@id\":\"https:\/\/challengeseconomiques.com\/#website\",\"url\":\"https:\/\/challengeseconomiques.com\/\",\"name\":\"challenges economiques\",\"description\":\"\",\"potentialAction\":[{\"@type\":\"SearchAction\",\"target\":{\"@type\":\"EntryPoint\",\"urlTemplate\":\"https:\/\/challengeseconomiques.com\/?s={search_term_string}\"},\"query-input\":{\"@type\":\"PropertyValueSpecification\",\"valueRequired\":true,\"valueName\":\"search_term_string\"}}],\"inLanguage\":\"fr-FR\"},{\"@type\":\"Person\",\"@id\":\"https:\/\/challengeseconomiques.com\/#\/schema\/person\/b4568c9afebc5a9238a771873801e349\",\"name\":\"admin\",\"image\":{\"@type\":\"ImageObject\",\"inLanguage\":\"fr-FR\",\"@id\":\"https:\/\/challengeseconomiques.com\/#\/schema\/person\/image\/\",\"url\":\"https:\/\/secure.gravatar.com\/avatar\/099e42240b5eea11acdb72751fcce0dd918603f0749d24974b7984ea47ed9fd9?s=96&d=mm&r=g\",\"contentUrl\":\"https:\/\/secure.gravatar.com\/avatar\/099e42240b5eea11acdb72751fcce0dd918603f0749d24974b7984ea47ed9fd9?s=96&d=mm&r=g\",\"caption\":\"admin\"},\"sameAs\":[\"https:\/\/challengeseconomiques.com\"],\"url\":\"https:\/\/challengeseconomiques.com\/?author=1\"}]}<\/script>\n<!-- \/ Yoast SEO plugin. -->","yoast_head_json":{"title":"Les chantiers de l\u2019a\u00e9roport de Ziguinchor \u00ab ex\u00e9cut\u00e9s \u00e0 95% \u00bb (DG AIBD) - challenges economiques","robots":{"index":"index","follow":"follow","max-snippet":"max-snippet:-1","max-image-preview":"max-image-preview:large","max-video-preview":"max-video-preview:-1"},"canonical":"https:\/\/challengeseconomiques.com\/?p=5474","og_locale":"fr_FR","og_type":"article","og_title":"Les chantiers de l\u2019a\u00e9roport de Ziguinchor \u00ab ex\u00e9cut\u00e9s \u00e0 95% \u00bb (DG AIBD) - challenges economiques","og_description":"Les travaux de r\u00e9habilitation de l\u2019a\u00e9roport de Ziguinchor (sud) sont ex\u00e9cut\u00e9s \u00e0 hauteur de \u00ab\u00a095%\u00a0\u00bb environ, a soutenu, samedi, le directeur g\u00e9n\u00e9ral de l\u2019a\u00e9roport international...","og_url":"https:\/\/challengeseconomiques.com\/?p=5474","og_site_name":"challenges economiques","article_published_time":"2023-10-23T10:35:57+00:00","article_modified_time":"2023-10-23T10:37:21+00:00","og_image":[{"width":770,"height":470,"url":"https:\/\/challengeseconomiques.com\/wp-content\/uploads\/2023\/10\/aeroport_ziguinchor-770x470-1.jpeg","type":"image\/jpeg"}],"author":"admin","twitter_card":"summary_large_image","twitter_misc":{"\u00c9crit par":"admin","Dur\u00e9e de lecture estim\u00e9e":"2 minutes"},"schema":{"@context":"https:\/\/schema.org","@graph":[{"@type":"Article","@id":"https:\/\/challengeseconomiques.com\/?p=5474#article","isPartOf":{"@id":"https:\/\/challengeseconomiques.com\/?p=5474"},"author":{"name":"admin","@id":"https:\/\/challengeseconomiques.com\/#\/schema\/person\/b4568c9afebc5a9238a771873801e349"},"headline":"Les chantiers de l\u2019a\u00e9roport de Ziguinchor \u00ab ex\u00e9cut\u00e9s \u00e0 95% \u00bb (DG AIBD)","datePublished":"2023-10-23T10:35:57+00:00","dateModified":"2023-10-23T10:37:21+00:00","mainEntityOfPage":{"@id":"https:\/\/challengeseconomiques.com\/?p=5474"},"wordCount":463,"image":{"@id":"https:\/\/challengeseconomiques.com\/?p=5474#primaryimage"},"thumbnailUrl":"https:\/\/challengeseconomiques.com\/wp-content\/uploads\/2023\/10\/aeroport_ziguinchor-770x470-1.jpeg","articleSection":["A la une","Infos \u00e9co"],"inLanguage":"fr-FR"},{"@type":"WebPage","@id":"https:\/\/challengeseconomiques.com\/?p=5474","url":"https:\/\/challengeseconomiques.com\/?p=5474","name":"Les chantiers de l\u2019a\u00e9roport de Ziguinchor \u00ab ex\u00e9cut\u00e9s \u00e0 95% \u00bb (DG AIBD) - challenges economiques","isPartOf":{"@id":"https:\/\/challengeseconomiques.com\/#website"},"primaryImageOfPage":{"@id":"https:\/\/challengeseconomiques.com\/?p=5474#primaryimage"},"image":{"@id":"https:\/\/challengeseconomiques.com\/?p=5474#primaryimage"},"thumbnailUrl":"https:\/\/challengeseconomiques.com\/wp-content\/uploads\/2023\/10\/aeroport_ziguinchor-770x470-1.jpeg","datePublished":"2023-10-23T10:35:57+00:00","dateModified":"2023-10-23T10:37:21+00:00","author":{"@id":"https:\/\/challengeseconomiques.com\/#\/schema\/person\/b4568c9afebc5a9238a771873801e349"},"breadcrumb":{"@id":"https:\/\/challengeseconomiques.com\/?p=5474#breadcrumb"},"inLanguage":"fr-FR","potentialAction":[{"@type":"ReadAction","target":["https:\/\/challengeseconomiques.com\/?p=5474"]}]},{"@type":"ImageObject","inLanguage":"fr-FR","@id":"https:\/\/challengeseconomiques.com\/?p=5474#primaryimage","url":"https:\/\/challengeseconomiques.com\/wp-content\/uploads\/2023\/10\/aeroport_ziguinchor-770x470-1.jpeg","contentUrl":"https:\/\/challengeseconomiques.com\/wp-content\/uploads\/2023\/10\/aeroport_ziguinchor-770x470-1.jpeg","width":770,"height":470},{"@type":"BreadcrumbList","@id":"https:\/\/challengeseconomiques.com\/?p=5474#breadcrumb","itemListElement":[{"@type":"ListItem","position":1,"name":"Home","item":"https:\/\/challengeseconomiques.com\/"},{"@type":"ListItem","position":2,"name":"Les chantiers de l\u2019a\u00e9roport de Ziguinchor \u00ab ex\u00e9cut\u00e9s \u00e0 95% \u00bb (DG AIBD)"}]},{"@type":"WebSite","@id":"https:\/\/challengeseconomiques.com\/#website","url":"https:\/\/challengeseconomiques.com\/","name":"challenges economiques","description":"","potentialAction":[{"@type":"SearchAction","target":{"@type":"EntryPoint","urlTemplate":"https:\/\/challengeseconomiques.com\/?s={search_term_string}"},"query-input":{"@type":"PropertyValueSpecification","valueRequired":true,"valueName":"search_term_string"}}],"inLanguage":"fr-FR"},{"@type":"Person","@id":"https:\/\/challengeseconomiques.com\/#\/schema\/person\/b4568c9afebc5a9238a771873801e349","name":"admin","image":{"@type":"ImageObject","inLanguage":"fr-FR","@id":"https:\/\/challengeseconomiques.com\/#\/schema\/person\/image\/","url":"https:\/\/secure.gravatar.com\/avatar\/099e42240b5eea11acdb72751fcce0dd918603f0749d24974b7984ea47ed9fd9?s=96&d=mm&r=g","contentUrl":"https:\/\/secure.gravatar.com\/avatar\/099e42240b5eea11acdb72751fcce0dd918603f0749d24974b7984ea47ed9fd9?s=96&d=mm&r=g","caption":"admin"},"sameAs":["https:\/\/challengeseconomiques.com"],"url":"https:\/\/challengeseconomiques.com\/?author=1"}]}},"jetpack_featured_media_url":"https:\/\/challengeseconomiques.com\/wp-content\/uploads\/2023\/10\/aeroport_ziguinchor-770x470-1.jpeg","jetpack_sharing_enabled":true,"_links":{"self":[{"href":"https:\/\/challengeseconomiques.com\/index.php?rest_route=\/wp\/v2\/posts\/5474","targetHints":{"allow":["GET"]}}],"collection":[{"href":"https:\/\/challengeseconomiques.com\/index.php?rest_route=\/wp\/v2\/posts"}],"about":[{"href":"https:\/\/challengeseconomiques.com\/index.php?rest_route=\/wp\/v2\/types\/post"}],"author":[{"embeddable":true,"href":"https:\/\/challengeseconomiques.com\/index.php?rest_route=\/wp\/v2\/users\/1"}],"replies":[{"embeddable":true,"href":"https:\/\/challengeseconomiques.com\/index.php?rest_route=%2Fwp%2Fv2%2Fcomments&post=5474"}],"version-history":[{"count":2,"href":"https:\/\/challengeseconomiques.com\/index.php?rest_route=\/wp\/v2\/posts\/5474\/revisions"}],"predecessor-version":[{"id":5477,"href":"https:\/\/challengeseconomiques.com\/index.php?rest_route=\/wp\/v2\/posts\/5474\/revisions\/5477"}],"wp:featuredmedia":[{"embeddable":true,"href":"https:\/\/challengeseconomiques.com\/index.php?rest_route=\/wp\/v2\/media\/5475"}],"wp:attachment":[{"href":"https:\/\/challengeseconomiques.com\/index.php?rest_route=%2Fwp%2Fv2%2Fmedia&parent=5474"}],"wp:term":[{"taxonomy":"category","embeddable":true,"href":"https:\/\/challengeseconomiques.com\/index.php?rest_route=%2Fwp%2Fv2%2Fcategories&post=5474"},{"taxonomy":"post_tag","embeddable":true,"href":"https:\/\/challengeseconomiques.com\/index.php?rest_route=%2Fwp%2Fv2%2Ftags&post=5474"}],"curies":[{"name":"wp","href":"https:\/\/api.w.org\/{rel}","templated":true}]}}