{"id":5468,"date":"2023-10-20T19:37:02","date_gmt":"2023-10-20T19:37:02","guid":{"rendered":"https:\/\/challengeseconomiques.com\/?p=5468"},"modified":"2023-10-20T19:38:50","modified_gmt":"2023-10-20T19:38:50","slug":"visites-dambassadeurs-a-la-cciad-ballet-diplomatique-pour-booster-les-echanges","status":"publish","type":"post","link":"https:\/\/challengeseconomiques.com\/?p=5468","title":{"rendered":"Visites d\u2019Ambassadeurs \u00e0 la CCIAD : Ballet diplomatique pour booster les \u00e9changes"},"content":{"rendered":"<p><strong>L&rsquo;ambassadrice de la Finland \u00e0 Dakar re\u00e7ue par la pr\u00e9sident de la CCIAD, Abdoulaye Sow<\/strong><\/p>\n<p><strong>Le pr\u00e9sident de la Chambre de Commerce, d\u2019Industrie et d\u2019Agriculture de Dakar (CCIAD) Abdoulaye Sow a re\u00e7u, en audience, le 19 octobre, les ambassadeurs de la Finlande, du Burkina Faso et de la Tunisie au S\u00e9n\u00e9gal.\u00a0 Les diff\u00e9rents travaux ont port\u00e9 sur les voies et moyens pour booster les \u00e9changes commerciaux entre le S\u00e9n\u00e9gal et chaque pays.<\/strong><\/p>\n<p><strong>Coop\u00e9ration \u00e9conomique Finlande-S\u00e9n\u00e9gal <\/strong><\/p>\n<p>L\u2019ambassadeur de la Finlande \u00e0 Dakar son Excellence Mme Anu Saxen a soulign\u00e9 que la derni\u00e8re r\u00e9union de la Commission Mixte, entre le S\u00e9n\u00e9gal et leur pays, date de 1986. Dans la foul\u00e9e, elle a insist\u00e9 sur la n\u00e9cessit\u00e9 de relancer la coop\u00e9ration commerciale.<br \/>\nMme l\u2019ambassadeur a r\u00e9v\u00e9l\u00e9 qu\u2019il y a quatre grandes entreprises finlandaises au S\u00e9n\u00e9gal. De m\u00eame, les PME \/ PMI de ce pays ont affich\u00e9 leur volont\u00e9 de venir faire du business au pays de la \u00ab\u00a0T\u00e9ranga\u00a0\u00bb, l\u2019hospitalit\u00e9.<br \/>\nLa Finlande pr\u00e9voit d\u2019ailleurs d\u2019organiser au S\u00e9n\u00e9gal une mission \u00e9conomique avec une d\u00e9l\u00e9gation qui sera compos\u00e9e \u00a0d\u2019officiels et d\u2019op\u00e9rateurs \u00e9conomiques.<br \/>\nLe pr\u00e9sident de la Chambre de Commerce, d\u2019Industrie et d\u2019Agriculture de Dakar Abdoulaye Sow s\u2019est r\u00e9joui de la d\u00e9marche de son Excellence Mme Anu Saxen.<br \/>\nIl a propos\u00e9 la signature d\u2019un accord de coop\u00e9ration entre la CCIAD et la Chambre de Commerce de Finlande et l\u2019organisation de missions \u00e9conomiques alternativement entre les deux pays.<br \/>\n\u00ab\u00a0Cet accord peut faciliter les affaires, les investissements et l\u2019acc\u00e8s aux march\u00e9s. L\u2019on peut rattraper le retard\u00a0\u00bb, a fait remarquer le pr\u00e9sident de la CCIAD. . .<\/p>\n<p><strong>\u00a0<\/strong><strong>Coop\u00e9ration \u00e9conomique Burkina -S\u00e9n\u00e9gal\u00a0 <\/strong><\/p>\n<p><strong><img fetchpriority=\"high\" decoding=\"async\" class=\"alignnone size-full wp-image-7069\" src=\"https:\/\/bie.cciad.sn\/wp-content\/uploads\/2023\/10\/Ambassadeur_Burkina_1.jpeg\" sizes=\"(max-width: 1600px) 100vw, 1600px\" srcset=\"https:\/\/bie.cciad.sn\/wp-content\/uploads\/2023\/10\/Ambassadeur_Burkina_1.jpeg 1600w, https:\/\/bie.cciad.sn\/wp-content\/uploads\/2023\/10\/Ambassadeur_Burkina_1-300x199.jpeg 300w, https:\/\/bie.cciad.sn\/wp-content\/uploads\/2023\/10\/Ambassadeur_Burkina_1-1024x678.jpeg 1024w, https:\/\/bie.cciad.sn\/wp-content\/uploads\/2023\/10\/Ambassadeur_Burkina_1-768x508.jpeg 768w, https:\/\/bie.cciad.sn\/wp-content\/uploads\/2023\/10\/Ambassadeur_Burkina_1-1536x1017.jpeg 1536w, https:\/\/bie.cciad.sn\/wp-content\/uploads\/2023\/10\/Ambassadeur_Burkina_1-600x398.jpeg 600w, https:\/\/bie.cciad.sn\/wp-content\/uploads\/2023\/10\/Ambassadeur_Burkina_1-455x300.jpeg 455w\" alt=\"\" width=\"1600\" height=\"1059\" \/><\/strong>En fin de mission au S\u00e9n\u00e9gal, l\u2019ambassadeur du Burkina Faso son Excellence Jacob Ou\u00e9draogo a \u00e9galement rendu une visite de courtoisie au pr\u00e9sident de la Chambre de Commerce de Dakar, le jeudi 19 octobre 2023.<br \/>\nLa rencontre a permis de faire le point sur la coop\u00e9ration \u00e9conomique entre le pays des Hommes Int\u00e8gres et le Pays de la \u00ab\u00a0T\u00e9ranga\u00a0\u00bb.<br \/>\nSon Excellence Jacob Ou\u00e9draogo a indiqu\u00e9 que l\u2019Ambassade a jou\u00e9 le r\u00f4le de courroie de transmission entre la Chambre de Commerce du Burkina Faso et la Chambre de Commerce de Dakar. \u00ab\u00a0La collaboration a port\u00e9 ses fruits\u00a0\u00bb, s\u2019est-il r\u00e9joui.<br \/>\nDans ce cadre, le diplomate a \u00e9num\u00e9r\u00e9 les Journ\u00e9es de Promotion Economiques et Commerciales (JPEC) du Burkina, qui ont \u00e9t\u00e9 organis\u00e9es en 2019 \u00e0 Dakar, avec l\u2019appui de la CCIAD.<br \/>\nCelle-ci avait mobilis\u00e9 beaucoup d\u2019acteurs \u00e9conomiques, s\u2019est-il f\u00e9licit\u00e9.<br \/>\nLes accords, qui ont \u00e9t\u00e9 sign\u00e9s par la suite, ont boost\u00e9 le volume des \u00e9changes qui est pass\u00e9 de 3 milliards 600 millions de FCFA en 2018-2019 \u00e0 plus de 20 milliards de FCFA en 2023.En outre, il a soulign\u00e9 que le Burkina vient \u00e0 la FIDAK avec une forte d\u00e9l\u00e9gation de plus de 100 exposants.<br \/>\nPour booster les \u00e9changes, le Burkina dispose d\u2019un espace au PAD qu\u2019il compte valoriser. De m\u00eame, la Chambre de Commerce du Burkina Faso a nomm\u00e9 un repr\u00e9sentant au S\u00e9n\u00e9gal.<br \/>\nEn outre, le diplomate a \u00e9voqu\u00e9 le projet d\u2019accord de facilitation que son pays a soumis au S\u00e9n\u00e9gal pour signature.<\/p>\n<p><strong>Int\u00e9r\u00eat pour le p\u00e9trole et le gaz<\/strong><\/p>\n<p>Son Excellence Jacob Ou\u00e9draogo a fait part de l\u2019int\u00e9r\u00eat du Burkina Faso pour le p\u00e9trole et le gaz que le S\u00e9n\u00e9gal compte exploiter. Sur un autre plan, l\u2019ambassadeur et sa d\u00e9l\u00e9gation ont plaid\u00e9 pour le d\u00e9dommagement des exposants burkinab\u00e8 qui ont \u00e9t\u00e9 impact\u00e9s par l\u2019incendie au CICES en 2015.<br \/>\nLe pr\u00e9sident de la CCIAD Abdoulaye Sow a salu\u00e9 la d\u00e9marche du diplomate burkinab\u00e8. \u00ab\u00a0Nous allons faire de notre mieux pour booster les \u00e9changes\u00a0\u00bb, a-t-il d\u00e9clar\u00e9.<br \/>\nA son avis, le Port Sec que le Burkina Faso veut implanter au S\u00e9n\u00e9gal permettra de r\u00e9gler beaucoup de choses dans la gestion de leur fret burkinab\u00e9. Abdoulaye Sow a \u00e9galement \u00e9voqu\u00e9 le March\u00e9 d\u2019Int\u00e9r\u00eat National dont il est le PCA. Le MIN offre un cadre d\u2019accueil pour les marchandises du Burkina Faso, a-t-il affirm\u00e9.<br \/>\nLe repr\u00e9sentant de la CCI du Burkina a soulign\u00e9 que l\u2019accord de facilitation qui doit \u00eatre sign\u00e9 par les Ministres des Affaires Etrang\u00e8res des deux pays rev\u00eat une importance capitale pour la partie burkinab\u00e8.<br \/>\nA la suite du pr\u00e9sident de la CCIAD, le secr\u00e9taire g\u00e9n\u00e9ral Mbaye Chim\u00e8re Ndiaye a magnifi\u00e9 l\u2019initiative prise par le diplomate burkinab\u00e8. Il a r\u00e9it\u00e9r\u00e9 l\u2019engagement des deux Chambres de Commerce, qui sont les cautions nationales de l\u2019Observatoire des Pratiques Anormales (OPA) de l\u2019UEMOA, \u00e0 \u0153uvrer davantage pour la faciliter des \u00e9changes sur le corridor Dakar-Ouagadougou.<\/p>\n<p><strong>\u00a0<\/strong><strong>Coop\u00e9ration \u00e9conomique Tunisie -S\u00e9n\u00e9gal\u00a0 <\/strong><\/p>\n<p><strong><img decoding=\"async\" class=\"alignnone size-full wp-image-7071\" src=\"https:\/\/bie.cciad.sn\/wp-content\/uploads\/2023\/10\/Ambassadeur_Tunisie_1.jpeg\" sizes=\"(max-width: 1600px) 100vw, 1600px\" srcset=\"https:\/\/bie.cciad.sn\/wp-content\/uploads\/2023\/10\/Ambassadeur_Tunisie_1.jpeg 1600w, https:\/\/bie.cciad.sn\/wp-content\/uploads\/2023\/10\/Ambassadeur_Tunisie_1-300x199.jpeg 300w, https:\/\/bie.cciad.sn\/wp-content\/uploads\/2023\/10\/Ambassadeur_Tunisie_1-1024x678.jpeg 1024w, https:\/\/bie.cciad.sn\/wp-content\/uploads\/2023\/10\/Ambassadeur_Tunisie_1-768x508.jpeg 768w, https:\/\/bie.cciad.sn\/wp-content\/uploads\/2023\/10\/Ambassadeur_Tunisie_1-1536x1017.jpeg 1536w, https:\/\/bie.cciad.sn\/wp-content\/uploads\/2023\/10\/Ambassadeur_Tunisie_1-600x398.jpeg 600w, https:\/\/bie.cciad.sn\/wp-content\/uploads\/2023\/10\/Ambassadeur_Tunisie_1-455x300.jpeg 455w\" alt=\"\" width=\"1600\" height=\"1059\" \/><\/strong>Le pr\u00e9sident de la CCIAD a \u00e9galement eu une s\u00e9ance de travail avec l\u2019ambassadeur de la Tunisie \u00e0 Dakar, son Excellence Rachid Saidani.<br \/>\n\u00ab\u00a0On est en train d\u2019ouvrir une repr\u00e9sentation commerciale \u00e0 Dakar\u00a0\u00bb, a mentionn\u00e9 le diplomate tunisien. Il a \u00e9galement inform\u00e9 la CCIAD de l\u2019organisation par la Tunisie de manifestations \u00e9conomiques \u00e0 Dakar.<br \/>\nSon Excellence Rachid Saidani a ainsi mentionn\u00e9 la mission commerciale d\u2019hommes d\u2019affaires, pr\u00e9vue du 10 au 14 d\u00e9cembre 2023, en collaboration avec des op\u00e9rateurs \u00e9conomiques libyens.<br \/>\nIl a aussi \u00e9num\u00e9r\u00e9 la venue d\u2019une d\u00e9l\u00e9gation de la Chambre de Commerce et d\u2019une d\u00e9l\u00e9gation de femmes d\u2019affaires tunisiennes \u00e0 Dakar au mois de novembre.<\/p>\n<p><strong>S\u00e9n\u00e9gal, 1<sup>er<\/sup> partenaire commercial de la Tunisie. . .<\/strong><\/p>\n<p>Le diplomate a \u00e9galement r\u00e9v\u00e9l\u00e9 que le S\u00e9n\u00e9gal est devenu, en 2023, le 1<sup>er<\/sup> partenaire commercial de la Tunisie en Afrique Subsaharienne (en lieu et place de la\u00a0 C\u00f4te d\u2019Ivoire, NDRL).<br \/>\nDans la m\u00eame veine, le repr\u00e9sentant commercial de la Tunisie, qui vient de s\u2019installer \u00e0 Dakar, a soulign\u00e9 que les \u00e9changes sont en train de se d\u00e9velopper entre les deux pays. Le volume des \u00e9changes a, selon lui, atteint la barre des 65 millions d\u2019euros (soit environ 42 milliards 250 millions de francs CFA).<br \/>\nPour sa part le pr\u00e9sident de la CCIAD Abdoulaye Sow a magnifi\u00e9 les relations diplomatiques qui unissent le S\u00e9n\u00e9gal et la Tunisie depuis fort longtemps, \u00e0 travers notamment la solide amiti\u00e9 entre les anciens pr\u00e9sidents L\u00e9opold S\u00e9dar Senghor et Habib Bourguiba.<br \/>\nCes relations constituent un socle pour booster les \u00e9changes commerciaux, a-t-il ajout\u00e9. Le pr\u00e9sident de la CCIAD a invit\u00e9 les op\u00e9rateurs \u00e9conomiques tunisiens \u00e0 visiter le MIN au cours de leur mission pr\u00e9vue en d\u00e9cembre 2023.<br \/>\nIl a aussi mis l\u2019accent sur la n\u00e9cessit\u00e9 d\u2019avoir une banque en vue de prendre en charge la question du financement dont ont besoin les op\u00e9rateurs \u00e9conomiques des deux pays.<\/p>\n","protected":false},"excerpt":{"rendered":"<p>L&rsquo;ambassadrice de la Finland \u00e0 Dakar re\u00e7ue par la pr\u00e9sident de la CCIAD, Abdoulaye Sow Le pr\u00e9sident de la Chambre de Commerce, d\u2019Industrie et d\u2019Agriculture&#8230;<\/p>\n","protected":false},"author":1,"featured_media":5469,"comment_status":"closed","ping_status":"open","sticky":false,"template":"","format":"standard","meta":{"_jetpack_memberships_contains_paid_content":false,"footnotes":""},"categories":[8],"tags":[],"class_list":["post-5468","post","type-post","status-publish","format-standard","has-post-thumbnail","hentry","category-actualite-economique","wpcat-8-id"],"yoast_head":"<!-- This site is optimized with the Yoast SEO plugin v27.1.1 - https:\/\/yoast.com\/product\/yoast-seo-wordpress\/ -->\n<title>Visites d\u2019Ambassadeurs \u00e0 la CCIAD : Ballet diplomatique pour booster les \u00e9changes - challenges economiques<\/title>\n<meta name=\"robots\" content=\"index, follow, max-snippet:-1, max-image-preview:large, max-video-preview:-1\" \/>\n<link rel=\"canonical\" href=\"https:\/\/challengeseconomiques.com\/?p=5468\" \/>\n<meta property=\"og:locale\" content=\"fr_FR\" \/>\n<meta property=\"og:type\" content=\"article\" \/>\n<meta property=\"og:title\" content=\"Visites d\u2019Ambassadeurs \u00e0 la CCIAD : Ballet diplomatique pour booster les \u00e9changes - challenges economiques\" \/>\n<meta property=\"og:description\" content=\"L&rsquo;ambassadrice de la Finland \u00e0 Dakar re\u00e7ue par la pr\u00e9sident de la CCIAD, Abdoulaye Sow Le pr\u00e9sident de la Chambre de Commerce, d\u2019Industrie et d\u2019Agriculture...\" \/>\n<meta property=\"og:url\" content=\"https:\/\/challengeseconomiques.com\/?p=5468\" \/>\n<meta property=\"og:site_name\" content=\"challenges economiques\" \/>\n<meta property=\"article:published_time\" content=\"2023-10-20T19:37:02+00:00\" \/>\n<meta property=\"article:modified_time\" content=\"2023-10-20T19:38:50+00:00\" \/>\n<meta property=\"og:image\" content=\"https:\/\/challengeseconomiques.com\/wp-content\/uploads\/2023\/10\/Ambassadrice_Finlande_Dakar_1-1536x1017-1.jpeg\" \/>\n\t<meta property=\"og:image:width\" content=\"1536\" \/>\n\t<meta property=\"og:image:height\" content=\"1017\" \/>\n\t<meta property=\"og:image:type\" content=\"image\/jpeg\" \/>\n<meta name=\"author\" content=\"admin\" \/>\n<meta name=\"twitter:card\" content=\"summary_large_image\" \/>\n<meta name=\"twitter:label1\" content=\"\u00c9crit par\" \/>\n\t<meta name=\"twitter:data1\" content=\"admin\" \/>\n\t<meta name=\"twitter:label2\" content=\"Dur\u00e9e de lecture estim\u00e9e\" \/>\n\t<meta name=\"twitter:data2\" content=\"6 minutes\" \/>\n<script type=\"application\/ld+json\" class=\"yoast-schema-graph\">{\"@context\":\"https:\/\/schema.org\",\"@graph\":[{\"@type\":\"Article\",\"@id\":\"https:\/\/challengeseconomiques.com\/?p=5468#article\",\"isPartOf\":{\"@id\":\"https:\/\/challengeseconomiques.com\/?p=5468\"},\"author\":{\"name\":\"admin\",\"@id\":\"https:\/\/challengeseconomiques.com\/#\/schema\/person\/b4568c9afebc5a9238a771873801e349\"},\"headline\":\"Visites d\u2019Ambassadeurs \u00e0 la CCIAD : Ballet diplomatique pour booster les \u00e9changes\",\"datePublished\":\"2023-10-20T19:37:02+00:00\",\"dateModified\":\"2023-10-20T19:38:50+00:00\",\"mainEntityOfPage\":{\"@id\":\"https:\/\/challengeseconomiques.com\/?p=5468\"},\"wordCount\":1197,\"image\":{\"@id\":\"https:\/\/challengeseconomiques.com\/?p=5468#primaryimage\"},\"thumbnailUrl\":\"https:\/\/challengeseconomiques.com\/wp-content\/uploads\/2023\/10\/Ambassadrice_Finlande_Dakar_1-1536x1017-1.jpeg\",\"articleSection\":[\"Actualit\u00e9 \u00e9conomique\"],\"inLanguage\":\"fr-FR\"},{\"@type\":\"WebPage\",\"@id\":\"https:\/\/challengeseconomiques.com\/?p=5468\",\"url\":\"https:\/\/challengeseconomiques.com\/?p=5468\",\"name\":\"Visites d\u2019Ambassadeurs \u00e0 la CCIAD : Ballet diplomatique pour booster les \u00e9changes - challenges economiques\",\"isPartOf\":{\"@id\":\"https:\/\/challengeseconomiques.com\/#website\"},\"primaryImageOfPage\":{\"@id\":\"https:\/\/challengeseconomiques.com\/?p=5468#primaryimage\"},\"image\":{\"@id\":\"https:\/\/challengeseconomiques.com\/?p=5468#primaryimage\"},\"thumbnailUrl\":\"https:\/\/challengeseconomiques.com\/wp-content\/uploads\/2023\/10\/Ambassadrice_Finlande_Dakar_1-1536x1017-1.jpeg\",\"datePublished\":\"2023-10-20T19:37:02+00:00\",\"dateModified\":\"2023-10-20T19:38:50+00:00\",\"author\":{\"@id\":\"https:\/\/challengeseconomiques.com\/#\/schema\/person\/b4568c9afebc5a9238a771873801e349\"},\"breadcrumb\":{\"@id\":\"https:\/\/challengeseconomiques.com\/?p=5468#breadcrumb\"},\"inLanguage\":\"fr-FR\",\"potentialAction\":[{\"@type\":\"ReadAction\",\"target\":[\"https:\/\/challengeseconomiques.com\/?p=5468\"]}]},{\"@type\":\"ImageObject\",\"inLanguage\":\"fr-FR\",\"@id\":\"https:\/\/challengeseconomiques.com\/?p=5468#primaryimage\",\"url\":\"https:\/\/challengeseconomiques.com\/wp-content\/uploads\/2023\/10\/Ambassadrice_Finlande_Dakar_1-1536x1017-1.jpeg\",\"contentUrl\":\"https:\/\/challengeseconomiques.com\/wp-content\/uploads\/2023\/10\/Ambassadrice_Finlande_Dakar_1-1536x1017-1.jpeg\",\"width\":1536,\"height\":1017},{\"@type\":\"BreadcrumbList\",\"@id\":\"https:\/\/challengeseconomiques.com\/?p=5468#breadcrumb\",\"itemListElement\":[{\"@type\":\"ListItem\",\"position\":1,\"name\":\"Home\",\"item\":\"https:\/\/challengeseconomiques.com\/\"},{\"@type\":\"ListItem\",\"position\":2,\"name\":\"Visites d\u2019Ambassadeurs \u00e0 la CCIAD : Ballet diplomatique pour booster les \u00e9changes\"}]},{\"@type\":\"WebSite\",\"@id\":\"https:\/\/challengeseconomiques.com\/#website\",\"url\":\"https:\/\/challengeseconomiques.com\/\",\"name\":\"challenges economiques\",\"description\":\"\",\"potentialAction\":[{\"@type\":\"SearchAction\",\"target\":{\"@type\":\"EntryPoint\",\"urlTemplate\":\"https:\/\/challengeseconomiques.com\/?s={search_term_string}\"},\"query-input\":{\"@type\":\"PropertyValueSpecification\",\"valueRequired\":true,\"valueName\":\"search_term_string\"}}],\"inLanguage\":\"fr-FR\"},{\"@type\":\"Person\",\"@id\":\"https:\/\/challengeseconomiques.com\/#\/schema\/person\/b4568c9afebc5a9238a771873801e349\",\"name\":\"admin\",\"image\":{\"@type\":\"ImageObject\",\"inLanguage\":\"fr-FR\",\"@id\":\"https:\/\/challengeseconomiques.com\/#\/schema\/person\/image\/\",\"url\":\"https:\/\/secure.gravatar.com\/avatar\/099e42240b5eea11acdb72751fcce0dd918603f0749d24974b7984ea47ed9fd9?s=96&d=mm&r=g\",\"contentUrl\":\"https:\/\/secure.gravatar.com\/avatar\/099e42240b5eea11acdb72751fcce0dd918603f0749d24974b7984ea47ed9fd9?s=96&d=mm&r=g\",\"caption\":\"admin\"},\"sameAs\":[\"https:\/\/challengeseconomiques.com\"],\"url\":\"https:\/\/challengeseconomiques.com\/?author=1\"}]}<\/script>\n<!-- \/ Yoast SEO plugin. -->","yoast_head_json":{"title":"Visites d\u2019Ambassadeurs \u00e0 la CCIAD : Ballet diplomatique pour booster les \u00e9changes - challenges economiques","robots":{"index":"index","follow":"follow","max-snippet":"max-snippet:-1","max-image-preview":"max-image-preview:large","max-video-preview":"max-video-preview:-1"},"canonical":"https:\/\/challengeseconomiques.com\/?p=5468","og_locale":"fr_FR","og_type":"article","og_title":"Visites d\u2019Ambassadeurs \u00e0 la CCIAD : Ballet diplomatique pour booster les \u00e9changes - challenges economiques","og_description":"L&rsquo;ambassadrice de la Finland \u00e0 Dakar re\u00e7ue par la pr\u00e9sident de la CCIAD, Abdoulaye Sow Le pr\u00e9sident de la Chambre de Commerce, d\u2019Industrie et d\u2019Agriculture...","og_url":"https:\/\/challengeseconomiques.com\/?p=5468","og_site_name":"challenges economiques","article_published_time":"2023-10-20T19:37:02+00:00","article_modified_time":"2023-10-20T19:38:50+00:00","og_image":[{"width":1536,"height":1017,"url":"https:\/\/challengeseconomiques.com\/wp-content\/uploads\/2023\/10\/Ambassadrice_Finlande_Dakar_1-1536x1017-1.jpeg","type":"image\/jpeg"}],"author":"admin","twitter_card":"summary_large_image","twitter_misc":{"\u00c9crit par":"admin","Dur\u00e9e de lecture estim\u00e9e":"6 minutes"},"schema":{"@context":"https:\/\/schema.org","@graph":[{"@type":"Article","@id":"https:\/\/challengeseconomiques.com\/?p=5468#article","isPartOf":{"@id":"https:\/\/challengeseconomiques.com\/?p=5468"},"author":{"name":"admin","@id":"https:\/\/challengeseconomiques.com\/#\/schema\/person\/b4568c9afebc5a9238a771873801e349"},"headline":"Visites d\u2019Ambassadeurs \u00e0 la CCIAD : Ballet diplomatique pour booster les \u00e9changes","datePublished":"2023-10-20T19:37:02+00:00","dateModified":"2023-10-20T19:38:50+00:00","mainEntityOfPage":{"@id":"https:\/\/challengeseconomiques.com\/?p=5468"},"wordCount":1197,"image":{"@id":"https:\/\/challengeseconomiques.com\/?p=5468#primaryimage"},"thumbnailUrl":"https:\/\/challengeseconomiques.com\/wp-content\/uploads\/2023\/10\/Ambassadrice_Finlande_Dakar_1-1536x1017-1.jpeg","articleSection":["Actualit\u00e9 \u00e9conomique"],"inLanguage":"fr-FR"},{"@type":"WebPage","@id":"https:\/\/challengeseconomiques.com\/?p=5468","url":"https:\/\/challengeseconomiques.com\/?p=5468","name":"Visites d\u2019Ambassadeurs \u00e0 la CCIAD : Ballet diplomatique pour booster les \u00e9changes - challenges economiques","isPartOf":{"@id":"https:\/\/challengeseconomiques.com\/#website"},"primaryImageOfPage":{"@id":"https:\/\/challengeseconomiques.com\/?p=5468#primaryimage"},"image":{"@id":"https:\/\/challengeseconomiques.com\/?p=5468#primaryimage"},"thumbnailUrl":"https:\/\/challengeseconomiques.com\/wp-content\/uploads\/2023\/10\/Ambassadrice_Finlande_Dakar_1-1536x1017-1.jpeg","datePublished":"2023-10-20T19:37:02+00:00","dateModified":"2023-10-20T19:38:50+00:00","author":{"@id":"https:\/\/challengeseconomiques.com\/#\/schema\/person\/b4568c9afebc5a9238a771873801e349"},"breadcrumb":{"@id":"https:\/\/challengeseconomiques.com\/?p=5468#breadcrumb"},"inLanguage":"fr-FR","potentialAction":[{"@type":"ReadAction","target":["https:\/\/challengeseconomiques.com\/?p=5468"]}]},{"@type":"ImageObject","inLanguage":"fr-FR","@id":"https:\/\/challengeseconomiques.com\/?p=5468#primaryimage","url":"https:\/\/challengeseconomiques.com\/wp-content\/uploads\/2023\/10\/Ambassadrice_Finlande_Dakar_1-1536x1017-1.jpeg","contentUrl":"https:\/\/challengeseconomiques.com\/wp-content\/uploads\/2023\/10\/Ambassadrice_Finlande_Dakar_1-1536x1017-1.jpeg","width":1536,"height":1017},{"@type":"BreadcrumbList","@id":"https:\/\/challengeseconomiques.com\/?p=5468#breadcrumb","itemListElement":[{"@type":"ListItem","position":1,"name":"Home","item":"https:\/\/challengeseconomiques.com\/"},{"@type":"ListItem","position":2,"name":"Visites d\u2019Ambassadeurs \u00e0 la CCIAD : Ballet diplomatique pour booster les \u00e9changes"}]},{"@type":"WebSite","@id":"https:\/\/challengeseconomiques.com\/#website","url":"https:\/\/challengeseconomiques.com\/","name":"challenges economiques","description":"","potentialAction":[{"@type":"SearchAction","target":{"@type":"EntryPoint","urlTemplate":"https:\/\/challengeseconomiques.com\/?s={search_term_string}"},"query-input":{"@type":"PropertyValueSpecification","valueRequired":true,"valueName":"search_term_string"}}],"inLanguage":"fr-FR"},{"@type":"Person","@id":"https:\/\/challengeseconomiques.com\/#\/schema\/person\/b4568c9afebc5a9238a771873801e349","name":"admin","image":{"@type":"ImageObject","inLanguage":"fr-FR","@id":"https:\/\/challengeseconomiques.com\/#\/schema\/person\/image\/","url":"https:\/\/secure.gravatar.com\/avatar\/099e42240b5eea11acdb72751fcce0dd918603f0749d24974b7984ea47ed9fd9?s=96&d=mm&r=g","contentUrl":"https:\/\/secure.gravatar.com\/avatar\/099e42240b5eea11acdb72751fcce0dd918603f0749d24974b7984ea47ed9fd9?s=96&d=mm&r=g","caption":"admin"},"sameAs":["https:\/\/challengeseconomiques.com"],"url":"https:\/\/challengeseconomiques.com\/?author=1"}]}},"jetpack_featured_media_url":"https:\/\/challengeseconomiques.com\/wp-content\/uploads\/2023\/10\/Ambassadrice_Finlande_Dakar_1-1536x1017-1.jpeg","jetpack_sharing_enabled":true,"_links":{"self":[{"href":"https:\/\/challengeseconomiques.com\/index.php?rest_route=\/wp\/v2\/posts\/5468","targetHints":{"allow":["GET"]}}],"collection":[{"href":"https:\/\/challengeseconomiques.com\/index.php?rest_route=\/wp\/v2\/posts"}],"about":[{"href":"https:\/\/challengeseconomiques.com\/index.php?rest_route=\/wp\/v2\/types\/post"}],"author":[{"embeddable":true,"href":"https:\/\/challengeseconomiques.com\/index.php?rest_route=\/wp\/v2\/users\/1"}],"replies":[{"embeddable":true,"href":"https:\/\/challengeseconomiques.com\/index.php?rest_route=%2Fwp%2Fv2%2Fcomments&post=5468"}],"version-history":[{"count":2,"href":"https:\/\/challengeseconomiques.com\/index.php?rest_route=\/wp\/v2\/posts\/5468\/revisions"}],"predecessor-version":[{"id":5472,"href":"https:\/\/challengeseconomiques.com\/index.php?rest_route=\/wp\/v2\/posts\/5468\/revisions\/5472"}],"wp:featuredmedia":[{"embeddable":true,"href":"https:\/\/challengeseconomiques.com\/index.php?rest_route=\/wp\/v2\/media\/5469"}],"wp:attachment":[{"href":"https:\/\/challengeseconomiques.com\/index.php?rest_route=%2Fwp%2Fv2%2Fmedia&parent=5468"}],"wp:term":[{"taxonomy":"category","embeddable":true,"href":"https:\/\/challengeseconomiques.com\/index.php?rest_route=%2Fwp%2Fv2%2Fcategories&post=5468"},{"taxonomy":"post_tag","embeddable":true,"href":"https:\/\/challengeseconomiques.com\/index.php?rest_route=%2Fwp%2Fv2%2Ftags&post=5468"}],"curies":[{"name":"wp","href":"https:\/\/api.w.org\/{rel}","templated":true}]}}