{"id":5463,"date":"2023-10-20T19:29:10","date_gmt":"2023-10-20T19:29:10","guid":{"rendered":"https:\/\/challengeseconomiques.com\/?p=5463"},"modified":"2023-10-20T19:30:10","modified_gmt":"2023-10-20T19:30:10","slug":"journee-nationale-du-conseil-la-valorisation-du-travail-des-experts-et-des-consultants","status":"publish","type":"post","link":"https:\/\/challengeseconomiques.com\/?p=5463","title":{"rendered":"Journ\u00e9e nationale du conseil : La valorisation du travail des experts et des consultants"},"content":{"rendered":"<p><strong>La F\u00e9d\u00e9ration Nationale des Experts et Consultants du S\u00e9n\u00e9gal (FNECS) a organis\u00e9 la 1<sup>\u00e8re<\/sup> \u00e9dition de la journ\u00e9e nationale du conseil, le jeudi 19 octobre 202, \u00e0 Dakar. A travers cette rencontre regroupant des sp\u00e9cialistes de diff\u00e9rents domaines, l\u2019organisation affili\u00e9e \u00e0 la Conf\u00e9d\u00e9ration Nationale des Employeurs du S\u00e9n\u00e9gal (CNES) cherche \u00e0 promouvoir le m\u00e9tier d\u2019expert et de consultant, \u00e0 d\u00e9gager les enjeux et les perspectives des experts et consultants et \u00e0 am\u00e9liorer la visibilit\u00e9 de la F\u00e9d\u00e9ration. L\u2019occasion a \u00e9t\u00e9 saisie pour signer une convention entre la CNES et le Fonds de Financement de la Formation Professionnelle et Technique (3FPT).<\/strong><\/p>\n<p>Le pr\u00e9sident de la FNECS, Abdoul Aziz Ndao a magnifi\u00e9 la pluridisciplinarit\u00e9 au sein de la structure regroupant des consultants, des experts, des bureaux de contr\u00f4le, des \u00e9tablissements de formation, etc. Il estime que la parfaite connaissance de l\u2019environnement des affaires de notre pays est un atout majeur pour eux. En tant que force de propositions au service des secteurs public et priv\u00e9, la FNECS s\u2019active, selon son pr\u00e9sident, pour un maillage du territoire. Ceci va permettre, d\u2019apr\u00e8s lui, de r\u00e9pondre aux exigences des partenaires.<\/p>\n<p><strong>Valorisation au plan national<\/strong><\/p>\n<p>La FNECS pr\u00f4ne un \u00ab\u00a0patriotisme \u00e9conomique\u00a0\u00bb soutenue par une \u00ab\u00a0pr\u00e9f\u00e9rence nationale\u00a0\u00bb. M. Ndao esp\u00e8re une meilleure synergie et un renforcement de la collaboration \u00e0 l\u2019image de la convention entre la CNES et le Fonds de Financement de la Formation Professionnelle et Technique (3FPT).\u00a0 Il compte faire le suivi des recommandations tir\u00e9es de la rencontre du jour.<\/p>\n<p>Dans le m\u00eame sillage, le pr\u00e9sident de la CNES, Adama Lam milite pour la valorisation de l\u2019expertise locale. Il demande davantage de sollicitations de la part des structures \u00e9tatiques dans les projets. Malgr\u00e9 la reconnaissance de la qualit\u00e9 des ressources humaines s\u00e9n\u00e9galaises aux plans africain et mondial, M. Lam d\u00e9plore une sous-utilisation sous nos cieux. Il invite les d\u00e9cideurs \u00e0 recourir aux experts et consultants nationaux. M. Lam s\u2019engage \u00e0 faire parvenir le plaidoyer \u00e0 qui de droit.<\/p>\n<p><strong>Soutien aux PME<\/strong><\/p>\n<p>Pour sa part, la directrice g\u00e9n\u00e9rale de la 3FPT, Sophie Diallo reconnait la n\u00e9cessit\u00e9 de proc\u00e9der \u00e0 des mutations afin de booster nos entreprises. Elle voit les d\u00e9fis comme des opportunit\u00e9s \u00e0 saisir pour notre nation. Mme Diallo consid\u00e8re la formation professionnelle et technique comme un levier du d\u00e9veloppement \u00e9conomique. Elle propose de s\u2019appuyer sur la formation pour accro\u00eetre la comp\u00e9titivit\u00e9 et la productivit\u00e9 des PME. Pour Mme Diallo, la convention entre le 3FPT et CNES va renforcer le dispositif d\u2019identification des besoins des PME et aboutir \u00e0 l\u2019\u00e9laboration de formations.<br \/>\nVenu repr\u00e9senter le ministre du Commerce, de la Consommation et des PME, le directeur des PME, Seydina Ababacar Ndiaye encourage les membres de la FNECS \u00e0 appuyer les PME dans les domaines de l\u2019environnement, du contenu local, de la s\u00e9curit\u00e9 sanitaire des aliments, etc. Ainsi, les entreprises seront en mesure de saisir les opportunit\u00e9s.<\/p>\n<p><strong>Onass Mendy<\/strong> <strong>(BIE)<\/strong><\/p>\n","protected":false},"excerpt":{"rendered":"<p>La F\u00e9d\u00e9ration Nationale des Experts et Consultants du S\u00e9n\u00e9gal (FNECS) a organis\u00e9 la 1\u00e8re \u00e9dition de la journ\u00e9e nationale du conseil, le jeudi 19 octobre&#8230;<\/p>\n","protected":false},"author":1,"featured_media":5464,"comment_status":"closed","ping_status":"open","sticky":false,"template":"","format":"standard","meta":{"_jetpack_memberships_contains_paid_content":false,"footnotes":""},"categories":[23,8,10],"tags":[],"class_list":["post-5463","post","type-post","status-publish","format-standard","has-post-thumbnail","hentry","category-a-la-une","category-actualite-economique","category-infos-eco","wpcat-23-id","wpcat-8-id","wpcat-10-id"],"yoast_head":"<!-- This site is optimized with the Yoast SEO plugin v27.1.1 - https:\/\/yoast.com\/product\/yoast-seo-wordpress\/ -->\n<title>Journ\u00e9e nationale du conseil : La valorisation du travail des experts et des consultants - challenges economiques<\/title>\n<meta name=\"robots\" content=\"index, follow, max-snippet:-1, max-image-preview:large, max-video-preview:-1\" \/>\n<link rel=\"canonical\" href=\"https:\/\/challengeseconomiques.com\/?p=5463\" \/>\n<meta property=\"og:locale\" content=\"fr_FR\" \/>\n<meta property=\"og:type\" content=\"article\" \/>\n<meta property=\"og:title\" content=\"Journ\u00e9e nationale du conseil : La valorisation du travail des experts et des consultants - challenges economiques\" \/>\n<meta property=\"og:description\" content=\"La F\u00e9d\u00e9ration Nationale des Experts et Consultants du S\u00e9n\u00e9gal (FNECS) a organis\u00e9 la 1\u00e8re \u00e9dition de la journ\u00e9e nationale du conseil, le jeudi 19 octobre...\" \/>\n<meta property=\"og:url\" content=\"https:\/\/challengeseconomiques.com\/?p=5463\" \/>\n<meta property=\"og:site_name\" content=\"challenges economiques\" \/>\n<meta property=\"article:published_time\" content=\"2023-10-20T19:29:10+00:00\" \/>\n<meta property=\"article:modified_time\" content=\"2023-10-20T19:30:10+00:00\" \/>\n<meta property=\"og:image\" content=\"https:\/\/challengeseconomiques.com\/wp-content\/uploads\/2023\/10\/CNES_3FPT_2.jpeg\" \/>\n\t<meta property=\"og:image:width\" content=\"1280\" \/>\n\t<meta property=\"og:image:height\" content=\"960\" \/>\n\t<meta property=\"og:image:type\" content=\"image\/jpeg\" \/>\n<meta name=\"author\" content=\"admin\" \/>\n<meta name=\"twitter:card\" content=\"summary_large_image\" \/>\n<meta name=\"twitter:label1\" content=\"\u00c9crit par\" \/>\n\t<meta name=\"twitter:data1\" content=\"admin\" \/>\n\t<meta name=\"twitter:label2\" content=\"Dur\u00e9e de lecture estim\u00e9e\" \/>\n\t<meta name=\"twitter:data2\" content=\"3 minutes\" \/>\n<script type=\"application\/ld+json\" class=\"yoast-schema-graph\">{\"@context\":\"https:\/\/schema.org\",\"@graph\":[{\"@type\":\"Article\",\"@id\":\"https:\/\/challengeseconomiques.com\/?p=5463#article\",\"isPartOf\":{\"@id\":\"https:\/\/challengeseconomiques.com\/?p=5463\"},\"author\":{\"name\":\"admin\",\"@id\":\"https:\/\/challengeseconomiques.com\/#\/schema\/person\/b4568c9afebc5a9238a771873801e349\"},\"headline\":\"Journ\u00e9e nationale du conseil : La valorisation du travail des experts et des consultants\",\"datePublished\":\"2023-10-20T19:29:10+00:00\",\"dateModified\":\"2023-10-20T19:30:10+00:00\",\"mainEntityOfPage\":{\"@id\":\"https:\/\/challengeseconomiques.com\/?p=5463\"},\"wordCount\":532,\"image\":{\"@id\":\"https:\/\/challengeseconomiques.com\/?p=5463#primaryimage\"},\"thumbnailUrl\":\"https:\/\/challengeseconomiques.com\/wp-content\/uploads\/2023\/10\/CNES_3FPT_2.jpeg\",\"articleSection\":[\"A la une\",\"Actualit\u00e9 \u00e9conomique\",\"Infos \u00e9co\"],\"inLanguage\":\"fr-FR\"},{\"@type\":\"WebPage\",\"@id\":\"https:\/\/challengeseconomiques.com\/?p=5463\",\"url\":\"https:\/\/challengeseconomiques.com\/?p=5463\",\"name\":\"Journ\u00e9e nationale du conseil : La valorisation du travail des experts et des consultants - challenges economiques\",\"isPartOf\":{\"@id\":\"https:\/\/challengeseconomiques.com\/#website\"},\"primaryImageOfPage\":{\"@id\":\"https:\/\/challengeseconomiques.com\/?p=5463#primaryimage\"},\"image\":{\"@id\":\"https:\/\/challengeseconomiques.com\/?p=5463#primaryimage\"},\"thumbnailUrl\":\"https:\/\/challengeseconomiques.com\/wp-content\/uploads\/2023\/10\/CNES_3FPT_2.jpeg\",\"datePublished\":\"2023-10-20T19:29:10+00:00\",\"dateModified\":\"2023-10-20T19:30:10+00:00\",\"author\":{\"@id\":\"https:\/\/challengeseconomiques.com\/#\/schema\/person\/b4568c9afebc5a9238a771873801e349\"},\"breadcrumb\":{\"@id\":\"https:\/\/challengeseconomiques.com\/?p=5463#breadcrumb\"},\"inLanguage\":\"fr-FR\",\"potentialAction\":[{\"@type\":\"ReadAction\",\"target\":[\"https:\/\/challengeseconomiques.com\/?p=5463\"]}]},{\"@type\":\"ImageObject\",\"inLanguage\":\"fr-FR\",\"@id\":\"https:\/\/challengeseconomiques.com\/?p=5463#primaryimage\",\"url\":\"https:\/\/challengeseconomiques.com\/wp-content\/uploads\/2023\/10\/CNES_3FPT_2.jpeg\",\"contentUrl\":\"https:\/\/challengeseconomiques.com\/wp-content\/uploads\/2023\/10\/CNES_3FPT_2.jpeg\",\"width\":1280,\"height\":960},{\"@type\":\"BreadcrumbList\",\"@id\":\"https:\/\/challengeseconomiques.com\/?p=5463#breadcrumb\",\"itemListElement\":[{\"@type\":\"ListItem\",\"position\":1,\"name\":\"Home\",\"item\":\"https:\/\/challengeseconomiques.com\/\"},{\"@type\":\"ListItem\",\"position\":2,\"name\":\"Journ\u00e9e nationale du conseil : La valorisation du travail des experts et des consultants\"}]},{\"@type\":\"WebSite\",\"@id\":\"https:\/\/challengeseconomiques.com\/#website\",\"url\":\"https:\/\/challengeseconomiques.com\/\",\"name\":\"challenges economiques\",\"description\":\"\",\"potentialAction\":[{\"@type\":\"SearchAction\",\"target\":{\"@type\":\"EntryPoint\",\"urlTemplate\":\"https:\/\/challengeseconomiques.com\/?s={search_term_string}\"},\"query-input\":{\"@type\":\"PropertyValueSpecification\",\"valueRequired\":true,\"valueName\":\"search_term_string\"}}],\"inLanguage\":\"fr-FR\"},{\"@type\":\"Person\",\"@id\":\"https:\/\/challengeseconomiques.com\/#\/schema\/person\/b4568c9afebc5a9238a771873801e349\",\"name\":\"admin\",\"image\":{\"@type\":\"ImageObject\",\"inLanguage\":\"fr-FR\",\"@id\":\"https:\/\/challengeseconomiques.com\/#\/schema\/person\/image\/\",\"url\":\"https:\/\/secure.gravatar.com\/avatar\/099e42240b5eea11acdb72751fcce0dd918603f0749d24974b7984ea47ed9fd9?s=96&d=mm&r=g\",\"contentUrl\":\"https:\/\/secure.gravatar.com\/avatar\/099e42240b5eea11acdb72751fcce0dd918603f0749d24974b7984ea47ed9fd9?s=96&d=mm&r=g\",\"caption\":\"admin\"},\"sameAs\":[\"https:\/\/challengeseconomiques.com\"],\"url\":\"https:\/\/challengeseconomiques.com\/?author=1\"}]}<\/script>\n<!-- \/ Yoast SEO plugin. -->","yoast_head_json":{"title":"Journ\u00e9e nationale du conseil : La valorisation du travail des experts et des consultants - challenges economiques","robots":{"index":"index","follow":"follow","max-snippet":"max-snippet:-1","max-image-preview":"max-image-preview:large","max-video-preview":"max-video-preview:-1"},"canonical":"https:\/\/challengeseconomiques.com\/?p=5463","og_locale":"fr_FR","og_type":"article","og_title":"Journ\u00e9e nationale du conseil : La valorisation du travail des experts et des consultants - challenges economiques","og_description":"La F\u00e9d\u00e9ration Nationale des Experts et Consultants du S\u00e9n\u00e9gal (FNECS) a organis\u00e9 la 1\u00e8re \u00e9dition de la journ\u00e9e nationale du conseil, le jeudi 19 octobre...","og_url":"https:\/\/challengeseconomiques.com\/?p=5463","og_site_name":"challenges economiques","article_published_time":"2023-10-20T19:29:10+00:00","article_modified_time":"2023-10-20T19:30:10+00:00","og_image":[{"width":1280,"height":960,"url":"https:\/\/challengeseconomiques.com\/wp-content\/uploads\/2023\/10\/CNES_3FPT_2.jpeg","type":"image\/jpeg"}],"author":"admin","twitter_card":"summary_large_image","twitter_misc":{"\u00c9crit par":"admin","Dur\u00e9e de lecture estim\u00e9e":"3 minutes"},"schema":{"@context":"https:\/\/schema.org","@graph":[{"@type":"Article","@id":"https:\/\/challengeseconomiques.com\/?p=5463#article","isPartOf":{"@id":"https:\/\/challengeseconomiques.com\/?p=5463"},"author":{"name":"admin","@id":"https:\/\/challengeseconomiques.com\/#\/schema\/person\/b4568c9afebc5a9238a771873801e349"},"headline":"Journ\u00e9e nationale du conseil : La valorisation du travail des experts et des consultants","datePublished":"2023-10-20T19:29:10+00:00","dateModified":"2023-10-20T19:30:10+00:00","mainEntityOfPage":{"@id":"https:\/\/challengeseconomiques.com\/?p=5463"},"wordCount":532,"image":{"@id":"https:\/\/challengeseconomiques.com\/?p=5463#primaryimage"},"thumbnailUrl":"https:\/\/challengeseconomiques.com\/wp-content\/uploads\/2023\/10\/CNES_3FPT_2.jpeg","articleSection":["A la une","Actualit\u00e9 \u00e9conomique","Infos \u00e9co"],"inLanguage":"fr-FR"},{"@type":"WebPage","@id":"https:\/\/challengeseconomiques.com\/?p=5463","url":"https:\/\/challengeseconomiques.com\/?p=5463","name":"Journ\u00e9e nationale du conseil : La valorisation du travail des experts et des consultants - challenges economiques","isPartOf":{"@id":"https:\/\/challengeseconomiques.com\/#website"},"primaryImageOfPage":{"@id":"https:\/\/challengeseconomiques.com\/?p=5463#primaryimage"},"image":{"@id":"https:\/\/challengeseconomiques.com\/?p=5463#primaryimage"},"thumbnailUrl":"https:\/\/challengeseconomiques.com\/wp-content\/uploads\/2023\/10\/CNES_3FPT_2.jpeg","datePublished":"2023-10-20T19:29:10+00:00","dateModified":"2023-10-20T19:30:10+00:00","author":{"@id":"https:\/\/challengeseconomiques.com\/#\/schema\/person\/b4568c9afebc5a9238a771873801e349"},"breadcrumb":{"@id":"https:\/\/challengeseconomiques.com\/?p=5463#breadcrumb"},"inLanguage":"fr-FR","potentialAction":[{"@type":"ReadAction","target":["https:\/\/challengeseconomiques.com\/?p=5463"]}]},{"@type":"ImageObject","inLanguage":"fr-FR","@id":"https:\/\/challengeseconomiques.com\/?p=5463#primaryimage","url":"https:\/\/challengeseconomiques.com\/wp-content\/uploads\/2023\/10\/CNES_3FPT_2.jpeg","contentUrl":"https:\/\/challengeseconomiques.com\/wp-content\/uploads\/2023\/10\/CNES_3FPT_2.jpeg","width":1280,"height":960},{"@type":"BreadcrumbList","@id":"https:\/\/challengeseconomiques.com\/?p=5463#breadcrumb","itemListElement":[{"@type":"ListItem","position":1,"name":"Home","item":"https:\/\/challengeseconomiques.com\/"},{"@type":"ListItem","position":2,"name":"Journ\u00e9e nationale du conseil : La valorisation du travail des experts et des consultants"}]},{"@type":"WebSite","@id":"https:\/\/challengeseconomiques.com\/#website","url":"https:\/\/challengeseconomiques.com\/","name":"challenges economiques","description":"","potentialAction":[{"@type":"SearchAction","target":{"@type":"EntryPoint","urlTemplate":"https:\/\/challengeseconomiques.com\/?s={search_term_string}"},"query-input":{"@type":"PropertyValueSpecification","valueRequired":true,"valueName":"search_term_string"}}],"inLanguage":"fr-FR"},{"@type":"Person","@id":"https:\/\/challengeseconomiques.com\/#\/schema\/person\/b4568c9afebc5a9238a771873801e349","name":"admin","image":{"@type":"ImageObject","inLanguage":"fr-FR","@id":"https:\/\/challengeseconomiques.com\/#\/schema\/person\/image\/","url":"https:\/\/secure.gravatar.com\/avatar\/099e42240b5eea11acdb72751fcce0dd918603f0749d24974b7984ea47ed9fd9?s=96&d=mm&r=g","contentUrl":"https:\/\/secure.gravatar.com\/avatar\/099e42240b5eea11acdb72751fcce0dd918603f0749d24974b7984ea47ed9fd9?s=96&d=mm&r=g","caption":"admin"},"sameAs":["https:\/\/challengeseconomiques.com"],"url":"https:\/\/challengeseconomiques.com\/?author=1"}]}},"jetpack_featured_media_url":"https:\/\/challengeseconomiques.com\/wp-content\/uploads\/2023\/10\/CNES_3FPT_2.jpeg","jetpack_sharing_enabled":true,"_links":{"self":[{"href":"https:\/\/challengeseconomiques.com\/index.php?rest_route=\/wp\/v2\/posts\/5463","targetHints":{"allow":["GET"]}}],"collection":[{"href":"https:\/\/challengeseconomiques.com\/index.php?rest_route=\/wp\/v2\/posts"}],"about":[{"href":"https:\/\/challengeseconomiques.com\/index.php?rest_route=\/wp\/v2\/types\/post"}],"author":[{"embeddable":true,"href":"https:\/\/challengeseconomiques.com\/index.php?rest_route=\/wp\/v2\/users\/1"}],"replies":[{"embeddable":true,"href":"https:\/\/challengeseconomiques.com\/index.php?rest_route=%2Fwp%2Fv2%2Fcomments&post=5463"}],"version-history":[{"count":1,"href":"https:\/\/challengeseconomiques.com\/index.php?rest_route=\/wp\/v2\/posts\/5463\/revisions"}],"predecessor-version":[{"id":5465,"href":"https:\/\/challengeseconomiques.com\/index.php?rest_route=\/wp\/v2\/posts\/5463\/revisions\/5465"}],"wp:featuredmedia":[{"embeddable":true,"href":"https:\/\/challengeseconomiques.com\/index.php?rest_route=\/wp\/v2\/media\/5464"}],"wp:attachment":[{"href":"https:\/\/challengeseconomiques.com\/index.php?rest_route=%2Fwp%2Fv2%2Fmedia&parent=5463"}],"wp:term":[{"taxonomy":"category","embeddable":true,"href":"https:\/\/challengeseconomiques.com\/index.php?rest_route=%2Fwp%2Fv2%2Fcategories&post=5463"},{"taxonomy":"post_tag","embeddable":true,"href":"https:\/\/challengeseconomiques.com\/index.php?rest_route=%2Fwp%2Fv2%2Ftags&post=5463"}],"curies":[{"name":"wp","href":"https:\/\/api.w.org\/{rel}","templated":true}]}}