{"id":5460,"date":"2023-10-20T19:14:26","date_gmt":"2023-10-20T19:14:26","guid":{"rendered":"https:\/\/challengeseconomiques.com\/?p=5460"},"modified":"2023-10-20T19:14:58","modified_gmt":"2023-10-20T19:14:58","slug":"rapport-doctobre-2023-le-fmi-presente-les-perspectives-economiques-mondiales","status":"publish","type":"post","link":"https:\/\/challengeseconomiques.com\/?p=5460","title":{"rendered":"Rapport d\u2019octobre 2023 : Le FMI pr\u00e9sente les Perspectives \u00e9conomiques mondiales"},"content":{"rendered":"<p><strong>Le Fonds Mon\u00e9taire Internationale (FMI) a proc\u00e9d\u00e9 \u00e0 la pr\u00e9sentation de l\u2019\u00e9dition d\u2019octobre 2023 du rapport sur les Perspectives \u00e9conomiques mondiales (World Economic Outlook, WEO) \u00e0 l\u2019auditorium de l\u2019Ecole Nationale de la Statistique et de l\u2019Analyse Economique (ENSAE-Pierre NDIAYE), le mercredi 18 octobre 2023. Il s\u2019agit d\u2019une publication de r\u00e9f\u00e9rence d\u2019analyse de l\u2019\u00e9conomie au niveau mondial et des projections des services du FMI. Pour une premi\u00e8re fois, l\u2019Institution financi\u00e8re a effectu\u00e9 le lancement dudit document en Afrique. Apr\u00e8s avoir mis en avant la r\u00e9silience de l\u2019\u00e9conomie mondiale, les sp\u00e9cialistes sous la houlette du conseiller \u00e9conomique Pierre-Olivier Gourinchas, ont relev\u00e9 les risques et recommand\u00e9 des mesures \u00e0 prendre. <\/strong><\/p>\n<p>Les experts informent que malgr\u00e9 des perturbations sur le march\u00e9 de l\u2019\u00e9nergie et des produits alimentaires provoqu\u00e9es par la guerre, ainsi que le durcissement sans pr\u00e9c\u00e9dent des conditions mon\u00e9taires mondiales pour lutter contre une inflation qui n\u2019avait jamais \u00e9t\u00e9 aussi \u00e9lev\u00e9e depuis des d\u00e9cennies, l\u2019\u00e9conomie mondiale a ralenti, mais n\u2019est pas au point mort.<br \/>\nD\u2019apr\u00e8s eux, la croissance est lente et in\u00e9gale, les disparit\u00e9s s\u2019accentuent entre les pays. L\u2019\u00e9conomie mondiale avance tant bien que mal, mais n\u2019est pas pr\u00eate \u00e0 se lancer dans un sprint, pr\u00e9cise le rapport.<br \/>\nEn outre, l\u2019activit\u00e9 mondiale a atteint son point le plus bas \u00e0 la fin de l\u2019ann\u00e9e derni\u00e8re tandis que l\u2019inflation, aussi bien globale que sous-jacente (hors \u00e9nergie et alimentation), est peu \u00e0 peu ma\u00eetris\u00e9e. Toutefois, un retour \u00e0 la situation ant\u00e9rieure \u00e0 la pand\u00e9mie de COVID-19 semble de plus en plus hors de port\u00e9e, en particulier dans les pays \u00e9mergents et les pays en d\u00e9veloppement.<\/p>\n<p><strong>Ralentissement<\/strong><\/p>\n<p>D\u2019apr\u00e8s les derni\u00e8res projections du FMI, la croissance mondiale va ralentir et passer de 3,5 % en 2022 \u00e0 3 % cette ann\u00e9e, puis \u00e0 2,9 % l\u2019ann\u00e9e prochaine, ce qui repr\u00e9sente une r\u00e9vision \u00e0 la baisse de 0,1 point de pourcentage pour 2024 par rapport aux projections de juillet. Ces chiffres restent tr\u00e8s inf\u00e9rieurs \u00e0 la moyenne historique.<br \/>\nLes sp\u00e9cialistes indiquent que le ralentissement est plus prononc\u00e9 dans les pays avanc\u00e9s que dans les pays \u00e9mergents et les pays en d\u00e9veloppement.<br \/>\nTrois forces entrent en jeu au niveau mondial. Premi\u00e8rement, dans le secteur des services, la reprise est quasiment achev\u00e9e.<br \/>\nDeuxi\u00e8mement, ce ralentissement s\u2019explique en partie par le durcissement de la politique mon\u00e9taire n\u00e9cessaire pour r\u00e9duire l\u2019inflation, qui commence \u00e0 faire sentir ses effets, bien que sa transmission soit in\u00e9gale selon les pays.<br \/>\nTroisi\u00e8mement, l\u2019inflation et l\u2019activit\u00e9 subissent l\u2019incidence du choc de l\u2019ann\u00e9e derni\u00e8re sur les prix des produits de base.<br \/>\nMalgr\u00e9 des signes de fl\u00e9chissement, les march\u00e9s de l\u2019emploi restent dynamiques dans les pays avanc\u00e9s, les taux de ch\u00f4mage historiquement bas contribuant \u00e0 soutenir l\u2019activit\u00e9.<\/p>\n<p><strong>Les risques encourus<\/strong><\/p>\n<p>Le FMI note que certains risques extr\u00eames tels qu\u2019une grave instabilit\u00e9 du syst\u00e8me bancaire se sont att\u00e9nu\u00e9s depuis avril, mais le solde des facteurs qui influent sur les perspectives reste n\u00e9gatif.<br \/>\nEn premier lieu, la crise de l\u2019immobilier pourrait s\u2019aggraver en Chine, et pr\u00e9senterait alors un risque important pour l\u2019\u00e9conomie mondiale.<br \/>\nEn deuxi\u00e8me lieu, les prix des produits de base pourraient devenir plus instables en cas de regain des tensions g\u00e9opolitiques et des perturbations li\u00e9es au changement climatique.<br \/>\nTroisi\u00e8mement, l\u2019inflation sous-jacente et l\u2019inflation globale ont certes baiss\u00e9, mais elles demeurent excessivement \u00e9lev\u00e9es.<br \/>\nQuatri\u00e8mement, la marge de man\u0153uvre budg\u00e9taire s\u2019est \u00e9rod\u00e9e dans de nombreux pays, qui connaissent un endettement \u00e9lev\u00e9, des co\u00fbts de financement en hausse, un ralentissement de la croissance et une asym\u00e9trie de plus en plus prononc\u00e9e entre une sollicitation croissante des pouvoirs publics et les moyens budg\u00e9taires \u00e0 leur disposition.<br \/>\nEnfin, malgr\u00e9 le durcissement de la politique mon\u00e9taire, les conditions de financement se sont assouplies dans beaucoup de pays.<\/p>\n<p><strong>Les mesures \u00e0 prendre<\/strong><\/p>\n<p>Le FMI recommande un certain nombre de mesures \u00e0 prendre. Dans son sc\u00e9nario de r\u00e9f\u00e9rence, l\u2019inflation poursuit son recul tandis que les banques centrales maintiennent une politique restrictive.<br \/>\nDe nombreux pays approchant le sommet de leur cycle de resserrement, seul un faible durcissement suppl\u00e9mentaire s\u2019impose.<br \/>\nLa politique budg\u00e9taire doit soutenir la strat\u00e9gie mon\u00e9taire et faciliter le processus de d\u00e9sinflation. En 2022, les politiques budg\u00e9taire et mon\u00e9taire tiraient dans la m\u00eame direction alors que nombre de mesures budg\u00e9taires d\u2019urgence prises face \u00e0 la pand\u00e9mie de COVID-19 \u00e9taient lev\u00e9es. En 2023, ces politiques sont moins align\u00e9es.<\/p>\n<p><strong>Perspectives de croissance<\/strong><\/p>\n<p>Les perspectives de croissance \u00e0 moyen terme sont maussades, en particulier pour les pays \u00e9mergents et les pays en d\u00e9veloppement.<br \/>\nLes cons\u00e9quences sont profondes : une convergence beaucoup plus lente vers le niveau de vie des pays avanc\u00e9s, une marge de man\u0153uvre budg\u00e9taire r\u00e9duite, une vuln\u00e9rabilit\u00e9 li\u00e9e \u00e0 la dette et une exposition aux chocs plus \u00e9lev\u00e9es, et des possibilit\u00e9s moindres de surmonter les s\u00e9quelles de la pand\u00e9mie et de la guerre.<br \/>\nAlors que la croissance ralentit, que les taux d\u2019int\u00e9r\u00eat augmentent et que l\u2019espace budg\u00e9taire se restreint, les r\u00e9formes structurelles deviennent essentielles.<br \/>\nUne coop\u00e9ration multilat\u00e9rale peut aider l\u2019ensemble des pays \u00e0 atteindre de meilleurs r\u00e9sultats en mati\u00e8re de croissance.<\/p>\n<p><strong>Onass Mendy (BIE)<\/strong><\/p>\n<p>&nbsp;<\/p>\n","protected":false},"excerpt":{"rendered":"<p>Le Fonds Mon\u00e9taire Internationale (FMI) a proc\u00e9d\u00e9 \u00e0 la pr\u00e9sentation de l\u2019\u00e9dition d\u2019octobre 2023 du rapport sur les Perspectives \u00e9conomiques mondiales (World Economic Outlook, WEO)&#8230;<\/p>\n","protected":false},"author":1,"featured_media":5461,"comment_status":"closed","ping_status":"open","sticky":false,"template":"","format":"standard","meta":{"_jetpack_memberships_contains_paid_content":false,"footnotes":""},"categories":[8,10],"tags":[],"class_list":["post-5460","post","type-post","status-publish","format-standard","has-post-thumbnail","hentry","category-actualite-economique","category-infos-eco","wpcat-8-id","wpcat-10-id"],"yoast_head":"<!-- This site is optimized with the Yoast SEO plugin v27.1.1 - https:\/\/yoast.com\/product\/yoast-seo-wordpress\/ -->\n<title>Rapport d\u2019octobre 2023 : Le FMI pr\u00e9sente les Perspectives \u00e9conomiques mondiales - challenges economiques<\/title>\n<meta name=\"robots\" content=\"index, follow, max-snippet:-1, max-image-preview:large, max-video-preview:-1\" \/>\n<link rel=\"canonical\" href=\"https:\/\/challengeseconomiques.com\/?p=5460\" \/>\n<meta property=\"og:locale\" content=\"fr_FR\" \/>\n<meta property=\"og:type\" content=\"article\" \/>\n<meta property=\"og:title\" content=\"Rapport d\u2019octobre 2023 : Le FMI pr\u00e9sente les Perspectives \u00e9conomiques mondiales - challenges economiques\" \/>\n<meta property=\"og:description\" content=\"Le Fonds Mon\u00e9taire Internationale (FMI) a proc\u00e9d\u00e9 \u00e0 la pr\u00e9sentation de l\u2019\u00e9dition d\u2019octobre 2023 du rapport sur les Perspectives \u00e9conomiques mondiales (World Economic Outlook, WEO)...\" \/>\n<meta property=\"og:url\" content=\"https:\/\/challengeseconomiques.com\/?p=5460\" \/>\n<meta property=\"og:site_name\" content=\"challenges economiques\" \/>\n<meta property=\"article:published_time\" content=\"2023-10-20T19:14:26+00:00\" \/>\n<meta property=\"article:modified_time\" content=\"2023-10-20T19:14:58+00:00\" \/>\n<meta property=\"og:image\" content=\"https:\/\/challengeseconomiques.com\/wp-content\/uploads\/2023\/10\/ANSD_1.jpeg\" \/>\n\t<meta property=\"og:image:width\" content=\"1280\" \/>\n\t<meta property=\"og:image:height\" content=\"853\" \/>\n\t<meta property=\"og:image:type\" content=\"image\/jpeg\" \/>\n<meta name=\"author\" content=\"admin\" \/>\n<meta name=\"twitter:card\" content=\"summary_large_image\" \/>\n<meta name=\"twitter:label1\" content=\"\u00c9crit par\" \/>\n\t<meta name=\"twitter:data1\" content=\"admin\" \/>\n\t<meta name=\"twitter:label2\" content=\"Dur\u00e9e de lecture estim\u00e9e\" \/>\n\t<meta name=\"twitter:data2\" content=\"5 minutes\" \/>\n<script type=\"application\/ld+json\" class=\"yoast-schema-graph\">{\"@context\":\"https:\/\/schema.org\",\"@graph\":[{\"@type\":\"Article\",\"@id\":\"https:\/\/challengeseconomiques.com\/?p=5460#article\",\"isPartOf\":{\"@id\":\"https:\/\/challengeseconomiques.com\/?p=5460\"},\"author\":{\"name\":\"admin\",\"@id\":\"https:\/\/challengeseconomiques.com\/#\/schema\/person\/b4568c9afebc5a9238a771873801e349\"},\"headline\":\"Rapport d\u2019octobre 2023 : Le FMI pr\u00e9sente les Perspectives \u00e9conomiques mondiales\",\"datePublished\":\"2023-10-20T19:14:26+00:00\",\"dateModified\":\"2023-10-20T19:14:58+00:00\",\"mainEntityOfPage\":{\"@id\":\"https:\/\/challengeseconomiques.com\/?p=5460\"},\"wordCount\":946,\"image\":{\"@id\":\"https:\/\/challengeseconomiques.com\/?p=5460#primaryimage\"},\"thumbnailUrl\":\"https:\/\/challengeseconomiques.com\/wp-content\/uploads\/2023\/10\/ANSD_1.jpeg\",\"articleSection\":[\"Actualit\u00e9 \u00e9conomique\",\"Infos \u00e9co\"],\"inLanguage\":\"fr-FR\"},{\"@type\":\"WebPage\",\"@id\":\"https:\/\/challengeseconomiques.com\/?p=5460\",\"url\":\"https:\/\/challengeseconomiques.com\/?p=5460\",\"name\":\"Rapport d\u2019octobre 2023 : Le FMI pr\u00e9sente les Perspectives \u00e9conomiques mondiales - challenges economiques\",\"isPartOf\":{\"@id\":\"https:\/\/challengeseconomiques.com\/#website\"},\"primaryImageOfPage\":{\"@id\":\"https:\/\/challengeseconomiques.com\/?p=5460#primaryimage\"},\"image\":{\"@id\":\"https:\/\/challengeseconomiques.com\/?p=5460#primaryimage\"},\"thumbnailUrl\":\"https:\/\/challengeseconomiques.com\/wp-content\/uploads\/2023\/10\/ANSD_1.jpeg\",\"datePublished\":\"2023-10-20T19:14:26+00:00\",\"dateModified\":\"2023-10-20T19:14:58+00:00\",\"author\":{\"@id\":\"https:\/\/challengeseconomiques.com\/#\/schema\/person\/b4568c9afebc5a9238a771873801e349\"},\"breadcrumb\":{\"@id\":\"https:\/\/challengeseconomiques.com\/?p=5460#breadcrumb\"},\"inLanguage\":\"fr-FR\",\"potentialAction\":[{\"@type\":\"ReadAction\",\"target\":[\"https:\/\/challengeseconomiques.com\/?p=5460\"]}]},{\"@type\":\"ImageObject\",\"inLanguage\":\"fr-FR\",\"@id\":\"https:\/\/challengeseconomiques.com\/?p=5460#primaryimage\",\"url\":\"https:\/\/challengeseconomiques.com\/wp-content\/uploads\/2023\/10\/ANSD_1.jpeg\",\"contentUrl\":\"https:\/\/challengeseconomiques.com\/wp-content\/uploads\/2023\/10\/ANSD_1.jpeg\",\"width\":1280,\"height\":853},{\"@type\":\"BreadcrumbList\",\"@id\":\"https:\/\/challengeseconomiques.com\/?p=5460#breadcrumb\",\"itemListElement\":[{\"@type\":\"ListItem\",\"position\":1,\"name\":\"Home\",\"item\":\"https:\/\/challengeseconomiques.com\/\"},{\"@type\":\"ListItem\",\"position\":2,\"name\":\"Rapport d\u2019octobre 2023 : Le FMI pr\u00e9sente les Perspectives \u00e9conomiques mondiales\"}]},{\"@type\":\"WebSite\",\"@id\":\"https:\/\/challengeseconomiques.com\/#website\",\"url\":\"https:\/\/challengeseconomiques.com\/\",\"name\":\"challenges economiques\",\"description\":\"\",\"potentialAction\":[{\"@type\":\"SearchAction\",\"target\":{\"@type\":\"EntryPoint\",\"urlTemplate\":\"https:\/\/challengeseconomiques.com\/?s={search_term_string}\"},\"query-input\":{\"@type\":\"PropertyValueSpecification\",\"valueRequired\":true,\"valueName\":\"search_term_string\"}}],\"inLanguage\":\"fr-FR\"},{\"@type\":\"Person\",\"@id\":\"https:\/\/challengeseconomiques.com\/#\/schema\/person\/b4568c9afebc5a9238a771873801e349\",\"name\":\"admin\",\"image\":{\"@type\":\"ImageObject\",\"inLanguage\":\"fr-FR\",\"@id\":\"https:\/\/challengeseconomiques.com\/#\/schema\/person\/image\/\",\"url\":\"https:\/\/secure.gravatar.com\/avatar\/099e42240b5eea11acdb72751fcce0dd918603f0749d24974b7984ea47ed9fd9?s=96&d=mm&r=g\",\"contentUrl\":\"https:\/\/secure.gravatar.com\/avatar\/099e42240b5eea11acdb72751fcce0dd918603f0749d24974b7984ea47ed9fd9?s=96&d=mm&r=g\",\"caption\":\"admin\"},\"sameAs\":[\"https:\/\/challengeseconomiques.com\"],\"url\":\"https:\/\/challengeseconomiques.com\/?author=1\"}]}<\/script>\n<!-- \/ Yoast SEO plugin. -->","yoast_head_json":{"title":"Rapport d\u2019octobre 2023 : Le FMI pr\u00e9sente les Perspectives \u00e9conomiques mondiales - challenges economiques","robots":{"index":"index","follow":"follow","max-snippet":"max-snippet:-1","max-image-preview":"max-image-preview:large","max-video-preview":"max-video-preview:-1"},"canonical":"https:\/\/challengeseconomiques.com\/?p=5460","og_locale":"fr_FR","og_type":"article","og_title":"Rapport d\u2019octobre 2023 : Le FMI pr\u00e9sente les Perspectives \u00e9conomiques mondiales - challenges economiques","og_description":"Le Fonds Mon\u00e9taire Internationale (FMI) a proc\u00e9d\u00e9 \u00e0 la pr\u00e9sentation de l\u2019\u00e9dition d\u2019octobre 2023 du rapport sur les Perspectives \u00e9conomiques mondiales (World Economic Outlook, WEO)...","og_url":"https:\/\/challengeseconomiques.com\/?p=5460","og_site_name":"challenges economiques","article_published_time":"2023-10-20T19:14:26+00:00","article_modified_time":"2023-10-20T19:14:58+00:00","og_image":[{"width":1280,"height":853,"url":"https:\/\/challengeseconomiques.com\/wp-content\/uploads\/2023\/10\/ANSD_1.jpeg","type":"image\/jpeg"}],"author":"admin","twitter_card":"summary_large_image","twitter_misc":{"\u00c9crit par":"admin","Dur\u00e9e de lecture estim\u00e9e":"5 minutes"},"schema":{"@context":"https:\/\/schema.org","@graph":[{"@type":"Article","@id":"https:\/\/challengeseconomiques.com\/?p=5460#article","isPartOf":{"@id":"https:\/\/challengeseconomiques.com\/?p=5460"},"author":{"name":"admin","@id":"https:\/\/challengeseconomiques.com\/#\/schema\/person\/b4568c9afebc5a9238a771873801e349"},"headline":"Rapport d\u2019octobre 2023 : Le FMI pr\u00e9sente les Perspectives \u00e9conomiques mondiales","datePublished":"2023-10-20T19:14:26+00:00","dateModified":"2023-10-20T19:14:58+00:00","mainEntityOfPage":{"@id":"https:\/\/challengeseconomiques.com\/?p=5460"},"wordCount":946,"image":{"@id":"https:\/\/challengeseconomiques.com\/?p=5460#primaryimage"},"thumbnailUrl":"https:\/\/challengeseconomiques.com\/wp-content\/uploads\/2023\/10\/ANSD_1.jpeg","articleSection":["Actualit\u00e9 \u00e9conomique","Infos \u00e9co"],"inLanguage":"fr-FR"},{"@type":"WebPage","@id":"https:\/\/challengeseconomiques.com\/?p=5460","url":"https:\/\/challengeseconomiques.com\/?p=5460","name":"Rapport d\u2019octobre 2023 : Le FMI pr\u00e9sente les Perspectives \u00e9conomiques mondiales - challenges economiques","isPartOf":{"@id":"https:\/\/challengeseconomiques.com\/#website"},"primaryImageOfPage":{"@id":"https:\/\/challengeseconomiques.com\/?p=5460#primaryimage"},"image":{"@id":"https:\/\/challengeseconomiques.com\/?p=5460#primaryimage"},"thumbnailUrl":"https:\/\/challengeseconomiques.com\/wp-content\/uploads\/2023\/10\/ANSD_1.jpeg","datePublished":"2023-10-20T19:14:26+00:00","dateModified":"2023-10-20T19:14:58+00:00","author":{"@id":"https:\/\/challengeseconomiques.com\/#\/schema\/person\/b4568c9afebc5a9238a771873801e349"},"breadcrumb":{"@id":"https:\/\/challengeseconomiques.com\/?p=5460#breadcrumb"},"inLanguage":"fr-FR","potentialAction":[{"@type":"ReadAction","target":["https:\/\/challengeseconomiques.com\/?p=5460"]}]},{"@type":"ImageObject","inLanguage":"fr-FR","@id":"https:\/\/challengeseconomiques.com\/?p=5460#primaryimage","url":"https:\/\/challengeseconomiques.com\/wp-content\/uploads\/2023\/10\/ANSD_1.jpeg","contentUrl":"https:\/\/challengeseconomiques.com\/wp-content\/uploads\/2023\/10\/ANSD_1.jpeg","width":1280,"height":853},{"@type":"BreadcrumbList","@id":"https:\/\/challengeseconomiques.com\/?p=5460#breadcrumb","itemListElement":[{"@type":"ListItem","position":1,"name":"Home","item":"https:\/\/challengeseconomiques.com\/"},{"@type":"ListItem","position":2,"name":"Rapport d\u2019octobre 2023 : Le FMI pr\u00e9sente les Perspectives \u00e9conomiques mondiales"}]},{"@type":"WebSite","@id":"https:\/\/challengeseconomiques.com\/#website","url":"https:\/\/challengeseconomiques.com\/","name":"challenges economiques","description":"","potentialAction":[{"@type":"SearchAction","target":{"@type":"EntryPoint","urlTemplate":"https:\/\/challengeseconomiques.com\/?s={search_term_string}"},"query-input":{"@type":"PropertyValueSpecification","valueRequired":true,"valueName":"search_term_string"}}],"inLanguage":"fr-FR"},{"@type":"Person","@id":"https:\/\/challengeseconomiques.com\/#\/schema\/person\/b4568c9afebc5a9238a771873801e349","name":"admin","image":{"@type":"ImageObject","inLanguage":"fr-FR","@id":"https:\/\/challengeseconomiques.com\/#\/schema\/person\/image\/","url":"https:\/\/secure.gravatar.com\/avatar\/099e42240b5eea11acdb72751fcce0dd918603f0749d24974b7984ea47ed9fd9?s=96&d=mm&r=g","contentUrl":"https:\/\/secure.gravatar.com\/avatar\/099e42240b5eea11acdb72751fcce0dd918603f0749d24974b7984ea47ed9fd9?s=96&d=mm&r=g","caption":"admin"},"sameAs":["https:\/\/challengeseconomiques.com"],"url":"https:\/\/challengeseconomiques.com\/?author=1"}]}},"jetpack_featured_media_url":"https:\/\/challengeseconomiques.com\/wp-content\/uploads\/2023\/10\/ANSD_1.jpeg","jetpack_sharing_enabled":true,"_links":{"self":[{"href":"https:\/\/challengeseconomiques.com\/index.php?rest_route=\/wp\/v2\/posts\/5460","targetHints":{"allow":["GET"]}}],"collection":[{"href":"https:\/\/challengeseconomiques.com\/index.php?rest_route=\/wp\/v2\/posts"}],"about":[{"href":"https:\/\/challengeseconomiques.com\/index.php?rest_route=\/wp\/v2\/types\/post"}],"author":[{"embeddable":true,"href":"https:\/\/challengeseconomiques.com\/index.php?rest_route=\/wp\/v2\/users\/1"}],"replies":[{"embeddable":true,"href":"https:\/\/challengeseconomiques.com\/index.php?rest_route=%2Fwp%2Fv2%2Fcomments&post=5460"}],"version-history":[{"count":1,"href":"https:\/\/challengeseconomiques.com\/index.php?rest_route=\/wp\/v2\/posts\/5460\/revisions"}],"predecessor-version":[{"id":5462,"href":"https:\/\/challengeseconomiques.com\/index.php?rest_route=\/wp\/v2\/posts\/5460\/revisions\/5462"}],"wp:featuredmedia":[{"embeddable":true,"href":"https:\/\/challengeseconomiques.com\/index.php?rest_route=\/wp\/v2\/media\/5461"}],"wp:attachment":[{"href":"https:\/\/challengeseconomiques.com\/index.php?rest_route=%2Fwp%2Fv2%2Fmedia&parent=5460"}],"wp:term":[{"taxonomy":"category","embeddable":true,"href":"https:\/\/challengeseconomiques.com\/index.php?rest_route=%2Fwp%2Fv2%2Fcategories&post=5460"},{"taxonomy":"post_tag","embeddable":true,"href":"https:\/\/challengeseconomiques.com\/index.php?rest_route=%2Fwp%2Fv2%2Ftags&post=5460"}],"curies":[{"name":"wp","href":"https:\/\/api.w.org\/{rel}","templated":true}]}}