{"id":5388,"date":"2023-10-08T18:48:06","date_gmt":"2023-10-08T18:48:06","guid":{"rendered":"https:\/\/challengeseconomiques.com\/?p=5388"},"modified":"2023-10-08T18:50:43","modified_gmt":"2023-10-08T18:50:43","slug":"le-president-macky-sall-a-recu-en-audience-le-president-de-la-commission-de-l4uemoa","status":"publish","type":"post","link":"https:\/\/challengeseconomiques.com\/?p=5388","title":{"rendered":"Macky Sall a re\u00e7u en audience le pr\u00e9sident de la Commission de l&rsquo;Uemoa"},"content":{"rendered":"<p>Le Pr\u00e9sident du S\u00e9n\u00e9gal, Macky Sall a re\u00e7u en audience Abdoulaye Diop , Pr\u00e9sident de la Commission de l&rsquo;Uemoa le 6 octobre 2023, au Palais de la R\u00e9publique, \u00e0 Dakar. D&rsquo;apr\u00e8s l&rsquo;Uemoa, les \u00e9changes avec le Pr\u00e9sident Macky SALL ont port\u00e9, entre autres, sur les situations \u00e9conomique et s\u00e9curitaire de l\u2019Union.<\/p>\n<p>Abdoulaye DIOP a saisi l\u2019occasion pour informer le Pr\u00e9sident Macky SALL des 30 ans de l\u2019UEMOA qui seront selon l&rsquo;institution communautaire c\u00e9l\u00e9br\u00e9s le 10 janvier 2024 dans la sobri\u00e9t\u00e9. Il lui a \u00e9galement fait le point sur l\u2019\u00e9tat d\u2019avancement des travaux sur la vision 2040 de l\u2019UEMOA.<\/p>\n<p>La prochaine rencontre du Comit\u00e9 de Haut niveau sur le Chantier Paix et S\u00e9curit\u00e9 au sein de l\u2019espace UEMOA que pr\u00e9side depuis 2013 le Pr\u00e9sident Macky SALL a \u00e9t\u00e9 aussi au c\u0153ur des \u00e9changes pr\u00e9cise-t-on.<\/p>\n<p>M. Abdoulaye Diop a remerci\u00e9 vivement le Pr\u00e9sident Macky SALL pour son engagement et son soutien sans faille \u00e0 la bonne marche des chantiers communautaires.<\/p>\n","protected":false},"excerpt":{"rendered":"<p>Le Pr\u00e9sident du S\u00e9n\u00e9gal, Macky Sall a re\u00e7u en audience Abdoulaye Diop , Pr\u00e9sident de la Commission de l&rsquo;Uemoa le 6 octobre 2023, au Palais&#8230;<\/p>\n","protected":false},"author":1,"featured_media":5389,"comment_status":"closed","ping_status":"open","sticky":false,"template":"","format":"standard","meta":{"_jetpack_memberships_contains_paid_content":false,"footnotes":""},"categories":[23,10],"tags":[],"class_list":["post-5388","post","type-post","status-publish","format-standard","has-post-thumbnail","hentry","category-a-la-une","category-infos-eco","wpcat-23-id","wpcat-10-id"],"yoast_head":"<!-- This site is optimized with the Yoast SEO plugin v27.1.1 - https:\/\/yoast.com\/product\/yoast-seo-wordpress\/ -->\n<title>Macky Sall a re\u00e7u en audience le pr\u00e9sident de la Commission de l&#039;Uemoa - challenges economiques<\/title>\n<meta name=\"robots\" content=\"index, follow, max-snippet:-1, max-image-preview:large, max-video-preview:-1\" \/>\n<link rel=\"canonical\" href=\"https:\/\/challengeseconomiques.com\/?p=5388\" \/>\n<meta property=\"og:locale\" content=\"fr_FR\" \/>\n<meta property=\"og:type\" content=\"article\" \/>\n<meta property=\"og:title\" content=\"Macky Sall a re\u00e7u en audience le pr\u00e9sident de la Commission de l&#039;Uemoa - challenges economiques\" \/>\n<meta property=\"og:description\" content=\"Le Pr\u00e9sident du S\u00e9n\u00e9gal, Macky Sall a re\u00e7u en audience Abdoulaye Diop , Pr\u00e9sident de la Commission de l&rsquo;Uemoa le 6 octobre 2023, au Palais...\" \/>\n<meta property=\"og:url\" content=\"https:\/\/challengeseconomiques.com\/?p=5388\" \/>\n<meta property=\"og:site_name\" content=\"challenges economiques\" \/>\n<meta property=\"article:published_time\" content=\"2023-10-08T18:48:06+00:00\" \/>\n<meta property=\"article:modified_time\" content=\"2023-10-08T18:50:43+00:00\" \/>\n<meta property=\"og:image\" content=\"https:\/\/challengeseconomiques.com\/wp-content\/uploads\/2023\/10\/audience_pcom_pr_senegal_8.jpg\" \/>\n\t<meta property=\"og:image:width\" content=\"1280\" \/>\n\t<meta property=\"og:image:height\" content=\"918\" \/>\n\t<meta property=\"og:image:type\" content=\"image\/jpeg\" \/>\n<meta name=\"author\" content=\"admin\" \/>\n<meta name=\"twitter:card\" content=\"summary_large_image\" \/>\n<meta name=\"twitter:label1\" content=\"\u00c9crit par\" \/>\n\t<meta name=\"twitter:data1\" content=\"admin\" \/>\n\t<meta name=\"twitter:label2\" content=\"Dur\u00e9e de lecture estim\u00e9e\" \/>\n\t<meta name=\"twitter:data2\" content=\"1 minute\" \/>\n<script type=\"application\/ld+json\" class=\"yoast-schema-graph\">{\"@context\":\"https:\/\/schema.org\",\"@graph\":[{\"@type\":\"Article\",\"@id\":\"https:\/\/challengeseconomiques.com\/?p=5388#article\",\"isPartOf\":{\"@id\":\"https:\/\/challengeseconomiques.com\/?p=5388\"},\"author\":{\"name\":\"admin\",\"@id\":\"https:\/\/challengeseconomiques.com\/#\/schema\/person\/b4568c9afebc5a9238a771873801e349\"},\"headline\":\"Macky Sall a re\u00e7u en audience le pr\u00e9sident de la Commission de l&rsquo;Uemoa\",\"datePublished\":\"2023-10-08T18:48:06+00:00\",\"dateModified\":\"2023-10-08T18:50:43+00:00\",\"mainEntityOfPage\":{\"@id\":\"https:\/\/challengeseconomiques.com\/?p=5388\"},\"wordCount\":195,\"image\":{\"@id\":\"https:\/\/challengeseconomiques.com\/?p=5388#primaryimage\"},\"thumbnailUrl\":\"https:\/\/challengeseconomiques.com\/wp-content\/uploads\/2023\/10\/audience_pcom_pr_senegal_8.jpg\",\"articleSection\":[\"A la une\",\"Infos \u00e9co\"],\"inLanguage\":\"fr-FR\"},{\"@type\":\"WebPage\",\"@id\":\"https:\/\/challengeseconomiques.com\/?p=5388\",\"url\":\"https:\/\/challengeseconomiques.com\/?p=5388\",\"name\":\"Macky Sall a re\u00e7u en audience le pr\u00e9sident de la Commission de l'Uemoa - challenges economiques\",\"isPartOf\":{\"@id\":\"https:\/\/challengeseconomiques.com\/#website\"},\"primaryImageOfPage\":{\"@id\":\"https:\/\/challengeseconomiques.com\/?p=5388#primaryimage\"},\"image\":{\"@id\":\"https:\/\/challengeseconomiques.com\/?p=5388#primaryimage\"},\"thumbnailUrl\":\"https:\/\/challengeseconomiques.com\/wp-content\/uploads\/2023\/10\/audience_pcom_pr_senegal_8.jpg\",\"datePublished\":\"2023-10-08T18:48:06+00:00\",\"dateModified\":\"2023-10-08T18:50:43+00:00\",\"author\":{\"@id\":\"https:\/\/challengeseconomiques.com\/#\/schema\/person\/b4568c9afebc5a9238a771873801e349\"},\"breadcrumb\":{\"@id\":\"https:\/\/challengeseconomiques.com\/?p=5388#breadcrumb\"},\"inLanguage\":\"fr-FR\",\"potentialAction\":[{\"@type\":\"ReadAction\",\"target\":[\"https:\/\/challengeseconomiques.com\/?p=5388\"]}]},{\"@type\":\"ImageObject\",\"inLanguage\":\"fr-FR\",\"@id\":\"https:\/\/challengeseconomiques.com\/?p=5388#primaryimage\",\"url\":\"https:\/\/challengeseconomiques.com\/wp-content\/uploads\/2023\/10\/audience_pcom_pr_senegal_8.jpg\",\"contentUrl\":\"https:\/\/challengeseconomiques.com\/wp-content\/uploads\/2023\/10\/audience_pcom_pr_senegal_8.jpg\",\"width\":1280,\"height\":918},{\"@type\":\"BreadcrumbList\",\"@id\":\"https:\/\/challengeseconomiques.com\/?p=5388#breadcrumb\",\"itemListElement\":[{\"@type\":\"ListItem\",\"position\":1,\"name\":\"Home\",\"item\":\"https:\/\/challengeseconomiques.com\/\"},{\"@type\":\"ListItem\",\"position\":2,\"name\":\"Macky Sall a re\u00e7u en audience le pr\u00e9sident de la Commission de l&rsquo;Uemoa\"}]},{\"@type\":\"WebSite\",\"@id\":\"https:\/\/challengeseconomiques.com\/#website\",\"url\":\"https:\/\/challengeseconomiques.com\/\",\"name\":\"challenges economiques\",\"description\":\"\",\"potentialAction\":[{\"@type\":\"SearchAction\",\"target\":{\"@type\":\"EntryPoint\",\"urlTemplate\":\"https:\/\/challengeseconomiques.com\/?s={search_term_string}\"},\"query-input\":{\"@type\":\"PropertyValueSpecification\",\"valueRequired\":true,\"valueName\":\"search_term_string\"}}],\"inLanguage\":\"fr-FR\"},{\"@type\":\"Person\",\"@id\":\"https:\/\/challengeseconomiques.com\/#\/schema\/person\/b4568c9afebc5a9238a771873801e349\",\"name\":\"admin\",\"image\":{\"@type\":\"ImageObject\",\"inLanguage\":\"fr-FR\",\"@id\":\"https:\/\/challengeseconomiques.com\/#\/schema\/person\/image\/\",\"url\":\"https:\/\/secure.gravatar.com\/avatar\/099e42240b5eea11acdb72751fcce0dd918603f0749d24974b7984ea47ed9fd9?s=96&d=mm&r=g\",\"contentUrl\":\"https:\/\/secure.gravatar.com\/avatar\/099e42240b5eea11acdb72751fcce0dd918603f0749d24974b7984ea47ed9fd9?s=96&d=mm&r=g\",\"caption\":\"admin\"},\"sameAs\":[\"https:\/\/challengeseconomiques.com\"],\"url\":\"https:\/\/challengeseconomiques.com\/?author=1\"}]}<\/script>\n<!-- \/ Yoast SEO plugin. -->","yoast_head_json":{"title":"Macky Sall a re\u00e7u en audience le pr\u00e9sident de la Commission de l'Uemoa - challenges economiques","robots":{"index":"index","follow":"follow","max-snippet":"max-snippet:-1","max-image-preview":"max-image-preview:large","max-video-preview":"max-video-preview:-1"},"canonical":"https:\/\/challengeseconomiques.com\/?p=5388","og_locale":"fr_FR","og_type":"article","og_title":"Macky Sall a re\u00e7u en audience le pr\u00e9sident de la Commission de l'Uemoa - challenges economiques","og_description":"Le Pr\u00e9sident du S\u00e9n\u00e9gal, Macky Sall a re\u00e7u en audience Abdoulaye Diop , Pr\u00e9sident de la Commission de l&rsquo;Uemoa le 6 octobre 2023, au Palais...","og_url":"https:\/\/challengeseconomiques.com\/?p=5388","og_site_name":"challenges economiques","article_published_time":"2023-10-08T18:48:06+00:00","article_modified_time":"2023-10-08T18:50:43+00:00","og_image":[{"width":1280,"height":918,"url":"https:\/\/challengeseconomiques.com\/wp-content\/uploads\/2023\/10\/audience_pcom_pr_senegal_8.jpg","type":"image\/jpeg"}],"author":"admin","twitter_card":"summary_large_image","twitter_misc":{"\u00c9crit par":"admin","Dur\u00e9e de lecture estim\u00e9e":"1 minute"},"schema":{"@context":"https:\/\/schema.org","@graph":[{"@type":"Article","@id":"https:\/\/challengeseconomiques.com\/?p=5388#article","isPartOf":{"@id":"https:\/\/challengeseconomiques.com\/?p=5388"},"author":{"name":"admin","@id":"https:\/\/challengeseconomiques.com\/#\/schema\/person\/b4568c9afebc5a9238a771873801e349"},"headline":"Macky Sall a re\u00e7u en audience le pr\u00e9sident de la Commission de l&rsquo;Uemoa","datePublished":"2023-10-08T18:48:06+00:00","dateModified":"2023-10-08T18:50:43+00:00","mainEntityOfPage":{"@id":"https:\/\/challengeseconomiques.com\/?p=5388"},"wordCount":195,"image":{"@id":"https:\/\/challengeseconomiques.com\/?p=5388#primaryimage"},"thumbnailUrl":"https:\/\/challengeseconomiques.com\/wp-content\/uploads\/2023\/10\/audience_pcom_pr_senegal_8.jpg","articleSection":["A la une","Infos \u00e9co"],"inLanguage":"fr-FR"},{"@type":"WebPage","@id":"https:\/\/challengeseconomiques.com\/?p=5388","url":"https:\/\/challengeseconomiques.com\/?p=5388","name":"Macky Sall a re\u00e7u en audience le pr\u00e9sident de la Commission de l'Uemoa - challenges economiques","isPartOf":{"@id":"https:\/\/challengeseconomiques.com\/#website"},"primaryImageOfPage":{"@id":"https:\/\/challengeseconomiques.com\/?p=5388#primaryimage"},"image":{"@id":"https:\/\/challengeseconomiques.com\/?p=5388#primaryimage"},"thumbnailUrl":"https:\/\/challengeseconomiques.com\/wp-content\/uploads\/2023\/10\/audience_pcom_pr_senegal_8.jpg","datePublished":"2023-10-08T18:48:06+00:00","dateModified":"2023-10-08T18:50:43+00:00","author":{"@id":"https:\/\/challengeseconomiques.com\/#\/schema\/person\/b4568c9afebc5a9238a771873801e349"},"breadcrumb":{"@id":"https:\/\/challengeseconomiques.com\/?p=5388#breadcrumb"},"inLanguage":"fr-FR","potentialAction":[{"@type":"ReadAction","target":["https:\/\/challengeseconomiques.com\/?p=5388"]}]},{"@type":"ImageObject","inLanguage":"fr-FR","@id":"https:\/\/challengeseconomiques.com\/?p=5388#primaryimage","url":"https:\/\/challengeseconomiques.com\/wp-content\/uploads\/2023\/10\/audience_pcom_pr_senegal_8.jpg","contentUrl":"https:\/\/challengeseconomiques.com\/wp-content\/uploads\/2023\/10\/audience_pcom_pr_senegal_8.jpg","width":1280,"height":918},{"@type":"BreadcrumbList","@id":"https:\/\/challengeseconomiques.com\/?p=5388#breadcrumb","itemListElement":[{"@type":"ListItem","position":1,"name":"Home","item":"https:\/\/challengeseconomiques.com\/"},{"@type":"ListItem","position":2,"name":"Macky Sall a re\u00e7u en audience le pr\u00e9sident de la Commission de l&rsquo;Uemoa"}]},{"@type":"WebSite","@id":"https:\/\/challengeseconomiques.com\/#website","url":"https:\/\/challengeseconomiques.com\/","name":"challenges economiques","description":"","potentialAction":[{"@type":"SearchAction","target":{"@type":"EntryPoint","urlTemplate":"https:\/\/challengeseconomiques.com\/?s={search_term_string}"},"query-input":{"@type":"PropertyValueSpecification","valueRequired":true,"valueName":"search_term_string"}}],"inLanguage":"fr-FR"},{"@type":"Person","@id":"https:\/\/challengeseconomiques.com\/#\/schema\/person\/b4568c9afebc5a9238a771873801e349","name":"admin","image":{"@type":"ImageObject","inLanguage":"fr-FR","@id":"https:\/\/challengeseconomiques.com\/#\/schema\/person\/image\/","url":"https:\/\/secure.gravatar.com\/avatar\/099e42240b5eea11acdb72751fcce0dd918603f0749d24974b7984ea47ed9fd9?s=96&d=mm&r=g","contentUrl":"https:\/\/secure.gravatar.com\/avatar\/099e42240b5eea11acdb72751fcce0dd918603f0749d24974b7984ea47ed9fd9?s=96&d=mm&r=g","caption":"admin"},"sameAs":["https:\/\/challengeseconomiques.com"],"url":"https:\/\/challengeseconomiques.com\/?author=1"}]}},"jetpack_featured_media_url":"https:\/\/challengeseconomiques.com\/wp-content\/uploads\/2023\/10\/audience_pcom_pr_senegal_8.jpg","jetpack_sharing_enabled":true,"_links":{"self":[{"href":"https:\/\/challengeseconomiques.com\/index.php?rest_route=\/wp\/v2\/posts\/5388","targetHints":{"allow":["GET"]}}],"collection":[{"href":"https:\/\/challengeseconomiques.com\/index.php?rest_route=\/wp\/v2\/posts"}],"about":[{"href":"https:\/\/challengeseconomiques.com\/index.php?rest_route=\/wp\/v2\/types\/post"}],"author":[{"embeddable":true,"href":"https:\/\/challengeseconomiques.com\/index.php?rest_route=\/wp\/v2\/users\/1"}],"replies":[{"embeddable":true,"href":"https:\/\/challengeseconomiques.com\/index.php?rest_route=%2Fwp%2Fv2%2Fcomments&post=5388"}],"version-history":[{"count":2,"href":"https:\/\/challengeseconomiques.com\/index.php?rest_route=\/wp\/v2\/posts\/5388\/revisions"}],"predecessor-version":[{"id":5392,"href":"https:\/\/challengeseconomiques.com\/index.php?rest_route=\/wp\/v2\/posts\/5388\/revisions\/5392"}],"wp:featuredmedia":[{"embeddable":true,"href":"https:\/\/challengeseconomiques.com\/index.php?rest_route=\/wp\/v2\/media\/5389"}],"wp:attachment":[{"href":"https:\/\/challengeseconomiques.com\/index.php?rest_route=%2Fwp%2Fv2%2Fmedia&parent=5388"}],"wp:term":[{"taxonomy":"category","embeddable":true,"href":"https:\/\/challengeseconomiques.com\/index.php?rest_route=%2Fwp%2Fv2%2Fcategories&post=5388"},{"taxonomy":"post_tag","embeddable":true,"href":"https:\/\/challengeseconomiques.com\/index.php?rest_route=%2Fwp%2Fv2%2Ftags&post=5388"}],"curies":[{"name":"wp","href":"https:\/\/api.w.org\/{rel}","templated":true}]}}