{"id":5385,"date":"2023-10-08T18:16:31","date_gmt":"2023-10-08T18:16:31","guid":{"rendered":"https:\/\/challengeseconomiques.com\/?p=5385"},"modified":"2023-10-08T18:16:52","modified_gmt":"2023-10-08T18:16:52","slug":"oumar-gueye-nomme-president-de-la-commission-devaluation-et-de-suivi-des-politiques-et-programmes-publics","status":"publish","type":"post","link":"https:\/\/challengeseconomiques.com\/?p=5385","title":{"rendered":"Oumar Gu\u00e8ye, nomm\u00e9 pr\u00e9sident de la Commission d\u2019\u00e9valuation et de suivi des politiques et programmes publics"},"content":{"rendered":"<p>L\u2019ing\u00e9nieur Oumar Gu\u00e8ye a \u00e9t\u00e9 nomm\u00e9, vendredi, au poste de pr\u00e9sident de la Commission d\u2019\u00e9valuation et de suivi des politiques et programmes publics (CESPPP), a appris l\u2019APS le m\u00eame jour d\u2019une source officielle.<\/p>\n<p>La CESPPP a \u00e9t\u00e9 instaur\u00e9e par le d\u00e9cret pr\u00e9sidentiel n\u00b0 2012-437 du 10 avril 2012. Ses membres \u00ab interviennent en qualit\u00e9 d\u2019experts ind\u00e9pendants et sont \u00ab soumis \u00e0 un code de d\u00e9ontologie professionnelle \u00bb, pr\u00e9cise le m\u00eame document.<\/p>\n<p>\u00ab La Commission exerce une mission d\u2019\u00e9valuation aupr\u00e8s des institutions de la R\u00e9publique, des services de l\u2019Etat, des politiques et programmes publics. Elle est au service du changement social et de la transformation de l\u2019action publique \u00bb poursuit le texte.<\/p>\n<p>La CESPPP \u00e9tait dirig\u00e9 jusque-l\u00e0 par Hadji Ibrahima Sall, pr\u00e9sident du Parti Demain la R\u00e9publique. Economiste et ancien ministre, M. Sall a annonc\u00e9 sa candidature \u00e0 la pr\u00e9sidentielle de f\u00e9vrier 2024.<\/p>\n<p><strong>APS<\/strong><\/p>\n","protected":false},"excerpt":{"rendered":"<p>L\u2019ing\u00e9nieur Oumar Gu\u00e8ye a \u00e9t\u00e9 nomm\u00e9, vendredi, au poste de pr\u00e9sident de la Commission d\u2019\u00e9valuation et de suivi des politiques et programmes publics (CESPPP), a&#8230;<\/p>\n","protected":false},"author":1,"featured_media":5386,"comment_status":"closed","ping_status":"open","sticky":false,"template":"","format":"standard","meta":{"_jetpack_memberships_contains_paid_content":false,"footnotes":""},"categories":[8,10],"tags":[],"class_list":["post-5385","post","type-post","status-publish","format-standard","has-post-thumbnail","hentry","category-actualite-economique","category-infos-eco","wpcat-8-id","wpcat-10-id"],"yoast_head":"<!-- This site is optimized with the Yoast SEO plugin v27.1.1 - https:\/\/yoast.com\/product\/yoast-seo-wordpress\/ -->\n<title>Oumar Gu\u00e8ye, nomm\u00e9 pr\u00e9sident de la Commission d\u2019\u00e9valuation et de suivi des politiques et programmes publics - challenges economiques<\/title>\n<meta name=\"robots\" content=\"index, follow, max-snippet:-1, max-image-preview:large, max-video-preview:-1\" \/>\n<link rel=\"canonical\" href=\"https:\/\/challengeseconomiques.com\/?p=5385\" \/>\n<meta property=\"og:locale\" content=\"fr_FR\" \/>\n<meta property=\"og:type\" content=\"article\" \/>\n<meta property=\"og:title\" content=\"Oumar Gu\u00e8ye, nomm\u00e9 pr\u00e9sident de la Commission d\u2019\u00e9valuation et de suivi des politiques et programmes publics - challenges economiques\" \/>\n<meta property=\"og:description\" content=\"L\u2019ing\u00e9nieur Oumar Gu\u00e8ye a \u00e9t\u00e9 nomm\u00e9, vendredi, au poste de pr\u00e9sident de la Commission d\u2019\u00e9valuation et de suivi des politiques et programmes publics (CESPPP), a...\" \/>\n<meta property=\"og:url\" content=\"https:\/\/challengeseconomiques.com\/?p=5385\" \/>\n<meta property=\"og:site_name\" content=\"challenges economiques\" \/>\n<meta property=\"article:published_time\" content=\"2023-10-08T18:16:31+00:00\" \/>\n<meta property=\"article:modified_time\" content=\"2023-10-08T18:16:52+00:00\" \/>\n<meta property=\"og:image\" content=\"https:\/\/challengeseconomiques.com\/wp-content\/uploads\/2023\/10\/oumargueye_1-1.jpg\" \/>\n\t<meta property=\"og:image:width\" content=\"736\" \/>\n\t<meta property=\"og:image:height\" content=\"553\" \/>\n\t<meta property=\"og:image:type\" content=\"image\/jpeg\" \/>\n<meta name=\"author\" content=\"admin\" \/>\n<meta name=\"twitter:card\" content=\"summary_large_image\" \/>\n<meta name=\"twitter:label1\" content=\"\u00c9crit par\" \/>\n\t<meta name=\"twitter:data1\" content=\"admin\" \/>\n\t<meta name=\"twitter:label2\" content=\"Dur\u00e9e de lecture estim\u00e9e\" \/>\n\t<meta name=\"twitter:data2\" content=\"1 minute\" \/>\n<script type=\"application\/ld+json\" class=\"yoast-schema-graph\">{\"@context\":\"https:\/\/schema.org\",\"@graph\":[{\"@type\":\"Article\",\"@id\":\"https:\/\/challengeseconomiques.com\/?p=5385#article\",\"isPartOf\":{\"@id\":\"https:\/\/challengeseconomiques.com\/?p=5385\"},\"author\":{\"name\":\"admin\",\"@id\":\"https:\/\/challengeseconomiques.com\/#\/schema\/person\/b4568c9afebc5a9238a771873801e349\"},\"headline\":\"Oumar Gu\u00e8ye, nomm\u00e9 pr\u00e9sident de la Commission d\u2019\u00e9valuation et de suivi des politiques et programmes publics\",\"datePublished\":\"2023-10-08T18:16:31+00:00\",\"dateModified\":\"2023-10-08T18:16:52+00:00\",\"mainEntityOfPage\":{\"@id\":\"https:\/\/challengeseconomiques.com\/?p=5385\"},\"wordCount\":177,\"image\":{\"@id\":\"https:\/\/challengeseconomiques.com\/?p=5385#primaryimage\"},\"thumbnailUrl\":\"https:\/\/challengeseconomiques.com\/wp-content\/uploads\/2023\/10\/oumargueye_1-1.jpg\",\"articleSection\":[\"Actualit\u00e9 \u00e9conomique\",\"Infos \u00e9co\"],\"inLanguage\":\"fr-FR\"},{\"@type\":\"WebPage\",\"@id\":\"https:\/\/challengeseconomiques.com\/?p=5385\",\"url\":\"https:\/\/challengeseconomiques.com\/?p=5385\",\"name\":\"Oumar Gu\u00e8ye, nomm\u00e9 pr\u00e9sident de la Commission d\u2019\u00e9valuation et de suivi des politiques et programmes publics - challenges economiques\",\"isPartOf\":{\"@id\":\"https:\/\/challengeseconomiques.com\/#website\"},\"primaryImageOfPage\":{\"@id\":\"https:\/\/challengeseconomiques.com\/?p=5385#primaryimage\"},\"image\":{\"@id\":\"https:\/\/challengeseconomiques.com\/?p=5385#primaryimage\"},\"thumbnailUrl\":\"https:\/\/challengeseconomiques.com\/wp-content\/uploads\/2023\/10\/oumargueye_1-1.jpg\",\"datePublished\":\"2023-10-08T18:16:31+00:00\",\"dateModified\":\"2023-10-08T18:16:52+00:00\",\"author\":{\"@id\":\"https:\/\/challengeseconomiques.com\/#\/schema\/person\/b4568c9afebc5a9238a771873801e349\"},\"breadcrumb\":{\"@id\":\"https:\/\/challengeseconomiques.com\/?p=5385#breadcrumb\"},\"inLanguage\":\"fr-FR\",\"potentialAction\":[{\"@type\":\"ReadAction\",\"target\":[\"https:\/\/challengeseconomiques.com\/?p=5385\"]}]},{\"@type\":\"ImageObject\",\"inLanguage\":\"fr-FR\",\"@id\":\"https:\/\/challengeseconomiques.com\/?p=5385#primaryimage\",\"url\":\"https:\/\/challengeseconomiques.com\/wp-content\/uploads\/2023\/10\/oumargueye_1-1.jpg\",\"contentUrl\":\"https:\/\/challengeseconomiques.com\/wp-content\/uploads\/2023\/10\/oumargueye_1-1.jpg\",\"width\":736,\"height\":553},{\"@type\":\"BreadcrumbList\",\"@id\":\"https:\/\/challengeseconomiques.com\/?p=5385#breadcrumb\",\"itemListElement\":[{\"@type\":\"ListItem\",\"position\":1,\"name\":\"Home\",\"item\":\"https:\/\/challengeseconomiques.com\/\"},{\"@type\":\"ListItem\",\"position\":2,\"name\":\"Oumar Gu\u00e8ye, nomm\u00e9 pr\u00e9sident de la Commission d\u2019\u00e9valuation et de suivi des politiques et programmes publics\"}]},{\"@type\":\"WebSite\",\"@id\":\"https:\/\/challengeseconomiques.com\/#website\",\"url\":\"https:\/\/challengeseconomiques.com\/\",\"name\":\"challenges economiques\",\"description\":\"\",\"potentialAction\":[{\"@type\":\"SearchAction\",\"target\":{\"@type\":\"EntryPoint\",\"urlTemplate\":\"https:\/\/challengeseconomiques.com\/?s={search_term_string}\"},\"query-input\":{\"@type\":\"PropertyValueSpecification\",\"valueRequired\":true,\"valueName\":\"search_term_string\"}}],\"inLanguage\":\"fr-FR\"},{\"@type\":\"Person\",\"@id\":\"https:\/\/challengeseconomiques.com\/#\/schema\/person\/b4568c9afebc5a9238a771873801e349\",\"name\":\"admin\",\"image\":{\"@type\":\"ImageObject\",\"inLanguage\":\"fr-FR\",\"@id\":\"https:\/\/challengeseconomiques.com\/#\/schema\/person\/image\/\",\"url\":\"https:\/\/secure.gravatar.com\/avatar\/099e42240b5eea11acdb72751fcce0dd918603f0749d24974b7984ea47ed9fd9?s=96&d=mm&r=g\",\"contentUrl\":\"https:\/\/secure.gravatar.com\/avatar\/099e42240b5eea11acdb72751fcce0dd918603f0749d24974b7984ea47ed9fd9?s=96&d=mm&r=g\",\"caption\":\"admin\"},\"sameAs\":[\"https:\/\/challengeseconomiques.com\"],\"url\":\"https:\/\/challengeseconomiques.com\/?author=1\"}]}<\/script>\n<!-- \/ Yoast SEO plugin. -->","yoast_head_json":{"title":"Oumar Gu\u00e8ye, nomm\u00e9 pr\u00e9sident de la Commission d\u2019\u00e9valuation et de suivi des politiques et programmes publics - challenges economiques","robots":{"index":"index","follow":"follow","max-snippet":"max-snippet:-1","max-image-preview":"max-image-preview:large","max-video-preview":"max-video-preview:-1"},"canonical":"https:\/\/challengeseconomiques.com\/?p=5385","og_locale":"fr_FR","og_type":"article","og_title":"Oumar Gu\u00e8ye, nomm\u00e9 pr\u00e9sident de la Commission d\u2019\u00e9valuation et de suivi des politiques et programmes publics - challenges economiques","og_description":"L\u2019ing\u00e9nieur Oumar Gu\u00e8ye a \u00e9t\u00e9 nomm\u00e9, vendredi, au poste de pr\u00e9sident de la Commission d\u2019\u00e9valuation et de suivi des politiques et programmes publics (CESPPP), a...","og_url":"https:\/\/challengeseconomiques.com\/?p=5385","og_site_name":"challenges economiques","article_published_time":"2023-10-08T18:16:31+00:00","article_modified_time":"2023-10-08T18:16:52+00:00","og_image":[{"width":736,"height":553,"url":"https:\/\/challengeseconomiques.com\/wp-content\/uploads\/2023\/10\/oumargueye_1-1.jpg","type":"image\/jpeg"}],"author":"admin","twitter_card":"summary_large_image","twitter_misc":{"\u00c9crit par":"admin","Dur\u00e9e de lecture estim\u00e9e":"1 minute"},"schema":{"@context":"https:\/\/schema.org","@graph":[{"@type":"Article","@id":"https:\/\/challengeseconomiques.com\/?p=5385#article","isPartOf":{"@id":"https:\/\/challengeseconomiques.com\/?p=5385"},"author":{"name":"admin","@id":"https:\/\/challengeseconomiques.com\/#\/schema\/person\/b4568c9afebc5a9238a771873801e349"},"headline":"Oumar Gu\u00e8ye, nomm\u00e9 pr\u00e9sident de la Commission d\u2019\u00e9valuation et de suivi des politiques et programmes publics","datePublished":"2023-10-08T18:16:31+00:00","dateModified":"2023-10-08T18:16:52+00:00","mainEntityOfPage":{"@id":"https:\/\/challengeseconomiques.com\/?p=5385"},"wordCount":177,"image":{"@id":"https:\/\/challengeseconomiques.com\/?p=5385#primaryimage"},"thumbnailUrl":"https:\/\/challengeseconomiques.com\/wp-content\/uploads\/2023\/10\/oumargueye_1-1.jpg","articleSection":["Actualit\u00e9 \u00e9conomique","Infos \u00e9co"],"inLanguage":"fr-FR"},{"@type":"WebPage","@id":"https:\/\/challengeseconomiques.com\/?p=5385","url":"https:\/\/challengeseconomiques.com\/?p=5385","name":"Oumar Gu\u00e8ye, nomm\u00e9 pr\u00e9sident de la Commission d\u2019\u00e9valuation et de suivi des politiques et programmes publics - challenges economiques","isPartOf":{"@id":"https:\/\/challengeseconomiques.com\/#website"},"primaryImageOfPage":{"@id":"https:\/\/challengeseconomiques.com\/?p=5385#primaryimage"},"image":{"@id":"https:\/\/challengeseconomiques.com\/?p=5385#primaryimage"},"thumbnailUrl":"https:\/\/challengeseconomiques.com\/wp-content\/uploads\/2023\/10\/oumargueye_1-1.jpg","datePublished":"2023-10-08T18:16:31+00:00","dateModified":"2023-10-08T18:16:52+00:00","author":{"@id":"https:\/\/challengeseconomiques.com\/#\/schema\/person\/b4568c9afebc5a9238a771873801e349"},"breadcrumb":{"@id":"https:\/\/challengeseconomiques.com\/?p=5385#breadcrumb"},"inLanguage":"fr-FR","potentialAction":[{"@type":"ReadAction","target":["https:\/\/challengeseconomiques.com\/?p=5385"]}]},{"@type":"ImageObject","inLanguage":"fr-FR","@id":"https:\/\/challengeseconomiques.com\/?p=5385#primaryimage","url":"https:\/\/challengeseconomiques.com\/wp-content\/uploads\/2023\/10\/oumargueye_1-1.jpg","contentUrl":"https:\/\/challengeseconomiques.com\/wp-content\/uploads\/2023\/10\/oumargueye_1-1.jpg","width":736,"height":553},{"@type":"BreadcrumbList","@id":"https:\/\/challengeseconomiques.com\/?p=5385#breadcrumb","itemListElement":[{"@type":"ListItem","position":1,"name":"Home","item":"https:\/\/challengeseconomiques.com\/"},{"@type":"ListItem","position":2,"name":"Oumar Gu\u00e8ye, nomm\u00e9 pr\u00e9sident de la Commission d\u2019\u00e9valuation et de suivi des politiques et programmes publics"}]},{"@type":"WebSite","@id":"https:\/\/challengeseconomiques.com\/#website","url":"https:\/\/challengeseconomiques.com\/","name":"challenges economiques","description":"","potentialAction":[{"@type":"SearchAction","target":{"@type":"EntryPoint","urlTemplate":"https:\/\/challengeseconomiques.com\/?s={search_term_string}"},"query-input":{"@type":"PropertyValueSpecification","valueRequired":true,"valueName":"search_term_string"}}],"inLanguage":"fr-FR"},{"@type":"Person","@id":"https:\/\/challengeseconomiques.com\/#\/schema\/person\/b4568c9afebc5a9238a771873801e349","name":"admin","image":{"@type":"ImageObject","inLanguage":"fr-FR","@id":"https:\/\/challengeseconomiques.com\/#\/schema\/person\/image\/","url":"https:\/\/secure.gravatar.com\/avatar\/099e42240b5eea11acdb72751fcce0dd918603f0749d24974b7984ea47ed9fd9?s=96&d=mm&r=g","contentUrl":"https:\/\/secure.gravatar.com\/avatar\/099e42240b5eea11acdb72751fcce0dd918603f0749d24974b7984ea47ed9fd9?s=96&d=mm&r=g","caption":"admin"},"sameAs":["https:\/\/challengeseconomiques.com"],"url":"https:\/\/challengeseconomiques.com\/?author=1"}]}},"jetpack_featured_media_url":"https:\/\/challengeseconomiques.com\/wp-content\/uploads\/2023\/10\/oumargueye_1-1.jpg","jetpack_sharing_enabled":true,"_links":{"self":[{"href":"https:\/\/challengeseconomiques.com\/index.php?rest_route=\/wp\/v2\/posts\/5385","targetHints":{"allow":["GET"]}}],"collection":[{"href":"https:\/\/challengeseconomiques.com\/index.php?rest_route=\/wp\/v2\/posts"}],"about":[{"href":"https:\/\/challengeseconomiques.com\/index.php?rest_route=\/wp\/v2\/types\/post"}],"author":[{"embeddable":true,"href":"https:\/\/challengeseconomiques.com\/index.php?rest_route=\/wp\/v2\/users\/1"}],"replies":[{"embeddable":true,"href":"https:\/\/challengeseconomiques.com\/index.php?rest_route=%2Fwp%2Fv2%2Fcomments&post=5385"}],"version-history":[{"count":1,"href":"https:\/\/challengeseconomiques.com\/index.php?rest_route=\/wp\/v2\/posts\/5385\/revisions"}],"predecessor-version":[{"id":5387,"href":"https:\/\/challengeseconomiques.com\/index.php?rest_route=\/wp\/v2\/posts\/5385\/revisions\/5387"}],"wp:featuredmedia":[{"embeddable":true,"href":"https:\/\/challengeseconomiques.com\/index.php?rest_route=\/wp\/v2\/media\/5386"}],"wp:attachment":[{"href":"https:\/\/challengeseconomiques.com\/index.php?rest_route=%2Fwp%2Fv2%2Fmedia&parent=5385"}],"wp:term":[{"taxonomy":"category","embeddable":true,"href":"https:\/\/challengeseconomiques.com\/index.php?rest_route=%2Fwp%2Fv2%2Fcategories&post=5385"},{"taxonomy":"post_tag","embeddable":true,"href":"https:\/\/challengeseconomiques.com\/index.php?rest_route=%2Fwp%2Fv2%2Ftags&post=5385"}],"curies":[{"name":"wp","href":"https:\/\/api.w.org\/{rel}","templated":true}]}}