{"id":5376,"date":"2023-10-05T13:36:34","date_gmt":"2023-10-05T13:36:34","guid":{"rendered":"https:\/\/challengeseconomiques.com\/?p=5376"},"modified":"2023-10-05T13:36:49","modified_gmt":"2023-10-05T13:36:49","slug":"la-banque-mondiale-craint-une-baisse-de-la-croissance-de-36-a-25-en-2023","status":"publish","type":"post","link":"https:\/\/challengeseconomiques.com\/?p=5376","title":{"rendered":"La Banque mondiale craint une baisse de la croissance de 3,6% \u00e0 2,5% en 2023"},"content":{"rendered":"<p>La Banque mondiale craint une \u2018\u2019d\u00e9cennie perdue\u2019\u2019 pour l\u2019Afrique subsaharienne en raison du ralentissement des principales \u00e9conomies de la r\u00e9gion, estimant que \u2018\u2019pour l\u2019ann\u00e9e en cours, la croissance devrait atteindre 2,5% alors qu\u2019elle \u00e9tait de 3,6% l\u2019ann\u00e9e derni\u00e8re\u2019\u2019.<\/p>\n<p>\u2018\u2019Pour l\u2019ann\u00e9e en cours, la croissance devrait atteindre 2,5% alors qu\u2019elle \u00e9tait de 3,6% l\u2019ann\u00e9e derni\u00e8re\u2019\u2019, selon les pr\u00e9visions de croissance de la BM, publi\u00e9es mercredi.<\/p>\n<p>\u00ab Une croissance faible entra\u00eene une r\u00e9duction de la pauvret\u00e9 plus lente qu\u2019esp\u00e9r\u00e9 et une croissance des emplois r\u00e9duite alors que plus de 12 millions d\u2019Africains rejoignent le march\u00e9 du travail chaque ann\u00e9e \u00bb, a soulign\u00e9 le chef \u00e9conomique de la Banque pour l\u2019Afrique, Andrew Dabalen.<\/p>\n<p>D\u2019apr\u00e8s lui, \u00ab il est plus urgent que jamais que les responsables politiques am\u00e9liorent leurs \u00e9conomies afin de favoriser la croissance et de meilleurs emplois pour les habitants \u00bb.<\/p>\n<p>La Banque mondiale s\u2019inqui\u00e8te notamment du fait que le PIB par habitant en Afrique subsaharienne n\u2019a pas progress\u00e9 depuis 2015, avant de signaler que la \u2018\u2019croissance de cet indicateur pourrait \u00eatre tout juste de 0,1% par an sur la p\u00e9riode 2015-2025 \u00bb.<\/p>\n<p>Parmi les premi\u00e8res causes de ce ralentissement, l\u2019institution pointe \u2018\u2019la multiplication ces derni\u00e8res ann\u00e9es des tentatives visant \u00e0 d\u00e9stabiliser les gouvernements par des moyens anticonstitutionnels, les violences (\u2026), voire de forte r\u00e9cession dans certains pays \u00e0 l\u2019image du Soudan, confront\u00e9 \u00e0 un conflit qui s\u2019installe dans le temps et dont l\u2019\u00e9conomie devrait reculer de 12% cette ann\u00e9e.\u2019\u2019<\/p>\n<p>Ainsi, la Banque mondiale constate que \u00bble surendettement reste un \u00e9l\u00e9ment d\u2019inqui\u00e9tude \u00bb qui p\u00e8se beaucoup sur les \u00e9conomies subsahariennes, relevant que 21 pays de la r\u00e9gion pr\u00e9sentent un risque \u00e9lev\u00e9 de surendettement ext\u00e9rieur ou sont d\u00e9j\u00e0 en surendettement.<\/p>\n<p>Malgr\u00e9 cette situation complexe, la Banque note que certains aspects s\u2019am\u00e9liorent notamment l\u2019inflation qui est \u2018\u2019moins marqu\u00e9e cette ann\u00e9e qu\u2019en 2022\u2019\u2019, chutant de 9,3% \u00e0 7,3%.<\/p>\n<p><strong>APS<\/strong><\/p>\n","protected":false},"excerpt":{"rendered":"<p>La Banque mondiale craint une \u2018\u2019d\u00e9cennie perdue\u2019\u2019 pour l\u2019Afrique subsaharienne en raison du ralentissement des principales \u00e9conomies de la r\u00e9gion, estimant que \u2018\u2019pour l\u2019ann\u00e9e en&#8230;<\/p>\n","protected":false},"author":1,"featured_media":4086,"comment_status":"closed","ping_status":"open","sticky":false,"template":"","format":"standard","meta":{"_jetpack_memberships_contains_paid_content":false,"footnotes":""},"categories":[8,10],"tags":[],"class_list":["post-5376","post","type-post","status-publish","format-standard","has-post-thumbnail","hentry","category-actualite-economique","category-infos-eco","wpcat-8-id","wpcat-10-id"],"yoast_head":"<!-- This site is optimized with the Yoast SEO plugin v27.1.1 - https:\/\/yoast.com\/product\/yoast-seo-wordpress\/ -->\n<title>La Banque mondiale craint une baisse de la croissance de 3,6% \u00e0 2,5% en 2023 - challenges economiques<\/title>\n<meta name=\"robots\" content=\"index, follow, max-snippet:-1, max-image-preview:large, max-video-preview:-1\" \/>\n<link rel=\"canonical\" href=\"https:\/\/challengeseconomiques.com\/?p=5376\" \/>\n<meta property=\"og:locale\" content=\"fr_FR\" \/>\n<meta property=\"og:type\" content=\"article\" \/>\n<meta property=\"og:title\" content=\"La Banque mondiale craint une baisse de la croissance de 3,6% \u00e0 2,5% en 2023 - challenges economiques\" \/>\n<meta property=\"og:description\" content=\"La Banque mondiale craint une \u2018\u2019d\u00e9cennie perdue\u2019\u2019 pour l\u2019Afrique subsaharienne en raison du ralentissement des principales \u00e9conomies de la r\u00e9gion, estimant que \u2018\u2019pour l\u2019ann\u00e9e en...\" \/>\n<meta property=\"og:url\" content=\"https:\/\/challengeseconomiques.com\/?p=5376\" \/>\n<meta property=\"og:site_name\" content=\"challenges economiques\" \/>\n<meta property=\"article:published_time\" content=\"2023-10-05T13:36:34+00:00\" \/>\n<meta property=\"article:modified_time\" content=\"2023-10-05T13:36:49+00:00\" \/>\n<meta property=\"og:image\" content=\"https:\/\/challengeseconomiques.com\/wp-content\/uploads\/2022\/10\/Banque-mondiale-siege-770x470-1.webp\" \/>\n\t<meta property=\"og:image:width\" content=\"770\" \/>\n\t<meta property=\"og:image:height\" content=\"470\" \/>\n\t<meta property=\"og:image:type\" content=\"image\/webp\" \/>\n<meta name=\"author\" content=\"admin\" \/>\n<meta name=\"twitter:card\" content=\"summary_large_image\" \/>\n<meta name=\"twitter:label1\" content=\"\u00c9crit par\" \/>\n\t<meta name=\"twitter:data1\" content=\"admin\" \/>\n\t<meta name=\"twitter:label2\" content=\"Dur\u00e9e de lecture estim\u00e9e\" \/>\n\t<meta name=\"twitter:data2\" content=\"2 minutes\" \/>\n<script type=\"application\/ld+json\" class=\"yoast-schema-graph\">{\"@context\":\"https:\/\/schema.org\",\"@graph\":[{\"@type\":\"Article\",\"@id\":\"https:\/\/challengeseconomiques.com\/?p=5376#article\",\"isPartOf\":{\"@id\":\"https:\/\/challengeseconomiques.com\/?p=5376\"},\"author\":{\"name\":\"admin\",\"@id\":\"https:\/\/challengeseconomiques.com\/#\/schema\/person\/b4568c9afebc5a9238a771873801e349\"},\"headline\":\"La Banque mondiale craint une baisse de la croissance de 3,6% \u00e0 2,5% en 2023\",\"datePublished\":\"2023-10-05T13:36:34+00:00\",\"dateModified\":\"2023-10-05T13:36:49+00:00\",\"mainEntityOfPage\":{\"@id\":\"https:\/\/challengeseconomiques.com\/?p=5376\"},\"wordCount\":348,\"image\":{\"@id\":\"https:\/\/challengeseconomiques.com\/?p=5376#primaryimage\"},\"thumbnailUrl\":\"https:\/\/challengeseconomiques.com\/wp-content\/uploads\/2022\/10\/Banque-mondiale-siege-770x470-1.webp\",\"articleSection\":[\"Actualit\u00e9 \u00e9conomique\",\"Infos \u00e9co\"],\"inLanguage\":\"fr-FR\"},{\"@type\":\"WebPage\",\"@id\":\"https:\/\/challengeseconomiques.com\/?p=5376\",\"url\":\"https:\/\/challengeseconomiques.com\/?p=5376\",\"name\":\"La Banque mondiale craint une baisse de la croissance de 3,6% \u00e0 2,5% en 2023 - challenges economiques\",\"isPartOf\":{\"@id\":\"https:\/\/challengeseconomiques.com\/#website\"},\"primaryImageOfPage\":{\"@id\":\"https:\/\/challengeseconomiques.com\/?p=5376#primaryimage\"},\"image\":{\"@id\":\"https:\/\/challengeseconomiques.com\/?p=5376#primaryimage\"},\"thumbnailUrl\":\"https:\/\/challengeseconomiques.com\/wp-content\/uploads\/2022\/10\/Banque-mondiale-siege-770x470-1.webp\",\"datePublished\":\"2023-10-05T13:36:34+00:00\",\"dateModified\":\"2023-10-05T13:36:49+00:00\",\"author\":{\"@id\":\"https:\/\/challengeseconomiques.com\/#\/schema\/person\/b4568c9afebc5a9238a771873801e349\"},\"breadcrumb\":{\"@id\":\"https:\/\/challengeseconomiques.com\/?p=5376#breadcrumb\"},\"inLanguage\":\"fr-FR\",\"potentialAction\":[{\"@type\":\"ReadAction\",\"target\":[\"https:\/\/challengeseconomiques.com\/?p=5376\"]}]},{\"@type\":\"ImageObject\",\"inLanguage\":\"fr-FR\",\"@id\":\"https:\/\/challengeseconomiques.com\/?p=5376#primaryimage\",\"url\":\"https:\/\/challengeseconomiques.com\/wp-content\/uploads\/2022\/10\/Banque-mondiale-siege-770x470-1.webp\",\"contentUrl\":\"https:\/\/challengeseconomiques.com\/wp-content\/uploads\/2022\/10\/Banque-mondiale-siege-770x470-1.webp\",\"width\":770,\"height\":470},{\"@type\":\"BreadcrumbList\",\"@id\":\"https:\/\/challengeseconomiques.com\/?p=5376#breadcrumb\",\"itemListElement\":[{\"@type\":\"ListItem\",\"position\":1,\"name\":\"Home\",\"item\":\"https:\/\/challengeseconomiques.com\/\"},{\"@type\":\"ListItem\",\"position\":2,\"name\":\"La Banque mondiale craint une baisse de la croissance de 3,6% \u00e0 2,5% en 2023\"}]},{\"@type\":\"WebSite\",\"@id\":\"https:\/\/challengeseconomiques.com\/#website\",\"url\":\"https:\/\/challengeseconomiques.com\/\",\"name\":\"challenges economiques\",\"description\":\"\",\"potentialAction\":[{\"@type\":\"SearchAction\",\"target\":{\"@type\":\"EntryPoint\",\"urlTemplate\":\"https:\/\/challengeseconomiques.com\/?s={search_term_string}\"},\"query-input\":{\"@type\":\"PropertyValueSpecification\",\"valueRequired\":true,\"valueName\":\"search_term_string\"}}],\"inLanguage\":\"fr-FR\"},{\"@type\":\"Person\",\"@id\":\"https:\/\/challengeseconomiques.com\/#\/schema\/person\/b4568c9afebc5a9238a771873801e349\",\"name\":\"admin\",\"image\":{\"@type\":\"ImageObject\",\"inLanguage\":\"fr-FR\",\"@id\":\"https:\/\/challengeseconomiques.com\/#\/schema\/person\/image\/\",\"url\":\"https:\/\/secure.gravatar.com\/avatar\/099e42240b5eea11acdb72751fcce0dd918603f0749d24974b7984ea47ed9fd9?s=96&d=mm&r=g\",\"contentUrl\":\"https:\/\/secure.gravatar.com\/avatar\/099e42240b5eea11acdb72751fcce0dd918603f0749d24974b7984ea47ed9fd9?s=96&d=mm&r=g\",\"caption\":\"admin\"},\"sameAs\":[\"https:\/\/challengeseconomiques.com\"],\"url\":\"https:\/\/challengeseconomiques.com\/?author=1\"}]}<\/script>\n<!-- \/ Yoast SEO plugin. -->","yoast_head_json":{"title":"La Banque mondiale craint une baisse de la croissance de 3,6% \u00e0 2,5% en 2023 - challenges economiques","robots":{"index":"index","follow":"follow","max-snippet":"max-snippet:-1","max-image-preview":"max-image-preview:large","max-video-preview":"max-video-preview:-1"},"canonical":"https:\/\/challengeseconomiques.com\/?p=5376","og_locale":"fr_FR","og_type":"article","og_title":"La Banque mondiale craint une baisse de la croissance de 3,6% \u00e0 2,5% en 2023 - challenges economiques","og_description":"La Banque mondiale craint une \u2018\u2019d\u00e9cennie perdue\u2019\u2019 pour l\u2019Afrique subsaharienne en raison du ralentissement des principales \u00e9conomies de la r\u00e9gion, estimant que \u2018\u2019pour l\u2019ann\u00e9e en...","og_url":"https:\/\/challengeseconomiques.com\/?p=5376","og_site_name":"challenges economiques","article_published_time":"2023-10-05T13:36:34+00:00","article_modified_time":"2023-10-05T13:36:49+00:00","og_image":[{"width":770,"height":470,"url":"https:\/\/challengeseconomiques.com\/wp-content\/uploads\/2022\/10\/Banque-mondiale-siege-770x470-1.webp","type":"image\/webp"}],"author":"admin","twitter_card":"summary_large_image","twitter_misc":{"\u00c9crit par":"admin","Dur\u00e9e de lecture estim\u00e9e":"2 minutes"},"schema":{"@context":"https:\/\/schema.org","@graph":[{"@type":"Article","@id":"https:\/\/challengeseconomiques.com\/?p=5376#article","isPartOf":{"@id":"https:\/\/challengeseconomiques.com\/?p=5376"},"author":{"name":"admin","@id":"https:\/\/challengeseconomiques.com\/#\/schema\/person\/b4568c9afebc5a9238a771873801e349"},"headline":"La Banque mondiale craint une baisse de la croissance de 3,6% \u00e0 2,5% en 2023","datePublished":"2023-10-05T13:36:34+00:00","dateModified":"2023-10-05T13:36:49+00:00","mainEntityOfPage":{"@id":"https:\/\/challengeseconomiques.com\/?p=5376"},"wordCount":348,"image":{"@id":"https:\/\/challengeseconomiques.com\/?p=5376#primaryimage"},"thumbnailUrl":"https:\/\/challengeseconomiques.com\/wp-content\/uploads\/2022\/10\/Banque-mondiale-siege-770x470-1.webp","articleSection":["Actualit\u00e9 \u00e9conomique","Infos \u00e9co"],"inLanguage":"fr-FR"},{"@type":"WebPage","@id":"https:\/\/challengeseconomiques.com\/?p=5376","url":"https:\/\/challengeseconomiques.com\/?p=5376","name":"La Banque mondiale craint une baisse de la croissance de 3,6% \u00e0 2,5% en 2023 - challenges economiques","isPartOf":{"@id":"https:\/\/challengeseconomiques.com\/#website"},"primaryImageOfPage":{"@id":"https:\/\/challengeseconomiques.com\/?p=5376#primaryimage"},"image":{"@id":"https:\/\/challengeseconomiques.com\/?p=5376#primaryimage"},"thumbnailUrl":"https:\/\/challengeseconomiques.com\/wp-content\/uploads\/2022\/10\/Banque-mondiale-siege-770x470-1.webp","datePublished":"2023-10-05T13:36:34+00:00","dateModified":"2023-10-05T13:36:49+00:00","author":{"@id":"https:\/\/challengeseconomiques.com\/#\/schema\/person\/b4568c9afebc5a9238a771873801e349"},"breadcrumb":{"@id":"https:\/\/challengeseconomiques.com\/?p=5376#breadcrumb"},"inLanguage":"fr-FR","potentialAction":[{"@type":"ReadAction","target":["https:\/\/challengeseconomiques.com\/?p=5376"]}]},{"@type":"ImageObject","inLanguage":"fr-FR","@id":"https:\/\/challengeseconomiques.com\/?p=5376#primaryimage","url":"https:\/\/challengeseconomiques.com\/wp-content\/uploads\/2022\/10\/Banque-mondiale-siege-770x470-1.webp","contentUrl":"https:\/\/challengeseconomiques.com\/wp-content\/uploads\/2022\/10\/Banque-mondiale-siege-770x470-1.webp","width":770,"height":470},{"@type":"BreadcrumbList","@id":"https:\/\/challengeseconomiques.com\/?p=5376#breadcrumb","itemListElement":[{"@type":"ListItem","position":1,"name":"Home","item":"https:\/\/challengeseconomiques.com\/"},{"@type":"ListItem","position":2,"name":"La Banque mondiale craint une baisse de la croissance de 3,6% \u00e0 2,5% en 2023"}]},{"@type":"WebSite","@id":"https:\/\/challengeseconomiques.com\/#website","url":"https:\/\/challengeseconomiques.com\/","name":"challenges economiques","description":"","potentialAction":[{"@type":"SearchAction","target":{"@type":"EntryPoint","urlTemplate":"https:\/\/challengeseconomiques.com\/?s={search_term_string}"},"query-input":{"@type":"PropertyValueSpecification","valueRequired":true,"valueName":"search_term_string"}}],"inLanguage":"fr-FR"},{"@type":"Person","@id":"https:\/\/challengeseconomiques.com\/#\/schema\/person\/b4568c9afebc5a9238a771873801e349","name":"admin","image":{"@type":"ImageObject","inLanguage":"fr-FR","@id":"https:\/\/challengeseconomiques.com\/#\/schema\/person\/image\/","url":"https:\/\/secure.gravatar.com\/avatar\/099e42240b5eea11acdb72751fcce0dd918603f0749d24974b7984ea47ed9fd9?s=96&d=mm&r=g","contentUrl":"https:\/\/secure.gravatar.com\/avatar\/099e42240b5eea11acdb72751fcce0dd918603f0749d24974b7984ea47ed9fd9?s=96&d=mm&r=g","caption":"admin"},"sameAs":["https:\/\/challengeseconomiques.com"],"url":"https:\/\/challengeseconomiques.com\/?author=1"}]}},"jetpack_featured_media_url":"https:\/\/challengeseconomiques.com\/wp-content\/uploads\/2022\/10\/Banque-mondiale-siege-770x470-1.webp","jetpack_sharing_enabled":true,"_links":{"self":[{"href":"https:\/\/challengeseconomiques.com\/index.php?rest_route=\/wp\/v2\/posts\/5376","targetHints":{"allow":["GET"]}}],"collection":[{"href":"https:\/\/challengeseconomiques.com\/index.php?rest_route=\/wp\/v2\/posts"}],"about":[{"href":"https:\/\/challengeseconomiques.com\/index.php?rest_route=\/wp\/v2\/types\/post"}],"author":[{"embeddable":true,"href":"https:\/\/challengeseconomiques.com\/index.php?rest_route=\/wp\/v2\/users\/1"}],"replies":[{"embeddable":true,"href":"https:\/\/challengeseconomiques.com\/index.php?rest_route=%2Fwp%2Fv2%2Fcomments&post=5376"}],"version-history":[{"count":1,"href":"https:\/\/challengeseconomiques.com\/index.php?rest_route=\/wp\/v2\/posts\/5376\/revisions"}],"predecessor-version":[{"id":5377,"href":"https:\/\/challengeseconomiques.com\/index.php?rest_route=\/wp\/v2\/posts\/5376\/revisions\/5377"}],"wp:featuredmedia":[{"embeddable":true,"href":"https:\/\/challengeseconomiques.com\/index.php?rest_route=\/wp\/v2\/media\/4086"}],"wp:attachment":[{"href":"https:\/\/challengeseconomiques.com\/index.php?rest_route=%2Fwp%2Fv2%2Fmedia&parent=5376"}],"wp:term":[{"taxonomy":"category","embeddable":true,"href":"https:\/\/challengeseconomiques.com\/index.php?rest_route=%2Fwp%2Fv2%2Fcategories&post=5376"},{"taxonomy":"post_tag","embeddable":true,"href":"https:\/\/challengeseconomiques.com\/index.php?rest_route=%2Fwp%2Fv2%2Ftags&post=5376"}],"curies":[{"name":"wp","href":"https:\/\/api.w.org\/{rel}","templated":true}]}}