{"id":5371,"date":"2023-10-04T19:00:59","date_gmt":"2023-10-04T19:00:59","guid":{"rendered":"https:\/\/challengeseconomiques.com\/?p=5371"},"modified":"2023-10-04T14:59:15","modified_gmt":"2023-10-04T14:59:15","slug":"la-bidc-annonce-un-financement-additionnel-de-15-milliards-fcfa-pour-lautoroute-dakar-st-louis","status":"publish","type":"post","link":"https:\/\/challengeseconomiques.com\/?p=5371","title":{"rendered":"La BIDC annonce un financement additionnel de 15 milliards FCFA pour l&rsquo;autoroute Dakar &#8211; St-Louis"},"content":{"rendered":"<p class=\"texte textearticle\"><strong>La BIDC, qui a d\u00e9j\u00e0 consacr\u00e9 pr\u00e8s de 50% de ses engagements \u00e0 des infrastructures dans la CEDEAO, apporte aussi un financement essentiel \u00e0 l&rsquo;autoroute Dakar &#8211; St-Louis au S\u00e9n\u00e9gal, un projet r\u00e9gional stimulant l&rsquo;int\u00e9gration et le commerce.<\/strong><\/p>\n<p class=\"texte textearticle\">Un an apr\u00e8s avoir engag\u00e9 60 milliards FCFA pour le tron\u00e7on Tivaouane-Mekhe (28 km) de l&rsquo;autoroute Dakar &#8211; Tivaouane &#8211; Saint-Louis au S\u00e9n\u00e9gal, le Conseil d&rsquo;administration de la BIDC a donn\u00e9 son aval hier 2 octobre 2023, pour une rallonge de 15 milliards FCFA.<\/p>\n<p class=\"texte textearticle\"><em>\u00ab\u00a0Sp\u00e9cifiquement, bien que le pr\u00eat ait \u00e9t\u00e9 contract\u00e9 par le gouvernement du S\u00e9n\u00e9gal, le projet a une implication r\u00e9gionale, renfor\u00e7ant l&rsquo;int\u00e9gration et boostant le commerce, car la route traversera le S\u00e9n\u00e9gal pour rejoindre la Mauritanie\u00a0\u00bb<\/em> a d\u00e9clar\u00e9 George Agyekum Donkor, pr\u00e9sident de la banque.<\/p>\n<p class=\"texte textearticle\">Le tron\u00e7on Tivaouane &#8211; Mekhe fait partie int\u00e9grante de La C\u00f4ti\u00e8re qui s&rsquo;\u00e9tend sur au moins 200 km. Il constitue un segment important de l&rsquo;autoroute Dakar &#8211; Rosso qui connecte le S\u00e9n\u00e9gal \u00e0 son voisin mauritanien, en traversant les r\u00e9gions septentrionales, greniers agricoles du pays notamment (riziculture) et zones au potentiel minier et touristique important.<\/p>\n<p class=\"texte textearticle\">Selon un rapport de la BAD, le projet devrait permettre de diminuer de 60% le temps de trajet vers ces grandes villes c\u00f4ti\u00e8res du nord, et de r\u00e9duire de 80% les co\u00fbts d&rsquo;exploitation des v\u00e9hicules. Au niveau r\u00e9gional, il s\u2019agit d\u2019un \u00e9l\u00e9ment cl\u00e9 du corridor transafricain N\u00b01, axe routier majeur qui devrait relier Le Caire \u00e0 Dakar, et faciliter la connectivit\u00e9 entre l&rsquo;Afrique de l&rsquo;Ouest et l\u2019Afrique du Nord.<\/p>\n<p class=\"texte textearticle\"><strong>Flop\u00e9e de bailleurs\u00a0<\/strong><\/p>\n<p class=\"texte textearticle\">D&rsquo;apr\u00e8s une \u00e9tude pr\u00e9liminaire de la BAD en 2019, le co\u00fbt global de cette infrastructure pivot du Plan S\u00e9n\u00e9gal \u00c9mergent est estim\u00e9 \u00e0 572 milliards FCFA. Selon la r\u00e9partition, le tron\u00e7on Dakar &#8211; Tivaouane n\u00e9cessitera 175 milliards FCFA, tandis que Tivaouane &#8211; Saint Louis prendra 347,03 milliards FCFA, avec un ajout de 50,12 milliards FCFA pour les \u00e9quipements de p\u00e9age.<\/p>\n<p class=\"texte textearticle\">Outre la BIDC, plusieurs institutions financi\u00e8res dont la BID, la BOAD et la BAD, la BADEA, le fonds OPEP, le fonds saoudien et le Kuwait fund for Arab economic development (KFAED) contribuent au financement, en plus des apports de l&rsquo;\u00c9tat s\u00e9n\u00e9galais.<\/p>\n<p class=\"texte textearticle\">Lors de sa visite \u00e0 Dakar en novembre 2021, un accord d&rsquo;investissement avait \u00e9t\u00e9 sign\u00e9 avec les autorit\u00e9s s\u00e9n\u00e9galaises devant le secr\u00e9taire d&rsquo;\u00c9tat am\u00e9ricain Antony Blinken, marquant la participation du groupe am\u00e9ricain d&rsquo;ing\u00e9nierie et de construction Bechtel au projet. Blinken avait affirm\u00e9 que ce projet offrirait <em>\u00ab\u00a0un acc\u00e8s am\u00e9lior\u00e9, plus s\u00fbr et plus rapide \u00e0 Saint-Louis, une r\u00e9gion en passe de devenir un carrefour des activit\u00e9s agricoles et de l&rsquo;industrie p\u00e9tro-gazi\u00e8re du S\u00e9n\u00e9gal\u00a0\u00bb<\/em>.<\/p>\n<p><strong>(Agence Ecofin) &#8211;<\/strong><\/p>\n","protected":false},"excerpt":{"rendered":"<p>La BIDC, qui a d\u00e9j\u00e0 consacr\u00e9 pr\u00e8s de 50% de ses engagements \u00e0 des infrastructures dans la CEDEAO, apporte aussi un financement essentiel \u00e0 l&rsquo;autoroute&#8230;<\/p>\n","protected":false},"author":1,"featured_media":5372,"comment_status":"closed","ping_status":"open","sticky":false,"template":"","format":"standard","meta":{"_jetpack_memberships_contains_paid_content":false,"footnotes":""},"categories":[8,10],"tags":[],"class_list":["post-5371","post","type-post","status-publish","format-standard","has-post-thumbnail","hentry","category-actualite-economique","category-infos-eco","wpcat-8-id","wpcat-10-id"],"yoast_head":"<!-- This site is optimized with the Yoast SEO plugin v27.1.1 - https:\/\/yoast.com\/product\/yoast-seo-wordpress\/ -->\n<title>La BIDC annonce un financement additionnel de 15 milliards FCFA pour l&#039;autoroute Dakar - St-Louis - challenges economiques<\/title>\n<meta name=\"robots\" content=\"index, follow, max-snippet:-1, max-image-preview:large, max-video-preview:-1\" \/>\n<link rel=\"canonical\" href=\"https:\/\/challengeseconomiques.com\/?p=5371\" \/>\n<meta property=\"og:locale\" content=\"fr_FR\" \/>\n<meta property=\"og:type\" content=\"article\" \/>\n<meta property=\"og:title\" content=\"La BIDC annonce un financement additionnel de 15 milliards FCFA pour l&#039;autoroute Dakar - St-Louis - challenges economiques\" \/>\n<meta property=\"og:description\" content=\"La BIDC, qui a d\u00e9j\u00e0 consacr\u00e9 pr\u00e8s de 50% de ses engagements \u00e0 des infrastructures dans la CEDEAO, apporte aussi un financement essentiel \u00e0 l&rsquo;autoroute...\" \/>\n<meta property=\"og:url\" content=\"https:\/\/challengeseconomiques.com\/?p=5371\" \/>\n<meta property=\"og:site_name\" content=\"challenges economiques\" \/>\n<meta property=\"article:published_time\" content=\"2023-10-04T19:00:59+00:00\" \/>\n<meta property=\"og:image\" content=\"https:\/\/challengeseconomiques.com\/wp-content\/uploads\/2023\/10\/dakar-saint-louis-.jpg\" \/>\n\t<meta property=\"og:image:width\" content=\"1000\" \/>\n\t<meta property=\"og:image:height\" content=\"664\" \/>\n\t<meta property=\"og:image:type\" content=\"image\/jpeg\" \/>\n<meta name=\"author\" content=\"admin\" \/>\n<meta name=\"twitter:card\" content=\"summary_large_image\" \/>\n<meta name=\"twitter:label1\" content=\"\u00c9crit par\" \/>\n\t<meta name=\"twitter:data1\" content=\"admin\" \/>\n\t<meta name=\"twitter:label2\" content=\"Dur\u00e9e de lecture estim\u00e9e\" \/>\n\t<meta name=\"twitter:data2\" content=\"2 minutes\" \/>\n<script type=\"application\/ld+json\" class=\"yoast-schema-graph\">{\"@context\":\"https:\/\/schema.org\",\"@graph\":[{\"@type\":\"Article\",\"@id\":\"https:\/\/challengeseconomiques.com\/?p=5371#article\",\"isPartOf\":{\"@id\":\"https:\/\/challengeseconomiques.com\/?p=5371\"},\"author\":{\"name\":\"admin\",\"@id\":\"https:\/\/challengeseconomiques.com\/#\/schema\/person\/b4568c9afebc5a9238a771873801e349\"},\"headline\":\"La BIDC annonce un financement additionnel de 15 milliards FCFA pour l&rsquo;autoroute Dakar &#8211; St-Louis\",\"datePublished\":\"2023-10-04T19:00:59+00:00\",\"mainEntityOfPage\":{\"@id\":\"https:\/\/challengeseconomiques.com\/?p=5371\"},\"wordCount\":505,\"image\":{\"@id\":\"https:\/\/challengeseconomiques.com\/?p=5371#primaryimage\"},\"thumbnailUrl\":\"https:\/\/challengeseconomiques.com\/wp-content\/uploads\/2023\/10\/dakar-saint-louis-.jpg\",\"articleSection\":[\"Actualit\u00e9 \u00e9conomique\",\"Infos \u00e9co\"],\"inLanguage\":\"fr-FR\"},{\"@type\":\"WebPage\",\"@id\":\"https:\/\/challengeseconomiques.com\/?p=5371\",\"url\":\"https:\/\/challengeseconomiques.com\/?p=5371\",\"name\":\"La BIDC annonce un financement additionnel de 15 milliards FCFA pour l'autoroute Dakar - St-Louis - challenges economiques\",\"isPartOf\":{\"@id\":\"https:\/\/challengeseconomiques.com\/#website\"},\"primaryImageOfPage\":{\"@id\":\"https:\/\/challengeseconomiques.com\/?p=5371#primaryimage\"},\"image\":{\"@id\":\"https:\/\/challengeseconomiques.com\/?p=5371#primaryimage\"},\"thumbnailUrl\":\"https:\/\/challengeseconomiques.com\/wp-content\/uploads\/2023\/10\/dakar-saint-louis-.jpg\",\"datePublished\":\"2023-10-04T19:00:59+00:00\",\"author\":{\"@id\":\"https:\/\/challengeseconomiques.com\/#\/schema\/person\/b4568c9afebc5a9238a771873801e349\"},\"breadcrumb\":{\"@id\":\"https:\/\/challengeseconomiques.com\/?p=5371#breadcrumb\"},\"inLanguage\":\"fr-FR\",\"potentialAction\":[{\"@type\":\"ReadAction\",\"target\":[\"https:\/\/challengeseconomiques.com\/?p=5371\"]}]},{\"@type\":\"ImageObject\",\"inLanguage\":\"fr-FR\",\"@id\":\"https:\/\/challengeseconomiques.com\/?p=5371#primaryimage\",\"url\":\"https:\/\/challengeseconomiques.com\/wp-content\/uploads\/2023\/10\/dakar-saint-louis-.jpg\",\"contentUrl\":\"https:\/\/challengeseconomiques.com\/wp-content\/uploads\/2023\/10\/dakar-saint-louis-.jpg\",\"width\":1000,\"height\":664},{\"@type\":\"BreadcrumbList\",\"@id\":\"https:\/\/challengeseconomiques.com\/?p=5371#breadcrumb\",\"itemListElement\":[{\"@type\":\"ListItem\",\"position\":1,\"name\":\"Home\",\"item\":\"https:\/\/challengeseconomiques.com\/\"},{\"@type\":\"ListItem\",\"position\":2,\"name\":\"La BIDC annonce un financement additionnel de 15 milliards FCFA pour l&rsquo;autoroute Dakar &#8211; St-Louis\"}]},{\"@type\":\"WebSite\",\"@id\":\"https:\/\/challengeseconomiques.com\/#website\",\"url\":\"https:\/\/challengeseconomiques.com\/\",\"name\":\"challenges economiques\",\"description\":\"\",\"potentialAction\":[{\"@type\":\"SearchAction\",\"target\":{\"@type\":\"EntryPoint\",\"urlTemplate\":\"https:\/\/challengeseconomiques.com\/?s={search_term_string}\"},\"query-input\":{\"@type\":\"PropertyValueSpecification\",\"valueRequired\":true,\"valueName\":\"search_term_string\"}}],\"inLanguage\":\"fr-FR\"},{\"@type\":\"Person\",\"@id\":\"https:\/\/challengeseconomiques.com\/#\/schema\/person\/b4568c9afebc5a9238a771873801e349\",\"name\":\"admin\",\"image\":{\"@type\":\"ImageObject\",\"inLanguage\":\"fr-FR\",\"@id\":\"https:\/\/challengeseconomiques.com\/#\/schema\/person\/image\/\",\"url\":\"https:\/\/secure.gravatar.com\/avatar\/099e42240b5eea11acdb72751fcce0dd918603f0749d24974b7984ea47ed9fd9?s=96&d=mm&r=g\",\"contentUrl\":\"https:\/\/secure.gravatar.com\/avatar\/099e42240b5eea11acdb72751fcce0dd918603f0749d24974b7984ea47ed9fd9?s=96&d=mm&r=g\",\"caption\":\"admin\"},\"sameAs\":[\"https:\/\/challengeseconomiques.com\"],\"url\":\"https:\/\/challengeseconomiques.com\/?author=1\"}]}<\/script>\n<!-- \/ Yoast SEO plugin. -->","yoast_head_json":{"title":"La BIDC annonce un financement additionnel de 15 milliards FCFA pour l'autoroute Dakar - St-Louis - challenges economiques","robots":{"index":"index","follow":"follow","max-snippet":"max-snippet:-1","max-image-preview":"max-image-preview:large","max-video-preview":"max-video-preview:-1"},"canonical":"https:\/\/challengeseconomiques.com\/?p=5371","og_locale":"fr_FR","og_type":"article","og_title":"La BIDC annonce un financement additionnel de 15 milliards FCFA pour l'autoroute Dakar - St-Louis - challenges economiques","og_description":"La BIDC, qui a d\u00e9j\u00e0 consacr\u00e9 pr\u00e8s de 50% de ses engagements \u00e0 des infrastructures dans la CEDEAO, apporte aussi un financement essentiel \u00e0 l&rsquo;autoroute...","og_url":"https:\/\/challengeseconomiques.com\/?p=5371","og_site_name":"challenges economiques","article_published_time":"2023-10-04T19:00:59+00:00","og_image":[{"width":1000,"height":664,"url":"https:\/\/challengeseconomiques.com\/wp-content\/uploads\/2023\/10\/dakar-saint-louis-.jpg","type":"image\/jpeg"}],"author":"admin","twitter_card":"summary_large_image","twitter_misc":{"\u00c9crit par":"admin","Dur\u00e9e de lecture estim\u00e9e":"2 minutes"},"schema":{"@context":"https:\/\/schema.org","@graph":[{"@type":"Article","@id":"https:\/\/challengeseconomiques.com\/?p=5371#article","isPartOf":{"@id":"https:\/\/challengeseconomiques.com\/?p=5371"},"author":{"name":"admin","@id":"https:\/\/challengeseconomiques.com\/#\/schema\/person\/b4568c9afebc5a9238a771873801e349"},"headline":"La BIDC annonce un financement additionnel de 15 milliards FCFA pour l&rsquo;autoroute Dakar &#8211; St-Louis","datePublished":"2023-10-04T19:00:59+00:00","mainEntityOfPage":{"@id":"https:\/\/challengeseconomiques.com\/?p=5371"},"wordCount":505,"image":{"@id":"https:\/\/challengeseconomiques.com\/?p=5371#primaryimage"},"thumbnailUrl":"https:\/\/challengeseconomiques.com\/wp-content\/uploads\/2023\/10\/dakar-saint-louis-.jpg","articleSection":["Actualit\u00e9 \u00e9conomique","Infos \u00e9co"],"inLanguage":"fr-FR"},{"@type":"WebPage","@id":"https:\/\/challengeseconomiques.com\/?p=5371","url":"https:\/\/challengeseconomiques.com\/?p=5371","name":"La BIDC annonce un financement additionnel de 15 milliards FCFA pour l'autoroute Dakar - St-Louis - challenges economiques","isPartOf":{"@id":"https:\/\/challengeseconomiques.com\/#website"},"primaryImageOfPage":{"@id":"https:\/\/challengeseconomiques.com\/?p=5371#primaryimage"},"image":{"@id":"https:\/\/challengeseconomiques.com\/?p=5371#primaryimage"},"thumbnailUrl":"https:\/\/challengeseconomiques.com\/wp-content\/uploads\/2023\/10\/dakar-saint-louis-.jpg","datePublished":"2023-10-04T19:00:59+00:00","author":{"@id":"https:\/\/challengeseconomiques.com\/#\/schema\/person\/b4568c9afebc5a9238a771873801e349"},"breadcrumb":{"@id":"https:\/\/challengeseconomiques.com\/?p=5371#breadcrumb"},"inLanguage":"fr-FR","potentialAction":[{"@type":"ReadAction","target":["https:\/\/challengeseconomiques.com\/?p=5371"]}]},{"@type":"ImageObject","inLanguage":"fr-FR","@id":"https:\/\/challengeseconomiques.com\/?p=5371#primaryimage","url":"https:\/\/challengeseconomiques.com\/wp-content\/uploads\/2023\/10\/dakar-saint-louis-.jpg","contentUrl":"https:\/\/challengeseconomiques.com\/wp-content\/uploads\/2023\/10\/dakar-saint-louis-.jpg","width":1000,"height":664},{"@type":"BreadcrumbList","@id":"https:\/\/challengeseconomiques.com\/?p=5371#breadcrumb","itemListElement":[{"@type":"ListItem","position":1,"name":"Home","item":"https:\/\/challengeseconomiques.com\/"},{"@type":"ListItem","position":2,"name":"La BIDC annonce un financement additionnel de 15 milliards FCFA pour l&rsquo;autoroute Dakar &#8211; St-Louis"}]},{"@type":"WebSite","@id":"https:\/\/challengeseconomiques.com\/#website","url":"https:\/\/challengeseconomiques.com\/","name":"challenges economiques","description":"","potentialAction":[{"@type":"SearchAction","target":{"@type":"EntryPoint","urlTemplate":"https:\/\/challengeseconomiques.com\/?s={search_term_string}"},"query-input":{"@type":"PropertyValueSpecification","valueRequired":true,"valueName":"search_term_string"}}],"inLanguage":"fr-FR"},{"@type":"Person","@id":"https:\/\/challengeseconomiques.com\/#\/schema\/person\/b4568c9afebc5a9238a771873801e349","name":"admin","image":{"@type":"ImageObject","inLanguage":"fr-FR","@id":"https:\/\/challengeseconomiques.com\/#\/schema\/person\/image\/","url":"https:\/\/secure.gravatar.com\/avatar\/099e42240b5eea11acdb72751fcce0dd918603f0749d24974b7984ea47ed9fd9?s=96&d=mm&r=g","contentUrl":"https:\/\/secure.gravatar.com\/avatar\/099e42240b5eea11acdb72751fcce0dd918603f0749d24974b7984ea47ed9fd9?s=96&d=mm&r=g","caption":"admin"},"sameAs":["https:\/\/challengeseconomiques.com"],"url":"https:\/\/challengeseconomiques.com\/?author=1"}]}},"jetpack_featured_media_url":"https:\/\/challengeseconomiques.com\/wp-content\/uploads\/2023\/10\/dakar-saint-louis-.jpg","jetpack_sharing_enabled":true,"_links":{"self":[{"href":"https:\/\/challengeseconomiques.com\/index.php?rest_route=\/wp\/v2\/posts\/5371","targetHints":{"allow":["GET"]}}],"collection":[{"href":"https:\/\/challengeseconomiques.com\/index.php?rest_route=\/wp\/v2\/posts"}],"about":[{"href":"https:\/\/challengeseconomiques.com\/index.php?rest_route=\/wp\/v2\/types\/post"}],"author":[{"embeddable":true,"href":"https:\/\/challengeseconomiques.com\/index.php?rest_route=\/wp\/v2\/users\/1"}],"replies":[{"embeddable":true,"href":"https:\/\/challengeseconomiques.com\/index.php?rest_route=%2Fwp%2Fv2%2Fcomments&post=5371"}],"version-history":[{"count":1,"href":"https:\/\/challengeseconomiques.com\/index.php?rest_route=\/wp\/v2\/posts\/5371\/revisions"}],"predecessor-version":[{"id":5373,"href":"https:\/\/challengeseconomiques.com\/index.php?rest_route=\/wp\/v2\/posts\/5371\/revisions\/5373"}],"wp:featuredmedia":[{"embeddable":true,"href":"https:\/\/challengeseconomiques.com\/index.php?rest_route=\/wp\/v2\/media\/5372"}],"wp:attachment":[{"href":"https:\/\/challengeseconomiques.com\/index.php?rest_route=%2Fwp%2Fv2%2Fmedia&parent=5371"}],"wp:term":[{"taxonomy":"category","embeddable":true,"href":"https:\/\/challengeseconomiques.com\/index.php?rest_route=%2Fwp%2Fv2%2Fcategories&post=5371"},{"taxonomy":"post_tag","embeddable":true,"href":"https:\/\/challengeseconomiques.com\/index.php?rest_route=%2Fwp%2Fv2%2Ftags&post=5371"}],"curies":[{"name":"wp","href":"https:\/\/api.w.org\/{rel}","templated":true}]}}