{"id":5368,"date":"2023-10-04T17:00:42","date_gmt":"2023-10-04T17:00:42","guid":{"rendered":"https:\/\/challengeseconomiques.com\/?p=5368"},"modified":"2023-10-04T14:52:21","modified_gmt":"2023-10-04T14:52:21","slug":"le-senegal-dediera-16-million-pour-la-campagne-nationale-de-vaccination-du-cheptel-en-2023-2024","status":"publish","type":"post","link":"https:\/\/challengeseconomiques.com\/?p=5368","title":{"rendered":"Le S\u00e9n\u00e9gal d\u00e9diera 1,6 million $ pour la campagne nationale de vaccination du cheptel en 2023\/2024"},"content":{"rendered":"<p class=\"texte textearticle\"><strong>Au S\u00e9n\u00e9gal, l\u2019\u00e9levage compte pour moins de 5\u00a0% du PIB, mais occupe pr\u00e8s de la moiti\u00e9 de la population rurale. Dans le pays, les campagnes nationales de vaccination sont organis\u00e9es depuis plusieurs ann\u00e9es en vue d\u2019assurer la protection sanitaire du cheptel. <\/strong><\/p>\n<p class=\"texte textearticle\">Au S\u00e9n\u00e9gal, le Programme de renforcement de la protection zoosanitaire a \u00e9t\u00e9 dot\u00e9 d\u2019un budget de 1 milliard de Fcfa (1,6 million\u00a0$) pour financer la nouvelle campagne de vaccination du cheptel qui a d\u00e9marr\u00e9 le 23 septembre dernier.<\/p>\n<p class=\"texte textearticle\">Selon les informations relay\u00e9es par le m\u00e9dia local <em>le Quotidien<\/em>, l\u2019objectif affich\u00e9 par les autorit\u00e9s est de vacciner un total de 10,2 millions de t\u00eates d\u2019animaux contre un effectif de 7,6 millions durant l\u2019ann\u00e9e pr\u00e9c\u00e9dente. Dans les d\u00e9tails, les interventions ciblent 5,3 millions d\u2019ovins et caprins, 2,3 millions de bovins, 300\u2009000 \u00e9quins et 2,3 millions de volailles de souche locale.<\/p>\n<p class=\"texte textearticle\">D\u2019apr\u00e8s Amadou Ba, ministre de l\u2019Elevage et des Productions animales, la campagne concernera 5 maladies prioritaires \u00e0 savoir la peste des petits ruminants, la p\u00e9ripneumonie contagieuse bovine, la dermatose nodulaire contagieuse bovine, la peste \u00e9quine et la maladie de Newcastle qui affecte la volaille.<\/p>\n<p class=\"texte textearticle\"><em>\u00ab\u2009Pour accompagner notre strat\u00e9gie de lutte contre la peste des petits ruminants, le Projet d\u2019appui au contr\u00f4le et \u00e0 l\u2019\u00e9radication de la maladie, financ\u00e9 par la coop\u00e9ration suisse et pilot\u00e9 par le Centre r\u00e9gional de sant\u00e9 animale de la CEDEAO, a mis \u00e0 la disposition du minist\u00e8re de l\u2019\u00c9levage, un lot de vaccins, d\u2019\u00e9quipements divers, de m\u00e9dicaments v\u00e9t\u00e9rinaires et de consommables\u2009\u00bb<\/em>, souligne le responsable.<\/p>\n<p class=\"texte textearticle\">Au S\u00e9n\u00e9gal, la taille du cheptel national s\u2019\u00e9levait \u00e0 plus de 98 millions de t\u00eates d\u2019animaux, selon les donn\u00e9es de l\u2019Agence nationale de la statistique et de la d\u00e9mographie (ANSD) datant de 2019. La volaille arrive en t\u00eate du classement comptant pour environs 80\u00a0% de cet effectif devant les ovins, les caprins et les bovins.<\/p>\n<p><strong>(Agence Ecofin) <\/strong><\/p>\n","protected":false},"excerpt":{"rendered":"<p>Au S\u00e9n\u00e9gal, l\u2019\u00e9levage compte pour moins de 5\u00a0% du PIB, mais occupe pr\u00e8s de la moiti\u00e9 de la population rurale. Dans le pays, les campagnes&#8230;<\/p>\n","protected":false},"author":1,"featured_media":5369,"comment_status":"closed","ping_status":"open","sticky":false,"template":"","format":"standard","meta":{"_jetpack_memberships_contains_paid_content":false,"footnotes":""},"categories":[23,8,10],"tags":[],"class_list":["post-5368","post","type-post","status-publish","format-standard","has-post-thumbnail","hentry","category-a-la-une","category-actualite-economique","category-infos-eco","wpcat-23-id","wpcat-8-id","wpcat-10-id"],"yoast_head":"<!-- This site is optimized with the Yoast SEO plugin v27.1.1 - https:\/\/yoast.com\/product\/yoast-seo-wordpress\/ -->\n<title>Le S\u00e9n\u00e9gal d\u00e9diera 1,6 million $ pour la campagne nationale de vaccination du cheptel en 2023\/2024 - challenges economiques<\/title>\n<meta name=\"robots\" content=\"index, follow, max-snippet:-1, max-image-preview:large, max-video-preview:-1\" \/>\n<link rel=\"canonical\" href=\"https:\/\/challengeseconomiques.com\/?p=5368\" \/>\n<meta property=\"og:locale\" content=\"fr_FR\" \/>\n<meta property=\"og:type\" content=\"article\" \/>\n<meta property=\"og:title\" content=\"Le S\u00e9n\u00e9gal d\u00e9diera 1,6 million $ pour la campagne nationale de vaccination du cheptel en 2023\/2024 - challenges economiques\" \/>\n<meta property=\"og:description\" content=\"Au S\u00e9n\u00e9gal, l\u2019\u00e9levage compte pour moins de 5\u00a0% du PIB, mais occupe pr\u00e8s de la moiti\u00e9 de la population rurale. Dans le pays, les campagnes...\" \/>\n<meta property=\"og:url\" content=\"https:\/\/challengeseconomiques.com\/?p=5368\" \/>\n<meta property=\"og:site_name\" content=\"challenges economiques\" \/>\n<meta property=\"article:published_time\" content=\"2023-10-04T17:00:42+00:00\" \/>\n<meta property=\"og:image\" content=\"https:\/\/challengeseconomiques.com\/wp-content\/uploads\/2023\/10\/betailvaccination.jpg.webp\" \/>\n\t<meta property=\"og:image:width\" content=\"730\" \/>\n\t<meta property=\"og:image:height\" content=\"410\" \/>\n\t<meta property=\"og:image:type\" content=\"image\/webp\" \/>\n<meta name=\"author\" content=\"admin\" \/>\n<meta name=\"twitter:card\" content=\"summary_large_image\" \/>\n<meta name=\"twitter:label1\" content=\"\u00c9crit par\" \/>\n\t<meta name=\"twitter:data1\" content=\"admin\" \/>\n\t<meta name=\"twitter:label2\" content=\"Dur\u00e9e de lecture estim\u00e9e\" \/>\n\t<meta name=\"twitter:data2\" content=\"2 minutes\" \/>\n<script type=\"application\/ld+json\" class=\"yoast-schema-graph\">{\"@context\":\"https:\/\/schema.org\",\"@graph\":[{\"@type\":\"Article\",\"@id\":\"https:\/\/challengeseconomiques.com\/?p=5368#article\",\"isPartOf\":{\"@id\":\"https:\/\/challengeseconomiques.com\/?p=5368\"},\"author\":{\"name\":\"admin\",\"@id\":\"https:\/\/challengeseconomiques.com\/#\/schema\/person\/b4568c9afebc5a9238a771873801e349\"},\"headline\":\"Le S\u00e9n\u00e9gal d\u00e9diera 1,6 million $ pour la campagne nationale de vaccination du cheptel en 2023\/2024\",\"datePublished\":\"2023-10-04T17:00:42+00:00\",\"mainEntityOfPage\":{\"@id\":\"https:\/\/challengeseconomiques.com\/?p=5368\"},\"wordCount\":350,\"image\":{\"@id\":\"https:\/\/challengeseconomiques.com\/?p=5368#primaryimage\"},\"thumbnailUrl\":\"https:\/\/challengeseconomiques.com\/wp-content\/uploads\/2023\/10\/betailvaccination.jpg.webp\",\"articleSection\":[\"A la une\",\"Actualit\u00e9 \u00e9conomique\",\"Infos \u00e9co\"],\"inLanguage\":\"fr-FR\"},{\"@type\":\"WebPage\",\"@id\":\"https:\/\/challengeseconomiques.com\/?p=5368\",\"url\":\"https:\/\/challengeseconomiques.com\/?p=5368\",\"name\":\"Le S\u00e9n\u00e9gal d\u00e9diera 1,6 million $ pour la campagne nationale de vaccination du cheptel en 2023\/2024 - challenges economiques\",\"isPartOf\":{\"@id\":\"https:\/\/challengeseconomiques.com\/#website\"},\"primaryImageOfPage\":{\"@id\":\"https:\/\/challengeseconomiques.com\/?p=5368#primaryimage\"},\"image\":{\"@id\":\"https:\/\/challengeseconomiques.com\/?p=5368#primaryimage\"},\"thumbnailUrl\":\"https:\/\/challengeseconomiques.com\/wp-content\/uploads\/2023\/10\/betailvaccination.jpg.webp\",\"datePublished\":\"2023-10-04T17:00:42+00:00\",\"author\":{\"@id\":\"https:\/\/challengeseconomiques.com\/#\/schema\/person\/b4568c9afebc5a9238a771873801e349\"},\"breadcrumb\":{\"@id\":\"https:\/\/challengeseconomiques.com\/?p=5368#breadcrumb\"},\"inLanguage\":\"fr-FR\",\"potentialAction\":[{\"@type\":\"ReadAction\",\"target\":[\"https:\/\/challengeseconomiques.com\/?p=5368\"]}]},{\"@type\":\"ImageObject\",\"inLanguage\":\"fr-FR\",\"@id\":\"https:\/\/challengeseconomiques.com\/?p=5368#primaryimage\",\"url\":\"https:\/\/challengeseconomiques.com\/wp-content\/uploads\/2023\/10\/betailvaccination.jpg.webp\",\"contentUrl\":\"https:\/\/challengeseconomiques.com\/wp-content\/uploads\/2023\/10\/betailvaccination.jpg.webp\",\"width\":730,\"height\":410},{\"@type\":\"BreadcrumbList\",\"@id\":\"https:\/\/challengeseconomiques.com\/?p=5368#breadcrumb\",\"itemListElement\":[{\"@type\":\"ListItem\",\"position\":1,\"name\":\"Home\",\"item\":\"https:\/\/challengeseconomiques.com\/\"},{\"@type\":\"ListItem\",\"position\":2,\"name\":\"Le S\u00e9n\u00e9gal d\u00e9diera 1,6 million $ pour la campagne nationale de vaccination du cheptel en 2023\/2024\"}]},{\"@type\":\"WebSite\",\"@id\":\"https:\/\/challengeseconomiques.com\/#website\",\"url\":\"https:\/\/challengeseconomiques.com\/\",\"name\":\"challenges economiques\",\"description\":\"\",\"potentialAction\":[{\"@type\":\"SearchAction\",\"target\":{\"@type\":\"EntryPoint\",\"urlTemplate\":\"https:\/\/challengeseconomiques.com\/?s={search_term_string}\"},\"query-input\":{\"@type\":\"PropertyValueSpecification\",\"valueRequired\":true,\"valueName\":\"search_term_string\"}}],\"inLanguage\":\"fr-FR\"},{\"@type\":\"Person\",\"@id\":\"https:\/\/challengeseconomiques.com\/#\/schema\/person\/b4568c9afebc5a9238a771873801e349\",\"name\":\"admin\",\"image\":{\"@type\":\"ImageObject\",\"inLanguage\":\"fr-FR\",\"@id\":\"https:\/\/challengeseconomiques.com\/#\/schema\/person\/image\/\",\"url\":\"https:\/\/secure.gravatar.com\/avatar\/099e42240b5eea11acdb72751fcce0dd918603f0749d24974b7984ea47ed9fd9?s=96&d=mm&r=g\",\"contentUrl\":\"https:\/\/secure.gravatar.com\/avatar\/099e42240b5eea11acdb72751fcce0dd918603f0749d24974b7984ea47ed9fd9?s=96&d=mm&r=g\",\"caption\":\"admin\"},\"sameAs\":[\"https:\/\/challengeseconomiques.com\"],\"url\":\"https:\/\/challengeseconomiques.com\/?author=1\"}]}<\/script>\n<!-- \/ Yoast SEO plugin. -->","yoast_head_json":{"title":"Le S\u00e9n\u00e9gal d\u00e9diera 1,6 million $ pour la campagne nationale de vaccination du cheptel en 2023\/2024 - challenges economiques","robots":{"index":"index","follow":"follow","max-snippet":"max-snippet:-1","max-image-preview":"max-image-preview:large","max-video-preview":"max-video-preview:-1"},"canonical":"https:\/\/challengeseconomiques.com\/?p=5368","og_locale":"fr_FR","og_type":"article","og_title":"Le S\u00e9n\u00e9gal d\u00e9diera 1,6 million $ pour la campagne nationale de vaccination du cheptel en 2023\/2024 - challenges economiques","og_description":"Au S\u00e9n\u00e9gal, l\u2019\u00e9levage compte pour moins de 5\u00a0% du PIB, mais occupe pr\u00e8s de la moiti\u00e9 de la population rurale. Dans le pays, les campagnes...","og_url":"https:\/\/challengeseconomiques.com\/?p=5368","og_site_name":"challenges economiques","article_published_time":"2023-10-04T17:00:42+00:00","og_image":[{"width":730,"height":410,"url":"https:\/\/challengeseconomiques.com\/wp-content\/uploads\/2023\/10\/betailvaccination.jpg.webp","type":"image\/webp"}],"author":"admin","twitter_card":"summary_large_image","twitter_misc":{"\u00c9crit par":"admin","Dur\u00e9e de lecture estim\u00e9e":"2 minutes"},"schema":{"@context":"https:\/\/schema.org","@graph":[{"@type":"Article","@id":"https:\/\/challengeseconomiques.com\/?p=5368#article","isPartOf":{"@id":"https:\/\/challengeseconomiques.com\/?p=5368"},"author":{"name":"admin","@id":"https:\/\/challengeseconomiques.com\/#\/schema\/person\/b4568c9afebc5a9238a771873801e349"},"headline":"Le S\u00e9n\u00e9gal d\u00e9diera 1,6 million $ pour la campagne nationale de vaccination du cheptel en 2023\/2024","datePublished":"2023-10-04T17:00:42+00:00","mainEntityOfPage":{"@id":"https:\/\/challengeseconomiques.com\/?p=5368"},"wordCount":350,"image":{"@id":"https:\/\/challengeseconomiques.com\/?p=5368#primaryimage"},"thumbnailUrl":"https:\/\/challengeseconomiques.com\/wp-content\/uploads\/2023\/10\/betailvaccination.jpg.webp","articleSection":["A la une","Actualit\u00e9 \u00e9conomique","Infos \u00e9co"],"inLanguage":"fr-FR"},{"@type":"WebPage","@id":"https:\/\/challengeseconomiques.com\/?p=5368","url":"https:\/\/challengeseconomiques.com\/?p=5368","name":"Le S\u00e9n\u00e9gal d\u00e9diera 1,6 million $ pour la campagne nationale de vaccination du cheptel en 2023\/2024 - challenges economiques","isPartOf":{"@id":"https:\/\/challengeseconomiques.com\/#website"},"primaryImageOfPage":{"@id":"https:\/\/challengeseconomiques.com\/?p=5368#primaryimage"},"image":{"@id":"https:\/\/challengeseconomiques.com\/?p=5368#primaryimage"},"thumbnailUrl":"https:\/\/challengeseconomiques.com\/wp-content\/uploads\/2023\/10\/betailvaccination.jpg.webp","datePublished":"2023-10-04T17:00:42+00:00","author":{"@id":"https:\/\/challengeseconomiques.com\/#\/schema\/person\/b4568c9afebc5a9238a771873801e349"},"breadcrumb":{"@id":"https:\/\/challengeseconomiques.com\/?p=5368#breadcrumb"},"inLanguage":"fr-FR","potentialAction":[{"@type":"ReadAction","target":["https:\/\/challengeseconomiques.com\/?p=5368"]}]},{"@type":"ImageObject","inLanguage":"fr-FR","@id":"https:\/\/challengeseconomiques.com\/?p=5368#primaryimage","url":"https:\/\/challengeseconomiques.com\/wp-content\/uploads\/2023\/10\/betailvaccination.jpg.webp","contentUrl":"https:\/\/challengeseconomiques.com\/wp-content\/uploads\/2023\/10\/betailvaccination.jpg.webp","width":730,"height":410},{"@type":"BreadcrumbList","@id":"https:\/\/challengeseconomiques.com\/?p=5368#breadcrumb","itemListElement":[{"@type":"ListItem","position":1,"name":"Home","item":"https:\/\/challengeseconomiques.com\/"},{"@type":"ListItem","position":2,"name":"Le S\u00e9n\u00e9gal d\u00e9diera 1,6 million $ pour la campagne nationale de vaccination du cheptel en 2023\/2024"}]},{"@type":"WebSite","@id":"https:\/\/challengeseconomiques.com\/#website","url":"https:\/\/challengeseconomiques.com\/","name":"challenges economiques","description":"","potentialAction":[{"@type":"SearchAction","target":{"@type":"EntryPoint","urlTemplate":"https:\/\/challengeseconomiques.com\/?s={search_term_string}"},"query-input":{"@type":"PropertyValueSpecification","valueRequired":true,"valueName":"search_term_string"}}],"inLanguage":"fr-FR"},{"@type":"Person","@id":"https:\/\/challengeseconomiques.com\/#\/schema\/person\/b4568c9afebc5a9238a771873801e349","name":"admin","image":{"@type":"ImageObject","inLanguage":"fr-FR","@id":"https:\/\/challengeseconomiques.com\/#\/schema\/person\/image\/","url":"https:\/\/secure.gravatar.com\/avatar\/099e42240b5eea11acdb72751fcce0dd918603f0749d24974b7984ea47ed9fd9?s=96&d=mm&r=g","contentUrl":"https:\/\/secure.gravatar.com\/avatar\/099e42240b5eea11acdb72751fcce0dd918603f0749d24974b7984ea47ed9fd9?s=96&d=mm&r=g","caption":"admin"},"sameAs":["https:\/\/challengeseconomiques.com"],"url":"https:\/\/challengeseconomiques.com\/?author=1"}]}},"jetpack_featured_media_url":"https:\/\/challengeseconomiques.com\/wp-content\/uploads\/2023\/10\/betailvaccination.jpg.webp","jetpack_sharing_enabled":true,"_links":{"self":[{"href":"https:\/\/challengeseconomiques.com\/index.php?rest_route=\/wp\/v2\/posts\/5368","targetHints":{"allow":["GET"]}}],"collection":[{"href":"https:\/\/challengeseconomiques.com\/index.php?rest_route=\/wp\/v2\/posts"}],"about":[{"href":"https:\/\/challengeseconomiques.com\/index.php?rest_route=\/wp\/v2\/types\/post"}],"author":[{"embeddable":true,"href":"https:\/\/challengeseconomiques.com\/index.php?rest_route=\/wp\/v2\/users\/1"}],"replies":[{"embeddable":true,"href":"https:\/\/challengeseconomiques.com\/index.php?rest_route=%2Fwp%2Fv2%2Fcomments&post=5368"}],"version-history":[{"count":1,"href":"https:\/\/challengeseconomiques.com\/index.php?rest_route=\/wp\/v2\/posts\/5368\/revisions"}],"predecessor-version":[{"id":5370,"href":"https:\/\/challengeseconomiques.com\/index.php?rest_route=\/wp\/v2\/posts\/5368\/revisions\/5370"}],"wp:featuredmedia":[{"embeddable":true,"href":"https:\/\/challengeseconomiques.com\/index.php?rest_route=\/wp\/v2\/media\/5369"}],"wp:attachment":[{"href":"https:\/\/challengeseconomiques.com\/index.php?rest_route=%2Fwp%2Fv2%2Fmedia&parent=5368"}],"wp:term":[{"taxonomy":"category","embeddable":true,"href":"https:\/\/challengeseconomiques.com\/index.php?rest_route=%2Fwp%2Fv2%2Fcategories&post=5368"},{"taxonomy":"post_tag","embeddable":true,"href":"https:\/\/challengeseconomiques.com\/index.php?rest_route=%2Fwp%2Fv2%2Ftags&post=5368"}],"curies":[{"name":"wp","href":"https:\/\/api.w.org\/{rel}","templated":true}]}}