{"id":5360,"date":"2023-10-04T12:09:44","date_gmt":"2023-10-04T12:09:44","guid":{"rendered":"https:\/\/challengeseconomiques.com\/?p=5360"},"modified":"2023-10-04T12:10:01","modified_gmt":"2023-10-04T12:10:01","slug":"contribution-cap-senegal-decongestionner-le-port-pour-le-rendre-plus-competitif","status":"publish","type":"post","link":"https:\/\/challengeseconomiques.com\/?p=5360","title":{"rendered":"Contribution CAP-S\u00e9n\u00e9gal : D\u00e9congestionner le Port pour le rendre plus comp\u00e9titif"},"content":{"rendered":"<p><strong>La Communaut\u00e9 des Acteurs Portuaires du S\u00e9n\u00e9gal (CAP-S\u00e9n\u00e9gal) a produit une contribution sur la congestion du Port Autonome de Dakar (PAD). L\u2019organisation professionnelle a, dans un premier temps, \u00e9num\u00e9r\u00e9 les difficult\u00e9s d\u00e9coulant de la congestion. Le pr\u00e9sident de CAP-S\u00e9n\u00e9gal, Baba Tall et ses collaborateurs ont, dans un second temps, \u00e9mis des propositions visant \u00e0 rendre le Port plus comp\u00e9titif. <\/strong><\/p>\n<p><strong><em><br \/>\n<\/em><\/strong>Entre autres probl\u00e8mes li\u00e9s \u00e0 la congestion du PAD, CAP-S\u00e9n\u00e9gal pointe du doigt les retards dans le d\u00e9chargement des cargaisons, les co\u00fbts suppl\u00e9mentaires pour les entreprises et les perturbations dans les cha\u00eenes d\u2019approvisionnement.<br \/>\nLa congestion du Terminal \u00e0 Conteneurs (TAC) au sein du Port bloque les activit\u00e9s de transit. Ceci se r\u00e9percute sur l\u2019\u00e9conomie nationale.<br \/>\nSelon CAP-S\u00e9n\u00e9gal, la manifestation la plus remarquable du ph\u00e9nom\u00e8ne \u00a0est la recrudescence des effectifs de conteneurs vides ou pleins au niveau du TAC de DP-World. Ceci emp\u00eache les bateaux de d\u00e9charger leurs cargaisons.<\/p>\n<p><strong>La concertation des acteurs<\/strong><\/p>\n<p>Ainsi, CAP-S\u00e9n\u00e9gal propose le lancement urgent d\u2019une \u00e9tude sur le flux important de camions dans l\u2019enceinte du port et sur les proc\u00e9dures d\u2019enl\u00e8vements des conteneurs. Sur le long terme, la structure pr\u00e9conise 6 axes strat\u00e9giques. Ceux-ci sont les investissements dans les infrastructures, l\u2019implantation de portiques au TAC, la planification strat\u00e9gique, l\u2019am\u00e9lioration des proc\u00e9dures douani\u00e8res, l\u2019instauration d\u2019un guichet unique portuaire et la collaboration entre les acteurs portuaires.<br \/>\nEn outre, CAP-S\u00e9n\u00e9gal invite l\u2019Autorit\u00e9 portuaire \u00e0 se concerter de mani\u00e8re urgente avec les acteurs et op\u00e9rateurs portuaires\u00a0 pour d\u00e9congestionner le port et am\u00e9liorer sa comp\u00e9titivit\u00e9.<br \/>\nPar ailleurs, Baba Tall et ses collaborateurs saluent les efforts consentis par la Direction g\u00e9n\u00e9rale du PAD avec le stockage des conteneurs \u00e0 Dougar et \u00e0 Diamniadio, comme solution provisoire.<\/p>\n<p><strong>BIE<\/strong><\/p>\n","protected":false},"excerpt":{"rendered":"<p>La Communaut\u00e9 des Acteurs Portuaires du S\u00e9n\u00e9gal (CAP-S\u00e9n\u00e9gal) a produit une contribution sur la congestion du Port Autonome de Dakar (PAD). L\u2019organisation professionnelle a, dans&#8230;<\/p>\n","protected":false},"author":1,"featured_media":5361,"comment_status":"closed","ping_status":"open","sticky":false,"template":"","format":"standard","meta":{"_jetpack_memberships_contains_paid_content":false,"footnotes":""},"categories":[23,8],"tags":[],"class_list":["post-5360","post","type-post","status-publish","format-standard","has-post-thumbnail","hentry","category-a-la-une","category-actualite-economique","wpcat-23-id","wpcat-8-id"],"yoast_head":"<!-- This site is optimized with the Yoast SEO plugin v27.1.1 - https:\/\/yoast.com\/product\/yoast-seo-wordpress\/ -->\n<title>Contribution CAP-S\u00e9n\u00e9gal : D\u00e9congestionner le Port pour le rendre plus comp\u00e9titif - challenges economiques<\/title>\n<meta name=\"robots\" content=\"index, follow, max-snippet:-1, max-image-preview:large, max-video-preview:-1\" \/>\n<link rel=\"canonical\" href=\"https:\/\/challengeseconomiques.com\/?p=5360\" \/>\n<meta property=\"og:locale\" content=\"fr_FR\" \/>\n<meta property=\"og:type\" content=\"article\" \/>\n<meta property=\"og:title\" content=\"Contribution CAP-S\u00e9n\u00e9gal : D\u00e9congestionner le Port pour le rendre plus comp\u00e9titif - challenges economiques\" \/>\n<meta property=\"og:description\" content=\"La Communaut\u00e9 des Acteurs Portuaires du S\u00e9n\u00e9gal (CAP-S\u00e9n\u00e9gal) a produit une contribution sur la congestion du Port Autonome de Dakar (PAD). L\u2019organisation professionnelle a, dans...\" \/>\n<meta property=\"og:url\" content=\"https:\/\/challengeseconomiques.com\/?p=5360\" \/>\n<meta property=\"og:site_name\" content=\"challenges economiques\" \/>\n<meta property=\"article:published_time\" content=\"2023-10-04T12:09:44+00:00\" \/>\n<meta property=\"article:modified_time\" content=\"2023-10-04T12:10:01+00:00\" \/>\n<meta property=\"og:image\" content=\"https:\/\/challengeseconomiques.com\/wp-content\/uploads\/2023\/10\/TAC_1.jpeg\" \/>\n\t<meta property=\"og:image:width\" content=\"700\" \/>\n\t<meta property=\"og:image:height\" content=\"467\" \/>\n\t<meta property=\"og:image:type\" content=\"image\/jpeg\" \/>\n<meta name=\"author\" content=\"admin\" \/>\n<meta name=\"twitter:card\" content=\"summary_large_image\" \/>\n<meta name=\"twitter:label1\" content=\"\u00c9crit par\" \/>\n\t<meta name=\"twitter:data1\" content=\"admin\" \/>\n\t<meta name=\"twitter:label2\" content=\"Dur\u00e9e de lecture estim\u00e9e\" \/>\n\t<meta name=\"twitter:data2\" content=\"2 minutes\" \/>\n<script type=\"application\/ld+json\" class=\"yoast-schema-graph\">{\"@context\":\"https:\/\/schema.org\",\"@graph\":[{\"@type\":\"Article\",\"@id\":\"https:\/\/challengeseconomiques.com\/?p=5360#article\",\"isPartOf\":{\"@id\":\"https:\/\/challengeseconomiques.com\/?p=5360\"},\"author\":{\"name\":\"admin\",\"@id\":\"https:\/\/challengeseconomiques.com\/#\/schema\/person\/b4568c9afebc5a9238a771873801e349\"},\"headline\":\"Contribution CAP-S\u00e9n\u00e9gal : D\u00e9congestionner le Port pour le rendre plus comp\u00e9titif\",\"datePublished\":\"2023-10-04T12:09:44+00:00\",\"dateModified\":\"2023-10-04T12:10:01+00:00\",\"mainEntityOfPage\":{\"@id\":\"https:\/\/challengeseconomiques.com\/?p=5360\"},\"wordCount\":338,\"image\":{\"@id\":\"https:\/\/challengeseconomiques.com\/?p=5360#primaryimage\"},\"thumbnailUrl\":\"https:\/\/challengeseconomiques.com\/wp-content\/uploads\/2023\/10\/TAC_1.jpeg\",\"articleSection\":[\"A la une\",\"Actualit\u00e9 \u00e9conomique\"],\"inLanguage\":\"fr-FR\"},{\"@type\":\"WebPage\",\"@id\":\"https:\/\/challengeseconomiques.com\/?p=5360\",\"url\":\"https:\/\/challengeseconomiques.com\/?p=5360\",\"name\":\"Contribution CAP-S\u00e9n\u00e9gal : D\u00e9congestionner le Port pour le rendre plus comp\u00e9titif - challenges economiques\",\"isPartOf\":{\"@id\":\"https:\/\/challengeseconomiques.com\/#website\"},\"primaryImageOfPage\":{\"@id\":\"https:\/\/challengeseconomiques.com\/?p=5360#primaryimage\"},\"image\":{\"@id\":\"https:\/\/challengeseconomiques.com\/?p=5360#primaryimage\"},\"thumbnailUrl\":\"https:\/\/challengeseconomiques.com\/wp-content\/uploads\/2023\/10\/TAC_1.jpeg\",\"datePublished\":\"2023-10-04T12:09:44+00:00\",\"dateModified\":\"2023-10-04T12:10:01+00:00\",\"author\":{\"@id\":\"https:\/\/challengeseconomiques.com\/#\/schema\/person\/b4568c9afebc5a9238a771873801e349\"},\"breadcrumb\":{\"@id\":\"https:\/\/challengeseconomiques.com\/?p=5360#breadcrumb\"},\"inLanguage\":\"fr-FR\",\"potentialAction\":[{\"@type\":\"ReadAction\",\"target\":[\"https:\/\/challengeseconomiques.com\/?p=5360\"]}]},{\"@type\":\"ImageObject\",\"inLanguage\":\"fr-FR\",\"@id\":\"https:\/\/challengeseconomiques.com\/?p=5360#primaryimage\",\"url\":\"https:\/\/challengeseconomiques.com\/wp-content\/uploads\/2023\/10\/TAC_1.jpeg\",\"contentUrl\":\"https:\/\/challengeseconomiques.com\/wp-content\/uploads\/2023\/10\/TAC_1.jpeg\",\"width\":700,\"height\":467},{\"@type\":\"BreadcrumbList\",\"@id\":\"https:\/\/challengeseconomiques.com\/?p=5360#breadcrumb\",\"itemListElement\":[{\"@type\":\"ListItem\",\"position\":1,\"name\":\"Home\",\"item\":\"https:\/\/challengeseconomiques.com\/\"},{\"@type\":\"ListItem\",\"position\":2,\"name\":\"Contribution CAP-S\u00e9n\u00e9gal : D\u00e9congestionner le Port pour le rendre plus comp\u00e9titif\"}]},{\"@type\":\"WebSite\",\"@id\":\"https:\/\/challengeseconomiques.com\/#website\",\"url\":\"https:\/\/challengeseconomiques.com\/\",\"name\":\"challenges economiques\",\"description\":\"\",\"potentialAction\":[{\"@type\":\"SearchAction\",\"target\":{\"@type\":\"EntryPoint\",\"urlTemplate\":\"https:\/\/challengeseconomiques.com\/?s={search_term_string}\"},\"query-input\":{\"@type\":\"PropertyValueSpecification\",\"valueRequired\":true,\"valueName\":\"search_term_string\"}}],\"inLanguage\":\"fr-FR\"},{\"@type\":\"Person\",\"@id\":\"https:\/\/challengeseconomiques.com\/#\/schema\/person\/b4568c9afebc5a9238a771873801e349\",\"name\":\"admin\",\"image\":{\"@type\":\"ImageObject\",\"inLanguage\":\"fr-FR\",\"@id\":\"https:\/\/challengeseconomiques.com\/#\/schema\/person\/image\/\",\"url\":\"https:\/\/secure.gravatar.com\/avatar\/099e42240b5eea11acdb72751fcce0dd918603f0749d24974b7984ea47ed9fd9?s=96&d=mm&r=g\",\"contentUrl\":\"https:\/\/secure.gravatar.com\/avatar\/099e42240b5eea11acdb72751fcce0dd918603f0749d24974b7984ea47ed9fd9?s=96&d=mm&r=g\",\"caption\":\"admin\"},\"sameAs\":[\"https:\/\/challengeseconomiques.com\"],\"url\":\"https:\/\/challengeseconomiques.com\/?author=1\"}]}<\/script>\n<!-- \/ Yoast SEO plugin. -->","yoast_head_json":{"title":"Contribution CAP-S\u00e9n\u00e9gal : D\u00e9congestionner le Port pour le rendre plus comp\u00e9titif - challenges economiques","robots":{"index":"index","follow":"follow","max-snippet":"max-snippet:-1","max-image-preview":"max-image-preview:large","max-video-preview":"max-video-preview:-1"},"canonical":"https:\/\/challengeseconomiques.com\/?p=5360","og_locale":"fr_FR","og_type":"article","og_title":"Contribution CAP-S\u00e9n\u00e9gal : D\u00e9congestionner le Port pour le rendre plus comp\u00e9titif - challenges economiques","og_description":"La Communaut\u00e9 des Acteurs Portuaires du S\u00e9n\u00e9gal (CAP-S\u00e9n\u00e9gal) a produit une contribution sur la congestion du Port Autonome de Dakar (PAD). L\u2019organisation professionnelle a, dans...","og_url":"https:\/\/challengeseconomiques.com\/?p=5360","og_site_name":"challenges economiques","article_published_time":"2023-10-04T12:09:44+00:00","article_modified_time":"2023-10-04T12:10:01+00:00","og_image":[{"width":700,"height":467,"url":"https:\/\/challengeseconomiques.com\/wp-content\/uploads\/2023\/10\/TAC_1.jpeg","type":"image\/jpeg"}],"author":"admin","twitter_card":"summary_large_image","twitter_misc":{"\u00c9crit par":"admin","Dur\u00e9e de lecture estim\u00e9e":"2 minutes"},"schema":{"@context":"https:\/\/schema.org","@graph":[{"@type":"Article","@id":"https:\/\/challengeseconomiques.com\/?p=5360#article","isPartOf":{"@id":"https:\/\/challengeseconomiques.com\/?p=5360"},"author":{"name":"admin","@id":"https:\/\/challengeseconomiques.com\/#\/schema\/person\/b4568c9afebc5a9238a771873801e349"},"headline":"Contribution CAP-S\u00e9n\u00e9gal : D\u00e9congestionner le Port pour le rendre plus comp\u00e9titif","datePublished":"2023-10-04T12:09:44+00:00","dateModified":"2023-10-04T12:10:01+00:00","mainEntityOfPage":{"@id":"https:\/\/challengeseconomiques.com\/?p=5360"},"wordCount":338,"image":{"@id":"https:\/\/challengeseconomiques.com\/?p=5360#primaryimage"},"thumbnailUrl":"https:\/\/challengeseconomiques.com\/wp-content\/uploads\/2023\/10\/TAC_1.jpeg","articleSection":["A la une","Actualit\u00e9 \u00e9conomique"],"inLanguage":"fr-FR"},{"@type":"WebPage","@id":"https:\/\/challengeseconomiques.com\/?p=5360","url":"https:\/\/challengeseconomiques.com\/?p=5360","name":"Contribution CAP-S\u00e9n\u00e9gal : D\u00e9congestionner le Port pour le rendre plus comp\u00e9titif - challenges economiques","isPartOf":{"@id":"https:\/\/challengeseconomiques.com\/#website"},"primaryImageOfPage":{"@id":"https:\/\/challengeseconomiques.com\/?p=5360#primaryimage"},"image":{"@id":"https:\/\/challengeseconomiques.com\/?p=5360#primaryimage"},"thumbnailUrl":"https:\/\/challengeseconomiques.com\/wp-content\/uploads\/2023\/10\/TAC_1.jpeg","datePublished":"2023-10-04T12:09:44+00:00","dateModified":"2023-10-04T12:10:01+00:00","author":{"@id":"https:\/\/challengeseconomiques.com\/#\/schema\/person\/b4568c9afebc5a9238a771873801e349"},"breadcrumb":{"@id":"https:\/\/challengeseconomiques.com\/?p=5360#breadcrumb"},"inLanguage":"fr-FR","potentialAction":[{"@type":"ReadAction","target":["https:\/\/challengeseconomiques.com\/?p=5360"]}]},{"@type":"ImageObject","inLanguage":"fr-FR","@id":"https:\/\/challengeseconomiques.com\/?p=5360#primaryimage","url":"https:\/\/challengeseconomiques.com\/wp-content\/uploads\/2023\/10\/TAC_1.jpeg","contentUrl":"https:\/\/challengeseconomiques.com\/wp-content\/uploads\/2023\/10\/TAC_1.jpeg","width":700,"height":467},{"@type":"BreadcrumbList","@id":"https:\/\/challengeseconomiques.com\/?p=5360#breadcrumb","itemListElement":[{"@type":"ListItem","position":1,"name":"Home","item":"https:\/\/challengeseconomiques.com\/"},{"@type":"ListItem","position":2,"name":"Contribution CAP-S\u00e9n\u00e9gal : D\u00e9congestionner le Port pour le rendre plus comp\u00e9titif"}]},{"@type":"WebSite","@id":"https:\/\/challengeseconomiques.com\/#website","url":"https:\/\/challengeseconomiques.com\/","name":"challenges economiques","description":"","potentialAction":[{"@type":"SearchAction","target":{"@type":"EntryPoint","urlTemplate":"https:\/\/challengeseconomiques.com\/?s={search_term_string}"},"query-input":{"@type":"PropertyValueSpecification","valueRequired":true,"valueName":"search_term_string"}}],"inLanguage":"fr-FR"},{"@type":"Person","@id":"https:\/\/challengeseconomiques.com\/#\/schema\/person\/b4568c9afebc5a9238a771873801e349","name":"admin","image":{"@type":"ImageObject","inLanguage":"fr-FR","@id":"https:\/\/challengeseconomiques.com\/#\/schema\/person\/image\/","url":"https:\/\/secure.gravatar.com\/avatar\/099e42240b5eea11acdb72751fcce0dd918603f0749d24974b7984ea47ed9fd9?s=96&d=mm&r=g","contentUrl":"https:\/\/secure.gravatar.com\/avatar\/099e42240b5eea11acdb72751fcce0dd918603f0749d24974b7984ea47ed9fd9?s=96&d=mm&r=g","caption":"admin"},"sameAs":["https:\/\/challengeseconomiques.com"],"url":"https:\/\/challengeseconomiques.com\/?author=1"}]}},"jetpack_featured_media_url":"https:\/\/challengeseconomiques.com\/wp-content\/uploads\/2023\/10\/TAC_1.jpeg","jetpack_sharing_enabled":true,"_links":{"self":[{"href":"https:\/\/challengeseconomiques.com\/index.php?rest_route=\/wp\/v2\/posts\/5360","targetHints":{"allow":["GET"]}}],"collection":[{"href":"https:\/\/challengeseconomiques.com\/index.php?rest_route=\/wp\/v2\/posts"}],"about":[{"href":"https:\/\/challengeseconomiques.com\/index.php?rest_route=\/wp\/v2\/types\/post"}],"author":[{"embeddable":true,"href":"https:\/\/challengeseconomiques.com\/index.php?rest_route=\/wp\/v2\/users\/1"}],"replies":[{"embeddable":true,"href":"https:\/\/challengeseconomiques.com\/index.php?rest_route=%2Fwp%2Fv2%2Fcomments&post=5360"}],"version-history":[{"count":1,"href":"https:\/\/challengeseconomiques.com\/index.php?rest_route=\/wp\/v2\/posts\/5360\/revisions"}],"predecessor-version":[{"id":5362,"href":"https:\/\/challengeseconomiques.com\/index.php?rest_route=\/wp\/v2\/posts\/5360\/revisions\/5362"}],"wp:featuredmedia":[{"embeddable":true,"href":"https:\/\/challengeseconomiques.com\/index.php?rest_route=\/wp\/v2\/media\/5361"}],"wp:attachment":[{"href":"https:\/\/challengeseconomiques.com\/index.php?rest_route=%2Fwp%2Fv2%2Fmedia&parent=5360"}],"wp:term":[{"taxonomy":"category","embeddable":true,"href":"https:\/\/challengeseconomiques.com\/index.php?rest_route=%2Fwp%2Fv2%2Fcategories&post=5360"},{"taxonomy":"post_tag","embeddable":true,"href":"https:\/\/challengeseconomiques.com\/index.php?rest_route=%2Fwp%2Fv2%2Ftags&post=5360"}],"curies":[{"name":"wp","href":"https:\/\/api.w.org\/{rel}","templated":true}]}}