{"id":5329,"date":"2023-09-26T15:57:58","date_gmt":"2023-09-26T15:57:58","guid":{"rendered":"https:\/\/challengeseconomiques.com\/?p=5329"},"modified":"2023-09-26T15:58:25","modified_gmt":"2023-09-26T15:58:25","slug":"afreximbank-appelle-a-privilegier-les-societes-de-commerce-dexportation-pour-stimuler-la-participation-des-pme-africaines-au-commerce-mondia","status":"publish","type":"post","link":"https:\/\/challengeseconomiques.com\/?p=5329","title":{"rendered":"Afreximbank appelle \u00e0 privil\u00e9gier les soci\u00e9t\u00e9s de commerce d\u2019exportation pour stimuler la participation des PME africaines au commerce mondial"},"content":{"rendered":"<p><strong>La Banque Africaine d\u2019Import-Export (Afreximbank) a invit\u00e9 les pays africains \u00e0 privil\u00e9gier le d\u00e9veloppement des soci\u00e9t\u00e9s de commerce d\u2019exportation (ETC) publiques et priv\u00e9es afin de permettre aux petites et moyennes entreprises (PME) du continent de participer efficacement au commerce mondial.<\/strong><\/p>\n<p>Dans un discours prononc\u00e9 \u00e0 l\u2019occasion de l\u2019Exposition internationale africaine [Africa International Exhibition], qui s\u2019est ouverte hier en marge de l\u2019Assembl\u00e9e g\u00e9n\u00e9rale des Nations unies \u00e0 New York, Kanayo Awani, Vice-pr\u00e9sidente ex\u00e9cutive d\u2019Afreximbank, en charge de la Banque du commerce intra-africain a, au nom du Pr\u00e9sident de la Banque, le Professeur Benedict Oramah, d\u00e9clar\u00e9 que les PME participant directement au commerce mondial \u00e9taient confront\u00e9es \u00e0 une concurrence f\u00e9roce de la part des multinationales et des grandes entreprises, ce qui rendait leurs chances de r\u00e9ussite ou de survie marginales, voire inexistantes.<\/p>\n<p>Mme Awani a indiqu\u00e9 que l\u2019Asie avait relev\u00e9 ce d\u00e9fi en cr\u00e9ant des ETC qui servaient de canaux d\u2019acc\u00e8s aux march\u00e9s mondiaux pour les PME, expliquant que les ETC agissaient comme des agr\u00e9gateurs et cr\u00e9aient un volume d\u2019\u00e9changes consid\u00e9rable qui attirait une plus grande valeur et r\u00e9sistait \u00e0 la concurrence.<\/p>\n<p>Elle a d\u00e9clar\u00e9 que la faible participation des PME africaines aux cha\u00eenes de valeur mondiales refl\u00e9tait l\u2019\u00e9chec des politiques institutionnelles et a appel\u00e9 \u00e0 la mise en place de syst\u00e8mes solides d\u2019appui aux politiques qui permettraient de d\u00e9velopper les capacit\u00e9s, d\u2019assurer les premi\u00e8res protections contre la concurrence d\u00e9loyale et d\u2019am\u00e9liorer l\u2019acc\u00e8s aux march\u00e9s r\u00e9gionaux ainsi que l\u2019acc\u00e8s au financement.<\/p>\n<p>\u00ab\u00a0Ces mesures sont particuli\u00e8rement urgentes au moment o\u00f9 l\u2019Afrique commence \u00e0 mettre en \u0153uvre l\u2019Accord sur la Zone de libre-\u00e9change continentale africaine (ZLECAf)\u00a0\u00bb, a d\u00e9clar\u00e9 Mme Awani.<\/p>\n<p>Elle a soulign\u00e9 qu\u2019au fil des ans, les PME ont \u00e9t\u00e9 au centre des initiatives continentales d\u2019Afreximbank par le biais de sa strat\u00e9gie de d\u00e9veloppement des exportations ax\u00e9e sur les PME, avec des instruments de financement uniques pour lever les contraintes de financement auxquelles sont confront\u00e9es les PME africaines, y compris les produits tels que l\u2019affacturage, le financement de la cha\u00eene d\u2019approvisionnement et le financement interm\u00e9di\u00e9.<\/p>\n<p>Mme Awani a d\u00e9clar\u00e9 qu\u2019Afreximbank \u00e9tait la principale promotrice de l\u2019affacturage en Afrique et a soulign\u00e9 que la loi sur l\u2019affacturage que la Banque a parrain\u00e9e a \u00e9t\u00e9 adopt\u00e9e en R\u00e9publique du Congo, au Burkina Faso, au Niger, au Togo, au Mali et en C\u00f4te d\u2019Ivoire. Elle a, par ailleurs, ajout\u00e9 que cette loi est en cours d\u2019examen par les institutions de r\u00e9glementation de plusieurs autres pays africains.<\/p>\n<p>La Banque facilite \u00e9galement l\u2019acc\u00e8s des PME africaines au march\u00e9 par le biais du Guichet unique en Afrique d\u00e9nomm\u00e9 Africa Trade Gateway, un \u00e9cosyst\u00e8me num\u00e9rique qui comprend des actifs con\u00e7us pour lever les barri\u00e8res non tarifaires, tels que la plateforme de diligence raisonnable MANSA qui recueille les informations KYC des PME et des entreprises et qui a d\u00e9j\u00e0 accueilli plus de 11 000 entit\u00e9s, a-t-elle d\u00e9clar\u00e9.<\/p>\n<p>Parmi les autres interventions d\u2019Afreximbank figurent le Club TRADAR, qui propose des outils num\u00e9riques innovants et des opportunit\u00e9s de r\u00e9seautage, aidant les PME \u00e0 r\u00e9aliser des \u00e9conomies d\u2019\u00e9chelle et de gamme, le Syst\u00e8me panafricain de paiement et de r\u00e8glement, qui est un m\u00e9canisme important pour renforcer la participation des PME au commerce r\u00e9gional en leur permettant d\u2019effectuer des paiements pour les importations du continent en utilisant les monnaies nationales, la cr\u00e9ation du Fonds de d\u00e9veloppement des exportations en Afrique, qui fournit du capital-risque pour soutenir les startups, les PME en phase de d\u00e9marrage et \u00e9mergentes, et un certain nombre d\u2019autres initiatives phares.<\/p>\n<p>La Foire commerciale intra-africaine de la Banque a, en outre, fourni une excellente plateforme pour favoriser l\u2019int\u00e9gration des PME dans les cha\u00eenes de valeur continentales en promouvant les interconnexions et le r\u00e9seautage, a-t-elle ajout\u00e9, rappelant que la troisi\u00e8me \u00e9dition de la foire sera tenue au Caire en novembre.<\/p>\n<p>Mme Awani a expliqu\u00e9 qu\u2019Afreximbank avait lanc\u00e9 le programme Creative Africa Nexus (CANEX), dot\u00e9 d\u2019un milliard de dollars, afin de fournir un acc\u00e8s au financement, des initiatives de renforcement des capacit\u00e9s, des solutions num\u00e9riques et d\u2019autres formes de soutien \u00e0 l\u2019industrie cr\u00e9ative africaine. Elle a soulign\u00e9 que l\u2019industrie \u00e9tait devenue l\u2019un des secteurs \u00e0 la croissance la plus rapide du continent et que les produits cr\u00e9atifs \u00e9taient devenus les principaux produits d\u2019exportation au Nigeria, en Afrique du Sud et dans quelques autres pays, d\u00e9passant les produits d\u2019exportation traditionnels. La Banque a d\u00e9caiss\u00e9 environ 120 millions de dollars US pour stimuler l\u2019industrie, a-t-elle fait remarquer.<\/p>\n<p>Parmi les autres intervenants \u00e0 l\u2019\u00e9v\u00e9nement figuraient le Pr\u00e9sident du Nigeria, M. Bola Tinubu, repr\u00e9sent\u00e9 par Mme Doris Uzoka-Anite, Ministre de l\u2019Industrie, du Commerce et de l\u2019investissement, M. Festus Keyamo, Ministre de l\u2019Aviation et du D\u00e9veloppement a\u00e9rospatial du Nigeria, M. Adesola Adeduntan, PDG du groupe First Bank, et la s\u00e9natrice Ireti Kingibe de l\u2019Assembl\u00e9e nationale nig\u00e9riane.<\/p>\n<p><strong> (Afreximbank)<\/strong><\/p>\n<p class=\"has-text-align-center\"><strong>\u00a0<\/strong><\/p>\n","protected":false},"excerpt":{"rendered":"<p>La Banque Africaine d\u2019Import-Export (Afreximbank) a invit\u00e9 les pays africains \u00e0 privil\u00e9gier le d\u00e9veloppement des soci\u00e9t\u00e9s de commerce d\u2019exportation (ETC) publiques et priv\u00e9es afin de&#8230;<\/p>\n","protected":false},"author":1,"featured_media":5330,"comment_status":"closed","ping_status":"open","sticky":false,"template":"","format":"standard","meta":{"_jetpack_memberships_contains_paid_content":false,"footnotes":""},"categories":[8,10],"tags":[],"class_list":["post-5329","post","type-post","status-publish","format-standard","has-post-thumbnail","hentry","category-actualite-economique","category-infos-eco","wpcat-8-id","wpcat-10-id"],"yoast_head":"<!-- This site is optimized with the Yoast SEO plugin v27.1.1 - https:\/\/yoast.com\/product\/yoast-seo-wordpress\/ -->\n<title>Afreximbank appelle \u00e0 privil\u00e9gier les soci\u00e9t\u00e9s de commerce d\u2019exportation pour stimuler la participation des PME africaines au commerce mondial - challenges economiques<\/title>\n<meta name=\"robots\" content=\"index, follow, max-snippet:-1, max-image-preview:large, max-video-preview:-1\" \/>\n<link rel=\"canonical\" href=\"https:\/\/challengeseconomiques.com\/?p=5329\" \/>\n<meta property=\"og:locale\" content=\"fr_FR\" \/>\n<meta property=\"og:type\" content=\"article\" \/>\n<meta property=\"og:title\" content=\"Afreximbank appelle \u00e0 privil\u00e9gier les soci\u00e9t\u00e9s de commerce d\u2019exportation pour stimuler la participation des PME africaines au commerce mondial - challenges economiques\" \/>\n<meta property=\"og:description\" content=\"La Banque Africaine d\u2019Import-Export (Afreximbank) a invit\u00e9 les pays africains \u00e0 privil\u00e9gier le d\u00e9veloppement des soci\u00e9t\u00e9s de commerce d\u2019exportation (ETC) publiques et priv\u00e9es afin de...\" \/>\n<meta property=\"og:url\" content=\"https:\/\/challengeseconomiques.com\/?p=5329\" \/>\n<meta property=\"og:site_name\" content=\"challenges economiques\" \/>\n<meta property=\"article:published_time\" content=\"2023-09-26T15:57:58+00:00\" \/>\n<meta property=\"article:modified_time\" content=\"2023-09-26T15:58:25+00:00\" \/>\n<meta property=\"og:image\" content=\"https:\/\/challengeseconomiques.com\/wp-content\/uploads\/2023\/09\/commerce-mondial.jpg\" \/>\n\t<meta property=\"og:image:width\" content=\"612\" \/>\n\t<meta property=\"og:image:height\" content=\"408\" \/>\n\t<meta property=\"og:image:type\" content=\"image\/jpeg\" \/>\n<meta name=\"author\" content=\"admin\" \/>\n<meta name=\"twitter:card\" content=\"summary_large_image\" \/>\n<meta name=\"twitter:label1\" content=\"\u00c9crit par\" \/>\n\t<meta name=\"twitter:data1\" content=\"admin\" \/>\n\t<meta name=\"twitter:label2\" content=\"Dur\u00e9e de lecture estim\u00e9e\" \/>\n\t<meta name=\"twitter:data2\" content=\"5 minutes\" \/>\n<script type=\"application\/ld+json\" class=\"yoast-schema-graph\">{\"@context\":\"https:\/\/schema.org\",\"@graph\":[{\"@type\":\"Article\",\"@id\":\"https:\/\/challengeseconomiques.com\/?p=5329#article\",\"isPartOf\":{\"@id\":\"https:\/\/challengeseconomiques.com\/?p=5329\"},\"author\":{\"name\":\"admin\",\"@id\":\"https:\/\/challengeseconomiques.com\/#\/schema\/person\/b4568c9afebc5a9238a771873801e349\"},\"headline\":\"Afreximbank appelle \u00e0 privil\u00e9gier les soci\u00e9t\u00e9s de commerce d\u2019exportation pour stimuler la participation des PME africaines au commerce mondial\",\"datePublished\":\"2023-09-26T15:57:58+00:00\",\"dateModified\":\"2023-09-26T15:58:25+00:00\",\"mainEntityOfPage\":{\"@id\":\"https:\/\/challengeseconomiques.com\/?p=5329\"},\"wordCount\":922,\"image\":{\"@id\":\"https:\/\/challengeseconomiques.com\/?p=5329#primaryimage\"},\"thumbnailUrl\":\"https:\/\/challengeseconomiques.com\/wp-content\/uploads\/2023\/09\/commerce-mondial.jpg\",\"articleSection\":[\"Actualit\u00e9 \u00e9conomique\",\"Infos \u00e9co\"],\"inLanguage\":\"fr-FR\"},{\"@type\":\"WebPage\",\"@id\":\"https:\/\/challengeseconomiques.com\/?p=5329\",\"url\":\"https:\/\/challengeseconomiques.com\/?p=5329\",\"name\":\"Afreximbank appelle \u00e0 privil\u00e9gier les soci\u00e9t\u00e9s de commerce d\u2019exportation pour stimuler la participation des PME africaines au commerce mondial - challenges economiques\",\"isPartOf\":{\"@id\":\"https:\/\/challengeseconomiques.com\/#website\"},\"primaryImageOfPage\":{\"@id\":\"https:\/\/challengeseconomiques.com\/?p=5329#primaryimage\"},\"image\":{\"@id\":\"https:\/\/challengeseconomiques.com\/?p=5329#primaryimage\"},\"thumbnailUrl\":\"https:\/\/challengeseconomiques.com\/wp-content\/uploads\/2023\/09\/commerce-mondial.jpg\",\"datePublished\":\"2023-09-26T15:57:58+00:00\",\"dateModified\":\"2023-09-26T15:58:25+00:00\",\"author\":{\"@id\":\"https:\/\/challengeseconomiques.com\/#\/schema\/person\/b4568c9afebc5a9238a771873801e349\"},\"breadcrumb\":{\"@id\":\"https:\/\/challengeseconomiques.com\/?p=5329#breadcrumb\"},\"inLanguage\":\"fr-FR\",\"potentialAction\":[{\"@type\":\"ReadAction\",\"target\":[\"https:\/\/challengeseconomiques.com\/?p=5329\"]}]},{\"@type\":\"ImageObject\",\"inLanguage\":\"fr-FR\",\"@id\":\"https:\/\/challengeseconomiques.com\/?p=5329#primaryimage\",\"url\":\"https:\/\/challengeseconomiques.com\/wp-content\/uploads\/2023\/09\/commerce-mondial.jpg\",\"contentUrl\":\"https:\/\/challengeseconomiques.com\/wp-content\/uploads\/2023\/09\/commerce-mondial.jpg\",\"width\":612,\"height\":408,\"caption\":\"Global freight transportation business, cargo container with cardboard boxes and Earth globe on laptop\"},{\"@type\":\"BreadcrumbList\",\"@id\":\"https:\/\/challengeseconomiques.com\/?p=5329#breadcrumb\",\"itemListElement\":[{\"@type\":\"ListItem\",\"position\":1,\"name\":\"Home\",\"item\":\"https:\/\/challengeseconomiques.com\/\"},{\"@type\":\"ListItem\",\"position\":2,\"name\":\"Afreximbank appelle \u00e0 privil\u00e9gier les soci\u00e9t\u00e9s de commerce d\u2019exportation pour stimuler la participation des PME africaines au commerce mondial\"}]},{\"@type\":\"WebSite\",\"@id\":\"https:\/\/challengeseconomiques.com\/#website\",\"url\":\"https:\/\/challengeseconomiques.com\/\",\"name\":\"challenges economiques\",\"description\":\"\",\"potentialAction\":[{\"@type\":\"SearchAction\",\"target\":{\"@type\":\"EntryPoint\",\"urlTemplate\":\"https:\/\/challengeseconomiques.com\/?s={search_term_string}\"},\"query-input\":{\"@type\":\"PropertyValueSpecification\",\"valueRequired\":true,\"valueName\":\"search_term_string\"}}],\"inLanguage\":\"fr-FR\"},{\"@type\":\"Person\",\"@id\":\"https:\/\/challengeseconomiques.com\/#\/schema\/person\/b4568c9afebc5a9238a771873801e349\",\"name\":\"admin\",\"image\":{\"@type\":\"ImageObject\",\"inLanguage\":\"fr-FR\",\"@id\":\"https:\/\/challengeseconomiques.com\/#\/schema\/person\/image\/\",\"url\":\"https:\/\/secure.gravatar.com\/avatar\/099e42240b5eea11acdb72751fcce0dd918603f0749d24974b7984ea47ed9fd9?s=96&d=mm&r=g\",\"contentUrl\":\"https:\/\/secure.gravatar.com\/avatar\/099e42240b5eea11acdb72751fcce0dd918603f0749d24974b7984ea47ed9fd9?s=96&d=mm&r=g\",\"caption\":\"admin\"},\"sameAs\":[\"https:\/\/challengeseconomiques.com\"],\"url\":\"https:\/\/challengeseconomiques.com\/?author=1\"}]}<\/script>\n<!-- \/ Yoast SEO plugin. -->","yoast_head_json":{"title":"Afreximbank appelle \u00e0 privil\u00e9gier les soci\u00e9t\u00e9s de commerce d\u2019exportation pour stimuler la participation des PME africaines au commerce mondial - challenges economiques","robots":{"index":"index","follow":"follow","max-snippet":"max-snippet:-1","max-image-preview":"max-image-preview:large","max-video-preview":"max-video-preview:-1"},"canonical":"https:\/\/challengeseconomiques.com\/?p=5329","og_locale":"fr_FR","og_type":"article","og_title":"Afreximbank appelle \u00e0 privil\u00e9gier les soci\u00e9t\u00e9s de commerce d\u2019exportation pour stimuler la participation des PME africaines au commerce mondial - challenges economiques","og_description":"La Banque Africaine d\u2019Import-Export (Afreximbank) a invit\u00e9 les pays africains \u00e0 privil\u00e9gier le d\u00e9veloppement des soci\u00e9t\u00e9s de commerce d\u2019exportation (ETC) publiques et priv\u00e9es afin de...","og_url":"https:\/\/challengeseconomiques.com\/?p=5329","og_site_name":"challenges economiques","article_published_time":"2023-09-26T15:57:58+00:00","article_modified_time":"2023-09-26T15:58:25+00:00","og_image":[{"width":612,"height":408,"url":"https:\/\/challengeseconomiques.com\/wp-content\/uploads\/2023\/09\/commerce-mondial.jpg","type":"image\/jpeg"}],"author":"admin","twitter_card":"summary_large_image","twitter_misc":{"\u00c9crit par":"admin","Dur\u00e9e de lecture estim\u00e9e":"5 minutes"},"schema":{"@context":"https:\/\/schema.org","@graph":[{"@type":"Article","@id":"https:\/\/challengeseconomiques.com\/?p=5329#article","isPartOf":{"@id":"https:\/\/challengeseconomiques.com\/?p=5329"},"author":{"name":"admin","@id":"https:\/\/challengeseconomiques.com\/#\/schema\/person\/b4568c9afebc5a9238a771873801e349"},"headline":"Afreximbank appelle \u00e0 privil\u00e9gier les soci\u00e9t\u00e9s de commerce d\u2019exportation pour stimuler la participation des PME africaines au commerce mondial","datePublished":"2023-09-26T15:57:58+00:00","dateModified":"2023-09-26T15:58:25+00:00","mainEntityOfPage":{"@id":"https:\/\/challengeseconomiques.com\/?p=5329"},"wordCount":922,"image":{"@id":"https:\/\/challengeseconomiques.com\/?p=5329#primaryimage"},"thumbnailUrl":"https:\/\/challengeseconomiques.com\/wp-content\/uploads\/2023\/09\/commerce-mondial.jpg","articleSection":["Actualit\u00e9 \u00e9conomique","Infos \u00e9co"],"inLanguage":"fr-FR"},{"@type":"WebPage","@id":"https:\/\/challengeseconomiques.com\/?p=5329","url":"https:\/\/challengeseconomiques.com\/?p=5329","name":"Afreximbank appelle \u00e0 privil\u00e9gier les soci\u00e9t\u00e9s de commerce d\u2019exportation pour stimuler la participation des PME africaines au commerce mondial - challenges economiques","isPartOf":{"@id":"https:\/\/challengeseconomiques.com\/#website"},"primaryImageOfPage":{"@id":"https:\/\/challengeseconomiques.com\/?p=5329#primaryimage"},"image":{"@id":"https:\/\/challengeseconomiques.com\/?p=5329#primaryimage"},"thumbnailUrl":"https:\/\/challengeseconomiques.com\/wp-content\/uploads\/2023\/09\/commerce-mondial.jpg","datePublished":"2023-09-26T15:57:58+00:00","dateModified":"2023-09-26T15:58:25+00:00","author":{"@id":"https:\/\/challengeseconomiques.com\/#\/schema\/person\/b4568c9afebc5a9238a771873801e349"},"breadcrumb":{"@id":"https:\/\/challengeseconomiques.com\/?p=5329#breadcrumb"},"inLanguage":"fr-FR","potentialAction":[{"@type":"ReadAction","target":["https:\/\/challengeseconomiques.com\/?p=5329"]}]},{"@type":"ImageObject","inLanguage":"fr-FR","@id":"https:\/\/challengeseconomiques.com\/?p=5329#primaryimage","url":"https:\/\/challengeseconomiques.com\/wp-content\/uploads\/2023\/09\/commerce-mondial.jpg","contentUrl":"https:\/\/challengeseconomiques.com\/wp-content\/uploads\/2023\/09\/commerce-mondial.jpg","width":612,"height":408,"caption":"Global freight transportation business, cargo container with cardboard boxes and Earth globe on laptop"},{"@type":"BreadcrumbList","@id":"https:\/\/challengeseconomiques.com\/?p=5329#breadcrumb","itemListElement":[{"@type":"ListItem","position":1,"name":"Home","item":"https:\/\/challengeseconomiques.com\/"},{"@type":"ListItem","position":2,"name":"Afreximbank appelle \u00e0 privil\u00e9gier les soci\u00e9t\u00e9s de commerce d\u2019exportation pour stimuler la participation des PME africaines au commerce mondial"}]},{"@type":"WebSite","@id":"https:\/\/challengeseconomiques.com\/#website","url":"https:\/\/challengeseconomiques.com\/","name":"challenges economiques","description":"","potentialAction":[{"@type":"SearchAction","target":{"@type":"EntryPoint","urlTemplate":"https:\/\/challengeseconomiques.com\/?s={search_term_string}"},"query-input":{"@type":"PropertyValueSpecification","valueRequired":true,"valueName":"search_term_string"}}],"inLanguage":"fr-FR"},{"@type":"Person","@id":"https:\/\/challengeseconomiques.com\/#\/schema\/person\/b4568c9afebc5a9238a771873801e349","name":"admin","image":{"@type":"ImageObject","inLanguage":"fr-FR","@id":"https:\/\/challengeseconomiques.com\/#\/schema\/person\/image\/","url":"https:\/\/secure.gravatar.com\/avatar\/099e42240b5eea11acdb72751fcce0dd918603f0749d24974b7984ea47ed9fd9?s=96&d=mm&r=g","contentUrl":"https:\/\/secure.gravatar.com\/avatar\/099e42240b5eea11acdb72751fcce0dd918603f0749d24974b7984ea47ed9fd9?s=96&d=mm&r=g","caption":"admin"},"sameAs":["https:\/\/challengeseconomiques.com"],"url":"https:\/\/challengeseconomiques.com\/?author=1"}]}},"jetpack_featured_media_url":"https:\/\/challengeseconomiques.com\/wp-content\/uploads\/2023\/09\/commerce-mondial.jpg","jetpack_sharing_enabled":true,"_links":{"self":[{"href":"https:\/\/challengeseconomiques.com\/index.php?rest_route=\/wp\/v2\/posts\/5329","targetHints":{"allow":["GET"]}}],"collection":[{"href":"https:\/\/challengeseconomiques.com\/index.php?rest_route=\/wp\/v2\/posts"}],"about":[{"href":"https:\/\/challengeseconomiques.com\/index.php?rest_route=\/wp\/v2\/types\/post"}],"author":[{"embeddable":true,"href":"https:\/\/challengeseconomiques.com\/index.php?rest_route=\/wp\/v2\/users\/1"}],"replies":[{"embeddable":true,"href":"https:\/\/challengeseconomiques.com\/index.php?rest_route=%2Fwp%2Fv2%2Fcomments&post=5329"}],"version-history":[{"count":2,"href":"https:\/\/challengeseconomiques.com\/index.php?rest_route=\/wp\/v2\/posts\/5329\/revisions"}],"predecessor-version":[{"id":5332,"href":"https:\/\/challengeseconomiques.com\/index.php?rest_route=\/wp\/v2\/posts\/5329\/revisions\/5332"}],"wp:featuredmedia":[{"embeddable":true,"href":"https:\/\/challengeseconomiques.com\/index.php?rest_route=\/wp\/v2\/media\/5330"}],"wp:attachment":[{"href":"https:\/\/challengeseconomiques.com\/index.php?rest_route=%2Fwp%2Fv2%2Fmedia&parent=5329"}],"wp:term":[{"taxonomy":"category","embeddable":true,"href":"https:\/\/challengeseconomiques.com\/index.php?rest_route=%2Fwp%2Fv2%2Fcategories&post=5329"},{"taxonomy":"post_tag","embeddable":true,"href":"https:\/\/challengeseconomiques.com\/index.php?rest_route=%2Fwp%2Fv2%2Ftags&post=5329"}],"curies":[{"name":"wp","href":"https:\/\/api.w.org\/{rel}","templated":true}]}}