{"id":5292,"date":"2023-09-18T14:02:28","date_gmt":"2023-09-18T14:02:28","guid":{"rendered":"https:\/\/challengeseconomiques.com\/?p=5292"},"modified":"2023-09-18T13:05:18","modified_gmt":"2023-09-18T13:05:18","slug":"la-banque-africaine-de-developpement-et-lalliance-pour-linclusion-financiere-renouvellent-leur-partenariat-pour-ameliorer-lacces-au-financement-des-entreprises-dirigees-par","status":"publish","type":"post","link":"https:\/\/challengeseconomiques.com\/?p=5292","title":{"rendered":"La Banque africaine de d\u00e9veloppement et l\u2019Alliance pour l\u2019inclusion financi\u00e8re renouvellent leur partenariat pour am\u00e9liorer l\u2019acc\u00e8s au financement des entreprises dirig\u00e9es par des femmes"},"content":{"rendered":"<div class=\"field-item odd\">\n<p><strong>La Banque africaine de d\u00e9veloppement et l\u2019Alliance pour l\u2019inclusion financi\u00e8re (AFI) ont renouvel\u00e9 pour quatre ann\u00e9es suppl\u00e9mentaires, le partenariat du projet de soutien aux r\u00e9formes politiques et r\u00e9glementaires visant \u00e0 am\u00e9liorer l\u2019acc\u00e8s au financement des petites et moyennes entreprises dirig\u00e9es par des femmes en Afrique.<\/strong><\/p>\n<p>Le Fonds fiduciaire pour l\u2019\u00e9galit\u00e9 des sexes de la Banque va contribuer au projet pour plus de 4\u00a0millions de dollars am\u00e9ricains sous forme de dons. L\u2019annonce a \u00e9t\u00e9 faite le 13\u00a0septembre 2023, lors du Forum mondial des politiques d\u2019inclusion financi\u00e8re\u00a02023 de l\u2019Alliance pour l\u2019inclusion financi\u00e8re, qui s\u2019est tenu \u00e0 Manille. L\u2019Alliance pour l\u2019inclusion financi\u00e8re est une alliance mondiale de leadership politique d\u00e9tenue et dirig\u00e9e par des banques centrales et des institutions de r\u00e9gulation financi\u00e8re dont l\u2019objectif commun est de faire progresser l\u2019inclusion financi\u00e8re dans le monde.<\/p>\n<p>Dans le cadre de ce nouvel accord, la Banque africaine de d\u00e9veloppement et l\u2019Alliance pour l\u2019inclusion financi\u00e8re m\u00e8neront de nouvelles recherches dans 13\u00a0autres pays africains afin d\u2019identifier les possibilit\u00e9s de r\u00e9forme des politiques et des r\u00e9glementations qui auraient le plus d\u2019impact sur la lev\u00e9e des obstacles \u00e0 l\u2019acc\u00e8s au financement. Les partenaires travailleront avec les d\u00e9cideurs politiques, les r\u00e9gulateurs financiers et d\u2019autres parties prenantes cl\u00e9s dans les 20\u00a0pays cibles pour concevoir et mettre en \u0153uvre ces r\u00e9formes.<\/p>\n<p>L\u2019initiative phare de la Banque, Affirmative Finance Action for Women in Africa (AFAWA), mettra en \u0153uvre le projet en collaboration avec l\u2019Alliance pour l\u2019inclusion financi\u00e8re. L\u2019initiative pour favoriser l\u2019acc\u00e8s des femmes au financement en Afrique (AFAWA) s\u2019efforce de combler le d\u00e9ficit de financement auquel sont confront\u00e9es les entrepreneuses africaines.<\/p>\n<p>La directrice du D\u00e9partement du genre, des femmes et de la soci\u00e9t\u00e9 civile de la Banque africaine de d\u00e9veloppement, Malado Kaba, a d\u00e9clar\u00e9 que la Banque \u00e9tait ravie de d\u00e9marrer ce nouveau chapitre de sa relation de longue date avec l\u2019Alliance pour l\u2019inclusion financi\u00e8re. \u00ab\u2009Au cours des quatre prochaines ann\u00e9es, nous cr\u00e9erons un nouveau mod\u00e8le de r\u00e9formes politiques et r\u00e9glementaires tenant compte de la dimension de genre, qui pourra \u00eatre appliqu\u00e9 par les gouvernements de tout le continent afin de lib\u00e9rer le pouvoir et le potentiel des entrepreneuses\u2009\u00bb, a-t-elle d\u00e9clar\u00e9.<\/p>\n<p>Mme\u00a0Kaba a soulign\u00e9 que le projet s\u2019appuyait sur les r\u00e9sultats de recherches approfondies men\u00e9es ant\u00e9rieurement par les deux partenaires en R\u00e9publique d\u00e9mocratique du Congo, au Maroc, au Nig\u00e9ria, au Rwanda, au S\u00e9n\u00e9gal, en Zambie et au Zimbabwe.<\/p>\n<p>Le directeur ex\u00e9cutif de l\u2019Alliance pour l\u2019inclusion financi\u00e8re, Alfred Hannig, a d\u00e9clar\u00e9 que si l\u2019Afrique avait le pourcentage le plus \u00e9lev\u00e9 d\u2019entrepreneuses dans le monde, les PME d\u00e9tenues ou dirig\u00e9es par des femmes avaient les plus faibles taux d\u2019acc\u00e8s au financement pour d\u00e9velopper leurs entreprises. \u00ab\u2009L\u2019Alliance pour l\u2019inclusion financi\u00e8re est ravie de lancer un partenariat innovant avec la Banque africaine de d\u00e9veloppement qui permettra de faire \u00e9voluer notre compr\u00e9hension de la mani\u00e8re de combler ce d\u00e9ficit de financement\u2009\u00bb, a-t-il d\u00e9clar\u00e9.<\/p>\n<p>Pendant son s\u00e9jour \u00e0 Manille, Mme Kaba et une d\u00e9l\u00e9gation de la Banque ont eu des entretiens avec des gouverneurs de banques centrales de plusieurs pays africains. Mme\u00a0Kaba a \u00e9galement particip\u00e9 \u00e0 une table ronde avec des donateurs et des organisations philanthropiques sur la mani\u00e8re de combler le d\u00e9ficit financier mondial.<\/p>\n<p><strong>BAD<\/strong><\/p>\n<\/div>\n","protected":false},"excerpt":{"rendered":"<p>La Banque africaine de d\u00e9veloppement et l\u2019Alliance pour l\u2019inclusion financi\u00e8re (AFI) ont renouvel\u00e9 pour quatre ann\u00e9es suppl\u00e9mentaires, le partenariat du projet de soutien aux r\u00e9formes&#8230;<\/p>\n","protected":false},"author":1,"featured_media":5293,"comment_status":"closed","ping_status":"open","sticky":false,"template":"","format":"standard","meta":{"_jetpack_memberships_contains_paid_content":false,"footnotes":""},"categories":[8,10],"tags":[],"class_list":["post-5292","post","type-post","status-publish","format-standard","has-post-thumbnail","hentry","category-actualite-economique","category-infos-eco","wpcat-8-id","wpcat-10-id"],"yoast_head":"<!-- This site is optimized with the Yoast SEO plugin v27.1.1 - https:\/\/yoast.com\/product\/yoast-seo-wordpress\/ -->\n<title>La Banque africaine de d\u00e9veloppement et l\u2019Alliance pour l\u2019inclusion financi\u00e8re renouvellent leur partenariat pour am\u00e9liorer l\u2019acc\u00e8s au financement des entreprises dirig\u00e9es par des femmes - challenges economiques<\/title>\n<meta name=\"robots\" content=\"index, follow, max-snippet:-1, max-image-preview:large, max-video-preview:-1\" \/>\n<link rel=\"canonical\" href=\"https:\/\/challengeseconomiques.com\/?p=5292\" \/>\n<meta property=\"og:locale\" content=\"fr_FR\" \/>\n<meta property=\"og:type\" content=\"article\" \/>\n<meta property=\"og:title\" content=\"La Banque africaine de d\u00e9veloppement et l\u2019Alliance pour l\u2019inclusion financi\u00e8re renouvellent leur partenariat pour am\u00e9liorer l\u2019acc\u00e8s au financement des entreprises dirig\u00e9es par des femmes - challenges economiques\" \/>\n<meta property=\"og:description\" content=\"La Banque africaine de d\u00e9veloppement et l\u2019Alliance pour l\u2019inclusion financi\u00e8re (AFI) ont renouvel\u00e9 pour quatre ann\u00e9es suppl\u00e9mentaires, le partenariat du projet de soutien aux r\u00e9formes...\" \/>\n<meta property=\"og:url\" content=\"https:\/\/challengeseconomiques.com\/?p=5292\" \/>\n<meta property=\"og:site_name\" content=\"challenges economiques\" \/>\n<meta property=\"article:published_time\" content=\"2023-09-18T14:02:28+00:00\" \/>\n<meta property=\"og:image\" content=\"https:\/\/challengeseconomiques.com\/wp-content\/uploads\/2023\/09\/a1-afi.webp\" \/>\n\t<meta property=\"og:image:width\" content=\"1300\" \/>\n\t<meta property=\"og:image:height\" content=\"535\" \/>\n\t<meta property=\"og:image:type\" content=\"image\/webp\" \/>\n<meta name=\"author\" content=\"admin\" \/>\n<meta name=\"twitter:card\" content=\"summary_large_image\" \/>\n<meta name=\"twitter:label1\" content=\"\u00c9crit par\" \/>\n\t<meta name=\"twitter:data1\" content=\"admin\" \/>\n\t<meta name=\"twitter:label2\" content=\"Dur\u00e9e de lecture estim\u00e9e\" \/>\n\t<meta name=\"twitter:data2\" content=\"3 minutes\" \/>\n<script type=\"application\/ld+json\" class=\"yoast-schema-graph\">{\"@context\":\"https:\/\/schema.org\",\"@graph\":[{\"@type\":\"Article\",\"@id\":\"https:\/\/challengeseconomiques.com\/?p=5292#article\",\"isPartOf\":{\"@id\":\"https:\/\/challengeseconomiques.com\/?p=5292\"},\"author\":{\"name\":\"admin\",\"@id\":\"https:\/\/challengeseconomiques.com\/#\/schema\/person\/b4568c9afebc5a9238a771873801e349\"},\"headline\":\"La Banque africaine de d\u00e9veloppement et l\u2019Alliance pour l\u2019inclusion financi\u00e8re renouvellent leur partenariat pour am\u00e9liorer l\u2019acc\u00e8s au financement des entreprises dirig\u00e9es par des femmes\",\"datePublished\":\"2023-09-18T14:02:28+00:00\",\"mainEntityOfPage\":{\"@id\":\"https:\/\/challengeseconomiques.com\/?p=5292\"},\"wordCount\":652,\"image\":{\"@id\":\"https:\/\/challengeseconomiques.com\/?p=5292#primaryimage\"},\"thumbnailUrl\":\"https:\/\/challengeseconomiques.com\/wp-content\/uploads\/2023\/09\/a1-afi.webp\",\"articleSection\":[\"Actualit\u00e9 \u00e9conomique\",\"Infos \u00e9co\"],\"inLanguage\":\"fr-FR\"},{\"@type\":\"WebPage\",\"@id\":\"https:\/\/challengeseconomiques.com\/?p=5292\",\"url\":\"https:\/\/challengeseconomiques.com\/?p=5292\",\"name\":\"La Banque africaine de d\u00e9veloppement et l\u2019Alliance pour l\u2019inclusion financi\u00e8re renouvellent leur partenariat pour am\u00e9liorer l\u2019acc\u00e8s au financement des entreprises dirig\u00e9es par des femmes - challenges economiques\",\"isPartOf\":{\"@id\":\"https:\/\/challengeseconomiques.com\/#website\"},\"primaryImageOfPage\":{\"@id\":\"https:\/\/challengeseconomiques.com\/?p=5292#primaryimage\"},\"image\":{\"@id\":\"https:\/\/challengeseconomiques.com\/?p=5292#primaryimage\"},\"thumbnailUrl\":\"https:\/\/challengeseconomiques.com\/wp-content\/uploads\/2023\/09\/a1-afi.webp\",\"datePublished\":\"2023-09-18T14:02:28+00:00\",\"author\":{\"@id\":\"https:\/\/challengeseconomiques.com\/#\/schema\/person\/b4568c9afebc5a9238a771873801e349\"},\"breadcrumb\":{\"@id\":\"https:\/\/challengeseconomiques.com\/?p=5292#breadcrumb\"},\"inLanguage\":\"fr-FR\",\"potentialAction\":[{\"@type\":\"ReadAction\",\"target\":[\"https:\/\/challengeseconomiques.com\/?p=5292\"]}]},{\"@type\":\"ImageObject\",\"inLanguage\":\"fr-FR\",\"@id\":\"https:\/\/challengeseconomiques.com\/?p=5292#primaryimage\",\"url\":\"https:\/\/challengeseconomiques.com\/wp-content\/uploads\/2023\/09\/a1-afi.webp\",\"contentUrl\":\"https:\/\/challengeseconomiques.com\/wp-content\/uploads\/2023\/09\/a1-afi.webp\",\"width\":1300,\"height\":535},{\"@type\":\"BreadcrumbList\",\"@id\":\"https:\/\/challengeseconomiques.com\/?p=5292#breadcrumb\",\"itemListElement\":[{\"@type\":\"ListItem\",\"position\":1,\"name\":\"Home\",\"item\":\"https:\/\/challengeseconomiques.com\/\"},{\"@type\":\"ListItem\",\"position\":2,\"name\":\"La Banque africaine de d\u00e9veloppement et l\u2019Alliance pour l\u2019inclusion financi\u00e8re renouvellent leur partenariat pour am\u00e9liorer l\u2019acc\u00e8s au financement des entreprises dirig\u00e9es par des femmes\"}]},{\"@type\":\"WebSite\",\"@id\":\"https:\/\/challengeseconomiques.com\/#website\",\"url\":\"https:\/\/challengeseconomiques.com\/\",\"name\":\"challenges economiques\",\"description\":\"\",\"potentialAction\":[{\"@type\":\"SearchAction\",\"target\":{\"@type\":\"EntryPoint\",\"urlTemplate\":\"https:\/\/challengeseconomiques.com\/?s={search_term_string}\"},\"query-input\":{\"@type\":\"PropertyValueSpecification\",\"valueRequired\":true,\"valueName\":\"search_term_string\"}}],\"inLanguage\":\"fr-FR\"},{\"@type\":\"Person\",\"@id\":\"https:\/\/challengeseconomiques.com\/#\/schema\/person\/b4568c9afebc5a9238a771873801e349\",\"name\":\"admin\",\"image\":{\"@type\":\"ImageObject\",\"inLanguage\":\"fr-FR\",\"@id\":\"https:\/\/challengeseconomiques.com\/#\/schema\/person\/image\/\",\"url\":\"https:\/\/secure.gravatar.com\/avatar\/099e42240b5eea11acdb72751fcce0dd918603f0749d24974b7984ea47ed9fd9?s=96&d=mm&r=g\",\"contentUrl\":\"https:\/\/secure.gravatar.com\/avatar\/099e42240b5eea11acdb72751fcce0dd918603f0749d24974b7984ea47ed9fd9?s=96&d=mm&r=g\",\"caption\":\"admin\"},\"sameAs\":[\"https:\/\/challengeseconomiques.com\"],\"url\":\"https:\/\/challengeseconomiques.com\/?author=1\"}]}<\/script>\n<!-- \/ Yoast SEO plugin. -->","yoast_head_json":{"title":"La Banque africaine de d\u00e9veloppement et l\u2019Alliance pour l\u2019inclusion financi\u00e8re renouvellent leur partenariat pour am\u00e9liorer l\u2019acc\u00e8s au financement des entreprises dirig\u00e9es par des femmes - challenges economiques","robots":{"index":"index","follow":"follow","max-snippet":"max-snippet:-1","max-image-preview":"max-image-preview:large","max-video-preview":"max-video-preview:-1"},"canonical":"https:\/\/challengeseconomiques.com\/?p=5292","og_locale":"fr_FR","og_type":"article","og_title":"La Banque africaine de d\u00e9veloppement et l\u2019Alliance pour l\u2019inclusion financi\u00e8re renouvellent leur partenariat pour am\u00e9liorer l\u2019acc\u00e8s au financement des entreprises dirig\u00e9es par des femmes - challenges economiques","og_description":"La Banque africaine de d\u00e9veloppement et l\u2019Alliance pour l\u2019inclusion financi\u00e8re (AFI) ont renouvel\u00e9 pour quatre ann\u00e9es suppl\u00e9mentaires, le partenariat du projet de soutien aux r\u00e9formes...","og_url":"https:\/\/challengeseconomiques.com\/?p=5292","og_site_name":"challenges economiques","article_published_time":"2023-09-18T14:02:28+00:00","og_image":[{"width":1300,"height":535,"url":"https:\/\/challengeseconomiques.com\/wp-content\/uploads\/2023\/09\/a1-afi.webp","type":"image\/webp"}],"author":"admin","twitter_card":"summary_large_image","twitter_misc":{"\u00c9crit par":"admin","Dur\u00e9e de lecture estim\u00e9e":"3 minutes"},"schema":{"@context":"https:\/\/schema.org","@graph":[{"@type":"Article","@id":"https:\/\/challengeseconomiques.com\/?p=5292#article","isPartOf":{"@id":"https:\/\/challengeseconomiques.com\/?p=5292"},"author":{"name":"admin","@id":"https:\/\/challengeseconomiques.com\/#\/schema\/person\/b4568c9afebc5a9238a771873801e349"},"headline":"La Banque africaine de d\u00e9veloppement et l\u2019Alliance pour l\u2019inclusion financi\u00e8re renouvellent leur partenariat pour am\u00e9liorer l\u2019acc\u00e8s au financement des entreprises dirig\u00e9es par des femmes","datePublished":"2023-09-18T14:02:28+00:00","mainEntityOfPage":{"@id":"https:\/\/challengeseconomiques.com\/?p=5292"},"wordCount":652,"image":{"@id":"https:\/\/challengeseconomiques.com\/?p=5292#primaryimage"},"thumbnailUrl":"https:\/\/challengeseconomiques.com\/wp-content\/uploads\/2023\/09\/a1-afi.webp","articleSection":["Actualit\u00e9 \u00e9conomique","Infos \u00e9co"],"inLanguage":"fr-FR"},{"@type":"WebPage","@id":"https:\/\/challengeseconomiques.com\/?p=5292","url":"https:\/\/challengeseconomiques.com\/?p=5292","name":"La Banque africaine de d\u00e9veloppement et l\u2019Alliance pour l\u2019inclusion financi\u00e8re renouvellent leur partenariat pour am\u00e9liorer l\u2019acc\u00e8s au financement des entreprises dirig\u00e9es par des femmes - challenges economiques","isPartOf":{"@id":"https:\/\/challengeseconomiques.com\/#website"},"primaryImageOfPage":{"@id":"https:\/\/challengeseconomiques.com\/?p=5292#primaryimage"},"image":{"@id":"https:\/\/challengeseconomiques.com\/?p=5292#primaryimage"},"thumbnailUrl":"https:\/\/challengeseconomiques.com\/wp-content\/uploads\/2023\/09\/a1-afi.webp","datePublished":"2023-09-18T14:02:28+00:00","author":{"@id":"https:\/\/challengeseconomiques.com\/#\/schema\/person\/b4568c9afebc5a9238a771873801e349"},"breadcrumb":{"@id":"https:\/\/challengeseconomiques.com\/?p=5292#breadcrumb"},"inLanguage":"fr-FR","potentialAction":[{"@type":"ReadAction","target":["https:\/\/challengeseconomiques.com\/?p=5292"]}]},{"@type":"ImageObject","inLanguage":"fr-FR","@id":"https:\/\/challengeseconomiques.com\/?p=5292#primaryimage","url":"https:\/\/challengeseconomiques.com\/wp-content\/uploads\/2023\/09\/a1-afi.webp","contentUrl":"https:\/\/challengeseconomiques.com\/wp-content\/uploads\/2023\/09\/a1-afi.webp","width":1300,"height":535},{"@type":"BreadcrumbList","@id":"https:\/\/challengeseconomiques.com\/?p=5292#breadcrumb","itemListElement":[{"@type":"ListItem","position":1,"name":"Home","item":"https:\/\/challengeseconomiques.com\/"},{"@type":"ListItem","position":2,"name":"La Banque africaine de d\u00e9veloppement et l\u2019Alliance pour l\u2019inclusion financi\u00e8re renouvellent leur partenariat pour am\u00e9liorer l\u2019acc\u00e8s au financement des entreprises dirig\u00e9es par des femmes"}]},{"@type":"WebSite","@id":"https:\/\/challengeseconomiques.com\/#website","url":"https:\/\/challengeseconomiques.com\/","name":"challenges economiques","description":"","potentialAction":[{"@type":"SearchAction","target":{"@type":"EntryPoint","urlTemplate":"https:\/\/challengeseconomiques.com\/?s={search_term_string}"},"query-input":{"@type":"PropertyValueSpecification","valueRequired":true,"valueName":"search_term_string"}}],"inLanguage":"fr-FR"},{"@type":"Person","@id":"https:\/\/challengeseconomiques.com\/#\/schema\/person\/b4568c9afebc5a9238a771873801e349","name":"admin","image":{"@type":"ImageObject","inLanguage":"fr-FR","@id":"https:\/\/challengeseconomiques.com\/#\/schema\/person\/image\/","url":"https:\/\/secure.gravatar.com\/avatar\/099e42240b5eea11acdb72751fcce0dd918603f0749d24974b7984ea47ed9fd9?s=96&d=mm&r=g","contentUrl":"https:\/\/secure.gravatar.com\/avatar\/099e42240b5eea11acdb72751fcce0dd918603f0749d24974b7984ea47ed9fd9?s=96&d=mm&r=g","caption":"admin"},"sameAs":["https:\/\/challengeseconomiques.com"],"url":"https:\/\/challengeseconomiques.com\/?author=1"}]}},"jetpack_featured_media_url":"https:\/\/challengeseconomiques.com\/wp-content\/uploads\/2023\/09\/a1-afi.webp","jetpack_sharing_enabled":true,"_links":{"self":[{"href":"https:\/\/challengeseconomiques.com\/index.php?rest_route=\/wp\/v2\/posts\/5292","targetHints":{"allow":["GET"]}}],"collection":[{"href":"https:\/\/challengeseconomiques.com\/index.php?rest_route=\/wp\/v2\/posts"}],"about":[{"href":"https:\/\/challengeseconomiques.com\/index.php?rest_route=\/wp\/v2\/types\/post"}],"author":[{"embeddable":true,"href":"https:\/\/challengeseconomiques.com\/index.php?rest_route=\/wp\/v2\/users\/1"}],"replies":[{"embeddable":true,"href":"https:\/\/challengeseconomiques.com\/index.php?rest_route=%2Fwp%2Fv2%2Fcomments&post=5292"}],"version-history":[{"count":1,"href":"https:\/\/challengeseconomiques.com\/index.php?rest_route=\/wp\/v2\/posts\/5292\/revisions"}],"predecessor-version":[{"id":5294,"href":"https:\/\/challengeseconomiques.com\/index.php?rest_route=\/wp\/v2\/posts\/5292\/revisions\/5294"}],"wp:featuredmedia":[{"embeddable":true,"href":"https:\/\/challengeseconomiques.com\/index.php?rest_route=\/wp\/v2\/media\/5293"}],"wp:attachment":[{"href":"https:\/\/challengeseconomiques.com\/index.php?rest_route=%2Fwp%2Fv2%2Fmedia&parent=5292"}],"wp:term":[{"taxonomy":"category","embeddable":true,"href":"https:\/\/challengeseconomiques.com\/index.php?rest_route=%2Fwp%2Fv2%2Fcategories&post=5292"},{"taxonomy":"post_tag","embeddable":true,"href":"https:\/\/challengeseconomiques.com\/index.php?rest_route=%2Fwp%2Fv2%2Ftags&post=5292"}],"curies":[{"name":"wp","href":"https:\/\/api.w.org\/{rel}","templated":true}]}}