{"id":5273,"date":"2023-09-16T14:43:33","date_gmt":"2023-09-16T14:43:33","guid":{"rendered":"https:\/\/challengeseconomiques.com\/?p=5273"},"modified":"2023-09-16T14:44:20","modified_gmt":"2023-09-16T14:44:20","slug":"une-resilience-mise-a-lepreuve","status":"publish","type":"post","link":"https:\/\/challengeseconomiques.com\/?p=5273","title":{"rendered":"Une r\u00e9silience mise \u00e0 l\u2019\u00e9preuve"},"content":{"rendered":"<p><strong>Le rapport 2023 de l\u2019IDA rel\u00e8ve que les pays fragiles d\u2019Afrique de l\u2019Ouest et centrale qui b\u00e9n\u00e9ficient d\u2019une union mon\u00e9taire peuvent mieux affronter les tensions inflationnistes. Ses auteurs misent sur une ZLECAf r\u00e9ussie et des r\u00e9formes des secteurs priv\u00e9s et publics.<\/strong><\/p>\n<p>&nbsp;<\/p>\n<p>L\u2019IDA (<em>International Development Association<\/em>), l\u2019institution de la Banque mondiale charg\u00e9e d\u2019aider les pays les plus pauvres du monde, publie son \u00e9valuation annuelle des pays d\u2019Afrique subsaharienne, le CPIA (<em>Country Policy and Institutional Assessment<\/em>), qui fait appara\u00eetre les progr\u00e8s de 39 pays africains susceptibles de b\u00e9n\u00e9ficier de son assistance.<\/p>\n<p>Face \u00e0 un contexte de resserrement des march\u00e9s mondiaux du cr\u00e9dit, la r\u00e9silience \u00e9conomique et sociale continue d\u2019\u00eatre mise \u00e0 rude \u00e9preuve dans tous les pays de l\u2019Afrique subsaharienne, alors que leur capacit\u00e9 institutionnelle \u00e0 restaurer la stabilit\u00e9 et \u00e0 assurer une croissance soutenue demeure probl\u00e9matique. \u00ab\u00a0<em>Cette r\u00e9silience s\u2019av\u00e8re \u00e9galement fondamentale pour r\u00e9pondre aux imp\u00e9ratifs du changement climatique mondial et aux \u00e9volutions du march\u00e9 qui devraient accompagner la transition de l\u2019\u00e9conomie mondiale vers les \u00e9nergies vertes<\/em>\u00a0\u00bb, commente le rapport. Qui constate que la reprise de l\u2019activit\u00e9 \u00e9conomique apr\u00e8s le ralentissement induit par la pand\u00e9mie de Covid-19 se met en place \u00e0 plusieurs vitesses, avec d\u2019importantes disparit\u00e9s d\u2019un pays \u00e0 l\u2019autre.<\/p>\n<blockquote><p>\u00a0\u00ab <em>La fr\u00e9quence, l\u2019exhaustivit\u00e9 et la rigueur de l\u2019examen CPIA peuvent contribuer \u00e0 stimuler l\u2019engagement des pays et \u00e0 \u00e9tayer un dialogue fond\u00e9 sur des donn\u00e9es probantes autour du programme de r\u00e9forme des pays<\/em> \u00bb, commente Andrew Dabalen, \u00e9conomiste en chef de la Banque mondiale pour l\u2019Afrique.<\/p><\/blockquote>\n<p>Pays par pays, l\u2019institution \u00e9met des \u00ab\u00a0notes\u00a0\u00bb refl\u00e9tant, sous plusieurs crit\u00e8res, leur situation \u00e9conomique. \u00ab\u00a0<em>Malgr\u00e9 les difficult\u00e9s \u00e9conomiques au niveau mondial, les pays d\u2019Afrique subsaharienne qui ont affich\u00e9 des am\u00e9liorations de leurs notes CPIA sont plus nombreux que l\u2019ann\u00e9e pr\u00e9c\u00e9dente<\/em>\u00a0\u00bb, se f\u00e9licite le rapport. En Afrique de l\u2019Ouest et centrale, la note globale de huit pays a augment\u00e9 : le B\u00e9nin, le Cap-Vert, la C\u00f4te d\u2019Ivoire, la Gambie, la Guin\u00e9e, la Guin\u00e9e-Bissau, la R\u00e9publique du Congo et le Togo. La note g\u00e9n\u00e9rale s\u2019est am\u00e9lior\u00e9e pour quatre pays d\u2019Afrique de l\u2019Est et australe : le Burundi, la RD Congo, le Mozambique et la Zambie. En revanche, huit pays ont enregistr\u00e9 une baisse de leur score moyen : le Tchad, les Comores, l\u2019\u00c9rythr\u00e9e, l\u2019\u00c9thiopie, le Ghana, le Malawi, Sao Tom\u00e9-et-Principe et le Soudan.<\/p>\n<p>&nbsp;<\/p>\n<p><strong>Du mieux en Afrique de l\u2019Ouest<\/strong><\/p>\n<p>Les pays affichant une hausse des notes ont r\u00e9alis\u00e9 des progr\u00e8s notables sous les crit\u00e8res de la gestion \u00e9conomique, des politiques en faveur de l\u2019inclusion sociale et de la gouvernance. Les pays avec des scores en baisse ont quant \u00e0 eux rencontr\u00e9 des difficult\u00e9s en mati\u00e8re de gestion \u00e9conomique et de gouvernance. Pour la plupart, les pays dont les notes se sont d\u00e9grad\u00e9es se situaient d\u00e9j\u00e0 vers le bas de l\u2019\u00e9chelle. Cela marque une divergence croissante des notes au sein de la r\u00e9gion en 2022.<\/p>\n<p>L\u2019Afrique de l\u2019Ouest et centrale s\u2019est remise des baisses pr\u00e9c\u00e9dentes, tandis que l\u2019Afrique de l\u2019Est et australe peine encore apr\u00e8s une baisse significative en 2019. \u00ab\u00a0<em>La gestion macro-budg\u00e9taire est un facteur crucial contribuant \u00e0 cet \u00e9cart, l\u2019Afrique de l\u2019Ouest et centrale affichant toujours des performances sup\u00e9rieures \u00e0 celles de l\u2019Afrique de l\u2019Est et australe dans les cat\u00e9gories \u00e9conomiques et du secteur public\u00a0<\/em>\u00bb, pr\u00e9cise le rapport.<\/p>\n<p>Cet \u00e9cart entre les sous-r\u00e9gions est attribuable \u00e0 la performance relative des \u00c9tats fragiles et touch\u00e9s par des conflits et ceux qui ne le sont pas.<\/p>\n<figure id=\"attachment_76936\" class=\"wp-caption alignnone\" aria-describedby=\"caption-attachment-76936\"><img fetchpriority=\"high\" decoding=\"async\" class=\"wp-image-76936 lazyloaded\" src=\"https:\/\/magazinedelafrique.com\/wp-content\/uploads\/2023\/09\/Siege-BM.jpg\" sizes=\"(max-width: 723px) 100vw, 723px\" srcset=\"https:\/\/magazinedelafrique.com\/wp-content\/uploads\/2023\/09\/Siege-BM.jpg 800w, https:\/\/magazinedelafrique.com\/wp-content\/uploads\/2023\/09\/Siege-BM-300x225.jpg 300w, https:\/\/magazinedelafrique.com\/wp-content\/uploads\/2023\/09\/Siege-BM-768x575.jpg 768w\" alt=\"Le si\u00e8ge de la Banque mondiale.\" width=\"723\" height=\"541\" data-srcset=\"https:\/\/magazinedelafrique.com\/wp-content\/uploads\/2023\/09\/Siege-BM.jpg 800w, https:\/\/magazinedelafrique.com\/wp-content\/uploads\/2023\/09\/Siege-BM-300x225.jpg 300w, https:\/\/magazinedelafrique.com\/wp-content\/uploads\/2023\/09\/Siege-BM-768x575.jpg 768w\" data-src=\"https:\/\/magazinedelafrique.com\/wp-content\/uploads\/2023\/09\/Siege-BM.jpg\" data-sizes=\"(max-width: 723px) 100vw, 723px\" \/><figcaption id=\"caption-attachment-76936\" class=\"wp-caption-text\">Le si\u00e8ge de la Banque mondiale.<\/figcaption><\/figure>\n<p>&nbsp;<\/p>\n<p>En raison de l\u2019augmentation des prix mondiaux des denr\u00e9es alimentaires et de l\u2019\u00e9nergie, les politiques mon\u00e9taires et de taux de change cristallisent l\u2019attention. Alors que seuls trois pays ont un taux de change flottant, ceux qui ont un r\u00e9gime de change fixe conventionnel ont connu des niveaux d\u2019inflation plus faibles que ceux ayant un r\u00e9gime de change flexible ou un r\u00e9gime de change activement g\u00e9r\u00e9. \u00ab\u00a0<em>En cons\u00e9quence, les grandes unions mon\u00e9taires d\u2019Afrique occidentale et centrale ont pu maintenir des taux d\u2019int\u00e9r\u00eat relativement bas face au resserrement des march\u00e9s mondiaux du cr\u00e9dit.<\/em>\u00a0\u00bb<\/p>\n<p>De plus, face au resserrement des march\u00e9s du cr\u00e9dit, la gestion et la transparence de la dette sont devenues une priorit\u00e9 strat\u00e9gique absolue. L\u2019allongement des \u00e9ch\u00e9ances, qui permet de r\u00e9duire les risques li\u00e9s aux co\u00fbts \u00e9lev\u00e9s de refinancement, procure encore des avantages consid\u00e9rables, et de nombreux pays s\u2019emploient activement \u00e0 reconstituer leur portefeuille. En outre, l\u2019instauration d\u2019une cr\u00e9dibilit\u00e9 \u00e0 long terme gr\u00e2ce \u00e0 des politiques \u00e0 moyen terme transparentes et \u00e0 de robustes cadres juridiques a \u00e9t\u00e9 couronn\u00e9e de succ\u00e8s dans la r\u00e9gion.<\/p>\n<p>Selon le rapport IDA,\u00a0\u00ab\u00a0<em>il est n\u00e9cessaire d\u2019engager des r\u00e9formes du secteur priv\u00e9 pour p\u00e9renniser la croissance \u00e9conomique aux niveaux actuels, d\u2019autant plus que l\u2019\u00e9troitesse des march\u00e9s du cr\u00e9dit et la dette publique \u00e9lev\u00e9e limitent l\u2019investissement public dans de nombreuses r\u00e9gions du continent<\/em>\u00a0\u00bb.<\/p>\n<p>&nbsp;<\/p>\n<p><strong>Am\u00e9liorer l\u2019acc\u00e8s aux march\u00e9s financiers<\/strong><\/p>\n<p>Toutefois, si la volatilit\u00e9 des march\u00e9s mondiaux devait persister, les opportunit\u00e9s offertes par la ZLECAf (Zone de libre-\u00e9change continentale africaine) en mati\u00e8re de commerce international \u00ab\u00a0incitent \u00e0 l\u2019optimisme\u00a0\u00bb, avec un potentiel d\u2019augmentation des recettes de 9 % d\u2019ici 2035, \u00ab\u00a0<em>sous r\u00e9serve d\u2019une mise en \u0153uvre efficace<\/em>\u00a0\u00bb.<\/p>\n<p>IDA constate que malgr\u00e9 les progr\u00e8s des services financiers num\u00e9riques, le recours global au syst\u00e8me financier reste inf\u00e9rieur \u00e0 celui d\u2019autres r\u00e9gions. Le cr\u00e9dit accord\u00e9 au secteur priv\u00e9 a diminu\u00e9 dans certains pays en raison de l\u2019augmentation des emprunts publics aupr\u00e8s des banques commerciales, ce qui entra\u00eene des risques macrofinanciers. Conclusion\u00a0:\u00a0\u00ab\u00a0<em>Il est n\u00e9cessaire d\u2019am\u00e9liorer la solidit\u00e9, l\u2019acc\u00e8s aux services financiers, la stabilit\u00e9 et la surveillance du secteur financier de la r\u00e9gion.\u00a0<\/em>\u00bb<\/p>\n<p>Les pays fragiles d\u2019Afrique subsaharienne sont confront\u00e9s \u00e0 des d\u00e9fis sp\u00e9cifiques en mati\u00e8re de commerce, d\u2019acc\u00e8s au financement et de cadres r\u00e9glementaires. Les barri\u00e8res commerciales et les droits de douane \u00e9lev\u00e9s portent pr\u00e9judice \u00e0 ces pays de mani\u00e8re disproportionn\u00e9e, tandis que les risques politiques et s\u00e9curitaires entravent encore davantage leur acc\u00e8s au financement et limitent donc leur capacit\u00e9 de production.<\/p>\n<p>D\u2019autre part, il subsiste des d\u00e9fis \u00e0 relever dans la r\u00e9alisation de l\u2019\u00e9galit\u00e9 des genres, des progr\u00e8s limit\u00e9s ayant \u00e9t\u00e9 constat\u00e9s dans la promulgation de lois et de politiques promouvant l\u2019\u00e9galit\u00e9 de traitement en mati\u00e8re d\u2019acc\u00e8s et de protection pour les hommes et les femmes. Les pays fragiles et touch\u00e9s par un conflit sont confront\u00e9s \u00e0 des obstacles suppl\u00e9mentaires dans la r\u00e9alisation de l\u2019\u00e9galit\u00e9 des genres.<\/p>\n<p>&nbsp;<\/p>\n<p><strong>N\u2019ab\u00eemons pas nos ressources humaines<\/strong><\/p>\n<p>De m\u00eame, les r\u00e9formes relatives \u00e0 la durabilit\u00e9 environnementale ont progress\u00e9 sur fond de pressions exerc\u00e9es pour soutenir les \u00e9cosyst\u00e8mes vuln\u00e9rables au changement climatique. La politique environnementale a notamment commenc\u00e9 \u00e0 \u00eatre int\u00e9gr\u00e9e dans d\u2019autres domaines politiques, comme en t\u00e9moignent les strat\u00e9gies de redressement \u00ab vertes \u00bb de la Covid-19, la production locale d\u2019\u00e9nergie renouvelable et les projets de gestion durable des terres dans le cadre des programmes de d\u00e9veloppement agricole et rural.<\/p>\n<p><img decoding=\"async\" class=\"alignleft wp-image-76937 lazyloaded\" src=\"https:\/\/magazinedelafrique.com\/wp-content\/uploads\/2023\/09\/CPIA-Afrique-IDA-couv.jpg\" sizes=\"(max-width: 300px) 100vw, 300px\" srcset=\"https:\/\/magazinedelafrique.com\/wp-content\/uploads\/2023\/09\/CPIA-Afrique-IDA-couv.jpg 586w, https:\/\/magazinedelafrique.com\/wp-content\/uploads\/2023\/09\/CPIA-Afrique-IDA-couv-233x300.jpg 233w\" alt=\"\" width=\"300\" height=\"387\" data-srcset=\"https:\/\/magazinedelafrique.com\/wp-content\/uploads\/2023\/09\/CPIA-Afrique-IDA-couv.jpg 586w, https:\/\/magazinedelafrique.com\/wp-content\/uploads\/2023\/09\/CPIA-Afrique-IDA-couv-233x300.jpg 233w\" data-src=\"https:\/\/magazinedelafrique.com\/wp-content\/uploads\/2023\/09\/CPIA-Afrique-IDA-couv.jpg\" data-sizes=\"(max-width: 300px) 100vw, 300px\" \/>Outre \u00ab\u00a0<em>la gouvernance<\/em>\u00a0\u00bb, IDA appelle \u00e0 renforcer \u00ab\u00a0les institutions du secteur public\u00a0\u00bb, mises \u00e0 rude \u00e9preuve durant la pand\u00e9mie, en d\u00e9pit de quelques progr\u00e8s. \u00ab\u00a0<em>La bonne gouvernance et un contrat social solide constituent la cl\u00e9 de vo\u00fbte du d\u00e9veloppement durable en favorisant la stabilit\u00e9, la responsabilit\u00e9, l\u2019efficacit\u00e9 et la confiance des investisseurs<\/em>.\u00a0\u00bb<\/p>\n<p>Parmi les am\u00e9liorations les plus importantes figurent une meilleure gestion des ressources humaines au sein des pouvoirs publics et de la num\u00e9risation des op\u00e9rations et des services gouvernementaux, la gestion num\u00e9rique des ressources humaines combinant les deux dans une poign\u00e9e de pays (dont le B\u00e9nin et la C\u00f4te d\u2019Ivoire).<\/p>\n<p>En revanche, les indicateurs mondiaux de gouvernance de la Banque mondiale ont recul\u00e9 au cours des deux derni\u00e8res d\u00e9cennies en ce qui concerne l\u2019efficacit\u00e9 des pouvoirs publics, la qualit\u00e9 de la r\u00e9glementation, le contr\u00f4le de la corruption et la stabilit\u00e9 politique. Conjointement avec les r\u00e9gressions de la libert\u00e9 de la presse dans certains pays\u00a0; \u00ab\u00a0<em>il s\u2019agit d\u2019une tendance pr\u00e9occupante<\/em>\u00a0\u00bb, avertissent les auteurs.<\/p>\n<p><strong>Le Magazine de l&rsquo;Afrique<\/strong><\/p>\n","protected":false},"excerpt":{"rendered":"<p>Le rapport 2023 de l\u2019IDA rel\u00e8ve que les pays fragiles d\u2019Afrique de l\u2019Ouest et centrale qui b\u00e9n\u00e9ficient d\u2019une union mon\u00e9taire peuvent mieux affronter les tensions&#8230;<\/p>\n","protected":false},"author":1,"featured_media":5274,"comment_status":"closed","ping_status":"open","sticky":false,"template":"","format":"standard","meta":{"_jetpack_memberships_contains_paid_content":false,"footnotes":""},"categories":[15,16],"tags":[],"class_list":["post-5273","post","type-post","status-publish","format-standard","has-post-thumbnail","hentry","category-analyse","category-contribution","wpcat-15-id","wpcat-16-id"],"yoast_head":"<!-- This site is optimized with the Yoast SEO plugin v27.1.1 - https:\/\/yoast.com\/product\/yoast-seo-wordpress\/ -->\n<title>Une r\u00e9silience mise \u00e0 l\u2019\u00e9preuve - challenges economiques<\/title>\n<meta name=\"robots\" content=\"index, follow, max-snippet:-1, max-image-preview:large, max-video-preview:-1\" \/>\n<link rel=\"canonical\" href=\"https:\/\/challengeseconomiques.com\/?p=5273\" \/>\n<meta property=\"og:locale\" content=\"fr_FR\" \/>\n<meta property=\"og:type\" content=\"article\" \/>\n<meta property=\"og:title\" content=\"Une r\u00e9silience mise \u00e0 l\u2019\u00e9preuve - challenges economiques\" \/>\n<meta property=\"og:description\" content=\"Le rapport 2023 de l\u2019IDA rel\u00e8ve que les pays fragiles d\u2019Afrique de l\u2019Ouest et centrale qui b\u00e9n\u00e9ficient d\u2019une union mon\u00e9taire peuvent mieux affronter les tensions...\" \/>\n<meta property=\"og:url\" content=\"https:\/\/challengeseconomiques.com\/?p=5273\" \/>\n<meta property=\"og:site_name\" content=\"challenges economiques\" \/>\n<meta property=\"article:published_time\" content=\"2023-09-16T14:43:33+00:00\" \/>\n<meta property=\"article:modified_time\" content=\"2023-09-16T14:44:20+00:00\" \/>\n<meta property=\"og:image\" content=\"https:\/\/challengeseconomiques.com\/wp-content\/uploads\/2023\/09\/Cotonou-Coton-GDIZ_2-770x470-1.webp\" \/>\n\t<meta property=\"og:image:width\" content=\"770\" \/>\n\t<meta property=\"og:image:height\" content=\"470\" \/>\n\t<meta property=\"og:image:type\" content=\"image\/webp\" \/>\n<meta name=\"author\" content=\"admin\" \/>\n<meta name=\"twitter:card\" content=\"summary_large_image\" \/>\n<meta name=\"twitter:label1\" content=\"\u00c9crit par\" \/>\n\t<meta name=\"twitter:data1\" content=\"admin\" \/>\n\t<meta name=\"twitter:label2\" content=\"Dur\u00e9e de lecture estim\u00e9e\" \/>\n\t<meta name=\"twitter:data2\" content=\"7 minutes\" \/>\n<script type=\"application\/ld+json\" class=\"yoast-schema-graph\">{\"@context\":\"https:\/\/schema.org\",\"@graph\":[{\"@type\":\"Article\",\"@id\":\"https:\/\/challengeseconomiques.com\/?p=5273#article\",\"isPartOf\":{\"@id\":\"https:\/\/challengeseconomiques.com\/?p=5273\"},\"author\":{\"name\":\"admin\",\"@id\":\"https:\/\/challengeseconomiques.com\/#\/schema\/person\/b4568c9afebc5a9238a771873801e349\"},\"headline\":\"Une r\u00e9silience mise \u00e0 l\u2019\u00e9preuve\",\"datePublished\":\"2023-09-16T14:43:33+00:00\",\"dateModified\":\"2023-09-16T14:44:20+00:00\",\"mainEntityOfPage\":{\"@id\":\"https:\/\/challengeseconomiques.com\/?p=5273\"},\"wordCount\":1497,\"image\":{\"@id\":\"https:\/\/challengeseconomiques.com\/?p=5273#primaryimage\"},\"thumbnailUrl\":\"https:\/\/challengeseconomiques.com\/wp-content\/uploads\/2023\/09\/Cotonou-Coton-GDIZ_2-770x470-1.webp\",\"articleSection\":[\"Analyse\",\"Contribution\"],\"inLanguage\":\"fr-FR\"},{\"@type\":\"WebPage\",\"@id\":\"https:\/\/challengeseconomiques.com\/?p=5273\",\"url\":\"https:\/\/challengeseconomiques.com\/?p=5273\",\"name\":\"Une r\u00e9silience mise \u00e0 l\u2019\u00e9preuve - challenges economiques\",\"isPartOf\":{\"@id\":\"https:\/\/challengeseconomiques.com\/#website\"},\"primaryImageOfPage\":{\"@id\":\"https:\/\/challengeseconomiques.com\/?p=5273#primaryimage\"},\"image\":{\"@id\":\"https:\/\/challengeseconomiques.com\/?p=5273#primaryimage\"},\"thumbnailUrl\":\"https:\/\/challengeseconomiques.com\/wp-content\/uploads\/2023\/09\/Cotonou-Coton-GDIZ_2-770x470-1.webp\",\"datePublished\":\"2023-09-16T14:43:33+00:00\",\"dateModified\":\"2023-09-16T14:44:20+00:00\",\"author\":{\"@id\":\"https:\/\/challengeseconomiques.com\/#\/schema\/person\/b4568c9afebc5a9238a771873801e349\"},\"breadcrumb\":{\"@id\":\"https:\/\/challengeseconomiques.com\/?p=5273#breadcrumb\"},\"inLanguage\":\"fr-FR\",\"potentialAction\":[{\"@type\":\"ReadAction\",\"target\":[\"https:\/\/challengeseconomiques.com\/?p=5273\"]}]},{\"@type\":\"ImageObject\",\"inLanguage\":\"fr-FR\",\"@id\":\"https:\/\/challengeseconomiques.com\/?p=5273#primaryimage\",\"url\":\"https:\/\/challengeseconomiques.com\/wp-content\/uploads\/2023\/09\/Cotonou-Coton-GDIZ_2-770x470-1.webp\",\"contentUrl\":\"https:\/\/challengeseconomiques.com\/wp-content\/uploads\/2023\/09\/Cotonou-Coton-GDIZ_2-770x470-1.webp\",\"width\":770,\"height\":470},{\"@type\":\"BreadcrumbList\",\"@id\":\"https:\/\/challengeseconomiques.com\/?p=5273#breadcrumb\",\"itemListElement\":[{\"@type\":\"ListItem\",\"position\":1,\"name\":\"Home\",\"item\":\"https:\/\/challengeseconomiques.com\/\"},{\"@type\":\"ListItem\",\"position\":2,\"name\":\"Une r\u00e9silience mise \u00e0 l\u2019\u00e9preuve\"}]},{\"@type\":\"WebSite\",\"@id\":\"https:\/\/challengeseconomiques.com\/#website\",\"url\":\"https:\/\/challengeseconomiques.com\/\",\"name\":\"challenges economiques\",\"description\":\"\",\"potentialAction\":[{\"@type\":\"SearchAction\",\"target\":{\"@type\":\"EntryPoint\",\"urlTemplate\":\"https:\/\/challengeseconomiques.com\/?s={search_term_string}\"},\"query-input\":{\"@type\":\"PropertyValueSpecification\",\"valueRequired\":true,\"valueName\":\"search_term_string\"}}],\"inLanguage\":\"fr-FR\"},{\"@type\":\"Person\",\"@id\":\"https:\/\/challengeseconomiques.com\/#\/schema\/person\/b4568c9afebc5a9238a771873801e349\",\"name\":\"admin\",\"image\":{\"@type\":\"ImageObject\",\"inLanguage\":\"fr-FR\",\"@id\":\"https:\/\/challengeseconomiques.com\/#\/schema\/person\/image\/\",\"url\":\"https:\/\/secure.gravatar.com\/avatar\/099e42240b5eea11acdb72751fcce0dd918603f0749d24974b7984ea47ed9fd9?s=96&d=mm&r=g\",\"contentUrl\":\"https:\/\/secure.gravatar.com\/avatar\/099e42240b5eea11acdb72751fcce0dd918603f0749d24974b7984ea47ed9fd9?s=96&d=mm&r=g\",\"caption\":\"admin\"},\"sameAs\":[\"https:\/\/challengeseconomiques.com\"],\"url\":\"https:\/\/challengeseconomiques.com\/?author=1\"}]}<\/script>\n<!-- \/ Yoast SEO plugin. -->","yoast_head_json":{"title":"Une r\u00e9silience mise \u00e0 l\u2019\u00e9preuve - challenges economiques","robots":{"index":"index","follow":"follow","max-snippet":"max-snippet:-1","max-image-preview":"max-image-preview:large","max-video-preview":"max-video-preview:-1"},"canonical":"https:\/\/challengeseconomiques.com\/?p=5273","og_locale":"fr_FR","og_type":"article","og_title":"Une r\u00e9silience mise \u00e0 l\u2019\u00e9preuve - challenges economiques","og_description":"Le rapport 2023 de l\u2019IDA rel\u00e8ve que les pays fragiles d\u2019Afrique de l\u2019Ouest et centrale qui b\u00e9n\u00e9ficient d\u2019une union mon\u00e9taire peuvent mieux affronter les tensions...","og_url":"https:\/\/challengeseconomiques.com\/?p=5273","og_site_name":"challenges economiques","article_published_time":"2023-09-16T14:43:33+00:00","article_modified_time":"2023-09-16T14:44:20+00:00","og_image":[{"width":770,"height":470,"url":"https:\/\/challengeseconomiques.com\/wp-content\/uploads\/2023\/09\/Cotonou-Coton-GDIZ_2-770x470-1.webp","type":"image\/webp"}],"author":"admin","twitter_card":"summary_large_image","twitter_misc":{"\u00c9crit par":"admin","Dur\u00e9e de lecture estim\u00e9e":"7 minutes"},"schema":{"@context":"https:\/\/schema.org","@graph":[{"@type":"Article","@id":"https:\/\/challengeseconomiques.com\/?p=5273#article","isPartOf":{"@id":"https:\/\/challengeseconomiques.com\/?p=5273"},"author":{"name":"admin","@id":"https:\/\/challengeseconomiques.com\/#\/schema\/person\/b4568c9afebc5a9238a771873801e349"},"headline":"Une r\u00e9silience mise \u00e0 l\u2019\u00e9preuve","datePublished":"2023-09-16T14:43:33+00:00","dateModified":"2023-09-16T14:44:20+00:00","mainEntityOfPage":{"@id":"https:\/\/challengeseconomiques.com\/?p=5273"},"wordCount":1497,"image":{"@id":"https:\/\/challengeseconomiques.com\/?p=5273#primaryimage"},"thumbnailUrl":"https:\/\/challengeseconomiques.com\/wp-content\/uploads\/2023\/09\/Cotonou-Coton-GDIZ_2-770x470-1.webp","articleSection":["Analyse","Contribution"],"inLanguage":"fr-FR"},{"@type":"WebPage","@id":"https:\/\/challengeseconomiques.com\/?p=5273","url":"https:\/\/challengeseconomiques.com\/?p=5273","name":"Une r\u00e9silience mise \u00e0 l\u2019\u00e9preuve - challenges economiques","isPartOf":{"@id":"https:\/\/challengeseconomiques.com\/#website"},"primaryImageOfPage":{"@id":"https:\/\/challengeseconomiques.com\/?p=5273#primaryimage"},"image":{"@id":"https:\/\/challengeseconomiques.com\/?p=5273#primaryimage"},"thumbnailUrl":"https:\/\/challengeseconomiques.com\/wp-content\/uploads\/2023\/09\/Cotonou-Coton-GDIZ_2-770x470-1.webp","datePublished":"2023-09-16T14:43:33+00:00","dateModified":"2023-09-16T14:44:20+00:00","author":{"@id":"https:\/\/challengeseconomiques.com\/#\/schema\/person\/b4568c9afebc5a9238a771873801e349"},"breadcrumb":{"@id":"https:\/\/challengeseconomiques.com\/?p=5273#breadcrumb"},"inLanguage":"fr-FR","potentialAction":[{"@type":"ReadAction","target":["https:\/\/challengeseconomiques.com\/?p=5273"]}]},{"@type":"ImageObject","inLanguage":"fr-FR","@id":"https:\/\/challengeseconomiques.com\/?p=5273#primaryimage","url":"https:\/\/challengeseconomiques.com\/wp-content\/uploads\/2023\/09\/Cotonou-Coton-GDIZ_2-770x470-1.webp","contentUrl":"https:\/\/challengeseconomiques.com\/wp-content\/uploads\/2023\/09\/Cotonou-Coton-GDIZ_2-770x470-1.webp","width":770,"height":470},{"@type":"BreadcrumbList","@id":"https:\/\/challengeseconomiques.com\/?p=5273#breadcrumb","itemListElement":[{"@type":"ListItem","position":1,"name":"Home","item":"https:\/\/challengeseconomiques.com\/"},{"@type":"ListItem","position":2,"name":"Une r\u00e9silience mise \u00e0 l\u2019\u00e9preuve"}]},{"@type":"WebSite","@id":"https:\/\/challengeseconomiques.com\/#website","url":"https:\/\/challengeseconomiques.com\/","name":"challenges economiques","description":"","potentialAction":[{"@type":"SearchAction","target":{"@type":"EntryPoint","urlTemplate":"https:\/\/challengeseconomiques.com\/?s={search_term_string}"},"query-input":{"@type":"PropertyValueSpecification","valueRequired":true,"valueName":"search_term_string"}}],"inLanguage":"fr-FR"},{"@type":"Person","@id":"https:\/\/challengeseconomiques.com\/#\/schema\/person\/b4568c9afebc5a9238a771873801e349","name":"admin","image":{"@type":"ImageObject","inLanguage":"fr-FR","@id":"https:\/\/challengeseconomiques.com\/#\/schema\/person\/image\/","url":"https:\/\/secure.gravatar.com\/avatar\/099e42240b5eea11acdb72751fcce0dd918603f0749d24974b7984ea47ed9fd9?s=96&d=mm&r=g","contentUrl":"https:\/\/secure.gravatar.com\/avatar\/099e42240b5eea11acdb72751fcce0dd918603f0749d24974b7984ea47ed9fd9?s=96&d=mm&r=g","caption":"admin"},"sameAs":["https:\/\/challengeseconomiques.com"],"url":"https:\/\/challengeseconomiques.com\/?author=1"}]}},"jetpack_featured_media_url":"https:\/\/challengeseconomiques.com\/wp-content\/uploads\/2023\/09\/Cotonou-Coton-GDIZ_2-770x470-1.webp","jetpack_sharing_enabled":true,"_links":{"self":[{"href":"https:\/\/challengeseconomiques.com\/index.php?rest_route=\/wp\/v2\/posts\/5273","targetHints":{"allow":["GET"]}}],"collection":[{"href":"https:\/\/challengeseconomiques.com\/index.php?rest_route=\/wp\/v2\/posts"}],"about":[{"href":"https:\/\/challengeseconomiques.com\/index.php?rest_route=\/wp\/v2\/types\/post"}],"author":[{"embeddable":true,"href":"https:\/\/challengeseconomiques.com\/index.php?rest_route=\/wp\/v2\/users\/1"}],"replies":[{"embeddable":true,"href":"https:\/\/challengeseconomiques.com\/index.php?rest_route=%2Fwp%2Fv2%2Fcomments&post=5273"}],"version-history":[{"count":1,"href":"https:\/\/challengeseconomiques.com\/index.php?rest_route=\/wp\/v2\/posts\/5273\/revisions"}],"predecessor-version":[{"id":5275,"href":"https:\/\/challengeseconomiques.com\/index.php?rest_route=\/wp\/v2\/posts\/5273\/revisions\/5275"}],"wp:featuredmedia":[{"embeddable":true,"href":"https:\/\/challengeseconomiques.com\/index.php?rest_route=\/wp\/v2\/media\/5274"}],"wp:attachment":[{"href":"https:\/\/challengeseconomiques.com\/index.php?rest_route=%2Fwp%2Fv2%2Fmedia&parent=5273"}],"wp:term":[{"taxonomy":"category","embeddable":true,"href":"https:\/\/challengeseconomiques.com\/index.php?rest_route=%2Fwp%2Fv2%2Fcategories&post=5273"},{"taxonomy":"post_tag","embeddable":true,"href":"https:\/\/challengeseconomiques.com\/index.php?rest_route=%2Fwp%2Fv2%2Ftags&post=5273"}],"curies":[{"name":"wp","href":"https:\/\/api.w.org\/{rel}","templated":true}]}}