{"id":5270,"date":"2023-09-15T13:44:32","date_gmt":"2023-09-15T13:44:32","guid":{"rendered":"https:\/\/challengeseconomiques.com\/?p=5270"},"modified":"2023-09-15T13:44:49","modified_gmt":"2023-09-15T13:44:49","slug":"le-groupe-de-la-banque-africaine-de-developpement-et-la-coree-signent-des-accords-de-dons-de-286-millions-de-dollars-pour-soutenir-le-developpement-de-lafrique","status":"publish","type":"post","link":"https:\/\/challengeseconomiques.com\/?p=5270","title":{"rendered":"Le Groupe de la Banque africaine de d\u00e9veloppement et la Cor\u00e9e signent des accords de dons de 28,6 millions de dollars pour soutenir le d\u00e9veloppement de l\u2019Afrique"},"content":{"rendered":"<div class=\"field-item odd\">\n<p><strong>La Banque africaine de d\u00e9veloppement et le gouvernement de la Cor\u00e9e ont sign\u00e9, mercredi 13 septembre 2023, \u00e0 Busan, deux accords de financement pour stimuler le programme de d\u00e9veloppement de l\u2019Afrique d\u2019un montant de 28,6\u00a0millions de dollars.<\/strong><\/p>\n<p>Ce financement vient s\u2019ajouter \u00e0 un cofinancement de 600\u00a0millions de dollars au titre du Cadre d\u2019investissement \u00e9nerg\u00e9tique Cor\u00e9e-Afrique, conclu avec le gouvernement cor\u00e9en en 2021. Ce cadre aide les pays africains \u00e0 renforcer leurs capacit\u00e9s humaines et \u00e0 d\u00e9velopper leur secteur \u00e9nerg\u00e9tique.<\/p>\n<p>Les accords ont \u00e9t\u00e9 sign\u00e9s \u00e0 Busan, lors de la 7e\u00a0conf\u00e9rence minist\u00e9rielle de la coop\u00e9ration \u00e9conomique Cor\u00e9e-Afrique (KOAFEC), organis\u00e9e conjointement par la Banque et la Cor\u00e9e. La KOAFEC a d\u00e9but\u00e9 mardi.<\/p>\n<p>Ce nouveau financement soutiendra principalement l\u2019acc\u00e8s \u00e0 l\u2019\u00e9nergie, la transformation agricole et le renforcement des connaissances et des capacit\u00e9s dans un certain nombre de pays africains. Le financement sera d\u00e9bours\u00e9 en trois tranches\u00a0de 4,6\u00a0millions de dollars en 2023, 24\u00a0millions de dollars en 2024 et 2025 en faveur du Groupe de la Banque africaine de d\u00e9veloppement.<\/p>\n<p>&nbsp;<\/p>\n<p>Le pr\u00e9sident du Groupe de la Banque africaine de d\u00e9veloppement, M.\u00a0Akinwumi Adesina et le vice-Premier ministre et ministre de l\u2019\u00c9conomie et des Finances de la Cor\u00e9e, M.\u00a0Kyungho Choo, ont sign\u00e9 le premier accord d\u2019un montant de 28,6\u00a0millions de dollars.<\/p>\n<p>M.\u00a0Choo a pr\u00e9sent\u00e9 la Cor\u00e9e comme \u00ab\u2009un v\u00e9ritable partenaire pour les pays africains\u2009\u00bb, ajoutant que le gouvernement ferait de son mieux pour contribuer \u00e0 la croissance et au d\u00e9veloppement durables de l\u2019Afrique.<\/p>\n<p>M.\u00a0Adesina a d\u00e9clar\u00e9 que ce financement suppl\u00e9mentaire de la Cor\u00e9e arrivait \u00e0 point nomm\u00e9, au moment m\u00eame o\u00f9 le pays c\u00e9l\u00e8bre le 40e\u00a0anniversaire de son adh\u00e9sion \u00e0 la Banque africaine de d\u00e9veloppement. Il a salu\u00e9 le gouvernement pour son engagement en faveur d\u2019un partenariat solide entre la Banque africaine de d\u00e9veloppement et la Cor\u00e9e.<\/p>\n<p>\u00ab\u2009La relation entre la Cor\u00e9e et l\u2019Afrique est unique\u2009\u00bb, a d\u00e9clar\u00e9 M.\u00a0Adesina. \u00ab\u2009Il y a beaucoup \u00e0 apprendre de la Cor\u00e9e, qui est pass\u00e9e de pays pauvre d\u00e9pendant de l\u2019aide internationale \u00e0 un pays donateur en l\u2019espace d\u2019une seule g\u00e9n\u00e9ration\u2009\u00bb, a ajout\u00e9 M.\u00a0Adesina.<\/p>\n<p>Le second accord, conclu entre la Banque africaine de d\u00e9veloppement et Statistics Korea, renforcera la coop\u00e9ration en mati\u00e8re de statistiques et am\u00e9liorera la capacit\u00e9 des pays africains \u00e0 produire des donn\u00e9es de qualit\u00e9. L\u2019\u00e9conomiste en chef et vice-pr\u00e9sident de la Banque africaine de d\u00e9veloppement, Kevin Urama, et le commissaire de Statistics Korea, Hyoung il Lee, ont sign\u00e9 l\u2019accord au nom de leurs institutions respectives.<\/p>\n<p>Les hauts responsables ont indiqu\u00e9 qu\u2019en vertu de l\u2019accord conclu avec Statistics Korea, une agence du minist\u00e8re de l\u2019\u00c9conomie et des Finances, les deux institutions travailleront ensemble pour sensibiliser aux questions statistiques et partager de nouvelles sources de donn\u00e9es et m\u00e9thodes pour am\u00e9liorer la qualit\u00e9 des statistiques, y compris les m\u00e9gadonn\u00e9es (big data).<\/p>\n<p>Le document de l\u2019accord identifie des domaines de coop\u00e9ration possibles, tels que l\u2019autoroute de l\u2019information africaine de la Banque africaine de d\u00e9veloppement pour une prise de d\u00e9cision fond\u00e9e sur des donn\u00e9es probantes. L\u2019autoroute de l\u2019information africaine est un m\u00e9gar\u00e9seau de plateformes de donn\u00e9es ouvertes reliant \u00e9lectroniquement tous les pays africains et 16\u00a0organisations r\u00e9gionales.<\/p>\n<p>Les chiffres de la Banque africaine de d\u00e9veloppement indiquent que le <a href=\"https:\/\/www.afdb.org\/fr\/news-keywords\/koafec\">Fonds fiduciaire de la coop\u00e9ration \u00e9conomique Cor\u00e9e-Afrique<\/a> est le plus important des fonds fiduciaires bilat\u00e9raux actifs de la Banque en termes de contributions re\u00e7ues et de taille du portefeuille. Le fonds, qui avait re\u00e7u 108\u00a0millions de dollars de contributions au 31\u00a0d\u00e9cembre 2022, a financ\u00e9 203\u00a0projets depuis sa cr\u00e9ation.<\/p>\n<p><strong>BAD<\/strong><\/p>\n<\/div>\n","protected":false},"excerpt":{"rendered":"<p>La Banque africaine de d\u00e9veloppement et le gouvernement de la Cor\u00e9e ont sign\u00e9, mercredi 13 septembre 2023, \u00e0 Busan, deux accords de financement pour stimuler&#8230;<\/p>\n","protected":false},"author":1,"featured_media":5271,"comment_status":"closed","ping_status":"open","sticky":false,"template":"","format":"standard","meta":{"_jetpack_memberships_contains_paid_content":false,"footnotes":""},"categories":[1],"tags":[],"class_list":["post-5270","post","type-post","status-publish","format-standard","has-post-thumbnail","hentry","category-uncategorized","wpcat-1-id"],"yoast_head":"<!-- This site is optimized with the Yoast SEO plugin v27.1.1 - https:\/\/yoast.com\/product\/yoast-seo-wordpress\/ -->\n<title>Le Groupe de la Banque africaine de d\u00e9veloppement et la Cor\u00e9e signent des accords de dons de 28,6 millions de dollars pour soutenir le d\u00e9veloppement de l\u2019Afrique - challenges economiques<\/title>\n<meta name=\"robots\" content=\"index, follow, max-snippet:-1, max-image-preview:large, max-video-preview:-1\" \/>\n<link rel=\"canonical\" href=\"https:\/\/challengeseconomiques.com\/?p=5270\" \/>\n<meta property=\"og:locale\" content=\"fr_FR\" \/>\n<meta property=\"og:type\" content=\"article\" \/>\n<meta property=\"og:title\" content=\"Le Groupe de la Banque africaine de d\u00e9veloppement et la Cor\u00e9e signent des accords de dons de 28,6 millions de dollars pour soutenir le d\u00e9veloppement de l\u2019Afrique - challenges economiques\" \/>\n<meta property=\"og:description\" content=\"La Banque africaine de d\u00e9veloppement et le gouvernement de la Cor\u00e9e ont sign\u00e9, mercredi 13 septembre 2023, \u00e0 Busan, deux accords de financement pour stimuler...\" \/>\n<meta property=\"og:url\" content=\"https:\/\/challengeseconomiques.com\/?p=5270\" \/>\n<meta property=\"og:site_name\" content=\"challenges economiques\" \/>\n<meta property=\"article:published_time\" content=\"2023-09-15T13:44:32+00:00\" \/>\n<meta property=\"article:modified_time\" content=\"2023-09-15T13:44:49+00:00\" \/>\n<meta property=\"og:image\" content=\"https:\/\/challengeseconomiques.com\/wp-content\/uploads\/2023\/09\/a1-koafec-3-photo-2023-09-14-11-51-05.jpg\" \/>\n\t<meta property=\"og:image:width\" content=\"1500\" \/>\n\t<meta property=\"og:image:height\" content=\"769\" \/>\n\t<meta property=\"og:image:type\" content=\"image\/jpeg\" \/>\n<meta name=\"author\" content=\"admin\" \/>\n<meta name=\"twitter:card\" content=\"summary_large_image\" \/>\n<meta name=\"twitter:label1\" content=\"\u00c9crit par\" \/>\n\t<meta name=\"twitter:data1\" content=\"admin\" \/>\n\t<meta name=\"twitter:label2\" content=\"Dur\u00e9e de lecture estim\u00e9e\" \/>\n\t<meta name=\"twitter:data2\" content=\"3 minutes\" \/>\n<script type=\"application\/ld+json\" class=\"yoast-schema-graph\">{\"@context\":\"https:\/\/schema.org\",\"@graph\":[{\"@type\":\"Article\",\"@id\":\"https:\/\/challengeseconomiques.com\/?p=5270#article\",\"isPartOf\":{\"@id\":\"https:\/\/challengeseconomiques.com\/?p=5270\"},\"author\":{\"name\":\"admin\",\"@id\":\"https:\/\/challengeseconomiques.com\/#\/schema\/person\/b4568c9afebc5a9238a771873801e349\"},\"headline\":\"Le Groupe de la Banque africaine de d\u00e9veloppement et la Cor\u00e9e signent des accords de dons de 28,6 millions de dollars pour soutenir le d\u00e9veloppement de l\u2019Afrique\",\"datePublished\":\"2023-09-15T13:44:32+00:00\",\"dateModified\":\"2023-09-15T13:44:49+00:00\",\"mainEntityOfPage\":{\"@id\":\"https:\/\/challengeseconomiques.com\/?p=5270\"},\"wordCount\":683,\"image\":{\"@id\":\"https:\/\/challengeseconomiques.com\/?p=5270#primaryimage\"},\"thumbnailUrl\":\"https:\/\/challengeseconomiques.com\/wp-content\/uploads\/2023\/09\/a1-koafec-3-photo-2023-09-14-11-51-05.jpg\",\"articleSection\":[\"Uncategorized\"],\"inLanguage\":\"fr-FR\"},{\"@type\":\"WebPage\",\"@id\":\"https:\/\/challengeseconomiques.com\/?p=5270\",\"url\":\"https:\/\/challengeseconomiques.com\/?p=5270\",\"name\":\"Le Groupe de la Banque africaine de d\u00e9veloppement et la Cor\u00e9e signent des accords de dons de 28,6 millions de dollars pour soutenir le d\u00e9veloppement de l\u2019Afrique - challenges economiques\",\"isPartOf\":{\"@id\":\"https:\/\/challengeseconomiques.com\/#website\"},\"primaryImageOfPage\":{\"@id\":\"https:\/\/challengeseconomiques.com\/?p=5270#primaryimage\"},\"image\":{\"@id\":\"https:\/\/challengeseconomiques.com\/?p=5270#primaryimage\"},\"thumbnailUrl\":\"https:\/\/challengeseconomiques.com\/wp-content\/uploads\/2023\/09\/a1-koafec-3-photo-2023-09-14-11-51-05.jpg\",\"datePublished\":\"2023-09-15T13:44:32+00:00\",\"dateModified\":\"2023-09-15T13:44:49+00:00\",\"author\":{\"@id\":\"https:\/\/challengeseconomiques.com\/#\/schema\/person\/b4568c9afebc5a9238a771873801e349\"},\"breadcrumb\":{\"@id\":\"https:\/\/challengeseconomiques.com\/?p=5270#breadcrumb\"},\"inLanguage\":\"fr-FR\",\"potentialAction\":[{\"@type\":\"ReadAction\",\"target\":[\"https:\/\/challengeseconomiques.com\/?p=5270\"]}]},{\"@type\":\"ImageObject\",\"inLanguage\":\"fr-FR\",\"@id\":\"https:\/\/challengeseconomiques.com\/?p=5270#primaryimage\",\"url\":\"https:\/\/challengeseconomiques.com\/wp-content\/uploads\/2023\/09\/a1-koafec-3-photo-2023-09-14-11-51-05.jpg\",\"contentUrl\":\"https:\/\/challengeseconomiques.com\/wp-content\/uploads\/2023\/09\/a1-koafec-3-photo-2023-09-14-11-51-05.jpg\",\"width\":1500,\"height\":769},{\"@type\":\"BreadcrumbList\",\"@id\":\"https:\/\/challengeseconomiques.com\/?p=5270#breadcrumb\",\"itemListElement\":[{\"@type\":\"ListItem\",\"position\":1,\"name\":\"Home\",\"item\":\"https:\/\/challengeseconomiques.com\/\"},{\"@type\":\"ListItem\",\"position\":2,\"name\":\"Le Groupe de la Banque africaine de d\u00e9veloppement et la Cor\u00e9e signent des accords de dons de 28,6 millions de dollars pour soutenir le d\u00e9veloppement de l\u2019Afrique\"}]},{\"@type\":\"WebSite\",\"@id\":\"https:\/\/challengeseconomiques.com\/#website\",\"url\":\"https:\/\/challengeseconomiques.com\/\",\"name\":\"challenges economiques\",\"description\":\"\",\"potentialAction\":[{\"@type\":\"SearchAction\",\"target\":{\"@type\":\"EntryPoint\",\"urlTemplate\":\"https:\/\/challengeseconomiques.com\/?s={search_term_string}\"},\"query-input\":{\"@type\":\"PropertyValueSpecification\",\"valueRequired\":true,\"valueName\":\"search_term_string\"}}],\"inLanguage\":\"fr-FR\"},{\"@type\":\"Person\",\"@id\":\"https:\/\/challengeseconomiques.com\/#\/schema\/person\/b4568c9afebc5a9238a771873801e349\",\"name\":\"admin\",\"image\":{\"@type\":\"ImageObject\",\"inLanguage\":\"fr-FR\",\"@id\":\"https:\/\/challengeseconomiques.com\/#\/schema\/person\/image\/\",\"url\":\"https:\/\/secure.gravatar.com\/avatar\/099e42240b5eea11acdb72751fcce0dd918603f0749d24974b7984ea47ed9fd9?s=96&d=mm&r=g\",\"contentUrl\":\"https:\/\/secure.gravatar.com\/avatar\/099e42240b5eea11acdb72751fcce0dd918603f0749d24974b7984ea47ed9fd9?s=96&d=mm&r=g\",\"caption\":\"admin\"},\"sameAs\":[\"https:\/\/challengeseconomiques.com\"],\"url\":\"https:\/\/challengeseconomiques.com\/?author=1\"}]}<\/script>\n<!-- \/ Yoast SEO plugin. -->","yoast_head_json":{"title":"Le Groupe de la Banque africaine de d\u00e9veloppement et la Cor\u00e9e signent des accords de dons de 28,6 millions de dollars pour soutenir le d\u00e9veloppement de l\u2019Afrique - challenges economiques","robots":{"index":"index","follow":"follow","max-snippet":"max-snippet:-1","max-image-preview":"max-image-preview:large","max-video-preview":"max-video-preview:-1"},"canonical":"https:\/\/challengeseconomiques.com\/?p=5270","og_locale":"fr_FR","og_type":"article","og_title":"Le Groupe de la Banque africaine de d\u00e9veloppement et la Cor\u00e9e signent des accords de dons de 28,6 millions de dollars pour soutenir le d\u00e9veloppement de l\u2019Afrique - challenges economiques","og_description":"La Banque africaine de d\u00e9veloppement et le gouvernement de la Cor\u00e9e ont sign\u00e9, mercredi 13 septembre 2023, \u00e0 Busan, deux accords de financement pour stimuler...","og_url":"https:\/\/challengeseconomiques.com\/?p=5270","og_site_name":"challenges economiques","article_published_time":"2023-09-15T13:44:32+00:00","article_modified_time":"2023-09-15T13:44:49+00:00","og_image":[{"width":1500,"height":769,"url":"https:\/\/challengeseconomiques.com\/wp-content\/uploads\/2023\/09\/a1-koafec-3-photo-2023-09-14-11-51-05.jpg","type":"image\/jpeg"}],"author":"admin","twitter_card":"summary_large_image","twitter_misc":{"\u00c9crit par":"admin","Dur\u00e9e de lecture estim\u00e9e":"3 minutes"},"schema":{"@context":"https:\/\/schema.org","@graph":[{"@type":"Article","@id":"https:\/\/challengeseconomiques.com\/?p=5270#article","isPartOf":{"@id":"https:\/\/challengeseconomiques.com\/?p=5270"},"author":{"name":"admin","@id":"https:\/\/challengeseconomiques.com\/#\/schema\/person\/b4568c9afebc5a9238a771873801e349"},"headline":"Le Groupe de la Banque africaine de d\u00e9veloppement et la Cor\u00e9e signent des accords de dons de 28,6 millions de dollars pour soutenir le d\u00e9veloppement de l\u2019Afrique","datePublished":"2023-09-15T13:44:32+00:00","dateModified":"2023-09-15T13:44:49+00:00","mainEntityOfPage":{"@id":"https:\/\/challengeseconomiques.com\/?p=5270"},"wordCount":683,"image":{"@id":"https:\/\/challengeseconomiques.com\/?p=5270#primaryimage"},"thumbnailUrl":"https:\/\/challengeseconomiques.com\/wp-content\/uploads\/2023\/09\/a1-koafec-3-photo-2023-09-14-11-51-05.jpg","articleSection":["Uncategorized"],"inLanguage":"fr-FR"},{"@type":"WebPage","@id":"https:\/\/challengeseconomiques.com\/?p=5270","url":"https:\/\/challengeseconomiques.com\/?p=5270","name":"Le Groupe de la Banque africaine de d\u00e9veloppement et la Cor\u00e9e signent des accords de dons de 28,6 millions de dollars pour soutenir le d\u00e9veloppement de l\u2019Afrique - challenges economiques","isPartOf":{"@id":"https:\/\/challengeseconomiques.com\/#website"},"primaryImageOfPage":{"@id":"https:\/\/challengeseconomiques.com\/?p=5270#primaryimage"},"image":{"@id":"https:\/\/challengeseconomiques.com\/?p=5270#primaryimage"},"thumbnailUrl":"https:\/\/challengeseconomiques.com\/wp-content\/uploads\/2023\/09\/a1-koafec-3-photo-2023-09-14-11-51-05.jpg","datePublished":"2023-09-15T13:44:32+00:00","dateModified":"2023-09-15T13:44:49+00:00","author":{"@id":"https:\/\/challengeseconomiques.com\/#\/schema\/person\/b4568c9afebc5a9238a771873801e349"},"breadcrumb":{"@id":"https:\/\/challengeseconomiques.com\/?p=5270#breadcrumb"},"inLanguage":"fr-FR","potentialAction":[{"@type":"ReadAction","target":["https:\/\/challengeseconomiques.com\/?p=5270"]}]},{"@type":"ImageObject","inLanguage":"fr-FR","@id":"https:\/\/challengeseconomiques.com\/?p=5270#primaryimage","url":"https:\/\/challengeseconomiques.com\/wp-content\/uploads\/2023\/09\/a1-koafec-3-photo-2023-09-14-11-51-05.jpg","contentUrl":"https:\/\/challengeseconomiques.com\/wp-content\/uploads\/2023\/09\/a1-koafec-3-photo-2023-09-14-11-51-05.jpg","width":1500,"height":769},{"@type":"BreadcrumbList","@id":"https:\/\/challengeseconomiques.com\/?p=5270#breadcrumb","itemListElement":[{"@type":"ListItem","position":1,"name":"Home","item":"https:\/\/challengeseconomiques.com\/"},{"@type":"ListItem","position":2,"name":"Le Groupe de la Banque africaine de d\u00e9veloppement et la Cor\u00e9e signent des accords de dons de 28,6 millions de dollars pour soutenir le d\u00e9veloppement de l\u2019Afrique"}]},{"@type":"WebSite","@id":"https:\/\/challengeseconomiques.com\/#website","url":"https:\/\/challengeseconomiques.com\/","name":"challenges economiques","description":"","potentialAction":[{"@type":"SearchAction","target":{"@type":"EntryPoint","urlTemplate":"https:\/\/challengeseconomiques.com\/?s={search_term_string}"},"query-input":{"@type":"PropertyValueSpecification","valueRequired":true,"valueName":"search_term_string"}}],"inLanguage":"fr-FR"},{"@type":"Person","@id":"https:\/\/challengeseconomiques.com\/#\/schema\/person\/b4568c9afebc5a9238a771873801e349","name":"admin","image":{"@type":"ImageObject","inLanguage":"fr-FR","@id":"https:\/\/challengeseconomiques.com\/#\/schema\/person\/image\/","url":"https:\/\/secure.gravatar.com\/avatar\/099e42240b5eea11acdb72751fcce0dd918603f0749d24974b7984ea47ed9fd9?s=96&d=mm&r=g","contentUrl":"https:\/\/secure.gravatar.com\/avatar\/099e42240b5eea11acdb72751fcce0dd918603f0749d24974b7984ea47ed9fd9?s=96&d=mm&r=g","caption":"admin"},"sameAs":["https:\/\/challengeseconomiques.com"],"url":"https:\/\/challengeseconomiques.com\/?author=1"}]}},"jetpack_featured_media_url":"https:\/\/challengeseconomiques.com\/wp-content\/uploads\/2023\/09\/a1-koafec-3-photo-2023-09-14-11-51-05.jpg","jetpack_sharing_enabled":true,"_links":{"self":[{"href":"https:\/\/challengeseconomiques.com\/index.php?rest_route=\/wp\/v2\/posts\/5270","targetHints":{"allow":["GET"]}}],"collection":[{"href":"https:\/\/challengeseconomiques.com\/index.php?rest_route=\/wp\/v2\/posts"}],"about":[{"href":"https:\/\/challengeseconomiques.com\/index.php?rest_route=\/wp\/v2\/types\/post"}],"author":[{"embeddable":true,"href":"https:\/\/challengeseconomiques.com\/index.php?rest_route=\/wp\/v2\/users\/1"}],"replies":[{"embeddable":true,"href":"https:\/\/challengeseconomiques.com\/index.php?rest_route=%2Fwp%2Fv2%2Fcomments&post=5270"}],"version-history":[{"count":1,"href":"https:\/\/challengeseconomiques.com\/index.php?rest_route=\/wp\/v2\/posts\/5270\/revisions"}],"predecessor-version":[{"id":5272,"href":"https:\/\/challengeseconomiques.com\/index.php?rest_route=\/wp\/v2\/posts\/5270\/revisions\/5272"}],"wp:featuredmedia":[{"embeddable":true,"href":"https:\/\/challengeseconomiques.com\/index.php?rest_route=\/wp\/v2\/media\/5271"}],"wp:attachment":[{"href":"https:\/\/challengeseconomiques.com\/index.php?rest_route=%2Fwp%2Fv2%2Fmedia&parent=5270"}],"wp:term":[{"taxonomy":"category","embeddable":true,"href":"https:\/\/challengeseconomiques.com\/index.php?rest_route=%2Fwp%2Fv2%2Fcategories&post=5270"},{"taxonomy":"post_tag","embeddable":true,"href":"https:\/\/challengeseconomiques.com\/index.php?rest_route=%2Fwp%2Fv2%2Ftags&post=5270"}],"curies":[{"name":"wp","href":"https:\/\/api.w.org\/{rel}","templated":true}]}}