{"id":5267,"date":"2023-09-15T13:39:57","date_gmt":"2023-09-15T13:39:57","guid":{"rendered":"https:\/\/challengeseconomiques.com\/?p=5267"},"modified":"2023-09-15T13:40:14","modified_gmt":"2023-09-15T13:40:14","slug":"le-groupe-cofina-obtient-un-pret-de-277-millions-pour-financer-des-pme-agricoles-en-cote-divoire-et-au-senegal","status":"publish","type":"post","link":"https:\/\/challengeseconomiques.com\/?p=5267","title":{"rendered":"Le groupe Cofina obtient un pr\u00eat de 27,7 millions $ pour financer des PME agricoles en C\u00f4te d\u2019Ivoire et au S\u00e9n\u00e9gal"},"content":{"rendered":"<p class=\"texte textearticle\"><strong>L\u2019accord conclu avec la BEI permettra \u00e0 des PME ivoiriennes et s\u00e9n\u00e9galaises de disposer de pr\u00eats \u00e0 long terme et en devise \u00e9trang\u00e8re pour am\u00e9liorer leur productivit\u00e9 agricole, face aux d\u00e9fis climatiques.<\/strong><\/p>\n<p class=\"texte textearticle\">Les filiales en C\u00f4te d\u2019Ivoire et au S\u00e9n\u00e9gal, du groupe de m\u00e9sofinance africain Cofina ont obtenu, jeudi 14 septembre, une ligne de cr\u00e9dit de 16 millions d\u2019euros pour la premi\u00e8re et 10 millions d\u2019euros, pour la seconde, aupr\u00e8s de la Banque europ\u00e9enne d\u2019investissement (BEI).<\/p>\n<p class=\"texte textearticle\">Ce financement, d\u2019un montant global de 26 millions d\u2019euros (27,7 millions\u00a0$), sera r\u00e9troc\u00e9d\u00e9, sous forme de pr\u00eats, \u00e0 des petites et moyennes entreprises (PME) et des entreprises de taille interm\u00e9diaire (ETI), actives dans la cha\u00eene de valeur agricole du cacao, de l\u2019anacarde et des cultures vivri\u00e8res en C\u00f4te d\u2019Ivoire, et des c\u00e9r\u00e9ales et horticulture au S\u00e9n\u00e9gal.<\/p>\n<p class=\"texte textearticle\">Dans ces deux pays francophones ouest-africains, l\u2019acc\u00e8s au financement \u00e0 long terme est l\u2019une des principales contraintes pour les PME et ETI qui \u00e9voluent dans le secteur agricole.<\/p>\n<p class=\"texte textearticle\">L\u2019accord conclu avec la BEI permettra \u00e0 des entreprises priv\u00e9es ivoiriennes et s\u00e9n\u00e9galaises de disposer de pr\u00eats \u00e0 long terme et en devise \u00e9trang\u00e8re (euro) pour am\u00e9liorer leur productivit\u00e9 agricole, face aux d\u00e9fis climatiques. Ce financement sera suivi d\u2019une assistance technique pour une meilleure prise en compte des sp\u00e9cificit\u00e9s des client\u00e8les f\u00e9minines.<\/p>\n<p class=\"texte textearticle\">Pour Amed Si\u00e9, directeur g\u00e9n\u00e9ral de Cofina C\u00f4te d\u2019Ivoire, le partenariat avec la BEI permettra d\u2019\u00e9largir l\u2019accompagnement de la banque au secteur agricole, en touchant des populations rurales au travers des coop\u00e9ratives et associations, et en leur apportant \u00ab\u00a0<em>des solutions qui facilitent l\u2019autonomisation de leur chaine de production jusqu\u2019\u00e0 la transformation des cultures afin de faire d\u2019eux des champions locaux<\/em>\u00a0\u00bb.<\/p>\n<p class=\"texte textearticle\">La BEI qui est pr\u00e9sente en Afrique depuis de nombreuses ann\u00e9es, affirme avoir investi 4,2 milliards d\u2019euros dans des entreprises publiques et priv\u00e9es africaines en 2022, avec pr\u00e8s de 500 millions d\u2019euros pour les r\u00e9gions d\u2019Afrique de l\u2019Ouest et du Centre. Ces engagements ont cibl\u00e9 les secteurs de l\u2019\u00e9nergie, du num\u00e9rique, des soins de sant\u00e9, et des infrastructures d\u2019eau.<\/p>\n<p><strong>(Agence Ecofin)<\/strong><\/p>\n","protected":false},"excerpt":{"rendered":"<p>L\u2019accord conclu avec la BEI permettra \u00e0 des PME ivoiriennes et s\u00e9n\u00e9galaises de disposer de pr\u00eats \u00e0 long terme et en devise \u00e9trang\u00e8re pour am\u00e9liorer&#8230;<\/p>\n","protected":false},"author":1,"featured_media":5268,"comment_status":"closed","ping_status":"open","sticky":false,"template":"","format":"standard","meta":{"_jetpack_memberships_contains_paid_content":false,"footnotes":""},"categories":[8,10],"tags":[],"class_list":["post-5267","post","type-post","status-publish","format-standard","has-post-thumbnail","hentry","category-actualite-economique","category-infos-eco","wpcat-8-id","wpcat-10-id"],"yoast_head":"<!-- This site is optimized with the Yoast SEO plugin v27.1.1 - https:\/\/yoast.com\/product\/yoast-seo-wordpress\/ -->\n<title>Le groupe Cofina obtient un pr\u00eat de 27,7 millions $ pour financer des PME agricoles en C\u00f4te d\u2019Ivoire et au S\u00e9n\u00e9gal - challenges economiques<\/title>\n<meta name=\"robots\" content=\"index, follow, max-snippet:-1, max-image-preview:large, max-video-preview:-1\" \/>\n<link rel=\"canonical\" href=\"https:\/\/challengeseconomiques.com\/?p=5267\" \/>\n<meta property=\"og:locale\" content=\"fr_FR\" \/>\n<meta property=\"og:type\" content=\"article\" \/>\n<meta property=\"og:title\" content=\"Le groupe Cofina obtient un pr\u00eat de 27,7 millions $ pour financer des PME agricoles en C\u00f4te d\u2019Ivoire et au S\u00e9n\u00e9gal - challenges economiques\" \/>\n<meta property=\"og:description\" content=\"L\u2019accord conclu avec la BEI permettra \u00e0 des PME ivoiriennes et s\u00e9n\u00e9galaises de disposer de pr\u00eats \u00e0 long terme et en devise \u00e9trang\u00e8re pour am\u00e9liorer...\" \/>\n<meta property=\"og:url\" content=\"https:\/\/challengeseconomiques.com\/?p=5267\" \/>\n<meta property=\"og:site_name\" content=\"challenges economiques\" \/>\n<meta property=\"article:published_time\" content=\"2023-09-15T13:39:57+00:00\" \/>\n<meta property=\"article:modified_time\" content=\"2023-09-15T13:40:14+00:00\" \/>\n<meta property=\"og:image\" content=\"https:\/\/challengeseconomiques.com\/wp-content\/uploads\/2023\/09\/ECOFIN.jpg\" \/>\n\t<meta property=\"og:image:width\" content=\"450\" \/>\n\t<meta property=\"og:image:height\" content=\"299\" \/>\n\t<meta property=\"og:image:type\" content=\"image\/jpeg\" \/>\n<meta name=\"author\" content=\"admin\" \/>\n<meta name=\"twitter:card\" content=\"summary_large_image\" \/>\n<meta name=\"twitter:label1\" content=\"\u00c9crit par\" \/>\n\t<meta name=\"twitter:data1\" content=\"admin\" \/>\n\t<meta name=\"twitter:label2\" content=\"Dur\u00e9e de lecture estim\u00e9e\" \/>\n\t<meta name=\"twitter:data2\" content=\"2 minutes\" \/>\n<script type=\"application\/ld+json\" class=\"yoast-schema-graph\">{\"@context\":\"https:\/\/schema.org\",\"@graph\":[{\"@type\":\"Article\",\"@id\":\"https:\/\/challengeseconomiques.com\/?p=5267#article\",\"isPartOf\":{\"@id\":\"https:\/\/challengeseconomiques.com\/?p=5267\"},\"author\":{\"name\":\"admin\",\"@id\":\"https:\/\/challengeseconomiques.com\/#\/schema\/person\/b4568c9afebc5a9238a771873801e349\"},\"headline\":\"Le groupe Cofina obtient un pr\u00eat de 27,7 millions $ pour financer des PME agricoles en C\u00f4te d\u2019Ivoire et au S\u00e9n\u00e9gal\",\"datePublished\":\"2023-09-15T13:39:57+00:00\",\"dateModified\":\"2023-09-15T13:40:14+00:00\",\"mainEntityOfPage\":{\"@id\":\"https:\/\/challengeseconomiques.com\/?p=5267\"},\"wordCount\":414,\"image\":{\"@id\":\"https:\/\/challengeseconomiques.com\/?p=5267#primaryimage\"},\"thumbnailUrl\":\"https:\/\/challengeseconomiques.com\/wp-content\/uploads\/2023\/09\/ECOFIN.jpg\",\"articleSection\":[\"Actualit\u00e9 \u00e9conomique\",\"Infos \u00e9co\"],\"inLanguage\":\"fr-FR\"},{\"@type\":\"WebPage\",\"@id\":\"https:\/\/challengeseconomiques.com\/?p=5267\",\"url\":\"https:\/\/challengeseconomiques.com\/?p=5267\",\"name\":\"Le groupe Cofina obtient un pr\u00eat de 27,7 millions $ pour financer des PME agricoles en C\u00f4te d\u2019Ivoire et au S\u00e9n\u00e9gal - challenges economiques\",\"isPartOf\":{\"@id\":\"https:\/\/challengeseconomiques.com\/#website\"},\"primaryImageOfPage\":{\"@id\":\"https:\/\/challengeseconomiques.com\/?p=5267#primaryimage\"},\"image\":{\"@id\":\"https:\/\/challengeseconomiques.com\/?p=5267#primaryimage\"},\"thumbnailUrl\":\"https:\/\/challengeseconomiques.com\/wp-content\/uploads\/2023\/09\/ECOFIN.jpg\",\"datePublished\":\"2023-09-15T13:39:57+00:00\",\"dateModified\":\"2023-09-15T13:40:14+00:00\",\"author\":{\"@id\":\"https:\/\/challengeseconomiques.com\/#\/schema\/person\/b4568c9afebc5a9238a771873801e349\"},\"breadcrumb\":{\"@id\":\"https:\/\/challengeseconomiques.com\/?p=5267#breadcrumb\"},\"inLanguage\":\"fr-FR\",\"potentialAction\":[{\"@type\":\"ReadAction\",\"target\":[\"https:\/\/challengeseconomiques.com\/?p=5267\"]}]},{\"@type\":\"ImageObject\",\"inLanguage\":\"fr-FR\",\"@id\":\"https:\/\/challengeseconomiques.com\/?p=5267#primaryimage\",\"url\":\"https:\/\/challengeseconomiques.com\/wp-content\/uploads\/2023\/09\/ECOFIN.jpg\",\"contentUrl\":\"https:\/\/challengeseconomiques.com\/wp-content\/uploads\/2023\/09\/ECOFIN.jpg\",\"width\":450,\"height\":299},{\"@type\":\"BreadcrumbList\",\"@id\":\"https:\/\/challengeseconomiques.com\/?p=5267#breadcrumb\",\"itemListElement\":[{\"@type\":\"ListItem\",\"position\":1,\"name\":\"Home\",\"item\":\"https:\/\/challengeseconomiques.com\/\"},{\"@type\":\"ListItem\",\"position\":2,\"name\":\"Le groupe Cofina obtient un pr\u00eat de 27,7 millions $ pour financer des PME agricoles en C\u00f4te d\u2019Ivoire et au S\u00e9n\u00e9gal\"}]},{\"@type\":\"WebSite\",\"@id\":\"https:\/\/challengeseconomiques.com\/#website\",\"url\":\"https:\/\/challengeseconomiques.com\/\",\"name\":\"challenges economiques\",\"description\":\"\",\"potentialAction\":[{\"@type\":\"SearchAction\",\"target\":{\"@type\":\"EntryPoint\",\"urlTemplate\":\"https:\/\/challengeseconomiques.com\/?s={search_term_string}\"},\"query-input\":{\"@type\":\"PropertyValueSpecification\",\"valueRequired\":true,\"valueName\":\"search_term_string\"}}],\"inLanguage\":\"fr-FR\"},{\"@type\":\"Person\",\"@id\":\"https:\/\/challengeseconomiques.com\/#\/schema\/person\/b4568c9afebc5a9238a771873801e349\",\"name\":\"admin\",\"image\":{\"@type\":\"ImageObject\",\"inLanguage\":\"fr-FR\",\"@id\":\"https:\/\/challengeseconomiques.com\/#\/schema\/person\/image\/\",\"url\":\"https:\/\/secure.gravatar.com\/avatar\/099e42240b5eea11acdb72751fcce0dd918603f0749d24974b7984ea47ed9fd9?s=96&d=mm&r=g\",\"contentUrl\":\"https:\/\/secure.gravatar.com\/avatar\/099e42240b5eea11acdb72751fcce0dd918603f0749d24974b7984ea47ed9fd9?s=96&d=mm&r=g\",\"caption\":\"admin\"},\"sameAs\":[\"https:\/\/challengeseconomiques.com\"],\"url\":\"https:\/\/challengeseconomiques.com\/?author=1\"}]}<\/script>\n<!-- \/ Yoast SEO plugin. -->","yoast_head_json":{"title":"Le groupe Cofina obtient un pr\u00eat de 27,7 millions $ pour financer des PME agricoles en C\u00f4te d\u2019Ivoire et au S\u00e9n\u00e9gal - challenges economiques","robots":{"index":"index","follow":"follow","max-snippet":"max-snippet:-1","max-image-preview":"max-image-preview:large","max-video-preview":"max-video-preview:-1"},"canonical":"https:\/\/challengeseconomiques.com\/?p=5267","og_locale":"fr_FR","og_type":"article","og_title":"Le groupe Cofina obtient un pr\u00eat de 27,7 millions $ pour financer des PME agricoles en C\u00f4te d\u2019Ivoire et au S\u00e9n\u00e9gal - challenges economiques","og_description":"L\u2019accord conclu avec la BEI permettra \u00e0 des PME ivoiriennes et s\u00e9n\u00e9galaises de disposer de pr\u00eats \u00e0 long terme et en devise \u00e9trang\u00e8re pour am\u00e9liorer...","og_url":"https:\/\/challengeseconomiques.com\/?p=5267","og_site_name":"challenges economiques","article_published_time":"2023-09-15T13:39:57+00:00","article_modified_time":"2023-09-15T13:40:14+00:00","og_image":[{"width":450,"height":299,"url":"https:\/\/challengeseconomiques.com\/wp-content\/uploads\/2023\/09\/ECOFIN.jpg","type":"image\/jpeg"}],"author":"admin","twitter_card":"summary_large_image","twitter_misc":{"\u00c9crit par":"admin","Dur\u00e9e de lecture estim\u00e9e":"2 minutes"},"schema":{"@context":"https:\/\/schema.org","@graph":[{"@type":"Article","@id":"https:\/\/challengeseconomiques.com\/?p=5267#article","isPartOf":{"@id":"https:\/\/challengeseconomiques.com\/?p=5267"},"author":{"name":"admin","@id":"https:\/\/challengeseconomiques.com\/#\/schema\/person\/b4568c9afebc5a9238a771873801e349"},"headline":"Le groupe Cofina obtient un pr\u00eat de 27,7 millions $ pour financer des PME agricoles en C\u00f4te d\u2019Ivoire et au S\u00e9n\u00e9gal","datePublished":"2023-09-15T13:39:57+00:00","dateModified":"2023-09-15T13:40:14+00:00","mainEntityOfPage":{"@id":"https:\/\/challengeseconomiques.com\/?p=5267"},"wordCount":414,"image":{"@id":"https:\/\/challengeseconomiques.com\/?p=5267#primaryimage"},"thumbnailUrl":"https:\/\/challengeseconomiques.com\/wp-content\/uploads\/2023\/09\/ECOFIN.jpg","articleSection":["Actualit\u00e9 \u00e9conomique","Infos \u00e9co"],"inLanguage":"fr-FR"},{"@type":"WebPage","@id":"https:\/\/challengeseconomiques.com\/?p=5267","url":"https:\/\/challengeseconomiques.com\/?p=5267","name":"Le groupe Cofina obtient un pr\u00eat de 27,7 millions $ pour financer des PME agricoles en C\u00f4te d\u2019Ivoire et au S\u00e9n\u00e9gal - challenges economiques","isPartOf":{"@id":"https:\/\/challengeseconomiques.com\/#website"},"primaryImageOfPage":{"@id":"https:\/\/challengeseconomiques.com\/?p=5267#primaryimage"},"image":{"@id":"https:\/\/challengeseconomiques.com\/?p=5267#primaryimage"},"thumbnailUrl":"https:\/\/challengeseconomiques.com\/wp-content\/uploads\/2023\/09\/ECOFIN.jpg","datePublished":"2023-09-15T13:39:57+00:00","dateModified":"2023-09-15T13:40:14+00:00","author":{"@id":"https:\/\/challengeseconomiques.com\/#\/schema\/person\/b4568c9afebc5a9238a771873801e349"},"breadcrumb":{"@id":"https:\/\/challengeseconomiques.com\/?p=5267#breadcrumb"},"inLanguage":"fr-FR","potentialAction":[{"@type":"ReadAction","target":["https:\/\/challengeseconomiques.com\/?p=5267"]}]},{"@type":"ImageObject","inLanguage":"fr-FR","@id":"https:\/\/challengeseconomiques.com\/?p=5267#primaryimage","url":"https:\/\/challengeseconomiques.com\/wp-content\/uploads\/2023\/09\/ECOFIN.jpg","contentUrl":"https:\/\/challengeseconomiques.com\/wp-content\/uploads\/2023\/09\/ECOFIN.jpg","width":450,"height":299},{"@type":"BreadcrumbList","@id":"https:\/\/challengeseconomiques.com\/?p=5267#breadcrumb","itemListElement":[{"@type":"ListItem","position":1,"name":"Home","item":"https:\/\/challengeseconomiques.com\/"},{"@type":"ListItem","position":2,"name":"Le groupe Cofina obtient un pr\u00eat de 27,7 millions $ pour financer des PME agricoles en C\u00f4te d\u2019Ivoire et au S\u00e9n\u00e9gal"}]},{"@type":"WebSite","@id":"https:\/\/challengeseconomiques.com\/#website","url":"https:\/\/challengeseconomiques.com\/","name":"challenges economiques","description":"","potentialAction":[{"@type":"SearchAction","target":{"@type":"EntryPoint","urlTemplate":"https:\/\/challengeseconomiques.com\/?s={search_term_string}"},"query-input":{"@type":"PropertyValueSpecification","valueRequired":true,"valueName":"search_term_string"}}],"inLanguage":"fr-FR"},{"@type":"Person","@id":"https:\/\/challengeseconomiques.com\/#\/schema\/person\/b4568c9afebc5a9238a771873801e349","name":"admin","image":{"@type":"ImageObject","inLanguage":"fr-FR","@id":"https:\/\/challengeseconomiques.com\/#\/schema\/person\/image\/","url":"https:\/\/secure.gravatar.com\/avatar\/099e42240b5eea11acdb72751fcce0dd918603f0749d24974b7984ea47ed9fd9?s=96&d=mm&r=g","contentUrl":"https:\/\/secure.gravatar.com\/avatar\/099e42240b5eea11acdb72751fcce0dd918603f0749d24974b7984ea47ed9fd9?s=96&d=mm&r=g","caption":"admin"},"sameAs":["https:\/\/challengeseconomiques.com"],"url":"https:\/\/challengeseconomiques.com\/?author=1"}]}},"jetpack_featured_media_url":"https:\/\/challengeseconomiques.com\/wp-content\/uploads\/2023\/09\/ECOFIN.jpg","jetpack_sharing_enabled":true,"_links":{"self":[{"href":"https:\/\/challengeseconomiques.com\/index.php?rest_route=\/wp\/v2\/posts\/5267","targetHints":{"allow":["GET"]}}],"collection":[{"href":"https:\/\/challengeseconomiques.com\/index.php?rest_route=\/wp\/v2\/posts"}],"about":[{"href":"https:\/\/challengeseconomiques.com\/index.php?rest_route=\/wp\/v2\/types\/post"}],"author":[{"embeddable":true,"href":"https:\/\/challengeseconomiques.com\/index.php?rest_route=\/wp\/v2\/users\/1"}],"replies":[{"embeddable":true,"href":"https:\/\/challengeseconomiques.com\/index.php?rest_route=%2Fwp%2Fv2%2Fcomments&post=5267"}],"version-history":[{"count":1,"href":"https:\/\/challengeseconomiques.com\/index.php?rest_route=\/wp\/v2\/posts\/5267\/revisions"}],"predecessor-version":[{"id":5269,"href":"https:\/\/challengeseconomiques.com\/index.php?rest_route=\/wp\/v2\/posts\/5267\/revisions\/5269"}],"wp:featuredmedia":[{"embeddable":true,"href":"https:\/\/challengeseconomiques.com\/index.php?rest_route=\/wp\/v2\/media\/5268"}],"wp:attachment":[{"href":"https:\/\/challengeseconomiques.com\/index.php?rest_route=%2Fwp%2Fv2%2Fmedia&parent=5267"}],"wp:term":[{"taxonomy":"category","embeddable":true,"href":"https:\/\/challengeseconomiques.com\/index.php?rest_route=%2Fwp%2Fv2%2Fcategories&post=5267"},{"taxonomy":"post_tag","embeddable":true,"href":"https:\/\/challengeseconomiques.com\/index.php?rest_route=%2Fwp%2Fv2%2Ftags&post=5267"}],"curies":[{"name":"wp","href":"https:\/\/api.w.org\/{rel}","templated":true}]}}