{"id":5264,"date":"2023-09-15T12:48:15","date_gmt":"2023-09-15T12:48:15","guid":{"rendered":"https:\/\/challengeseconomiques.com\/?p=5264"},"modified":"2023-09-15T13:34:12","modified_gmt":"2023-09-15T13:34:12","slug":"senegal-afrique-finance-macky-sall-plaide-pour-lexpansion-de-la-finance-islamique-en-afrique","status":"publish","type":"post","link":"https:\/\/challengeseconomiques.com\/?p=5264","title":{"rendered":"SENEGAL-AFRIQUE-FINANCE \/ Macky Sall plaide pour l\u2019expansion de la finance islamique en Afrique"},"content":{"rendered":"<p><strong>Le pr\u00e9sident de la R\u00e9publique, Macky Sall, laur\u00e9at cette ann\u00e9e du Prix mondial du leadership en finance islamique, a appel\u00e9 les \u00c9tats et les institutions financi\u00e8res d\u2019Afrique \u00e0 faire \u2018\u2019jouer un r\u00f4le encore plus important\u2019\u2019 \u00e0 la finance islamique dans le continent.<\/strong><\/p>\n<p>\u2018\u2019En d\u00e9finitive, au-del\u00e0 du c\u00e9r\u00e9monial, je souhaite que l\u2019\u00e9v\u00e9nement qui nous r\u00e9unit ici contribue \u00e0 nous rendre davantage conscients que la finance islamique peut jouer un r\u00f4le encore plus important au S\u00e9n\u00e9gal et en Afrique\u2019\u2019, a lanc\u00e9 M. Sall.<\/p>\n<p>\u2018\u2019Travaillons ensemble pour relever ce d\u00e9fi\u2019\u2019, a-t-il ajout\u00e9 en pr\u00e9sidant une c\u00e9r\u00e9monie au cours de laquelle le Prix mondial du leadership en finance islamique lui a \u00e9t\u00e9 remis.<\/p>\n<p>La firme Cambridge IFA, bas\u00e9e \u00e0 Londres, et l\u2019Institut africain de la finance islamique, dont le si\u00e8ge est \u00e0 Dakar, ont d\u00e9cern\u00e9 cette distinction au pr\u00e9sident s\u00e9n\u00e9galais pour r\u00e9compenser les \u2018\u2019efforts consid\u00e9rables\u2019\u2019 qu\u2019il a fournis pour le d\u00e9veloppement de la finance islamique dans le continent.<\/p>\n<p>\u2018\u2019Ce prix qui nous est d\u00e9cern\u00e9 est la reconnaissance du travail avis\u00e9 que le S\u00e9n\u00e9gal est en train de faire pour le d\u00e9veloppement de la finance islamique, une activit\u00e9 qui n\u2019est pas encore suffisamment connue et pratiqu\u00e9e dans nos pays\u2019\u2019, a soulign\u00e9 Macky Sall en pr\u00e9sence de repr\u00e9sentants d\u2019institutions financi\u00e8res.<\/p>\n<p>Le pr\u00e9sident de l\u2019Assembl\u00e9e nationale, Amadou Mame Diop, le Premier ministre, Amadou Ba, le pr\u00e9sident du Conseil \u00e9conomique, social et environnemental, Abdoulaye Daouda Diallo, et d\u2019autres personnalit\u00e9s s\u00e9n\u00e9galaises \u00e9taient \u00e9galement pr\u00e9sents.<\/p>\n<p><strong>Une finance rest\u00e9e \u2018\u2019marginale, voire inexistante, dans la majorit\u00e9 des pays africains\u2019\u2019<\/strong><\/p>\n<p>Des entreprises pratiquant la finance islamique ont \u00e9t\u00e9 r\u00e9compens\u00e9es en m\u00eame temps pour les r\u00e9sultats obtenus au cours de cette ann\u00e9e.<\/p>\n<p>\u2018\u2019Je dois saluer les efforts inlassables que Mouhamadou Lamine Mback\u00e9, le directeur de l\u2019Institut africain de la finance islamique, fait dans ce domaine depuis 2010, \u00e0 travers la promotion du Forum international de la finance islamique de Dakar\u2019\u2019, a dit le dirigeant s\u00e9n\u00e9galais.<\/p>\n<p>Il a fait un plaidoyer pour la promotion de cette finance en Afrique, o\u00f9 elle est encore marginale.<\/p>\n<p>\u2018\u2019Les indicateurs montrent que, en plus de certains pays asiatiques \u00e0 forte majorit\u00e9 musulmane, la finance islamique progresse \u00e9galement dans d\u2019autres pays o\u00f9 l\u2019islam est loin d\u2019\u00eatre la religion dominante. Nous avons l\u2019exemple de l\u2019Afrique du Sud\u2019\u2019, a signal\u00e9 Macky Sall.<\/p>\n<p>\u2018\u2019En revanche, elle reste marginale, voire inexistante, dans la majorit\u00e9 des pays africains\u2019\u2019, a-t-il soulign\u00e9.<\/p>\n<p>Selon le pr\u00e9sident de la R\u00e9publique, environ 5 % seulement du \u2018\u2019potentiel de 4.000 milliards de dollars US de la finance islamique\u2019\u2019 se trouvent en Afrique de l\u2019Ouest. \u2018\u2019Et cela (ces 5 %) se concentre dans cinq pays : la C\u00f4te d\u2019Ivoire, le Mali, le S\u00e9n\u00e9gal, le Nigeria et le Togo\u2019\u2019, a-t-il pr\u00e9cis\u00e9.<\/p>\n<p>\u2018\u2019C\u2019est une bonne performance, si on tient compte de l\u2019arriv\u00e9e relativement r\u00e9cente de notre pays sur ce march\u00e9. Nous devons mieux faire pour [d\u00e9velopper] la finance islamique dans l\u2019\u00e9cosyst\u00e8me \u00e9conomique et financier de nos pays\u2019\u2019, a poursuivi Macky Sall.<\/p>\n<p>Pour r\u00e9pandre la finance islamique dans les pays africains, \u2018\u2019il nous faut sans doute former plus d\u2019experts dans ce domaine et faire plus de benchmarking aupr\u00e8s des pays et des institutions partenaires, afin de nous inspirer des meilleures pratiques et de mieux ma\u00eetriser les conditions, modalit\u00e9s et m\u00e9canismes de la finance islamique\u2019\u2019, a recommand\u00e9 M. Sall aux dirigeants et institutions financi\u00e8res du continent.<\/p>\n<p>\u2018\u2019Nous devons diversifier nos sources d\u2019acc\u00e8s au cr\u00e9dit et tirer profit des avantages comparatifs en mati\u00e8re d\u2019investissement et de cr\u00e9dit\u2019\u2019, leur recommande-t-il.<\/p>\n<p>&nbsp;<\/p>\n<p><strong>\u2018\u2019Il y a donc lieu de voir comment la finance islamique pourrait nous accompagner dans la construction des grandes infrastructures\u2019\u2019<\/strong><\/p>\n<p>Les pays en d\u00e9veloppement, ceux d\u2019Afrique notamment, sont oblig\u00e9s de supporter des \u2018\u2019co\u00fbts abusifs\u2019\u2019 lorsqu\u2019ils veulent acc\u00e9der au cr\u00e9dit, a rappel\u00e9 le chef de l\u2019\u00c9tat.<\/p>\n<p>Ce constat lui fait dire qu\u2019\u2018\u2019il y a donc lieu de voir comment la finance islamique pourrait nous accompagner dans la construction des grandes infrastructures, les autoroutes \u00e0 p\u00e9age, les a\u00e9roports, les chemins de fer\u2026\u2019\u2019<\/p>\n<p>Le S\u00e9n\u00e9gal s\u2019est lanc\u00e9 dans la finance islamique en levant des sukuks de 100 milliards de francs CFA en 2014, de 200 milliards en 2016 et de 330 milliards en 2022, a rappel\u00e9 le pr\u00e9sident de la R\u00e9publique.<\/p>\n<p>Les sukuks sont des titres financiers islamiques \u00e9quivalant aux obligations de la finance classique et respectant les pr\u00e9ceptes religieux de la charia, la loi islamique.<\/p>\n<p>Le S\u00e9n\u00e9gal a men\u00e9 plusieurs r\u00e9formes dans le domaine bancaire pour promouvoir la finance islamique, a ajout\u00e9 Macky Sall en citant l\u2019exemple de la loi du 6 mai 2015 sur le waqf \u2013 le waqf d\u00e9signe tout investissement d\u2019une aum\u00f4ne fait dans le but de la rendre perp\u00e9tuelle et profitable \u00e0 la soci\u00e9t\u00e9. S\u2019y ajoute, a-t-il rappel\u00e9, la cr\u00e9ation de la Haute Autorit\u00e9 du waqf, en 2017.<\/p>\n<p>Le S\u00e9n\u00e9gal a \u00e9galement veill\u00e9 \u00e0 l\u2019am\u00e9nagement, dans son code g\u00e9n\u00e9ral des imp\u00f4ts, d\u2019incitations fiscales applicables au waqf et \u00e0 la mise en \u0153uvre des directives de la Banque centrale des \u00c9tats de l\u2019Afrique de l\u2019Ouest relatives aux institutions de finance islamique, selon M. Sall.<\/p>\n<p>\u2018\u2019Dans le m\u00eame esprit de r\u00e9forme et d\u2019adaptation, je salue la r\u00e9vision du cadre r\u00e9glementaire relatif aux instruments financiers islamiques et leur v\u00e9hicule d\u2019\u00e9mission et de gestion dans la zone UEMOA\u2019\u2019, a-t-il soulign\u00e9.<\/p>\n<p>Selon Macky Sall, le volume des actifs de la finance islamique est de 2.698 milliards de dollars US, qui sont r\u00e9partis entre le secteur bancaire, le march\u00e9 des sukuks, les fonds islamiques et les assurances dites \u2018\u2019takaful\u2019\u2019.<\/p>\n<p><strong>APS<\/strong><\/p>\n","protected":false},"excerpt":{"rendered":"<p>Le pr\u00e9sident de la R\u00e9publique, Macky Sall, laur\u00e9at cette ann\u00e9e du Prix mondial du leadership en finance islamique, a appel\u00e9 les \u00c9tats et les institutions&#8230;<\/p>\n","protected":false},"author":1,"featured_media":5266,"comment_status":"closed","ping_status":"open","sticky":false,"template":"","format":"standard","meta":{"_jetpack_memberships_contains_paid_content":false,"footnotes":""},"categories":[23],"tags":[],"class_list":["post-5264","post","type-post","status-publish","format-standard","has-post-thumbnail","hentry","category-a-la-une","wpcat-23-id"],"yoast_head":"<!-- This site is optimized with the Yoast SEO plugin v27.1.1 - https:\/\/yoast.com\/product\/yoast-seo-wordpress\/ -->\n<title>SENEGAL-AFRIQUE-FINANCE \/ Macky Sall plaide pour l\u2019expansion de la finance islamique en Afrique - challenges economiques<\/title>\n<meta name=\"robots\" content=\"index, follow, max-snippet:-1, max-image-preview:large, max-video-preview:-1\" \/>\n<link rel=\"canonical\" href=\"https:\/\/challengeseconomiques.com\/?p=5264\" \/>\n<meta property=\"og:locale\" content=\"fr_FR\" \/>\n<meta property=\"og:type\" content=\"article\" \/>\n<meta property=\"og:title\" content=\"SENEGAL-AFRIQUE-FINANCE \/ Macky Sall plaide pour l\u2019expansion de la finance islamique en Afrique - challenges economiques\" \/>\n<meta property=\"og:description\" content=\"Le pr\u00e9sident de la R\u00e9publique, Macky Sall, laur\u00e9at cette ann\u00e9e du Prix mondial du leadership en finance islamique, a appel\u00e9 les \u00c9tats et les institutions...\" \/>\n<meta property=\"og:url\" content=\"https:\/\/challengeseconomiques.com\/?p=5264\" \/>\n<meta property=\"og:site_name\" content=\"challenges economiques\" \/>\n<meta property=\"article:published_time\" content=\"2023-09-15T12:48:15+00:00\" \/>\n<meta property=\"article:modified_time\" content=\"2023-09-15T13:34:12+00:00\" \/>\n<meta property=\"og:image\" content=\"https:\/\/challengeseconomiques.com\/wp-content\/uploads\/2023\/09\/MACKYFIS.jpg\" \/>\n\t<meta property=\"og:image:width\" content=\"720\" \/>\n\t<meta property=\"og:image:height\" content=\"470\" \/>\n\t<meta property=\"og:image:type\" content=\"image\/jpeg\" \/>\n<meta name=\"author\" content=\"admin\" \/>\n<meta name=\"twitter:card\" content=\"summary_large_image\" \/>\n<meta name=\"twitter:label1\" content=\"\u00c9crit par\" \/>\n\t<meta name=\"twitter:data1\" content=\"admin\" \/>\n\t<meta name=\"twitter:label2\" content=\"Dur\u00e9e de lecture estim\u00e9e\" \/>\n\t<meta name=\"twitter:data2\" content=\"5 minutes\" \/>\n<script type=\"application\/ld+json\" class=\"yoast-schema-graph\">{\"@context\":\"https:\/\/schema.org\",\"@graph\":[{\"@type\":\"Article\",\"@id\":\"https:\/\/challengeseconomiques.com\/?p=5264#article\",\"isPartOf\":{\"@id\":\"https:\/\/challengeseconomiques.com\/?p=5264\"},\"author\":{\"name\":\"admin\",\"@id\":\"https:\/\/challengeseconomiques.com\/#\/schema\/person\/b4568c9afebc5a9238a771873801e349\"},\"headline\":\"SENEGAL-AFRIQUE-FINANCE \/ Macky Sall plaide pour l\u2019expansion de la finance islamique en Afrique\",\"datePublished\":\"2023-09-15T12:48:15+00:00\",\"dateModified\":\"2023-09-15T13:34:12+00:00\",\"mainEntityOfPage\":{\"@id\":\"https:\/\/challengeseconomiques.com\/?p=5264\"},\"wordCount\":1011,\"image\":{\"@id\":\"https:\/\/challengeseconomiques.com\/?p=5264#primaryimage\"},\"thumbnailUrl\":\"https:\/\/challengeseconomiques.com\/wp-content\/uploads\/2023\/09\/MACKYFIS.jpg\",\"articleSection\":[\"A la une\"],\"inLanguage\":\"fr-FR\"},{\"@type\":\"WebPage\",\"@id\":\"https:\/\/challengeseconomiques.com\/?p=5264\",\"url\":\"https:\/\/challengeseconomiques.com\/?p=5264\",\"name\":\"SENEGAL-AFRIQUE-FINANCE \/ Macky Sall plaide pour l\u2019expansion de la finance islamique en Afrique - challenges economiques\",\"isPartOf\":{\"@id\":\"https:\/\/challengeseconomiques.com\/#website\"},\"primaryImageOfPage\":{\"@id\":\"https:\/\/challengeseconomiques.com\/?p=5264#primaryimage\"},\"image\":{\"@id\":\"https:\/\/challengeseconomiques.com\/?p=5264#primaryimage\"},\"thumbnailUrl\":\"https:\/\/challengeseconomiques.com\/wp-content\/uploads\/2023\/09\/MACKYFIS.jpg\",\"datePublished\":\"2023-09-15T12:48:15+00:00\",\"dateModified\":\"2023-09-15T13:34:12+00:00\",\"author\":{\"@id\":\"https:\/\/challengeseconomiques.com\/#\/schema\/person\/b4568c9afebc5a9238a771873801e349\"},\"breadcrumb\":{\"@id\":\"https:\/\/challengeseconomiques.com\/?p=5264#breadcrumb\"},\"inLanguage\":\"fr-FR\",\"potentialAction\":[{\"@type\":\"ReadAction\",\"target\":[\"https:\/\/challengeseconomiques.com\/?p=5264\"]}]},{\"@type\":\"ImageObject\",\"inLanguage\":\"fr-FR\",\"@id\":\"https:\/\/challengeseconomiques.com\/?p=5264#primaryimage\",\"url\":\"https:\/\/challengeseconomiques.com\/wp-content\/uploads\/2023\/09\/MACKYFIS.jpg\",\"contentUrl\":\"https:\/\/challengeseconomiques.com\/wp-content\/uploads\/2023\/09\/MACKYFIS.jpg\",\"width\":720,\"height\":470},{\"@type\":\"BreadcrumbList\",\"@id\":\"https:\/\/challengeseconomiques.com\/?p=5264#breadcrumb\",\"itemListElement\":[{\"@type\":\"ListItem\",\"position\":1,\"name\":\"Home\",\"item\":\"https:\/\/challengeseconomiques.com\/\"},{\"@type\":\"ListItem\",\"position\":2,\"name\":\"SENEGAL-AFRIQUE-FINANCE \/ Macky Sall plaide pour l\u2019expansion de la finance islamique en Afrique\"}]},{\"@type\":\"WebSite\",\"@id\":\"https:\/\/challengeseconomiques.com\/#website\",\"url\":\"https:\/\/challengeseconomiques.com\/\",\"name\":\"challenges economiques\",\"description\":\"\",\"potentialAction\":[{\"@type\":\"SearchAction\",\"target\":{\"@type\":\"EntryPoint\",\"urlTemplate\":\"https:\/\/challengeseconomiques.com\/?s={search_term_string}\"},\"query-input\":{\"@type\":\"PropertyValueSpecification\",\"valueRequired\":true,\"valueName\":\"search_term_string\"}}],\"inLanguage\":\"fr-FR\"},{\"@type\":\"Person\",\"@id\":\"https:\/\/challengeseconomiques.com\/#\/schema\/person\/b4568c9afebc5a9238a771873801e349\",\"name\":\"admin\",\"image\":{\"@type\":\"ImageObject\",\"inLanguage\":\"fr-FR\",\"@id\":\"https:\/\/challengeseconomiques.com\/#\/schema\/person\/image\/\",\"url\":\"https:\/\/secure.gravatar.com\/avatar\/099e42240b5eea11acdb72751fcce0dd918603f0749d24974b7984ea47ed9fd9?s=96&d=mm&r=g\",\"contentUrl\":\"https:\/\/secure.gravatar.com\/avatar\/099e42240b5eea11acdb72751fcce0dd918603f0749d24974b7984ea47ed9fd9?s=96&d=mm&r=g\",\"caption\":\"admin\"},\"sameAs\":[\"https:\/\/challengeseconomiques.com\"],\"url\":\"https:\/\/challengeseconomiques.com\/?author=1\"}]}<\/script>\n<!-- \/ Yoast SEO plugin. -->","yoast_head_json":{"title":"SENEGAL-AFRIQUE-FINANCE \/ Macky Sall plaide pour l\u2019expansion de la finance islamique en Afrique - challenges economiques","robots":{"index":"index","follow":"follow","max-snippet":"max-snippet:-1","max-image-preview":"max-image-preview:large","max-video-preview":"max-video-preview:-1"},"canonical":"https:\/\/challengeseconomiques.com\/?p=5264","og_locale":"fr_FR","og_type":"article","og_title":"SENEGAL-AFRIQUE-FINANCE \/ Macky Sall plaide pour l\u2019expansion de la finance islamique en Afrique - challenges economiques","og_description":"Le pr\u00e9sident de la R\u00e9publique, Macky Sall, laur\u00e9at cette ann\u00e9e du Prix mondial du leadership en finance islamique, a appel\u00e9 les \u00c9tats et les institutions...","og_url":"https:\/\/challengeseconomiques.com\/?p=5264","og_site_name":"challenges economiques","article_published_time":"2023-09-15T12:48:15+00:00","article_modified_time":"2023-09-15T13:34:12+00:00","og_image":[{"width":720,"height":470,"url":"https:\/\/challengeseconomiques.com\/wp-content\/uploads\/2023\/09\/MACKYFIS.jpg","type":"image\/jpeg"}],"author":"admin","twitter_card":"summary_large_image","twitter_misc":{"\u00c9crit par":"admin","Dur\u00e9e de lecture estim\u00e9e":"5 minutes"},"schema":{"@context":"https:\/\/schema.org","@graph":[{"@type":"Article","@id":"https:\/\/challengeseconomiques.com\/?p=5264#article","isPartOf":{"@id":"https:\/\/challengeseconomiques.com\/?p=5264"},"author":{"name":"admin","@id":"https:\/\/challengeseconomiques.com\/#\/schema\/person\/b4568c9afebc5a9238a771873801e349"},"headline":"SENEGAL-AFRIQUE-FINANCE \/ Macky Sall plaide pour l\u2019expansion de la finance islamique en Afrique","datePublished":"2023-09-15T12:48:15+00:00","dateModified":"2023-09-15T13:34:12+00:00","mainEntityOfPage":{"@id":"https:\/\/challengeseconomiques.com\/?p=5264"},"wordCount":1011,"image":{"@id":"https:\/\/challengeseconomiques.com\/?p=5264#primaryimage"},"thumbnailUrl":"https:\/\/challengeseconomiques.com\/wp-content\/uploads\/2023\/09\/MACKYFIS.jpg","articleSection":["A la une"],"inLanguage":"fr-FR"},{"@type":"WebPage","@id":"https:\/\/challengeseconomiques.com\/?p=5264","url":"https:\/\/challengeseconomiques.com\/?p=5264","name":"SENEGAL-AFRIQUE-FINANCE \/ Macky Sall plaide pour l\u2019expansion de la finance islamique en Afrique - challenges economiques","isPartOf":{"@id":"https:\/\/challengeseconomiques.com\/#website"},"primaryImageOfPage":{"@id":"https:\/\/challengeseconomiques.com\/?p=5264#primaryimage"},"image":{"@id":"https:\/\/challengeseconomiques.com\/?p=5264#primaryimage"},"thumbnailUrl":"https:\/\/challengeseconomiques.com\/wp-content\/uploads\/2023\/09\/MACKYFIS.jpg","datePublished":"2023-09-15T12:48:15+00:00","dateModified":"2023-09-15T13:34:12+00:00","author":{"@id":"https:\/\/challengeseconomiques.com\/#\/schema\/person\/b4568c9afebc5a9238a771873801e349"},"breadcrumb":{"@id":"https:\/\/challengeseconomiques.com\/?p=5264#breadcrumb"},"inLanguage":"fr-FR","potentialAction":[{"@type":"ReadAction","target":["https:\/\/challengeseconomiques.com\/?p=5264"]}]},{"@type":"ImageObject","inLanguage":"fr-FR","@id":"https:\/\/challengeseconomiques.com\/?p=5264#primaryimage","url":"https:\/\/challengeseconomiques.com\/wp-content\/uploads\/2023\/09\/MACKYFIS.jpg","contentUrl":"https:\/\/challengeseconomiques.com\/wp-content\/uploads\/2023\/09\/MACKYFIS.jpg","width":720,"height":470},{"@type":"BreadcrumbList","@id":"https:\/\/challengeseconomiques.com\/?p=5264#breadcrumb","itemListElement":[{"@type":"ListItem","position":1,"name":"Home","item":"https:\/\/challengeseconomiques.com\/"},{"@type":"ListItem","position":2,"name":"SENEGAL-AFRIQUE-FINANCE \/ Macky Sall plaide pour l\u2019expansion de la finance islamique en Afrique"}]},{"@type":"WebSite","@id":"https:\/\/challengeseconomiques.com\/#website","url":"https:\/\/challengeseconomiques.com\/","name":"challenges economiques","description":"","potentialAction":[{"@type":"SearchAction","target":{"@type":"EntryPoint","urlTemplate":"https:\/\/challengeseconomiques.com\/?s={search_term_string}"},"query-input":{"@type":"PropertyValueSpecification","valueRequired":true,"valueName":"search_term_string"}}],"inLanguage":"fr-FR"},{"@type":"Person","@id":"https:\/\/challengeseconomiques.com\/#\/schema\/person\/b4568c9afebc5a9238a771873801e349","name":"admin","image":{"@type":"ImageObject","inLanguage":"fr-FR","@id":"https:\/\/challengeseconomiques.com\/#\/schema\/person\/image\/","url":"https:\/\/secure.gravatar.com\/avatar\/099e42240b5eea11acdb72751fcce0dd918603f0749d24974b7984ea47ed9fd9?s=96&d=mm&r=g","contentUrl":"https:\/\/secure.gravatar.com\/avatar\/099e42240b5eea11acdb72751fcce0dd918603f0749d24974b7984ea47ed9fd9?s=96&d=mm&r=g","caption":"admin"},"sameAs":["https:\/\/challengeseconomiques.com"],"url":"https:\/\/challengeseconomiques.com\/?author=1"}]}},"jetpack_featured_media_url":"https:\/\/challengeseconomiques.com\/wp-content\/uploads\/2023\/09\/MACKYFIS.jpg","jetpack_sharing_enabled":true,"_links":{"self":[{"href":"https:\/\/challengeseconomiques.com\/index.php?rest_route=\/wp\/v2\/posts\/5264","targetHints":{"allow":["GET"]}}],"collection":[{"href":"https:\/\/challengeseconomiques.com\/index.php?rest_route=\/wp\/v2\/posts"}],"about":[{"href":"https:\/\/challengeseconomiques.com\/index.php?rest_route=\/wp\/v2\/types\/post"}],"author":[{"embeddable":true,"href":"https:\/\/challengeseconomiques.com\/index.php?rest_route=\/wp\/v2\/users\/1"}],"replies":[{"embeddable":true,"href":"https:\/\/challengeseconomiques.com\/index.php?rest_route=%2Fwp%2Fv2%2Fcomments&post=5264"}],"version-history":[{"count":1,"href":"https:\/\/challengeseconomiques.com\/index.php?rest_route=\/wp\/v2\/posts\/5264\/revisions"}],"predecessor-version":[{"id":5265,"href":"https:\/\/challengeseconomiques.com\/index.php?rest_route=\/wp\/v2\/posts\/5264\/revisions\/5265"}],"wp:featuredmedia":[{"embeddable":true,"href":"https:\/\/challengeseconomiques.com\/index.php?rest_route=\/wp\/v2\/media\/5266"}],"wp:attachment":[{"href":"https:\/\/challengeseconomiques.com\/index.php?rest_route=%2Fwp%2Fv2%2Fmedia&parent=5264"}],"wp:term":[{"taxonomy":"category","embeddable":true,"href":"https:\/\/challengeseconomiques.com\/index.php?rest_route=%2Fwp%2Fv2%2Fcategories&post=5264"},{"taxonomy":"post_tag","embeddable":true,"href":"https:\/\/challengeseconomiques.com\/index.php?rest_route=%2Fwp%2Fv2%2Ftags&post=5264"}],"curies":[{"name":"wp","href":"https:\/\/api.w.org\/{rel}","templated":true}]}}