{"id":5261,"date":"2023-09-15T12:39:59","date_gmt":"2023-09-15T12:39:59","guid":{"rendered":"https:\/\/challengeseconomiques.com\/?p=5261"},"modified":"2023-09-15T12:40:40","modified_gmt":"2023-09-15T12:40:40","slug":"convention-de-partenariat-cciad-asepex-travailler-en-synergie-pour-la-promotion-des-entreprises-senegalaises","status":"publish","type":"post","link":"https:\/\/challengeseconomiques.com\/?p=5261","title":{"rendered":"Convention de partenariat CCIAD-ASEPEX : Travailler en synergie pour la promotion des entreprises s\u00e9n\u00e9galaises"},"content":{"rendered":"<p><strong>En tant que structures d\u2019appui et d\u2019encadrement des entreprises, la Chambre de Commerce, d\u2019Industrie et d\u2019Agriculture de Dakar (CCIAD) et l\u2019Agence S\u00e9n\u00e9galaise pour la Promotion des Exportations (ASEPEX) ont des missions communes. C\u2019est dans ce cadre que les deux Institutions ont nou\u00e9 un partenariat pour faire preuve de plus d\u2019efficience dans leurs interventions en direction des entreprises. <\/strong><\/p>\n<p>La CCIAD et l\u2019ASEPEX ont sign\u00e9 une convention de partenariat, le jeudi 14 septembre 2023 au si\u00e8ge de l\u2019ASEPEX. Les deux structures entendent travailler en synergie pour booster les exportations des entreprises s\u00e9n\u00e9galaises. Elles comptent coordonner leurs actions au profit des PME en termes d\u2019accompagnement, de recherche d\u2019opportunit\u00e9s et de renforcement de capacit\u00e9s.<\/p>\n<p><strong>Synergie garante d\u2019efficacit\u00e9<\/strong><\/p>\n<p>La Directrice g\u00e9n\u00e9rale de l\u2019ASEPEX, Mme Zahra Iyane Thiam a soulign\u00e9 le r\u00f4le central des entreprises exportatrices dans l\u2019\u00e9conomie de notre pays. Dans cette optique, les autorit\u00e9s ont pris des mesures pour favoriser l\u2019\u00e9closion des PME.\u00a0 Pour elle, la signature de la convention avec la CCIAD pr\u00e9sage la mise en \u0153uvre d\u2019actions au b\u00e9n\u00e9fice des entreprises. Mme Thiam est rassur\u00e9e par les perspectives prometteuses d\u2019une telle collaboration, qui va participer \u00e0 l\u2019am\u00e9lioration du climat des affaires et au demeurant constituer un partenariat fructueux pour les deux Institutions.<br \/>\nPour le pr\u00e9sident de la CCIAD, Abdoulaye Sow, la signature de la convention marque une nouvelle approche dans les relations entre les institutions publiques en charge de l\u2019appui des entreprises. Dans un contexte de promotion du commerce intra-africain, M. Sow juge la synergie des actions n\u00e9cessaire et indispensable. Mieux le pr\u00e9sident de la CCIAD consid\u00e8re cette synergie comme un moyen d\u2019aider les PME \u00e0 \u00e9voluer vers un mod\u00e8le \u00e9conomique, \u00a0durable en disposant de produits comp\u00e9titifs destin\u00e9s \u00e0 l\u2019exportation.<\/p>\n<p><strong>Doha, un rendez-vous majeur<\/strong><\/p>\n<p>En outre, Abdoulaye Sow esp\u00e8re que le dispositif en place va participer \u00e0 l\u2019am\u00e9lioration du d\u00e9ficit de la balance commerciale. Pour y parvenir, il invite les acteurs \u00e0 renforcer les capacit\u00e9s productives et \u00e0 d\u00e9velopper les exportations des produits locaux. L\u2019atteinte de ces r\u00e9sultats d\u2019apr\u00e8s lui, n\u00e9cessite pour les deux Institutions de jouer\u00a0la carte de la compl\u00e9mentarit\u00e9 en anticipant sur toutes les initiatives.<br \/>\nLa prochaine \u00e9ch\u00e9ance o\u00f9 la convention entre des deux structures va \u00eatre test\u00e9e est l\u2019Exposition Internationale horticole de Doha, au Qatar pr\u00e9vue du 2 octobre 2023 au 28 mars 2024. Celle-ci est, selon la Directrice g\u00e9n\u00e9rale de l\u2019ASEPEX, une plateforme d\u2019opportunit\u00e9s pour les secteurs priv\u00e9 et public s\u00e9n\u00e9galais. Pour l\u2019\u00e9v\u00e8nement r\u00e9unissant 78 pays, notre pays dispose d\u2019un espace de 1110m<sup>2<\/sup>, informe Mme Zahra Iyane Thiam.<br \/>\nElle ajoute que des stands institutionnels et un site d\u00e9di\u00e9 aux entreprises vont y \u00eatre install\u00e9s. La Directrice g\u00e9n\u00e9rale de l\u2019ASEPEX annonce \u00e9galement qu\u2019une \u00ab\u00a0quinzaine \u00e9conomique\u00bb d\u00e9di\u00e9e aux chambres de commerce de toutes les r\u00e9gions du S\u00e9n\u00e9gal se tiendra \u00e0 Doha, sous la direction de l\u2019ASEPEX, pendant l\u2019exposition.<br \/>\nR\u00e9agissant \u00e0 l\u2019annonce de ce rendez-vous de promotion des entreprises s\u00e9n\u00e9galaises, le pr\u00e9sident de la CCIAD a invit\u00e9 les op\u00e9rateurs \u00e9conomiques \u00e0 se tenir pr\u00eats pour une brillante participation de notre pays.<\/p>\n<p><strong>(BIE)<br \/>\n<\/strong><\/p>\n","protected":false},"excerpt":{"rendered":"<p>En tant que structures d\u2019appui et d\u2019encadrement des entreprises, la Chambre de Commerce, d\u2019Industrie et d\u2019Agriculture de Dakar (CCIAD) et l\u2019Agence S\u00e9n\u00e9galaise pour la Promotion&#8230;<\/p>\n","protected":false},"author":1,"featured_media":5262,"comment_status":"closed","ping_status":"open","sticky":false,"template":"","format":"standard","meta":{"_jetpack_memberships_contains_paid_content":false,"footnotes":""},"categories":[23,10],"tags":[],"class_list":["post-5261","post","type-post","status-publish","format-standard","has-post-thumbnail","hentry","category-a-la-une","category-infos-eco","wpcat-23-id","wpcat-10-id"],"yoast_head":"<!-- This site is optimized with the Yoast SEO plugin v27.1.1 - https:\/\/yoast.com\/product\/yoast-seo-wordpress\/ -->\n<title>Convention de partenariat CCIAD-ASEPEX : Travailler en synergie pour la promotion des entreprises s\u00e9n\u00e9galaises - challenges economiques<\/title>\n<meta name=\"robots\" content=\"index, follow, max-snippet:-1, max-image-preview:large, max-video-preview:-1\" \/>\n<link rel=\"canonical\" href=\"https:\/\/challengeseconomiques.com\/?p=5261\" \/>\n<meta property=\"og:locale\" content=\"fr_FR\" \/>\n<meta property=\"og:type\" content=\"article\" \/>\n<meta property=\"og:title\" content=\"Convention de partenariat CCIAD-ASEPEX : Travailler en synergie pour la promotion des entreprises s\u00e9n\u00e9galaises - challenges economiques\" \/>\n<meta property=\"og:description\" content=\"En tant que structures d\u2019appui et d\u2019encadrement des entreprises, la Chambre de Commerce, d\u2019Industrie et d\u2019Agriculture de Dakar (CCIAD) et l\u2019Agence S\u00e9n\u00e9galaise pour la Promotion...\" \/>\n<meta property=\"og:url\" content=\"https:\/\/challengeseconomiques.com\/?p=5261\" \/>\n<meta property=\"og:site_name\" content=\"challenges economiques\" \/>\n<meta property=\"article:published_time\" content=\"2023-09-15T12:39:59+00:00\" \/>\n<meta property=\"article:modified_time\" content=\"2023-09-15T12:40:40+00:00\" \/>\n<meta property=\"og:image\" content=\"https:\/\/challengeseconomiques.com\/wp-content\/uploads\/2023\/09\/ASEPEX_CCIAD_5.jpeg\" \/>\n\t<meta property=\"og:image:width\" content=\"1080\" \/>\n\t<meta property=\"og:image:height\" content=\"719\" \/>\n\t<meta property=\"og:image:type\" content=\"image\/jpeg\" \/>\n<meta name=\"author\" content=\"admin\" \/>\n<meta name=\"twitter:card\" content=\"summary_large_image\" \/>\n<meta name=\"twitter:label1\" content=\"\u00c9crit par\" \/>\n\t<meta name=\"twitter:data1\" content=\"admin\" \/>\n\t<meta name=\"twitter:label2\" content=\"Dur\u00e9e de lecture estim\u00e9e\" \/>\n\t<meta name=\"twitter:data2\" content=\"3 minutes\" \/>\n<script type=\"application\/ld+json\" class=\"yoast-schema-graph\">{\"@context\":\"https:\/\/schema.org\",\"@graph\":[{\"@type\":\"Article\",\"@id\":\"https:\/\/challengeseconomiques.com\/?p=5261#article\",\"isPartOf\":{\"@id\":\"https:\/\/challengeseconomiques.com\/?p=5261\"},\"author\":{\"name\":\"admin\",\"@id\":\"https:\/\/challengeseconomiques.com\/#\/schema\/person\/b4568c9afebc5a9238a771873801e349\"},\"headline\":\"Convention de partenariat CCIAD-ASEPEX : Travailler en synergie pour la promotion des entreprises s\u00e9n\u00e9galaises\",\"datePublished\":\"2023-09-15T12:39:59+00:00\",\"dateModified\":\"2023-09-15T12:40:40+00:00\",\"mainEntityOfPage\":{\"@id\":\"https:\/\/challengeseconomiques.com\/?p=5261\"},\"wordCount\":582,\"image\":{\"@id\":\"https:\/\/challengeseconomiques.com\/?p=5261#primaryimage\"},\"thumbnailUrl\":\"https:\/\/challengeseconomiques.com\/wp-content\/uploads\/2023\/09\/ASEPEX_CCIAD_5.jpeg\",\"articleSection\":[\"A la une\",\"Infos \u00e9co\"],\"inLanguage\":\"fr-FR\"},{\"@type\":\"WebPage\",\"@id\":\"https:\/\/challengeseconomiques.com\/?p=5261\",\"url\":\"https:\/\/challengeseconomiques.com\/?p=5261\",\"name\":\"Convention de partenariat CCIAD-ASEPEX : Travailler en synergie pour la promotion des entreprises s\u00e9n\u00e9galaises - challenges economiques\",\"isPartOf\":{\"@id\":\"https:\/\/challengeseconomiques.com\/#website\"},\"primaryImageOfPage\":{\"@id\":\"https:\/\/challengeseconomiques.com\/?p=5261#primaryimage\"},\"image\":{\"@id\":\"https:\/\/challengeseconomiques.com\/?p=5261#primaryimage\"},\"thumbnailUrl\":\"https:\/\/challengeseconomiques.com\/wp-content\/uploads\/2023\/09\/ASEPEX_CCIAD_5.jpeg\",\"datePublished\":\"2023-09-15T12:39:59+00:00\",\"dateModified\":\"2023-09-15T12:40:40+00:00\",\"author\":{\"@id\":\"https:\/\/challengeseconomiques.com\/#\/schema\/person\/b4568c9afebc5a9238a771873801e349\"},\"breadcrumb\":{\"@id\":\"https:\/\/challengeseconomiques.com\/?p=5261#breadcrumb\"},\"inLanguage\":\"fr-FR\",\"potentialAction\":[{\"@type\":\"ReadAction\",\"target\":[\"https:\/\/challengeseconomiques.com\/?p=5261\"]}]},{\"@type\":\"ImageObject\",\"inLanguage\":\"fr-FR\",\"@id\":\"https:\/\/challengeseconomiques.com\/?p=5261#primaryimage\",\"url\":\"https:\/\/challengeseconomiques.com\/wp-content\/uploads\/2023\/09\/ASEPEX_CCIAD_5.jpeg\",\"contentUrl\":\"https:\/\/challengeseconomiques.com\/wp-content\/uploads\/2023\/09\/ASEPEX_CCIAD_5.jpeg\",\"width\":1080,\"height\":719},{\"@type\":\"BreadcrumbList\",\"@id\":\"https:\/\/challengeseconomiques.com\/?p=5261#breadcrumb\",\"itemListElement\":[{\"@type\":\"ListItem\",\"position\":1,\"name\":\"Home\",\"item\":\"https:\/\/challengeseconomiques.com\/\"},{\"@type\":\"ListItem\",\"position\":2,\"name\":\"Convention de partenariat CCIAD-ASEPEX : Travailler en synergie pour la promotion des entreprises s\u00e9n\u00e9galaises\"}]},{\"@type\":\"WebSite\",\"@id\":\"https:\/\/challengeseconomiques.com\/#website\",\"url\":\"https:\/\/challengeseconomiques.com\/\",\"name\":\"challenges economiques\",\"description\":\"\",\"potentialAction\":[{\"@type\":\"SearchAction\",\"target\":{\"@type\":\"EntryPoint\",\"urlTemplate\":\"https:\/\/challengeseconomiques.com\/?s={search_term_string}\"},\"query-input\":{\"@type\":\"PropertyValueSpecification\",\"valueRequired\":true,\"valueName\":\"search_term_string\"}}],\"inLanguage\":\"fr-FR\"},{\"@type\":\"Person\",\"@id\":\"https:\/\/challengeseconomiques.com\/#\/schema\/person\/b4568c9afebc5a9238a771873801e349\",\"name\":\"admin\",\"image\":{\"@type\":\"ImageObject\",\"inLanguage\":\"fr-FR\",\"@id\":\"https:\/\/challengeseconomiques.com\/#\/schema\/person\/image\/\",\"url\":\"https:\/\/secure.gravatar.com\/avatar\/099e42240b5eea11acdb72751fcce0dd918603f0749d24974b7984ea47ed9fd9?s=96&d=mm&r=g\",\"contentUrl\":\"https:\/\/secure.gravatar.com\/avatar\/099e42240b5eea11acdb72751fcce0dd918603f0749d24974b7984ea47ed9fd9?s=96&d=mm&r=g\",\"caption\":\"admin\"},\"sameAs\":[\"https:\/\/challengeseconomiques.com\"],\"url\":\"https:\/\/challengeseconomiques.com\/?author=1\"}]}<\/script>\n<!-- \/ Yoast SEO plugin. -->","yoast_head_json":{"title":"Convention de partenariat CCIAD-ASEPEX : Travailler en synergie pour la promotion des entreprises s\u00e9n\u00e9galaises - challenges economiques","robots":{"index":"index","follow":"follow","max-snippet":"max-snippet:-1","max-image-preview":"max-image-preview:large","max-video-preview":"max-video-preview:-1"},"canonical":"https:\/\/challengeseconomiques.com\/?p=5261","og_locale":"fr_FR","og_type":"article","og_title":"Convention de partenariat CCIAD-ASEPEX : Travailler en synergie pour la promotion des entreprises s\u00e9n\u00e9galaises - challenges economiques","og_description":"En tant que structures d\u2019appui et d\u2019encadrement des entreprises, la Chambre de Commerce, d\u2019Industrie et d\u2019Agriculture de Dakar (CCIAD) et l\u2019Agence S\u00e9n\u00e9galaise pour la Promotion...","og_url":"https:\/\/challengeseconomiques.com\/?p=5261","og_site_name":"challenges economiques","article_published_time":"2023-09-15T12:39:59+00:00","article_modified_time":"2023-09-15T12:40:40+00:00","og_image":[{"width":1080,"height":719,"url":"https:\/\/challengeseconomiques.com\/wp-content\/uploads\/2023\/09\/ASEPEX_CCIAD_5.jpeg","type":"image\/jpeg"}],"author":"admin","twitter_card":"summary_large_image","twitter_misc":{"\u00c9crit par":"admin","Dur\u00e9e de lecture estim\u00e9e":"3 minutes"},"schema":{"@context":"https:\/\/schema.org","@graph":[{"@type":"Article","@id":"https:\/\/challengeseconomiques.com\/?p=5261#article","isPartOf":{"@id":"https:\/\/challengeseconomiques.com\/?p=5261"},"author":{"name":"admin","@id":"https:\/\/challengeseconomiques.com\/#\/schema\/person\/b4568c9afebc5a9238a771873801e349"},"headline":"Convention de partenariat CCIAD-ASEPEX : Travailler en synergie pour la promotion des entreprises s\u00e9n\u00e9galaises","datePublished":"2023-09-15T12:39:59+00:00","dateModified":"2023-09-15T12:40:40+00:00","mainEntityOfPage":{"@id":"https:\/\/challengeseconomiques.com\/?p=5261"},"wordCount":582,"image":{"@id":"https:\/\/challengeseconomiques.com\/?p=5261#primaryimage"},"thumbnailUrl":"https:\/\/challengeseconomiques.com\/wp-content\/uploads\/2023\/09\/ASEPEX_CCIAD_5.jpeg","articleSection":["A la une","Infos \u00e9co"],"inLanguage":"fr-FR"},{"@type":"WebPage","@id":"https:\/\/challengeseconomiques.com\/?p=5261","url":"https:\/\/challengeseconomiques.com\/?p=5261","name":"Convention de partenariat CCIAD-ASEPEX : Travailler en synergie pour la promotion des entreprises s\u00e9n\u00e9galaises - challenges economiques","isPartOf":{"@id":"https:\/\/challengeseconomiques.com\/#website"},"primaryImageOfPage":{"@id":"https:\/\/challengeseconomiques.com\/?p=5261#primaryimage"},"image":{"@id":"https:\/\/challengeseconomiques.com\/?p=5261#primaryimage"},"thumbnailUrl":"https:\/\/challengeseconomiques.com\/wp-content\/uploads\/2023\/09\/ASEPEX_CCIAD_5.jpeg","datePublished":"2023-09-15T12:39:59+00:00","dateModified":"2023-09-15T12:40:40+00:00","author":{"@id":"https:\/\/challengeseconomiques.com\/#\/schema\/person\/b4568c9afebc5a9238a771873801e349"},"breadcrumb":{"@id":"https:\/\/challengeseconomiques.com\/?p=5261#breadcrumb"},"inLanguage":"fr-FR","potentialAction":[{"@type":"ReadAction","target":["https:\/\/challengeseconomiques.com\/?p=5261"]}]},{"@type":"ImageObject","inLanguage":"fr-FR","@id":"https:\/\/challengeseconomiques.com\/?p=5261#primaryimage","url":"https:\/\/challengeseconomiques.com\/wp-content\/uploads\/2023\/09\/ASEPEX_CCIAD_5.jpeg","contentUrl":"https:\/\/challengeseconomiques.com\/wp-content\/uploads\/2023\/09\/ASEPEX_CCIAD_5.jpeg","width":1080,"height":719},{"@type":"BreadcrumbList","@id":"https:\/\/challengeseconomiques.com\/?p=5261#breadcrumb","itemListElement":[{"@type":"ListItem","position":1,"name":"Home","item":"https:\/\/challengeseconomiques.com\/"},{"@type":"ListItem","position":2,"name":"Convention de partenariat CCIAD-ASEPEX : Travailler en synergie pour la promotion des entreprises s\u00e9n\u00e9galaises"}]},{"@type":"WebSite","@id":"https:\/\/challengeseconomiques.com\/#website","url":"https:\/\/challengeseconomiques.com\/","name":"challenges economiques","description":"","potentialAction":[{"@type":"SearchAction","target":{"@type":"EntryPoint","urlTemplate":"https:\/\/challengeseconomiques.com\/?s={search_term_string}"},"query-input":{"@type":"PropertyValueSpecification","valueRequired":true,"valueName":"search_term_string"}}],"inLanguage":"fr-FR"},{"@type":"Person","@id":"https:\/\/challengeseconomiques.com\/#\/schema\/person\/b4568c9afebc5a9238a771873801e349","name":"admin","image":{"@type":"ImageObject","inLanguage":"fr-FR","@id":"https:\/\/challengeseconomiques.com\/#\/schema\/person\/image\/","url":"https:\/\/secure.gravatar.com\/avatar\/099e42240b5eea11acdb72751fcce0dd918603f0749d24974b7984ea47ed9fd9?s=96&d=mm&r=g","contentUrl":"https:\/\/secure.gravatar.com\/avatar\/099e42240b5eea11acdb72751fcce0dd918603f0749d24974b7984ea47ed9fd9?s=96&d=mm&r=g","caption":"admin"},"sameAs":["https:\/\/challengeseconomiques.com"],"url":"https:\/\/challengeseconomiques.com\/?author=1"}]}},"jetpack_featured_media_url":"https:\/\/challengeseconomiques.com\/wp-content\/uploads\/2023\/09\/ASEPEX_CCIAD_5.jpeg","jetpack_sharing_enabled":true,"_links":{"self":[{"href":"https:\/\/challengeseconomiques.com\/index.php?rest_route=\/wp\/v2\/posts\/5261","targetHints":{"allow":["GET"]}}],"collection":[{"href":"https:\/\/challengeseconomiques.com\/index.php?rest_route=\/wp\/v2\/posts"}],"about":[{"href":"https:\/\/challengeseconomiques.com\/index.php?rest_route=\/wp\/v2\/types\/post"}],"author":[{"embeddable":true,"href":"https:\/\/challengeseconomiques.com\/index.php?rest_route=\/wp\/v2\/users\/1"}],"replies":[{"embeddable":true,"href":"https:\/\/challengeseconomiques.com\/index.php?rest_route=%2Fwp%2Fv2%2Fcomments&post=5261"}],"version-history":[{"count":1,"href":"https:\/\/challengeseconomiques.com\/index.php?rest_route=\/wp\/v2\/posts\/5261\/revisions"}],"predecessor-version":[{"id":5263,"href":"https:\/\/challengeseconomiques.com\/index.php?rest_route=\/wp\/v2\/posts\/5261\/revisions\/5263"}],"wp:featuredmedia":[{"embeddable":true,"href":"https:\/\/challengeseconomiques.com\/index.php?rest_route=\/wp\/v2\/media\/5262"}],"wp:attachment":[{"href":"https:\/\/challengeseconomiques.com\/index.php?rest_route=%2Fwp%2Fv2%2Fmedia&parent=5261"}],"wp:term":[{"taxonomy":"category","embeddable":true,"href":"https:\/\/challengeseconomiques.com\/index.php?rest_route=%2Fwp%2Fv2%2Fcategories&post=5261"},{"taxonomy":"post_tag","embeddable":true,"href":"https:\/\/challengeseconomiques.com\/index.php?rest_route=%2Fwp%2Fv2%2Ftags&post=5261"}],"curies":[{"name":"wp","href":"https:\/\/api.w.org\/{rel}","templated":true}]}}