{"id":5211,"date":"2023-09-06T12:12:35","date_gmt":"2023-09-06T12:12:35","guid":{"rendered":"https:\/\/challengeseconomiques.com\/?p=5211"},"modified":"2023-09-06T12:12:58","modified_gmt":"2023-09-06T12:12:58","slug":"le-senegal-a-enregistre-en-sept-ans-des-taux-de-pression-fiscale-proches-du-seuil-de-luemoa-selon-un-officiel-senegalais","status":"publish","type":"post","link":"https:\/\/challengeseconomiques.com\/?p=5211","title":{"rendered":"Le S\u00e9n\u00e9gal a enregistr\u00e9 en sept ans des taux de pression fiscale proches du seuil de l\u2019UEMOA, selon un officiel s\u00e9n\u00e9galais"},"content":{"rendered":"<p><strong>Le S\u00e9n\u00e9gal a enregistr\u00e9 de 2015 \u00e0 2022 des taux de pression fiscale proches du seuil communautaire de l\u2019Union \u00e9conomique et mon\u00e9taire ouest-africaine (UEMOA), a-t-on appris mardi de Bassirou Sarr, conseiller technique du ministre s\u00e9n\u00e9galais des Finances et du Budget.<\/strong><\/p>\n<p>\u2018\u2019En d\u00e9pit de la r\u00e9vision \u00e0 la hausse du PIB\u2019\u2019, le produit int\u00e9rieur brut, \u2018\u2019le S\u00e9n\u00e9gal enregistre depuis 2015 des taux de pression fiscale proches du seuil communautaire\u2019\u2019 de l\u2019UEMOA, a dit M. Sarr en intervenant \u00e0 l\u2019ouverture d\u2019un s\u00e9minaire consacr\u00e9 au partage d\u2019exp\u00e9riences en mati\u00e8re de mobilisation de recettes fiscales entre les r\u00e9gies financi\u00e8res des \u00c9tats membres de l\u2019Union.<\/p>\n<p>Le fonctionnaire du minist\u00e8re des Finances et du Budget s\u2019est r\u00e9joui des \u2018\u2019bonnes performances\u2019\u2019 du S\u00e9n\u00e9gal, concernant le taux de pression fiscale, l\u2019instrument de mesure du poids des imp\u00f4ts dans l\u2019\u00e9conomie d\u2019un pays.<\/p>\n<p>\u2018\u2019Le pr\u00e9sent s\u00e9minaire a pour objectif global le partage d\u2019exp\u00e9riences en mati\u00e8re de mobilisation de recettes fiscales entre les r\u00e9gies financi\u00e8res des \u00c9tats membres de l\u2019UEMOA (douanes, imp\u00f4ts, Tr\u00e9sor)\u2019\u2019, a pr\u00e9cis\u00e9 Bassirou Sarr, s\u2019exprimant lors de cette rencontre en tant que repr\u00e9sentent du ministre des Finances et du Budget, Mamadou Moustapha Ba.<\/p>\n<p>La Commission de l\u2019UEMOA a tenu cette rencontre, en suivant les recommandations du Conseil des ministres de l\u2019organisation, pour \u2018\u2019s\u2019enqu\u00e9rir de l\u2019exp\u00e9rience s\u00e9n\u00e9galaise en mati\u00e8re de mobilisation de ressources\u2019\u2019, a-t-il dit.<\/p>\n<p>M. Sarr a exhort\u00e9 les participants \u00e0 \u2018\u2019identifier les bonnes pratiques en mati\u00e8re de mobilisation des principaux imp\u00f4ts et de gestion du personnel des r\u00e9gies financi\u00e8res\u2019\u2019.<\/p>\n<p>\u2018\u2019La mobilisation des recettes internes constitue un d\u00e9fi permanent pour nos \u00c9tats, comme l\u2019attestent si bien les pressions constantes exerc\u00e9es sur les pr\u00e9visions des douanes et des imp\u00f4ts, tout le long du cycle budg\u00e9taire\u2019\u2019, a soulign\u00e9 le conseiller technique du ministre des Finances et du Budget.<\/p>\n<p><strong>\u2018\u2019Faciliter la mise en place des outils de collecte de recettes fiscales les plus performants\u2019\u2019<\/strong><\/p>\n<p>La pression fiscale est importante dans la mesure o\u00f9 \u2018\u2019la collecte optimale des recettes fiscales d\u00e9termine en grande partie la r\u00e9ussite des politiques publiques des \u00c9tats\u2019\u2019, a-t-il soulign\u00e9. \u2018\u2019Elle leur permet de disposer d\u2019un espace budg\u00e9taire cons\u00e9quent pour la mise en \u0153uvre des politiques de croissance inclusive.\u2019\u2019<\/p>\n<p>Bassirou Sarr signale que \u2018\u2019d\u2019importantes r\u00e9formes fiscales sont mises en \u0153uvre au sein des \u00c9tats membres de l\u2019UEMOA, afin de faciliter la mise en place des outils de collecte de recettes fiscales les plus performants\u2019\u2019.<\/p>\n<p>\u2018\u2019La mise en \u0153uvre desdites r\u00e9formes, fait remarquer M. Sarr, a contribu\u00e9 \u00e0 l\u2019am\u00e9lioration du niveau de collecte de l\u2019imp\u00f4t dans l\u2019ensemble des \u00c9tats de l\u2019Union.\u2019\u2019<\/p>\n<p>Bassirou Sarr estime que \u2018\u2019les efforts doivent \u00eatre poursuivis et renforc\u00e9s\u2019\u2019 par les huit \u00c9tats membres de l\u2019UEMOA, afin de porter les recettes fiscales au moins \u00e0 20 % du PIB, comme le recommande le dernier pacte de convergence, de croissance et de stabilit\u00e9 adopt\u00e9 par l\u2019Union.<\/p>\n<p>Mahamadou Gado, le commissaire charg\u00e9 du d\u00e9partement des politiques \u00e9conomiques et de la fiscalit\u00e9 int\u00e9rieure \u00e0 l\u2019Union \u00e9conomique et mon\u00e9taire ouest-africaine, souligne, pour sa part, que \u2018\u2019cette rencontre rev\u00eat une grande importance pour l\u2019am\u00e9lioration de la mobilisation des recettes fiscales en vue d\u2019un d\u00e9veloppement harmonieux des \u00c9tats membres\u2019\u2019 de l\u2019organisation.<\/p>\n<p>\u2018\u2019Je ne doute pas [\u2026] du succ\u00e8s de vos travaux et de la qualit\u00e9 des recommandations et mesures pertinentes imm\u00e9diatement exploitables, qui en d\u00e9couleront\u2019\u2019, a-t-il dit aux repr\u00e9sentants des pays membres de l\u2019organisation communautaire.<\/p>\n<p>\u2018\u2019L\u2019objectif communautaire d\u2019un taux de pression fiscale de 20 % au minimum n\u2019est pas encore atteint\u2019\u2019, parce que \u2018\u2019le taux moyen de pression fiscale de l\u2019Union se situe \u00e0 13,8 % en 2022\u2019\u2019, a expliqu\u00e9 M. Gado.<\/p>\n<p>Il signale que \u2018\u2019la mobilisation optimale des recettes fiscales est \u00e9galement l\u2019une des meilleures conditions pour assurer la viabilit\u00e9 de nos finances publiques et une stabilit\u00e9 macro\u00e9conomique dans un environnement de plus en plus incertain\u2019\u2019.<\/p>\n<p>\u2018\u2019Les recommandations de ce s\u00e9minaire seront port\u00e9es \u00e0 la connaissance de la prochaine session ordinaire du Conseil des ministres de l\u2019Union\u2019\u2019, a assur\u00e9 Mamadou Gado.<\/p>\n<p><strong>(APS)<\/strong><\/p>\n","protected":false},"excerpt":{"rendered":"<p>Le S\u00e9n\u00e9gal a enregistr\u00e9 de 2015 \u00e0 2022 des taux de pression fiscale proches du seuil communautaire de l\u2019Union \u00e9conomique et mon\u00e9taire ouest-africaine (UEMOA), a-t-on&#8230;<\/p>\n","protected":false},"author":1,"featured_media":5212,"comment_status":"closed","ping_status":"open","sticky":false,"template":"","format":"standard","meta":{"_jetpack_memberships_contains_paid_content":false,"footnotes":""},"categories":[23,10],"tags":[],"class_list":["post-5211","post","type-post","status-publish","format-standard","has-post-thumbnail","hentry","category-a-la-une","category-infos-eco","wpcat-23-id","wpcat-10-id"],"yoast_head":"<!-- This site is optimized with the Yoast SEO plugin v27.1.1 - https:\/\/yoast.com\/product\/yoast-seo-wordpress\/ -->\n<title>Le S\u00e9n\u00e9gal a enregistr\u00e9 en sept ans des taux de pression fiscale proches du seuil de l\u2019UEMOA, selon un officiel s\u00e9n\u00e9galais - challenges economiques<\/title>\n<meta name=\"robots\" content=\"index, follow, max-snippet:-1, max-image-preview:large, max-video-preview:-1\" \/>\n<link rel=\"canonical\" href=\"https:\/\/challengeseconomiques.com\/?p=5211\" \/>\n<meta property=\"og:locale\" content=\"fr_FR\" \/>\n<meta property=\"og:type\" content=\"article\" \/>\n<meta property=\"og:title\" content=\"Le S\u00e9n\u00e9gal a enregistr\u00e9 en sept ans des taux de pression fiscale proches du seuil de l\u2019UEMOA, selon un officiel s\u00e9n\u00e9galais - challenges economiques\" \/>\n<meta property=\"og:description\" content=\"Le S\u00e9n\u00e9gal a enregistr\u00e9 de 2015 \u00e0 2022 des taux de pression fiscale proches du seuil communautaire de l\u2019Union \u00e9conomique et mon\u00e9taire ouest-africaine (UEMOA), a-t-on...\" \/>\n<meta property=\"og:url\" content=\"https:\/\/challengeseconomiques.com\/?p=5211\" \/>\n<meta property=\"og:site_name\" content=\"challenges economiques\" \/>\n<meta property=\"article:published_time\" content=\"2023-09-06T12:12:35+00:00\" \/>\n<meta property=\"article:modified_time\" content=\"2023-09-06T12:12:58+00:00\" \/>\n<meta property=\"og:image\" content=\"https:\/\/challengeseconomiques.com\/wp-content\/uploads\/2023\/09\/BASSIROU-SARR.jpg\" \/>\n\t<meta property=\"og:image:width\" content=\"1000\" \/>\n\t<meta property=\"og:image:height\" content=\"750\" \/>\n\t<meta property=\"og:image:type\" content=\"image\/jpeg\" \/>\n<meta name=\"author\" content=\"admin\" \/>\n<meta name=\"twitter:card\" content=\"summary_large_image\" \/>\n<meta name=\"twitter:label1\" content=\"\u00c9crit par\" \/>\n\t<meta name=\"twitter:data1\" content=\"admin\" \/>\n\t<meta name=\"twitter:label2\" content=\"Dur\u00e9e de lecture estim\u00e9e\" \/>\n\t<meta name=\"twitter:data2\" content=\"4 minutes\" \/>\n<script type=\"application\/ld+json\" class=\"yoast-schema-graph\">{\"@context\":\"https:\/\/schema.org\",\"@graph\":[{\"@type\":\"Article\",\"@id\":\"https:\/\/challengeseconomiques.com\/?p=5211#article\",\"isPartOf\":{\"@id\":\"https:\/\/challengeseconomiques.com\/?p=5211\"},\"author\":{\"name\":\"admin\",\"@id\":\"https:\/\/challengeseconomiques.com\/#\/schema\/person\/b4568c9afebc5a9238a771873801e349\"},\"headline\":\"Le S\u00e9n\u00e9gal a enregistr\u00e9 en sept ans des taux de pression fiscale proches du seuil de l\u2019UEMOA, selon un officiel s\u00e9n\u00e9galais\",\"datePublished\":\"2023-09-06T12:12:35+00:00\",\"dateModified\":\"2023-09-06T12:12:58+00:00\",\"mainEntityOfPage\":{\"@id\":\"https:\/\/challengeseconomiques.com\/?p=5211\"},\"wordCount\":750,\"image\":{\"@id\":\"https:\/\/challengeseconomiques.com\/?p=5211#primaryimage\"},\"thumbnailUrl\":\"https:\/\/challengeseconomiques.com\/wp-content\/uploads\/2023\/09\/BASSIROU-SARR.jpg\",\"articleSection\":[\"A la une\",\"Infos \u00e9co\"],\"inLanguage\":\"fr-FR\"},{\"@type\":\"WebPage\",\"@id\":\"https:\/\/challengeseconomiques.com\/?p=5211\",\"url\":\"https:\/\/challengeseconomiques.com\/?p=5211\",\"name\":\"Le S\u00e9n\u00e9gal a enregistr\u00e9 en sept ans des taux de pression fiscale proches du seuil de l\u2019UEMOA, selon un officiel s\u00e9n\u00e9galais - challenges economiques\",\"isPartOf\":{\"@id\":\"https:\/\/challengeseconomiques.com\/#website\"},\"primaryImageOfPage\":{\"@id\":\"https:\/\/challengeseconomiques.com\/?p=5211#primaryimage\"},\"image\":{\"@id\":\"https:\/\/challengeseconomiques.com\/?p=5211#primaryimage\"},\"thumbnailUrl\":\"https:\/\/challengeseconomiques.com\/wp-content\/uploads\/2023\/09\/BASSIROU-SARR.jpg\",\"datePublished\":\"2023-09-06T12:12:35+00:00\",\"dateModified\":\"2023-09-06T12:12:58+00:00\",\"author\":{\"@id\":\"https:\/\/challengeseconomiques.com\/#\/schema\/person\/b4568c9afebc5a9238a771873801e349\"},\"breadcrumb\":{\"@id\":\"https:\/\/challengeseconomiques.com\/?p=5211#breadcrumb\"},\"inLanguage\":\"fr-FR\",\"potentialAction\":[{\"@type\":\"ReadAction\",\"target\":[\"https:\/\/challengeseconomiques.com\/?p=5211\"]}]},{\"@type\":\"ImageObject\",\"inLanguage\":\"fr-FR\",\"@id\":\"https:\/\/challengeseconomiques.com\/?p=5211#primaryimage\",\"url\":\"https:\/\/challengeseconomiques.com\/wp-content\/uploads\/2023\/09\/BASSIROU-SARR.jpg\",\"contentUrl\":\"https:\/\/challengeseconomiques.com\/wp-content\/uploads\/2023\/09\/BASSIROU-SARR.jpg\",\"width\":1000,\"height\":750},{\"@type\":\"BreadcrumbList\",\"@id\":\"https:\/\/challengeseconomiques.com\/?p=5211#breadcrumb\",\"itemListElement\":[{\"@type\":\"ListItem\",\"position\":1,\"name\":\"Home\",\"item\":\"https:\/\/challengeseconomiques.com\/\"},{\"@type\":\"ListItem\",\"position\":2,\"name\":\"Le S\u00e9n\u00e9gal a enregistr\u00e9 en sept ans des taux de pression fiscale proches du seuil de l\u2019UEMOA, selon un officiel s\u00e9n\u00e9galais\"}]},{\"@type\":\"WebSite\",\"@id\":\"https:\/\/challengeseconomiques.com\/#website\",\"url\":\"https:\/\/challengeseconomiques.com\/\",\"name\":\"challenges economiques\",\"description\":\"\",\"potentialAction\":[{\"@type\":\"SearchAction\",\"target\":{\"@type\":\"EntryPoint\",\"urlTemplate\":\"https:\/\/challengeseconomiques.com\/?s={search_term_string}\"},\"query-input\":{\"@type\":\"PropertyValueSpecification\",\"valueRequired\":true,\"valueName\":\"search_term_string\"}}],\"inLanguage\":\"fr-FR\"},{\"@type\":\"Person\",\"@id\":\"https:\/\/challengeseconomiques.com\/#\/schema\/person\/b4568c9afebc5a9238a771873801e349\",\"name\":\"admin\",\"image\":{\"@type\":\"ImageObject\",\"inLanguage\":\"fr-FR\",\"@id\":\"https:\/\/challengeseconomiques.com\/#\/schema\/person\/image\/\",\"url\":\"https:\/\/secure.gravatar.com\/avatar\/099e42240b5eea11acdb72751fcce0dd918603f0749d24974b7984ea47ed9fd9?s=96&d=mm&r=g\",\"contentUrl\":\"https:\/\/secure.gravatar.com\/avatar\/099e42240b5eea11acdb72751fcce0dd918603f0749d24974b7984ea47ed9fd9?s=96&d=mm&r=g\",\"caption\":\"admin\"},\"sameAs\":[\"https:\/\/challengeseconomiques.com\"],\"url\":\"https:\/\/challengeseconomiques.com\/?author=1\"}]}<\/script>\n<!-- \/ Yoast SEO plugin. -->","yoast_head_json":{"title":"Le S\u00e9n\u00e9gal a enregistr\u00e9 en sept ans des taux de pression fiscale proches du seuil de l\u2019UEMOA, selon un officiel s\u00e9n\u00e9galais - challenges economiques","robots":{"index":"index","follow":"follow","max-snippet":"max-snippet:-1","max-image-preview":"max-image-preview:large","max-video-preview":"max-video-preview:-1"},"canonical":"https:\/\/challengeseconomiques.com\/?p=5211","og_locale":"fr_FR","og_type":"article","og_title":"Le S\u00e9n\u00e9gal a enregistr\u00e9 en sept ans des taux de pression fiscale proches du seuil de l\u2019UEMOA, selon un officiel s\u00e9n\u00e9galais - challenges economiques","og_description":"Le S\u00e9n\u00e9gal a enregistr\u00e9 de 2015 \u00e0 2022 des taux de pression fiscale proches du seuil communautaire de l\u2019Union \u00e9conomique et mon\u00e9taire ouest-africaine (UEMOA), a-t-on...","og_url":"https:\/\/challengeseconomiques.com\/?p=5211","og_site_name":"challenges economiques","article_published_time":"2023-09-06T12:12:35+00:00","article_modified_time":"2023-09-06T12:12:58+00:00","og_image":[{"width":1000,"height":750,"url":"https:\/\/challengeseconomiques.com\/wp-content\/uploads\/2023\/09\/BASSIROU-SARR.jpg","type":"image\/jpeg"}],"author":"admin","twitter_card":"summary_large_image","twitter_misc":{"\u00c9crit par":"admin","Dur\u00e9e de lecture estim\u00e9e":"4 minutes"},"schema":{"@context":"https:\/\/schema.org","@graph":[{"@type":"Article","@id":"https:\/\/challengeseconomiques.com\/?p=5211#article","isPartOf":{"@id":"https:\/\/challengeseconomiques.com\/?p=5211"},"author":{"name":"admin","@id":"https:\/\/challengeseconomiques.com\/#\/schema\/person\/b4568c9afebc5a9238a771873801e349"},"headline":"Le S\u00e9n\u00e9gal a enregistr\u00e9 en sept ans des taux de pression fiscale proches du seuil de l\u2019UEMOA, selon un officiel s\u00e9n\u00e9galais","datePublished":"2023-09-06T12:12:35+00:00","dateModified":"2023-09-06T12:12:58+00:00","mainEntityOfPage":{"@id":"https:\/\/challengeseconomiques.com\/?p=5211"},"wordCount":750,"image":{"@id":"https:\/\/challengeseconomiques.com\/?p=5211#primaryimage"},"thumbnailUrl":"https:\/\/challengeseconomiques.com\/wp-content\/uploads\/2023\/09\/BASSIROU-SARR.jpg","articleSection":["A la une","Infos \u00e9co"],"inLanguage":"fr-FR"},{"@type":"WebPage","@id":"https:\/\/challengeseconomiques.com\/?p=5211","url":"https:\/\/challengeseconomiques.com\/?p=5211","name":"Le S\u00e9n\u00e9gal a enregistr\u00e9 en sept ans des taux de pression fiscale proches du seuil de l\u2019UEMOA, selon un officiel s\u00e9n\u00e9galais - challenges economiques","isPartOf":{"@id":"https:\/\/challengeseconomiques.com\/#website"},"primaryImageOfPage":{"@id":"https:\/\/challengeseconomiques.com\/?p=5211#primaryimage"},"image":{"@id":"https:\/\/challengeseconomiques.com\/?p=5211#primaryimage"},"thumbnailUrl":"https:\/\/challengeseconomiques.com\/wp-content\/uploads\/2023\/09\/BASSIROU-SARR.jpg","datePublished":"2023-09-06T12:12:35+00:00","dateModified":"2023-09-06T12:12:58+00:00","author":{"@id":"https:\/\/challengeseconomiques.com\/#\/schema\/person\/b4568c9afebc5a9238a771873801e349"},"breadcrumb":{"@id":"https:\/\/challengeseconomiques.com\/?p=5211#breadcrumb"},"inLanguage":"fr-FR","potentialAction":[{"@type":"ReadAction","target":["https:\/\/challengeseconomiques.com\/?p=5211"]}]},{"@type":"ImageObject","inLanguage":"fr-FR","@id":"https:\/\/challengeseconomiques.com\/?p=5211#primaryimage","url":"https:\/\/challengeseconomiques.com\/wp-content\/uploads\/2023\/09\/BASSIROU-SARR.jpg","contentUrl":"https:\/\/challengeseconomiques.com\/wp-content\/uploads\/2023\/09\/BASSIROU-SARR.jpg","width":1000,"height":750},{"@type":"BreadcrumbList","@id":"https:\/\/challengeseconomiques.com\/?p=5211#breadcrumb","itemListElement":[{"@type":"ListItem","position":1,"name":"Home","item":"https:\/\/challengeseconomiques.com\/"},{"@type":"ListItem","position":2,"name":"Le S\u00e9n\u00e9gal a enregistr\u00e9 en sept ans des taux de pression fiscale proches du seuil de l\u2019UEMOA, selon un officiel s\u00e9n\u00e9galais"}]},{"@type":"WebSite","@id":"https:\/\/challengeseconomiques.com\/#website","url":"https:\/\/challengeseconomiques.com\/","name":"challenges economiques","description":"","potentialAction":[{"@type":"SearchAction","target":{"@type":"EntryPoint","urlTemplate":"https:\/\/challengeseconomiques.com\/?s={search_term_string}"},"query-input":{"@type":"PropertyValueSpecification","valueRequired":true,"valueName":"search_term_string"}}],"inLanguage":"fr-FR"},{"@type":"Person","@id":"https:\/\/challengeseconomiques.com\/#\/schema\/person\/b4568c9afebc5a9238a771873801e349","name":"admin","image":{"@type":"ImageObject","inLanguage":"fr-FR","@id":"https:\/\/challengeseconomiques.com\/#\/schema\/person\/image\/","url":"https:\/\/secure.gravatar.com\/avatar\/099e42240b5eea11acdb72751fcce0dd918603f0749d24974b7984ea47ed9fd9?s=96&d=mm&r=g","contentUrl":"https:\/\/secure.gravatar.com\/avatar\/099e42240b5eea11acdb72751fcce0dd918603f0749d24974b7984ea47ed9fd9?s=96&d=mm&r=g","caption":"admin"},"sameAs":["https:\/\/challengeseconomiques.com"],"url":"https:\/\/challengeseconomiques.com\/?author=1"}]}},"jetpack_featured_media_url":"https:\/\/challengeseconomiques.com\/wp-content\/uploads\/2023\/09\/BASSIROU-SARR.jpg","jetpack_sharing_enabled":true,"_links":{"self":[{"href":"https:\/\/challengeseconomiques.com\/index.php?rest_route=\/wp\/v2\/posts\/5211","targetHints":{"allow":["GET"]}}],"collection":[{"href":"https:\/\/challengeseconomiques.com\/index.php?rest_route=\/wp\/v2\/posts"}],"about":[{"href":"https:\/\/challengeseconomiques.com\/index.php?rest_route=\/wp\/v2\/types\/post"}],"author":[{"embeddable":true,"href":"https:\/\/challengeseconomiques.com\/index.php?rest_route=\/wp\/v2\/users\/1"}],"replies":[{"embeddable":true,"href":"https:\/\/challengeseconomiques.com\/index.php?rest_route=%2Fwp%2Fv2%2Fcomments&post=5211"}],"version-history":[{"count":1,"href":"https:\/\/challengeseconomiques.com\/index.php?rest_route=\/wp\/v2\/posts\/5211\/revisions"}],"predecessor-version":[{"id":5213,"href":"https:\/\/challengeseconomiques.com\/index.php?rest_route=\/wp\/v2\/posts\/5211\/revisions\/5213"}],"wp:featuredmedia":[{"embeddable":true,"href":"https:\/\/challengeseconomiques.com\/index.php?rest_route=\/wp\/v2\/media\/5212"}],"wp:attachment":[{"href":"https:\/\/challengeseconomiques.com\/index.php?rest_route=%2Fwp%2Fv2%2Fmedia&parent=5211"}],"wp:term":[{"taxonomy":"category","embeddable":true,"href":"https:\/\/challengeseconomiques.com\/index.php?rest_route=%2Fwp%2Fv2%2Fcategories&post=5211"},{"taxonomy":"post_tag","embeddable":true,"href":"https:\/\/challengeseconomiques.com\/index.php?rest_route=%2Fwp%2Fv2%2Ftags&post=5211"}],"curies":[{"name":"wp","href":"https:\/\/api.w.org\/{rel}","templated":true}]}}