{"id":5205,"date":"2023-09-03T12:38:03","date_gmt":"2023-09-03T12:38:03","guid":{"rendered":"https:\/\/challengeseconomiques.com\/?p=5205"},"modified":"2023-09-03T12:38:29","modified_gmt":"2023-09-03T12:38:29","slug":"bloomberg-veut-former-des-journalistes-specialises-en-finances-en-cote-divoire-et-au-senegal","status":"publish","type":"post","link":"https:\/\/challengeseconomiques.com\/?p=5205","title":{"rendered":"Bloomberg veut former des journalistes sp\u00e9cialis\u00e9s en finances en C\u00f4te d\u2019Ivoire et au S\u00e9n\u00e9gal"},"content":{"rendered":"<p class=\"texte textearticle\"><strong>Dans le cadre des activit\u00e9s de son initiative Global Business and Financial Education Program, Bloomberg a form\u00e9 entre 2015 et 2022 des journalistes sp\u00e9cialis\u00e9s en finances au Kenya, au Nig\u00e9ria, en Afrique du Sud, au Ghana, en Zambie et en Tanzanie. Cette fois, l\u2019initiative vise les journalistes ivoiriens et s\u00e9n\u00e9galais.<\/strong><strong>\u00a0<\/strong><\/p>\n<p class=\"texte textearticle\">Le Bloomberg Media Initiatives Africa (BMIA) vient d\u2019annoncer, en partenariat avec l&rsquo;Institut des Sciences et Techniques de la Communication (ISTC) de C\u00f4te d&rsquo;Ivoire, le lancement, le 8 octobre, d\u2019une formation en journalisme financier en C\u00f4te d\u2019Ivoire et au S\u00e9n\u00e9gal. L\u2019information a \u00e9t\u00e9 communiqu\u00e9e le 31 aout par les organisateurs de la formation.<\/p>\n<p class=\"texte textearticle\">\u00a0<em>\u00ab\u00a0Cette initiative a pour but de renforcer les capacit\u00e9s des journalistes \u00e0 pouvoir couvrir l&rsquo;actualit\u00e9 \u00e9conomique et financi\u00e8re dans nos pays, nos r\u00e9gions et m\u00eame au-del\u00e0. Elle se tiendra<\/em> <em>\u00e0 la fois \u00e0 Abidjan et \u00e0 Dakar [\u2026] sur 7 mois et une fois ou deux fois par mois, les auditeurs admis viendront en pr\u00e9sentiel. La formation devrait se terminer en fin mai 2024 avec une c\u00e9r\u00e9monie de remise de certification. Son co\u00fbt est environ de 250 dollars\u00a0\u00bb<\/em>, a d\u00e9clar\u00e9 \u00c9ric Soubeiga, le conseiller de Bloomberg media initiatives Africa.<\/p>\n<p class=\"texte textearticle\"><em>\u00ab\u00a0L&rsquo;information financi\u00e8re est l&rsquo;\u00e9pine dorsale de tout march\u00e9 \u00e9conomique. Elle stimule la confiance des investisseurs et soutient la croissance \u00e9conomique. Un m\u00e9dia sp\u00e9cialis\u00e9 enrichit ce paysage en fournissant des analyses pr\u00e9cieuses et des outils d&rsquo;aide \u00e0 la d\u00e9cision\u00a0\u00bb<\/em>, a compl\u00e9t\u00e9 Konat\u00e9 Scheinfora, charg\u00e9e de marketing du projet.<\/p>\n<p class=\"texte textearticle\">Entre 2018 et 2022, ce programme de formation a \u00e9t\u00e9 dispens\u00e9 au Ghana, en Zambie et en Tanzanie. Avant cela, entre 2015 et 2017, Bloomberg a organis\u00e9 la m\u00eame formation au Kenya, au Nig\u00e9ria et en Afrique du Sud.<\/p>\n<p><strong><em>(Agence Ecofin) <\/em><\/strong><\/p>\n","protected":false},"excerpt":{"rendered":"<p>Dans le cadre des activit\u00e9s de son initiative Global Business and Financial Education Program, Bloomberg a form\u00e9 entre 2015 et 2022 des journalistes sp\u00e9cialis\u00e9s en&#8230;<\/p>\n","protected":false},"author":1,"featured_media":5206,"comment_status":"closed","ping_status":"open","sticky":false,"template":"","format":"standard","meta":{"_jetpack_memberships_contains_paid_content":false,"footnotes":""},"categories":[8],"tags":[],"class_list":["post-5205","post","type-post","status-publish","format-standard","has-post-thumbnail","hentry","category-actualite-economique","wpcat-8-id"],"yoast_head":"<!-- This site is optimized with the Yoast SEO plugin v27.1.1 - https:\/\/yoast.com\/product\/yoast-seo-wordpress\/ -->\n<title>Bloomberg veut former des journalistes sp\u00e9cialis\u00e9s en finances en C\u00f4te d\u2019Ivoire et au S\u00e9n\u00e9gal - challenges economiques<\/title>\n<meta name=\"robots\" content=\"index, follow, max-snippet:-1, max-image-preview:large, max-video-preview:-1\" \/>\n<link rel=\"canonical\" href=\"https:\/\/challengeseconomiques.com\/?p=5205\" \/>\n<meta property=\"og:locale\" content=\"fr_FR\" \/>\n<meta property=\"og:type\" content=\"article\" \/>\n<meta property=\"og:title\" content=\"Bloomberg veut former des journalistes sp\u00e9cialis\u00e9s en finances en C\u00f4te d\u2019Ivoire et au S\u00e9n\u00e9gal - challenges economiques\" \/>\n<meta property=\"og:description\" content=\"Dans le cadre des activit\u00e9s de son initiative Global Business and Financial Education Program, Bloomberg a form\u00e9 entre 2015 et 2022 des journalistes sp\u00e9cialis\u00e9s en...\" \/>\n<meta property=\"og:url\" content=\"https:\/\/challengeseconomiques.com\/?p=5205\" \/>\n<meta property=\"og:site_name\" content=\"challenges economiques\" \/>\n<meta property=\"article:published_time\" content=\"2023-09-03T12:38:03+00:00\" \/>\n<meta property=\"article:modified_time\" content=\"2023-09-03T12:38:29+00:00\" \/>\n<meta property=\"og:image\" content=\"https:\/\/challengeseconomiques.com\/wp-content\/uploads\/2023\/09\/JOURNALISM-FIN.jpg\" \/>\n\t<meta property=\"og:image:width\" content=\"612\" \/>\n\t<meta property=\"og:image:height\" content=\"428\" \/>\n\t<meta property=\"og:image:type\" content=\"image\/jpeg\" \/>\n<meta name=\"author\" content=\"admin\" \/>\n<meta name=\"twitter:card\" content=\"summary_large_image\" \/>\n<meta name=\"twitter:label1\" content=\"\u00c9crit par\" \/>\n\t<meta name=\"twitter:data1\" content=\"admin\" \/>\n\t<meta name=\"twitter:label2\" content=\"Dur\u00e9e de lecture estim\u00e9e\" \/>\n\t<meta name=\"twitter:data2\" content=\"1 minute\" \/>\n<script type=\"application\/ld+json\" class=\"yoast-schema-graph\">{\"@context\":\"https:\/\/schema.org\",\"@graph\":[{\"@type\":\"Article\",\"@id\":\"https:\/\/challengeseconomiques.com\/?p=5205#article\",\"isPartOf\":{\"@id\":\"https:\/\/challengeseconomiques.com\/?p=5205\"},\"author\":{\"name\":\"admin\",\"@id\":\"https:\/\/challengeseconomiques.com\/#\/schema\/person\/b4568c9afebc5a9238a771873801e349\"},\"headline\":\"Bloomberg veut former des journalistes sp\u00e9cialis\u00e9s en finances en C\u00f4te d\u2019Ivoire et au S\u00e9n\u00e9gal\",\"datePublished\":\"2023-09-03T12:38:03+00:00\",\"dateModified\":\"2023-09-03T12:38:29+00:00\",\"mainEntityOfPage\":{\"@id\":\"https:\/\/challengeseconomiques.com\/?p=5205\"},\"wordCount\":322,\"image\":{\"@id\":\"https:\/\/challengeseconomiques.com\/?p=5205#primaryimage\"},\"thumbnailUrl\":\"https:\/\/challengeseconomiques.com\/wp-content\/uploads\/2023\/09\/JOURNALISM-FIN.jpg\",\"articleSection\":[\"Actualit\u00e9 \u00e9conomique\"],\"inLanguage\":\"fr-FR\"},{\"@type\":\"WebPage\",\"@id\":\"https:\/\/challengeseconomiques.com\/?p=5205\",\"url\":\"https:\/\/challengeseconomiques.com\/?p=5205\",\"name\":\"Bloomberg veut former des journalistes sp\u00e9cialis\u00e9s en finances en C\u00f4te d\u2019Ivoire et au S\u00e9n\u00e9gal - challenges economiques\",\"isPartOf\":{\"@id\":\"https:\/\/challengeseconomiques.com\/#website\"},\"primaryImageOfPage\":{\"@id\":\"https:\/\/challengeseconomiques.com\/?p=5205#primaryimage\"},\"image\":{\"@id\":\"https:\/\/challengeseconomiques.com\/?p=5205#primaryimage\"},\"thumbnailUrl\":\"https:\/\/challengeseconomiques.com\/wp-content\/uploads\/2023\/09\/JOURNALISM-FIN.jpg\",\"datePublished\":\"2023-09-03T12:38:03+00:00\",\"dateModified\":\"2023-09-03T12:38:29+00:00\",\"author\":{\"@id\":\"https:\/\/challengeseconomiques.com\/#\/schema\/person\/b4568c9afebc5a9238a771873801e349\"},\"breadcrumb\":{\"@id\":\"https:\/\/challengeseconomiques.com\/?p=5205#breadcrumb\"},\"inLanguage\":\"fr-FR\",\"potentialAction\":[{\"@type\":\"ReadAction\",\"target\":[\"https:\/\/challengeseconomiques.com\/?p=5205\"]}]},{\"@type\":\"ImageObject\",\"inLanguage\":\"fr-FR\",\"@id\":\"https:\/\/challengeseconomiques.com\/?p=5205#primaryimage\",\"url\":\"https:\/\/challengeseconomiques.com\/wp-content\/uploads\/2023\/09\/JOURNALISM-FIN.jpg\",\"contentUrl\":\"https:\/\/challengeseconomiques.com\/wp-content\/uploads\/2023\/09\/JOURNALISM-FIN.jpg\",\"width\":612,\"height\":428,\"caption\":\"Chart diagrams and Business with financial symbols\"},{\"@type\":\"BreadcrumbList\",\"@id\":\"https:\/\/challengeseconomiques.com\/?p=5205#breadcrumb\",\"itemListElement\":[{\"@type\":\"ListItem\",\"position\":1,\"name\":\"Home\",\"item\":\"https:\/\/challengeseconomiques.com\/\"},{\"@type\":\"ListItem\",\"position\":2,\"name\":\"Bloomberg veut former des journalistes sp\u00e9cialis\u00e9s en finances en C\u00f4te d\u2019Ivoire et au S\u00e9n\u00e9gal\"}]},{\"@type\":\"WebSite\",\"@id\":\"https:\/\/challengeseconomiques.com\/#website\",\"url\":\"https:\/\/challengeseconomiques.com\/\",\"name\":\"challenges economiques\",\"description\":\"\",\"potentialAction\":[{\"@type\":\"SearchAction\",\"target\":{\"@type\":\"EntryPoint\",\"urlTemplate\":\"https:\/\/challengeseconomiques.com\/?s={search_term_string}\"},\"query-input\":{\"@type\":\"PropertyValueSpecification\",\"valueRequired\":true,\"valueName\":\"search_term_string\"}}],\"inLanguage\":\"fr-FR\"},{\"@type\":\"Person\",\"@id\":\"https:\/\/challengeseconomiques.com\/#\/schema\/person\/b4568c9afebc5a9238a771873801e349\",\"name\":\"admin\",\"image\":{\"@type\":\"ImageObject\",\"inLanguage\":\"fr-FR\",\"@id\":\"https:\/\/challengeseconomiques.com\/#\/schema\/person\/image\/\",\"url\":\"https:\/\/secure.gravatar.com\/avatar\/099e42240b5eea11acdb72751fcce0dd918603f0749d24974b7984ea47ed9fd9?s=96&d=mm&r=g\",\"contentUrl\":\"https:\/\/secure.gravatar.com\/avatar\/099e42240b5eea11acdb72751fcce0dd918603f0749d24974b7984ea47ed9fd9?s=96&d=mm&r=g\",\"caption\":\"admin\"},\"sameAs\":[\"https:\/\/challengeseconomiques.com\"],\"url\":\"https:\/\/challengeseconomiques.com\/?author=1\"}]}<\/script>\n<!-- \/ Yoast SEO plugin. -->","yoast_head_json":{"title":"Bloomberg veut former des journalistes sp\u00e9cialis\u00e9s en finances en C\u00f4te d\u2019Ivoire et au S\u00e9n\u00e9gal - challenges economiques","robots":{"index":"index","follow":"follow","max-snippet":"max-snippet:-1","max-image-preview":"max-image-preview:large","max-video-preview":"max-video-preview:-1"},"canonical":"https:\/\/challengeseconomiques.com\/?p=5205","og_locale":"fr_FR","og_type":"article","og_title":"Bloomberg veut former des journalistes sp\u00e9cialis\u00e9s en finances en C\u00f4te d\u2019Ivoire et au S\u00e9n\u00e9gal - challenges economiques","og_description":"Dans le cadre des activit\u00e9s de son initiative Global Business and Financial Education Program, Bloomberg a form\u00e9 entre 2015 et 2022 des journalistes sp\u00e9cialis\u00e9s en...","og_url":"https:\/\/challengeseconomiques.com\/?p=5205","og_site_name":"challenges economiques","article_published_time":"2023-09-03T12:38:03+00:00","article_modified_time":"2023-09-03T12:38:29+00:00","og_image":[{"width":612,"height":428,"url":"https:\/\/challengeseconomiques.com\/wp-content\/uploads\/2023\/09\/JOURNALISM-FIN.jpg","type":"image\/jpeg"}],"author":"admin","twitter_card":"summary_large_image","twitter_misc":{"\u00c9crit par":"admin","Dur\u00e9e de lecture estim\u00e9e":"1 minute"},"schema":{"@context":"https:\/\/schema.org","@graph":[{"@type":"Article","@id":"https:\/\/challengeseconomiques.com\/?p=5205#article","isPartOf":{"@id":"https:\/\/challengeseconomiques.com\/?p=5205"},"author":{"name":"admin","@id":"https:\/\/challengeseconomiques.com\/#\/schema\/person\/b4568c9afebc5a9238a771873801e349"},"headline":"Bloomberg veut former des journalistes sp\u00e9cialis\u00e9s en finances en C\u00f4te d\u2019Ivoire et au S\u00e9n\u00e9gal","datePublished":"2023-09-03T12:38:03+00:00","dateModified":"2023-09-03T12:38:29+00:00","mainEntityOfPage":{"@id":"https:\/\/challengeseconomiques.com\/?p=5205"},"wordCount":322,"image":{"@id":"https:\/\/challengeseconomiques.com\/?p=5205#primaryimage"},"thumbnailUrl":"https:\/\/challengeseconomiques.com\/wp-content\/uploads\/2023\/09\/JOURNALISM-FIN.jpg","articleSection":["Actualit\u00e9 \u00e9conomique"],"inLanguage":"fr-FR"},{"@type":"WebPage","@id":"https:\/\/challengeseconomiques.com\/?p=5205","url":"https:\/\/challengeseconomiques.com\/?p=5205","name":"Bloomberg veut former des journalistes sp\u00e9cialis\u00e9s en finances en C\u00f4te d\u2019Ivoire et au S\u00e9n\u00e9gal - challenges economiques","isPartOf":{"@id":"https:\/\/challengeseconomiques.com\/#website"},"primaryImageOfPage":{"@id":"https:\/\/challengeseconomiques.com\/?p=5205#primaryimage"},"image":{"@id":"https:\/\/challengeseconomiques.com\/?p=5205#primaryimage"},"thumbnailUrl":"https:\/\/challengeseconomiques.com\/wp-content\/uploads\/2023\/09\/JOURNALISM-FIN.jpg","datePublished":"2023-09-03T12:38:03+00:00","dateModified":"2023-09-03T12:38:29+00:00","author":{"@id":"https:\/\/challengeseconomiques.com\/#\/schema\/person\/b4568c9afebc5a9238a771873801e349"},"breadcrumb":{"@id":"https:\/\/challengeseconomiques.com\/?p=5205#breadcrumb"},"inLanguage":"fr-FR","potentialAction":[{"@type":"ReadAction","target":["https:\/\/challengeseconomiques.com\/?p=5205"]}]},{"@type":"ImageObject","inLanguage":"fr-FR","@id":"https:\/\/challengeseconomiques.com\/?p=5205#primaryimage","url":"https:\/\/challengeseconomiques.com\/wp-content\/uploads\/2023\/09\/JOURNALISM-FIN.jpg","contentUrl":"https:\/\/challengeseconomiques.com\/wp-content\/uploads\/2023\/09\/JOURNALISM-FIN.jpg","width":612,"height":428,"caption":"Chart diagrams and Business with financial symbols"},{"@type":"BreadcrumbList","@id":"https:\/\/challengeseconomiques.com\/?p=5205#breadcrumb","itemListElement":[{"@type":"ListItem","position":1,"name":"Home","item":"https:\/\/challengeseconomiques.com\/"},{"@type":"ListItem","position":2,"name":"Bloomberg veut former des journalistes sp\u00e9cialis\u00e9s en finances en C\u00f4te d\u2019Ivoire et au S\u00e9n\u00e9gal"}]},{"@type":"WebSite","@id":"https:\/\/challengeseconomiques.com\/#website","url":"https:\/\/challengeseconomiques.com\/","name":"challenges economiques","description":"","potentialAction":[{"@type":"SearchAction","target":{"@type":"EntryPoint","urlTemplate":"https:\/\/challengeseconomiques.com\/?s={search_term_string}"},"query-input":{"@type":"PropertyValueSpecification","valueRequired":true,"valueName":"search_term_string"}}],"inLanguage":"fr-FR"},{"@type":"Person","@id":"https:\/\/challengeseconomiques.com\/#\/schema\/person\/b4568c9afebc5a9238a771873801e349","name":"admin","image":{"@type":"ImageObject","inLanguage":"fr-FR","@id":"https:\/\/challengeseconomiques.com\/#\/schema\/person\/image\/","url":"https:\/\/secure.gravatar.com\/avatar\/099e42240b5eea11acdb72751fcce0dd918603f0749d24974b7984ea47ed9fd9?s=96&d=mm&r=g","contentUrl":"https:\/\/secure.gravatar.com\/avatar\/099e42240b5eea11acdb72751fcce0dd918603f0749d24974b7984ea47ed9fd9?s=96&d=mm&r=g","caption":"admin"},"sameAs":["https:\/\/challengeseconomiques.com"],"url":"https:\/\/challengeseconomiques.com\/?author=1"}]}},"jetpack_featured_media_url":"https:\/\/challengeseconomiques.com\/wp-content\/uploads\/2023\/09\/JOURNALISM-FIN.jpg","jetpack_sharing_enabled":true,"_links":{"self":[{"href":"https:\/\/challengeseconomiques.com\/index.php?rest_route=\/wp\/v2\/posts\/5205","targetHints":{"allow":["GET"]}}],"collection":[{"href":"https:\/\/challengeseconomiques.com\/index.php?rest_route=\/wp\/v2\/posts"}],"about":[{"href":"https:\/\/challengeseconomiques.com\/index.php?rest_route=\/wp\/v2\/types\/post"}],"author":[{"embeddable":true,"href":"https:\/\/challengeseconomiques.com\/index.php?rest_route=\/wp\/v2\/users\/1"}],"replies":[{"embeddable":true,"href":"https:\/\/challengeseconomiques.com\/index.php?rest_route=%2Fwp%2Fv2%2Fcomments&post=5205"}],"version-history":[{"count":1,"href":"https:\/\/challengeseconomiques.com\/index.php?rest_route=\/wp\/v2\/posts\/5205\/revisions"}],"predecessor-version":[{"id":5207,"href":"https:\/\/challengeseconomiques.com\/index.php?rest_route=\/wp\/v2\/posts\/5205\/revisions\/5207"}],"wp:featuredmedia":[{"embeddable":true,"href":"https:\/\/challengeseconomiques.com\/index.php?rest_route=\/wp\/v2\/media\/5206"}],"wp:attachment":[{"href":"https:\/\/challengeseconomiques.com\/index.php?rest_route=%2Fwp%2Fv2%2Fmedia&parent=5205"}],"wp:term":[{"taxonomy":"category","embeddable":true,"href":"https:\/\/challengeseconomiques.com\/index.php?rest_route=%2Fwp%2Fv2%2Fcategories&post=5205"},{"taxonomy":"post_tag","embeddable":true,"href":"https:\/\/challengeseconomiques.com\/index.php?rest_route=%2Fwp%2Fv2%2Ftags&post=5205"}],"curies":[{"name":"wp","href":"https:\/\/api.w.org\/{rel}","templated":true}]}}