{"id":5197,"date":"2023-09-01T12:22:10","date_gmt":"2023-09-01T12:22:10","guid":{"rendered":"https:\/\/challengeseconomiques.com\/?p=5197"},"modified":"2023-09-01T12:26:58","modified_gmt":"2023-09-01T12:26:58","slug":"cote-divoire-le-chiffre-daffaires-des-societes-dassurance-progresse-de-18-a-fin-juin-tire-par-la-branche-non-vie","status":"publish","type":"post","link":"https:\/\/challengeseconomiques.com\/?p=5197","title":{"rendered":"C\u00f4te d\u2019Ivoire : le chiffre d\u2019affaires des soci\u00e9t\u00e9s d\u2019assurance progresse de 18 % \u00e0 fin juin, tir\u00e9 par la branche non-vie"},"content":{"rendered":"<p class=\"texte textearticle\"><strong>Les revenus des compagnies d\u2019assurance non-vie ont progress\u00e9 de 21\u00a0% au premier semestre 2023, tandis que ceux des soci\u00e9t\u00e9s de la branche vie ont cru de 12\u00a0%. Cette dynamique a contribu\u00e9 \u00e0 porter \u00e0 la hausse le chiffre d\u2019affaires global du secteur des assurances ivoirien au cours des six premiers mois de l\u2019ann\u00e9e en cours. <\/strong><\/p>\n<p class=\"texte textearticle\">Le secteur des assurances en C\u00f4te d\u2019Ivoire a r\u00e9alis\u00e9 un chiffre d\u2019affaires global de 340 milliards de francs CFA, au premier semestre 2023, selon des donn\u00e9es publi\u00e9es, mercredi 30 ao\u00fbt, par l\u2019Association des soci\u00e9t\u00e9s d\u2019assurances de C\u00f4te d\u2019Ivoire (Asaci). Ce chiffre d\u2019affaires est en hausse de 18\u00a0%, en glissement annuel. Il a \u00e9t\u00e9 impuls\u00e9 par la branche non-vie, qui a enregistr\u00e9 une croissance de 21\u00a0% de ses revenus, sur la p\u00e9riode.<\/p>\n<p class=\"texte textearticle\">Cette croissance a \u00e9t\u00e9 soutenue par les branches assurance automobile, assurance maladie, assurance construction, et assurance des risques li\u00e9s aux nouveaux champs de p\u00e9trole et de gaz, qui ont enregistr\u00e9 une forte progression des primes. Les revenus de l\u2019assurance responsabilit\u00e9 civile automobile ont aussi progress\u00e9 gr\u00e2ce \u00e0 la digitalisation des attestations d\u2019automobile, lanc\u00e9e depuis janvier 2023.<\/p>\n<p class=\"texte textearticle\">S\u2019agissant de l\u2019assurance-vie, elle a enregistr\u00e9 un chiffre d\u2019affaires de 117 milliards FCFA, en hausse de 12\u00a0%, \u00e0 fin juin 2023.<\/p>\n<p class=\"texte textearticle\">Selon les derni\u00e8res donn\u00e9es fournies par l\u2019Asaci, le march\u00e9 ivoirien de l\u2019assurance compte 22 soci\u00e9t\u00e9s d\u2019assurance non-vie, 11 compagnies d\u2019assurance-vie, 7 r\u00e9assureurs. En 2021, Sanlam, Allianz, Axa, NSIA et Sunu \u00e9taient les cinq premi\u00e8res compagnies de la branche-non vie, en termes de chiffres d\u2019affaires. Du c\u00f4t\u00e9 du segment vie, Sunu Vie, NSIA Vie, Allianz Vie, Sanlam Vie et Wafa Vie occupaient les cinq premi\u00e8res places du classement, selon leurs revenus.<\/p>\n<p><strong>(Agence Ecofin) <\/strong><\/p>\n","protected":false},"excerpt":{"rendered":"<p>Les revenus des compagnies d\u2019assurance non-vie ont progress\u00e9 de 21\u00a0% au premier semestre 2023, tandis que ceux des soci\u00e9t\u00e9s de la branche vie ont cru&#8230;<\/p>\n","protected":false},"author":1,"featured_media":5201,"comment_status":"closed","ping_status":"open","sticky":false,"template":"","format":"standard","meta":{"_jetpack_memberships_contains_paid_content":false,"footnotes":""},"categories":[8,10],"tags":[],"class_list":["post-5197","post","type-post","status-publish","format-standard","has-post-thumbnail","hentry","category-actualite-economique","category-infos-eco","wpcat-8-id","wpcat-10-id"],"yoast_head":"<!-- This site is optimized with the Yoast SEO plugin v27.1.1 - https:\/\/yoast.com\/product\/yoast-seo-wordpress\/ -->\n<title>C\u00f4te d\u2019Ivoire : le chiffre d\u2019affaires des soci\u00e9t\u00e9s d\u2019assurance progresse de 18 % \u00e0 fin juin, tir\u00e9 par la branche non-vie - challenges economiques<\/title>\n<meta name=\"robots\" content=\"index, follow, max-snippet:-1, max-image-preview:large, max-video-preview:-1\" \/>\n<link rel=\"canonical\" href=\"https:\/\/challengeseconomiques.com\/?p=5197\" \/>\n<meta property=\"og:locale\" content=\"fr_FR\" \/>\n<meta property=\"og:type\" content=\"article\" \/>\n<meta property=\"og:title\" content=\"C\u00f4te d\u2019Ivoire : le chiffre d\u2019affaires des soci\u00e9t\u00e9s d\u2019assurance progresse de 18 % \u00e0 fin juin, tir\u00e9 par la branche non-vie - challenges economiques\" \/>\n<meta property=\"og:description\" content=\"Les revenus des compagnies d\u2019assurance non-vie ont progress\u00e9 de 21\u00a0% au premier semestre 2023, tandis que ceux des soci\u00e9t\u00e9s de la branche vie ont cru...\" \/>\n<meta property=\"og:url\" content=\"https:\/\/challengeseconomiques.com\/?p=5197\" \/>\n<meta property=\"og:site_name\" content=\"challenges economiques\" \/>\n<meta property=\"article:published_time\" content=\"2023-09-01T12:22:10+00:00\" \/>\n<meta property=\"article:modified_time\" content=\"2023-09-01T12:26:58+00:00\" \/>\n<meta property=\"og:image\" content=\"https:\/\/challengeseconomiques.com\/wp-content\/uploads\/2023\/09\/assurance.jpeg\" \/>\n\t<meta property=\"og:image:width\" content=\"1540\" \/>\n\t<meta property=\"og:image:height\" content=\"1024\" \/>\n\t<meta property=\"og:image:type\" content=\"image\/jpeg\" \/>\n<meta name=\"author\" content=\"admin\" \/>\n<meta name=\"twitter:card\" content=\"summary_large_image\" \/>\n<meta name=\"twitter:label1\" content=\"\u00c9crit par\" \/>\n\t<meta name=\"twitter:data1\" content=\"admin\" \/>\n\t<meta name=\"twitter:label2\" content=\"Dur\u00e9e de lecture estim\u00e9e\" \/>\n\t<meta name=\"twitter:data2\" content=\"1 minute\" \/>\n<script type=\"application\/ld+json\" class=\"yoast-schema-graph\">{\"@context\":\"https:\/\/schema.org\",\"@graph\":[{\"@type\":\"Article\",\"@id\":\"https:\/\/challengeseconomiques.com\/?p=5197#article\",\"isPartOf\":{\"@id\":\"https:\/\/challengeseconomiques.com\/?p=5197\"},\"author\":{\"name\":\"admin\",\"@id\":\"https:\/\/challengeseconomiques.com\/#\/schema\/person\/b4568c9afebc5a9238a771873801e349\"},\"headline\":\"C\u00f4te d\u2019Ivoire : le chiffre d\u2019affaires des soci\u00e9t\u00e9s d\u2019assurance progresse de 18 % \u00e0 fin juin, tir\u00e9 par la branche non-vie\",\"datePublished\":\"2023-09-01T12:22:10+00:00\",\"dateModified\":\"2023-09-01T12:26:58+00:00\",\"mainEntityOfPage\":{\"@id\":\"https:\/\/challengeseconomiques.com\/?p=5197\"},\"wordCount\":321,\"image\":{\"@id\":\"https:\/\/challengeseconomiques.com\/?p=5197#primaryimage\"},\"thumbnailUrl\":\"https:\/\/challengeseconomiques.com\/wp-content\/uploads\/2023\/09\/assurance.jpeg\",\"articleSection\":[\"Actualit\u00e9 \u00e9conomique\",\"Infos \u00e9co\"],\"inLanguage\":\"fr-FR\"},{\"@type\":\"WebPage\",\"@id\":\"https:\/\/challengeseconomiques.com\/?p=5197\",\"url\":\"https:\/\/challengeseconomiques.com\/?p=5197\",\"name\":\"C\u00f4te d\u2019Ivoire : le chiffre d\u2019affaires des soci\u00e9t\u00e9s d\u2019assurance progresse de 18 % \u00e0 fin juin, tir\u00e9 par la branche non-vie - challenges economiques\",\"isPartOf\":{\"@id\":\"https:\/\/challengeseconomiques.com\/#website\"},\"primaryImageOfPage\":{\"@id\":\"https:\/\/challengeseconomiques.com\/?p=5197#primaryimage\"},\"image\":{\"@id\":\"https:\/\/challengeseconomiques.com\/?p=5197#primaryimage\"},\"thumbnailUrl\":\"https:\/\/challengeseconomiques.com\/wp-content\/uploads\/2023\/09\/assurance.jpeg\",\"datePublished\":\"2023-09-01T12:22:10+00:00\",\"dateModified\":\"2023-09-01T12:26:58+00:00\",\"author\":{\"@id\":\"https:\/\/challengeseconomiques.com\/#\/schema\/person\/b4568c9afebc5a9238a771873801e349\"},\"breadcrumb\":{\"@id\":\"https:\/\/challengeseconomiques.com\/?p=5197#breadcrumb\"},\"inLanguage\":\"fr-FR\",\"potentialAction\":[{\"@type\":\"ReadAction\",\"target\":[\"https:\/\/challengeseconomiques.com\/?p=5197\"]}]},{\"@type\":\"ImageObject\",\"inLanguage\":\"fr-FR\",\"@id\":\"https:\/\/challengeseconomiques.com\/?p=5197#primaryimage\",\"url\":\"https:\/\/challengeseconomiques.com\/wp-content\/uploads\/2023\/09\/assurance.jpeg\",\"contentUrl\":\"https:\/\/challengeseconomiques.com\/wp-content\/uploads\/2023\/09\/assurance.jpeg\",\"width\":1540,\"height\":1024,\"caption\":\"Assurance Road Sign with dramatic clouds and sky.\"},{\"@type\":\"BreadcrumbList\",\"@id\":\"https:\/\/challengeseconomiques.com\/?p=5197#breadcrumb\",\"itemListElement\":[{\"@type\":\"ListItem\",\"position\":1,\"name\":\"Home\",\"item\":\"https:\/\/challengeseconomiques.com\/\"},{\"@type\":\"ListItem\",\"position\":2,\"name\":\"C\u00f4te d\u2019Ivoire : le chiffre d\u2019affaires des soci\u00e9t\u00e9s d\u2019assurance progresse de 18 % \u00e0 fin juin, tir\u00e9 par la branche non-vie\"}]},{\"@type\":\"WebSite\",\"@id\":\"https:\/\/challengeseconomiques.com\/#website\",\"url\":\"https:\/\/challengeseconomiques.com\/\",\"name\":\"challenges economiques\",\"description\":\"\",\"potentialAction\":[{\"@type\":\"SearchAction\",\"target\":{\"@type\":\"EntryPoint\",\"urlTemplate\":\"https:\/\/challengeseconomiques.com\/?s={search_term_string}\"},\"query-input\":{\"@type\":\"PropertyValueSpecification\",\"valueRequired\":true,\"valueName\":\"search_term_string\"}}],\"inLanguage\":\"fr-FR\"},{\"@type\":\"Person\",\"@id\":\"https:\/\/challengeseconomiques.com\/#\/schema\/person\/b4568c9afebc5a9238a771873801e349\",\"name\":\"admin\",\"image\":{\"@type\":\"ImageObject\",\"inLanguage\":\"fr-FR\",\"@id\":\"https:\/\/challengeseconomiques.com\/#\/schema\/person\/image\/\",\"url\":\"https:\/\/secure.gravatar.com\/avatar\/099e42240b5eea11acdb72751fcce0dd918603f0749d24974b7984ea47ed9fd9?s=96&d=mm&r=g\",\"contentUrl\":\"https:\/\/secure.gravatar.com\/avatar\/099e42240b5eea11acdb72751fcce0dd918603f0749d24974b7984ea47ed9fd9?s=96&d=mm&r=g\",\"caption\":\"admin\"},\"sameAs\":[\"https:\/\/challengeseconomiques.com\"],\"url\":\"https:\/\/challengeseconomiques.com\/?author=1\"}]}<\/script>\n<!-- \/ Yoast SEO plugin. -->","yoast_head_json":{"title":"C\u00f4te d\u2019Ivoire : le chiffre d\u2019affaires des soci\u00e9t\u00e9s d\u2019assurance progresse de 18 % \u00e0 fin juin, tir\u00e9 par la branche non-vie - challenges economiques","robots":{"index":"index","follow":"follow","max-snippet":"max-snippet:-1","max-image-preview":"max-image-preview:large","max-video-preview":"max-video-preview:-1"},"canonical":"https:\/\/challengeseconomiques.com\/?p=5197","og_locale":"fr_FR","og_type":"article","og_title":"C\u00f4te d\u2019Ivoire : le chiffre d\u2019affaires des soci\u00e9t\u00e9s d\u2019assurance progresse de 18 % \u00e0 fin juin, tir\u00e9 par la branche non-vie - challenges economiques","og_description":"Les revenus des compagnies d\u2019assurance non-vie ont progress\u00e9 de 21\u00a0% au premier semestre 2023, tandis que ceux des soci\u00e9t\u00e9s de la branche vie ont cru...","og_url":"https:\/\/challengeseconomiques.com\/?p=5197","og_site_name":"challenges economiques","article_published_time":"2023-09-01T12:22:10+00:00","article_modified_time":"2023-09-01T12:26:58+00:00","og_image":[{"width":1540,"height":1024,"url":"https:\/\/challengeseconomiques.com\/wp-content\/uploads\/2023\/09\/assurance.jpeg","type":"image\/jpeg"}],"author":"admin","twitter_card":"summary_large_image","twitter_misc":{"\u00c9crit par":"admin","Dur\u00e9e de lecture estim\u00e9e":"1 minute"},"schema":{"@context":"https:\/\/schema.org","@graph":[{"@type":"Article","@id":"https:\/\/challengeseconomiques.com\/?p=5197#article","isPartOf":{"@id":"https:\/\/challengeseconomiques.com\/?p=5197"},"author":{"name":"admin","@id":"https:\/\/challengeseconomiques.com\/#\/schema\/person\/b4568c9afebc5a9238a771873801e349"},"headline":"C\u00f4te d\u2019Ivoire : le chiffre d\u2019affaires des soci\u00e9t\u00e9s d\u2019assurance progresse de 18 % \u00e0 fin juin, tir\u00e9 par la branche non-vie","datePublished":"2023-09-01T12:22:10+00:00","dateModified":"2023-09-01T12:26:58+00:00","mainEntityOfPage":{"@id":"https:\/\/challengeseconomiques.com\/?p=5197"},"wordCount":321,"image":{"@id":"https:\/\/challengeseconomiques.com\/?p=5197#primaryimage"},"thumbnailUrl":"https:\/\/challengeseconomiques.com\/wp-content\/uploads\/2023\/09\/assurance.jpeg","articleSection":["Actualit\u00e9 \u00e9conomique","Infos \u00e9co"],"inLanguage":"fr-FR"},{"@type":"WebPage","@id":"https:\/\/challengeseconomiques.com\/?p=5197","url":"https:\/\/challengeseconomiques.com\/?p=5197","name":"C\u00f4te d\u2019Ivoire : le chiffre d\u2019affaires des soci\u00e9t\u00e9s d\u2019assurance progresse de 18 % \u00e0 fin juin, tir\u00e9 par la branche non-vie - challenges economiques","isPartOf":{"@id":"https:\/\/challengeseconomiques.com\/#website"},"primaryImageOfPage":{"@id":"https:\/\/challengeseconomiques.com\/?p=5197#primaryimage"},"image":{"@id":"https:\/\/challengeseconomiques.com\/?p=5197#primaryimage"},"thumbnailUrl":"https:\/\/challengeseconomiques.com\/wp-content\/uploads\/2023\/09\/assurance.jpeg","datePublished":"2023-09-01T12:22:10+00:00","dateModified":"2023-09-01T12:26:58+00:00","author":{"@id":"https:\/\/challengeseconomiques.com\/#\/schema\/person\/b4568c9afebc5a9238a771873801e349"},"breadcrumb":{"@id":"https:\/\/challengeseconomiques.com\/?p=5197#breadcrumb"},"inLanguage":"fr-FR","potentialAction":[{"@type":"ReadAction","target":["https:\/\/challengeseconomiques.com\/?p=5197"]}]},{"@type":"ImageObject","inLanguage":"fr-FR","@id":"https:\/\/challengeseconomiques.com\/?p=5197#primaryimage","url":"https:\/\/challengeseconomiques.com\/wp-content\/uploads\/2023\/09\/assurance.jpeg","contentUrl":"https:\/\/challengeseconomiques.com\/wp-content\/uploads\/2023\/09\/assurance.jpeg","width":1540,"height":1024,"caption":"Assurance Road Sign with dramatic clouds and sky."},{"@type":"BreadcrumbList","@id":"https:\/\/challengeseconomiques.com\/?p=5197#breadcrumb","itemListElement":[{"@type":"ListItem","position":1,"name":"Home","item":"https:\/\/challengeseconomiques.com\/"},{"@type":"ListItem","position":2,"name":"C\u00f4te d\u2019Ivoire : le chiffre d\u2019affaires des soci\u00e9t\u00e9s d\u2019assurance progresse de 18 % \u00e0 fin juin, tir\u00e9 par la branche non-vie"}]},{"@type":"WebSite","@id":"https:\/\/challengeseconomiques.com\/#website","url":"https:\/\/challengeseconomiques.com\/","name":"challenges economiques","description":"","potentialAction":[{"@type":"SearchAction","target":{"@type":"EntryPoint","urlTemplate":"https:\/\/challengeseconomiques.com\/?s={search_term_string}"},"query-input":{"@type":"PropertyValueSpecification","valueRequired":true,"valueName":"search_term_string"}}],"inLanguage":"fr-FR"},{"@type":"Person","@id":"https:\/\/challengeseconomiques.com\/#\/schema\/person\/b4568c9afebc5a9238a771873801e349","name":"admin","image":{"@type":"ImageObject","inLanguage":"fr-FR","@id":"https:\/\/challengeseconomiques.com\/#\/schema\/person\/image\/","url":"https:\/\/secure.gravatar.com\/avatar\/099e42240b5eea11acdb72751fcce0dd918603f0749d24974b7984ea47ed9fd9?s=96&d=mm&r=g","contentUrl":"https:\/\/secure.gravatar.com\/avatar\/099e42240b5eea11acdb72751fcce0dd918603f0749d24974b7984ea47ed9fd9?s=96&d=mm&r=g","caption":"admin"},"sameAs":["https:\/\/challengeseconomiques.com"],"url":"https:\/\/challengeseconomiques.com\/?author=1"}]}},"jetpack_featured_media_url":"https:\/\/challengeseconomiques.com\/wp-content\/uploads\/2023\/09\/assurance.jpeg","jetpack_sharing_enabled":true,"_links":{"self":[{"href":"https:\/\/challengeseconomiques.com\/index.php?rest_route=\/wp\/v2\/posts\/5197","targetHints":{"allow":["GET"]}}],"collection":[{"href":"https:\/\/challengeseconomiques.com\/index.php?rest_route=\/wp\/v2\/posts"}],"about":[{"href":"https:\/\/challengeseconomiques.com\/index.php?rest_route=\/wp\/v2\/types\/post"}],"author":[{"embeddable":true,"href":"https:\/\/challengeseconomiques.com\/index.php?rest_route=\/wp\/v2\/users\/1"}],"replies":[{"embeddable":true,"href":"https:\/\/challengeseconomiques.com\/index.php?rest_route=%2Fwp%2Fv2%2Fcomments&post=5197"}],"version-history":[{"count":1,"href":"https:\/\/challengeseconomiques.com\/index.php?rest_route=\/wp\/v2\/posts\/5197\/revisions"}],"predecessor-version":[{"id":5198,"href":"https:\/\/challengeseconomiques.com\/index.php?rest_route=\/wp\/v2\/posts\/5197\/revisions\/5198"}],"wp:featuredmedia":[{"embeddable":true,"href":"https:\/\/challengeseconomiques.com\/index.php?rest_route=\/wp\/v2\/media\/5201"}],"wp:attachment":[{"href":"https:\/\/challengeseconomiques.com\/index.php?rest_route=%2Fwp%2Fv2%2Fmedia&parent=5197"}],"wp:term":[{"taxonomy":"category","embeddable":true,"href":"https:\/\/challengeseconomiques.com\/index.php?rest_route=%2Fwp%2Fv2%2Fcategories&post=5197"},{"taxonomy":"post_tag","embeddable":true,"href":"https:\/\/challengeseconomiques.com\/index.php?rest_route=%2Fwp%2Fv2%2Ftags&post=5197"}],"curies":[{"name":"wp","href":"https:\/\/api.w.org\/{rel}","templated":true}]}}