{"id":5194,"date":"2023-09-01T12:08:38","date_gmt":"2023-09-01T12:08:38","guid":{"rendered":"https:\/\/challengeseconomiques.com\/?p=5194"},"modified":"2023-09-01T12:08:56","modified_gmt":"2023-09-01T12:08:56","slug":"la-cote-divoire-sur-la-voie-de-la-transformation-structurelle","status":"publish","type":"post","link":"https:\/\/challengeseconomiques.com\/?p=5194","title":{"rendered":"La C\u00f4te d\u2019Ivoire sur la voie de la transformation structurelle"},"content":{"rendered":"<p><strong>Le document pays de la BAD recense les obstacles \u00e0 la croissance de la C\u00f4te d\u2019Ivoire, qui n\u2019atteint pas son potentiel malgr\u00e9 les progr\u00e8s enregistr\u00e9s depuis dix ans. Les r\u00e9seaux de transports, d\u2019\u00e9lectricit\u00e9 seront am\u00e9lior\u00e9s, tandis que l\u2019agriculture doit gagner en productivit\u00e9.<\/strong><\/p>\n<p>&nbsp;<\/p>\n<p>La BAD (Banque africaine de d\u00e9veloppement) a deux priorit\u00e9s\u00a0pour les cinq prochaines ann\u00e9es, en C\u00f4te d\u2019Ivoire : d\u00e9velopper les infrastructures durables en soutien \u00e0 la comp\u00e9titivit\u00e9 de l\u2019\u00e9conomie et au renforcement de l\u2019int\u00e9gration r\u00e9gionale, et soutenir le d\u00e9veloppement des cha\u00eenes de valeur industrielles et agricoles pour une croissance inclusive. Tel est le sens du \u00ab\u00a0<em>Document de strat\u00e9gie pays 2023-2028<\/em>\u00a0\u00bb que le Conseil d\u2019administration de la BAD a approuv\u00e9, durant l\u2019\u00e9t\u00e9.<\/p>\n<p>L\u2019objectif g\u00e9n\u00e9ral de ce document, est \u00ab\u00a0<em>d\u2019acc\u00e9l\u00e9rer la diversification \u00e9conomique et la transformation structurelle de l\u2019\u00e9conomie ivoirienne, afin de rendre la croissance plus inclusive, durable et r\u00e9siliente aux chocs <\/em>\u00bb, explique Joseph Ribeiro, directeur g\u00e9n\u00e9ral adjoint de la BAD pour l\u2019Afrique de l\u2019Ouest.<\/p>\n<blockquote><p><strong><em>\u00ab\u00a0Le 31 mars 2023, le portefeuille actif de la BAD en C\u00f4te d\u2019Ivoire comprenait 45 op\u00e9rations pour un financement de 2,42 milliards $, dans les transports (44 %), l\u2019\u00e9nergie (23 %), l\u2019agriculture (18 %), la gouvernance (4,7 %), le social (5 %), les finances (2 %), l\u2019eau et assainissement (2 %) et le secteur industriel (1%).\u00a0\u00bb<\/em><\/strong><\/p><\/blockquote>\n<p>Pour le premier domaine prioritaire, le but est de soutenir les efforts d\u2019acc\u00e9l\u00e9ration de la transformation structurelle de l\u2019\u00e9conomie ivoirienne, par la mise en place d\u2019infrastructures durables et r\u00e9silientes aux changements climatiques. La BAD va ainsi renforcer ses actions dans le d\u00e9veloppement du secteur routier, ainsi que quelques projets multinationaux (Burkina Faso-C\u00f4te d\u2019Ivoire-Mali, Abidjan-Accra-Lom\u00e9-Cotonou-Lagos).<\/p>\n<p>Par exemple, 209 kilom\u00e8tres de routes et 46 kilom\u00e8tres de pistes rurales seront r\u00e9habilit\u00e9es, outre la construction de postes de contr\u00f4le juxtapos\u00e9 \u00e0 Prollo, Ninguni et Gbapleu (\u00e0 l\u2019ouest du pays). Cela permettra de r\u00e9duire le temps de parcours moyen de 9 \u00e0 3 heures pour les v\u00e9hicules, sur les routes du Programme de d\u00e9senclavement des zones transfrontali\u00e8res (phases1 et 2) et de la composante ivoirienne du Programme routier de l\u2019Union du fleuve Mano. Le co\u00fbt moyen d\u2019exploitation des v\u00e9hicules sera \u00e9galement r\u00e9duit de 3,08 dollars par kilom\u00e8tre \u00e0 0,81\u00a0$.<\/p>\n<p><strong>Un important programme routier<\/strong><\/p>\n<p>Les actions vont contribuer \u00e0 l\u2019ambition de la C\u00f4te d\u2019Ivoire \u2013\u00a0\u00ab\u00a0<em>qui dispose d\u2019une des \u00e9conomies les plus dynamiques d\u2019Afrique\u00a0<\/em>\u00bb, tient \u00e0 pr\u00e9ciser la BAD\u00a0\u2013, de se doter de 9\u00a0500 kilom\u00e8tres de routes goudronn\u00e9es (le lin\u00e9aire actuel de routes rev\u00eatues est de 7500 kilom\u00e8tres) et d\u2019am\u00e9liorer la proportion de routes rev\u00eatues en bon \u00e9tat de 34 % \u00e0 74 %.<\/p>\n<p>\u00c9voquant l\u2019environnement du secteur priv\u00e9 en C\u00f4te d\u2019Ivoire, la BAD note qu\u2019en d\u00e9pit des performances enregistr\u00e9es, les principales contraintes demeurent. Et l\u2019institution de d\u00e9noncer p\u00eale-m\u00eale les lourdeurs persistantes dans l\u2019ex\u00e9cution des proc\u00e9dures administratives continuent de miner l\u2019environnement des affaires et \u00e0 ralentir les transactions, la persistance de la corruption dans les administrations publiques et le manque de transparence dans l\u2019acc\u00e8s aux march\u00e9s publics, l\u2019acc\u00e8s difficile au financement, notamment pour les PME, les difficult\u00e9s en mati\u00e8re de transport, logistique et de connectivit\u00e9 num\u00e9rique, la faible ad\u00e9quation entre les comp\u00e9tences disponibles et les aptitudes sp\u00e9cifiques recherch\u00e9es par les entreprises.<\/p>\n<p><img fetchpriority=\"high\" decoding=\"async\" class=\"wp-image-76670 aligncenter lazyloaded\" src=\"https:\/\/magazinedelafrique.com\/wp-content\/uploads\/2023\/08\/Cote-dIvoire-carte-1024x967.jpg\" sizes=\"(max-width: 417px) 100vw, 417px\" srcset=\"https:\/\/magazinedelafrique.com\/wp-content\/uploads\/2023\/08\/Cote-dIvoire-carte-1024x967.jpg 1024w, https:\/\/magazinedelafrique.com\/wp-content\/uploads\/2023\/08\/Cote-dIvoire-carte-300x283.jpg 300w, https:\/\/magazinedelafrique.com\/wp-content\/uploads\/2023\/08\/Cote-dIvoire-carte-768x725.jpg 768w, https:\/\/magazinedelafrique.com\/wp-content\/uploads\/2023\/08\/Cote-dIvoire-carte.jpg 1259w\" alt=\"\" width=\"417\" height=\"394\" data-srcset=\"https:\/\/magazinedelafrique.com\/wp-content\/uploads\/2023\/08\/Cote-dIvoire-carte-1024x967.jpg 1024w, https:\/\/magazinedelafrique.com\/wp-content\/uploads\/2023\/08\/Cote-dIvoire-carte-300x283.jpg 300w, https:\/\/magazinedelafrique.com\/wp-content\/uploads\/2023\/08\/Cote-dIvoire-carte-768x725.jpg 768w, https:\/\/magazinedelafrique.com\/wp-content\/uploads\/2023\/08\/Cote-dIvoire-carte.jpg 1259w\" data-src=\"https:\/\/magazinedelafrique.com\/wp-content\/uploads\/2023\/08\/Cote-dIvoire-carte-1024x967.jpg\" data-sizes=\"(max-width: 417px) 100vw, 417px\" \/><\/p>\n<p>&nbsp;<\/p>\n<p>Dans le secteur \u00e9nerg\u00e9tique, la BAD va contribuer \u00e0 am\u00e9liorer l\u2019acc\u00e8s \u00e0 l\u2019\u00e9nergie fiable et \u00e0 moindre co\u00fbt afin de permettre \u00e0 la C\u00f4te d\u2019Ivoire de r\u00e9aliser son ambition d\u2019\u00eatre l\u2019un des premiers march\u00e9s \u00e9nerg\u00e9tiques en Afrique subsaharienne \u00e0 l\u2019horizon 2030. Il est ainsi pr\u00e9vu d\u2019\u00e9tendre et de densifier les r\u00e9seaux de distribution dans les zones p\u00e9riurbaines, de renforcer le r\u00e9seau de transport d\u2019\u00e9lectricit\u00e9, en vue d\u2019accro\u00eetre sa capacit\u00e9 de transit et de raccorder les nouvelles unit\u00e9s de production.<\/p>\n<p>La C\u00f4te d\u2019Ivoire entend porter de 95,1 % \u00e0 100 %, sa population ayant acc\u00e8s \u00e0 l\u2019\u00e9lectricit\u00e9\u00a0; la contribution des \u00e9nergies renouvelables dans le mix \u00e9nerg\u00e9tique devrait passer de 37,1\u00a0% \u00e0 41\u00a0%.<\/p>\n<p>S\u2019agissant du second domaine prioritaire, la Banque pr\u00e9voit de soutenir l\u2019acc\u00e9l\u00e9ration de la transformation structurelle du secteur agro-industriel pour garantir la s\u00e9curit\u00e9 alimentaire, par l\u2019am\u00e9lioration durable de la productivit\u00e9 agricole et la transformation des produits agricoles et halieutiques.<\/p>\n<p><strong>Mieux adapter les ressources humaines<\/strong><\/p>\n<p>La strat\u00e9gie de la BAD consistera \u00e0 am\u00e9liorer durablement la productivit\u00e9 et la comp\u00e9titivit\u00e9 des cha\u00eenes de valeur agro-sylvo-pastorales et halieutiques prioritaires (riz, ma\u00efs, manioc, noix de cajou, viande, mangue, mara\u00eechage, aquaculture) et \u00e0 r\u00e9duire la pauvret\u00e9 en milieu rural.<\/p>\n<p>En effet, la BAD identifie, parmi les principales difficult\u00e9s du secteur agricole, la faiblesse du niveau de productivit\u00e9, du fait de la faible utilisation d\u2019intrants agricoles. La C\u00f4te d\u2019Ivoire souffre \u00e9galement d\u2019un niveau insuffisant de la transformation locale des produits, ce qui limite la valeur ajout\u00e9e capt\u00e9e au niveau national.<\/p>\n<p><img decoding=\"async\" class=\"wp-image-76671 aligncenter lazyloaded\" src=\"https:\/\/magazinedelafrique.com\/wp-content\/uploads\/2023\/08\/Cote-divoire-route.jpg\" sizes=\"(max-width: 714px) 100vw, 714px\" srcset=\"https:\/\/magazinedelafrique.com\/wp-content\/uploads\/2023\/08\/Cote-divoire-route.jpg 889w, https:\/\/magazinedelafrique.com\/wp-content\/uploads\/2023\/08\/Cote-divoire-route-300x169.jpg 300w, https:\/\/magazinedelafrique.com\/wp-content\/uploads\/2023\/08\/Cote-divoire-route-768x432.jpg 768w\" alt=\"\" width=\"714\" height=\"401\" data-srcset=\"https:\/\/magazinedelafrique.com\/wp-content\/uploads\/2023\/08\/Cote-divoire-route.jpg 889w, https:\/\/magazinedelafrique.com\/wp-content\/uploads\/2023\/08\/Cote-divoire-route-300x169.jpg 300w, https:\/\/magazinedelafrique.com\/wp-content\/uploads\/2023\/08\/Cote-divoire-route-768x432.jpg 768w\" data-src=\"https:\/\/magazinedelafrique.com\/wp-content\/uploads\/2023\/08\/Cote-divoire-route.jpg\" data-sizes=\"(max-width: 714px) 100vw, 714px\" \/><\/p>\n<p>&nbsp;<\/p>\n<p>La BAD observe l\u2019\u00ab\u00a0<em>insuffisance de ressources humaines ad\u00e9quates, de la recherche et d\u00e9veloppement, de l\u2019innovation technologique et de l\u2019encadrement dans le secteur agricole<\/em>\u00a0\u00bb. Et de regretter la pression et l\u2019ins\u00e9curit\u00e9 fonci\u00e8res, la forte d\u00e9pendance aux importations de biens alimentaires (riz, ma\u00efs, viande) et l\u2019inad\u00e9quation des syst\u00e8mes de financement agricoles, de m\u00e9canisation, et d\u2019appui aux PME, sans oublier le d\u00e9boisement.<\/p>\n<p>La mise en \u0153uvre de cette priorit\u00e9, l\u2019agriculture, permettra de faire passer le taux de s\u00e9curit\u00e9 alimentaire et nutritionnelle des m\u00e9nages de 22 % \u00e0 32 % et d\u2019accro\u00eetre la production de produits agricoles cibl\u00e9s (riz, ma\u00efs, manioc) de 13,1 %.<\/p>\n<p><strong>Le Magazine de l&rsquo;Afrique<\/strong><\/p>\n","protected":false},"excerpt":{"rendered":"<p>Le document pays de la BAD recense les obstacles \u00e0 la croissance de la C\u00f4te d\u2019Ivoire, qui n\u2019atteint pas son potentiel malgr\u00e9 les progr\u00e8s enregistr\u00e9s&#8230;<\/p>\n","protected":false},"author":1,"featured_media":5195,"comment_status":"closed","ping_status":"open","sticky":false,"template":"","format":"standard","meta":{"_jetpack_memberships_contains_paid_content":false,"footnotes":""},"categories":[8,10],"tags":[],"class_list":["post-5194","post","type-post","status-publish","format-standard","has-post-thumbnail","hentry","category-actualite-economique","category-infos-eco","wpcat-8-id","wpcat-10-id"],"yoast_head":"<!-- This site is optimized with the Yoast SEO plugin v27.1.1 - https:\/\/yoast.com\/product\/yoast-seo-wordpress\/ -->\n<title>La C\u00f4te d\u2019Ivoire sur la voie de la transformation structurelle - challenges economiques<\/title>\n<meta name=\"robots\" content=\"index, follow, max-snippet:-1, max-image-preview:large, max-video-preview:-1\" \/>\n<link rel=\"canonical\" href=\"https:\/\/challengeseconomiques.com\/?p=5194\" \/>\n<meta property=\"og:locale\" content=\"fr_FR\" \/>\n<meta property=\"og:type\" content=\"article\" \/>\n<meta property=\"og:title\" content=\"La C\u00f4te d\u2019Ivoire sur la voie de la transformation structurelle - challenges economiques\" \/>\n<meta property=\"og:description\" content=\"Le document pays de la BAD recense les obstacles \u00e0 la croissance de la C\u00f4te d\u2019Ivoire, qui n\u2019atteint pas son potentiel malgr\u00e9 les progr\u00e8s enregistr\u00e9s...\" \/>\n<meta property=\"og:url\" content=\"https:\/\/challengeseconomiques.com\/?p=5194\" \/>\n<meta property=\"og:site_name\" content=\"challenges economiques\" \/>\n<meta property=\"article:published_time\" content=\"2023-09-01T12:08:38+00:00\" \/>\n<meta property=\"article:modified_time\" content=\"2023-09-01T12:08:56+00:00\" \/>\n<meta property=\"og:image\" content=\"https:\/\/challengeseconomiques.com\/wp-content\/uploads\/2023\/09\/Cote-divoire-agriculttrice-770x470-1.webp\" \/>\n\t<meta property=\"og:image:width\" content=\"770\" \/>\n\t<meta property=\"og:image:height\" content=\"470\" \/>\n\t<meta property=\"og:image:type\" content=\"image\/webp\" \/>\n<meta name=\"author\" content=\"admin\" \/>\n<meta name=\"twitter:card\" content=\"summary_large_image\" \/>\n<meta name=\"twitter:label1\" content=\"\u00c9crit par\" \/>\n\t<meta name=\"twitter:data1\" content=\"admin\" \/>\n\t<meta name=\"twitter:label2\" content=\"Dur\u00e9e de lecture estim\u00e9e\" \/>\n\t<meta name=\"twitter:data2\" content=\"5 minutes\" \/>\n<script type=\"application\/ld+json\" class=\"yoast-schema-graph\">{\"@context\":\"https:\/\/schema.org\",\"@graph\":[{\"@type\":\"Article\",\"@id\":\"https:\/\/challengeseconomiques.com\/?p=5194#article\",\"isPartOf\":{\"@id\":\"https:\/\/challengeseconomiques.com\/?p=5194\"},\"author\":{\"name\":\"admin\",\"@id\":\"https:\/\/challengeseconomiques.com\/#\/schema\/person\/b4568c9afebc5a9238a771873801e349\"},\"headline\":\"La C\u00f4te d\u2019Ivoire sur la voie de la transformation structurelle\",\"datePublished\":\"2023-09-01T12:08:38+00:00\",\"dateModified\":\"2023-09-01T12:08:56+00:00\",\"mainEntityOfPage\":{\"@id\":\"https:\/\/challengeseconomiques.com\/?p=5194\"},\"wordCount\":994,\"image\":{\"@id\":\"https:\/\/challengeseconomiques.com\/?p=5194#primaryimage\"},\"thumbnailUrl\":\"https:\/\/challengeseconomiques.com\/wp-content\/uploads\/2023\/09\/Cote-divoire-agriculttrice-770x470-1.webp\",\"articleSection\":[\"Actualit\u00e9 \u00e9conomique\",\"Infos \u00e9co\"],\"inLanguage\":\"fr-FR\"},{\"@type\":\"WebPage\",\"@id\":\"https:\/\/challengeseconomiques.com\/?p=5194\",\"url\":\"https:\/\/challengeseconomiques.com\/?p=5194\",\"name\":\"La C\u00f4te d\u2019Ivoire sur la voie de la transformation structurelle - challenges economiques\",\"isPartOf\":{\"@id\":\"https:\/\/challengeseconomiques.com\/#website\"},\"primaryImageOfPage\":{\"@id\":\"https:\/\/challengeseconomiques.com\/?p=5194#primaryimage\"},\"image\":{\"@id\":\"https:\/\/challengeseconomiques.com\/?p=5194#primaryimage\"},\"thumbnailUrl\":\"https:\/\/challengeseconomiques.com\/wp-content\/uploads\/2023\/09\/Cote-divoire-agriculttrice-770x470-1.webp\",\"datePublished\":\"2023-09-01T12:08:38+00:00\",\"dateModified\":\"2023-09-01T12:08:56+00:00\",\"author\":{\"@id\":\"https:\/\/challengeseconomiques.com\/#\/schema\/person\/b4568c9afebc5a9238a771873801e349\"},\"breadcrumb\":{\"@id\":\"https:\/\/challengeseconomiques.com\/?p=5194#breadcrumb\"},\"inLanguage\":\"fr-FR\",\"potentialAction\":[{\"@type\":\"ReadAction\",\"target\":[\"https:\/\/challengeseconomiques.com\/?p=5194\"]}]},{\"@type\":\"ImageObject\",\"inLanguage\":\"fr-FR\",\"@id\":\"https:\/\/challengeseconomiques.com\/?p=5194#primaryimage\",\"url\":\"https:\/\/challengeseconomiques.com\/wp-content\/uploads\/2023\/09\/Cote-divoire-agriculttrice-770x470-1.webp\",\"contentUrl\":\"https:\/\/challengeseconomiques.com\/wp-content\/uploads\/2023\/09\/Cote-divoire-agriculttrice-770x470-1.webp\",\"width\":770,\"height\":470},{\"@type\":\"BreadcrumbList\",\"@id\":\"https:\/\/challengeseconomiques.com\/?p=5194#breadcrumb\",\"itemListElement\":[{\"@type\":\"ListItem\",\"position\":1,\"name\":\"Home\",\"item\":\"https:\/\/challengeseconomiques.com\/\"},{\"@type\":\"ListItem\",\"position\":2,\"name\":\"La C\u00f4te d\u2019Ivoire sur la voie de la transformation structurelle\"}]},{\"@type\":\"WebSite\",\"@id\":\"https:\/\/challengeseconomiques.com\/#website\",\"url\":\"https:\/\/challengeseconomiques.com\/\",\"name\":\"challenges economiques\",\"description\":\"\",\"potentialAction\":[{\"@type\":\"SearchAction\",\"target\":{\"@type\":\"EntryPoint\",\"urlTemplate\":\"https:\/\/challengeseconomiques.com\/?s={search_term_string}\"},\"query-input\":{\"@type\":\"PropertyValueSpecification\",\"valueRequired\":true,\"valueName\":\"search_term_string\"}}],\"inLanguage\":\"fr-FR\"},{\"@type\":\"Person\",\"@id\":\"https:\/\/challengeseconomiques.com\/#\/schema\/person\/b4568c9afebc5a9238a771873801e349\",\"name\":\"admin\",\"image\":{\"@type\":\"ImageObject\",\"inLanguage\":\"fr-FR\",\"@id\":\"https:\/\/challengeseconomiques.com\/#\/schema\/person\/image\/\",\"url\":\"https:\/\/secure.gravatar.com\/avatar\/099e42240b5eea11acdb72751fcce0dd918603f0749d24974b7984ea47ed9fd9?s=96&d=mm&r=g\",\"contentUrl\":\"https:\/\/secure.gravatar.com\/avatar\/099e42240b5eea11acdb72751fcce0dd918603f0749d24974b7984ea47ed9fd9?s=96&d=mm&r=g\",\"caption\":\"admin\"},\"sameAs\":[\"https:\/\/challengeseconomiques.com\"],\"url\":\"https:\/\/challengeseconomiques.com\/?author=1\"}]}<\/script>\n<!-- \/ Yoast SEO plugin. -->","yoast_head_json":{"title":"La C\u00f4te d\u2019Ivoire sur la voie de la transformation structurelle - challenges economiques","robots":{"index":"index","follow":"follow","max-snippet":"max-snippet:-1","max-image-preview":"max-image-preview:large","max-video-preview":"max-video-preview:-1"},"canonical":"https:\/\/challengeseconomiques.com\/?p=5194","og_locale":"fr_FR","og_type":"article","og_title":"La C\u00f4te d\u2019Ivoire sur la voie de la transformation structurelle - challenges economiques","og_description":"Le document pays de la BAD recense les obstacles \u00e0 la croissance de la C\u00f4te d\u2019Ivoire, qui n\u2019atteint pas son potentiel malgr\u00e9 les progr\u00e8s enregistr\u00e9s...","og_url":"https:\/\/challengeseconomiques.com\/?p=5194","og_site_name":"challenges economiques","article_published_time":"2023-09-01T12:08:38+00:00","article_modified_time":"2023-09-01T12:08:56+00:00","og_image":[{"width":770,"height":470,"url":"https:\/\/challengeseconomiques.com\/wp-content\/uploads\/2023\/09\/Cote-divoire-agriculttrice-770x470-1.webp","type":"image\/webp"}],"author":"admin","twitter_card":"summary_large_image","twitter_misc":{"\u00c9crit par":"admin","Dur\u00e9e de lecture estim\u00e9e":"5 minutes"},"schema":{"@context":"https:\/\/schema.org","@graph":[{"@type":"Article","@id":"https:\/\/challengeseconomiques.com\/?p=5194#article","isPartOf":{"@id":"https:\/\/challengeseconomiques.com\/?p=5194"},"author":{"name":"admin","@id":"https:\/\/challengeseconomiques.com\/#\/schema\/person\/b4568c9afebc5a9238a771873801e349"},"headline":"La C\u00f4te d\u2019Ivoire sur la voie de la transformation structurelle","datePublished":"2023-09-01T12:08:38+00:00","dateModified":"2023-09-01T12:08:56+00:00","mainEntityOfPage":{"@id":"https:\/\/challengeseconomiques.com\/?p=5194"},"wordCount":994,"image":{"@id":"https:\/\/challengeseconomiques.com\/?p=5194#primaryimage"},"thumbnailUrl":"https:\/\/challengeseconomiques.com\/wp-content\/uploads\/2023\/09\/Cote-divoire-agriculttrice-770x470-1.webp","articleSection":["Actualit\u00e9 \u00e9conomique","Infos \u00e9co"],"inLanguage":"fr-FR"},{"@type":"WebPage","@id":"https:\/\/challengeseconomiques.com\/?p=5194","url":"https:\/\/challengeseconomiques.com\/?p=5194","name":"La C\u00f4te d\u2019Ivoire sur la voie de la transformation structurelle - challenges economiques","isPartOf":{"@id":"https:\/\/challengeseconomiques.com\/#website"},"primaryImageOfPage":{"@id":"https:\/\/challengeseconomiques.com\/?p=5194#primaryimage"},"image":{"@id":"https:\/\/challengeseconomiques.com\/?p=5194#primaryimage"},"thumbnailUrl":"https:\/\/challengeseconomiques.com\/wp-content\/uploads\/2023\/09\/Cote-divoire-agriculttrice-770x470-1.webp","datePublished":"2023-09-01T12:08:38+00:00","dateModified":"2023-09-01T12:08:56+00:00","author":{"@id":"https:\/\/challengeseconomiques.com\/#\/schema\/person\/b4568c9afebc5a9238a771873801e349"},"breadcrumb":{"@id":"https:\/\/challengeseconomiques.com\/?p=5194#breadcrumb"},"inLanguage":"fr-FR","potentialAction":[{"@type":"ReadAction","target":["https:\/\/challengeseconomiques.com\/?p=5194"]}]},{"@type":"ImageObject","inLanguage":"fr-FR","@id":"https:\/\/challengeseconomiques.com\/?p=5194#primaryimage","url":"https:\/\/challengeseconomiques.com\/wp-content\/uploads\/2023\/09\/Cote-divoire-agriculttrice-770x470-1.webp","contentUrl":"https:\/\/challengeseconomiques.com\/wp-content\/uploads\/2023\/09\/Cote-divoire-agriculttrice-770x470-1.webp","width":770,"height":470},{"@type":"BreadcrumbList","@id":"https:\/\/challengeseconomiques.com\/?p=5194#breadcrumb","itemListElement":[{"@type":"ListItem","position":1,"name":"Home","item":"https:\/\/challengeseconomiques.com\/"},{"@type":"ListItem","position":2,"name":"La C\u00f4te d\u2019Ivoire sur la voie de la transformation structurelle"}]},{"@type":"WebSite","@id":"https:\/\/challengeseconomiques.com\/#website","url":"https:\/\/challengeseconomiques.com\/","name":"challenges economiques","description":"","potentialAction":[{"@type":"SearchAction","target":{"@type":"EntryPoint","urlTemplate":"https:\/\/challengeseconomiques.com\/?s={search_term_string}"},"query-input":{"@type":"PropertyValueSpecification","valueRequired":true,"valueName":"search_term_string"}}],"inLanguage":"fr-FR"},{"@type":"Person","@id":"https:\/\/challengeseconomiques.com\/#\/schema\/person\/b4568c9afebc5a9238a771873801e349","name":"admin","image":{"@type":"ImageObject","inLanguage":"fr-FR","@id":"https:\/\/challengeseconomiques.com\/#\/schema\/person\/image\/","url":"https:\/\/secure.gravatar.com\/avatar\/099e42240b5eea11acdb72751fcce0dd918603f0749d24974b7984ea47ed9fd9?s=96&d=mm&r=g","contentUrl":"https:\/\/secure.gravatar.com\/avatar\/099e42240b5eea11acdb72751fcce0dd918603f0749d24974b7984ea47ed9fd9?s=96&d=mm&r=g","caption":"admin"},"sameAs":["https:\/\/challengeseconomiques.com"],"url":"https:\/\/challengeseconomiques.com\/?author=1"}]}},"jetpack_featured_media_url":"https:\/\/challengeseconomiques.com\/wp-content\/uploads\/2023\/09\/Cote-divoire-agriculttrice-770x470-1.webp","jetpack_sharing_enabled":true,"_links":{"self":[{"href":"https:\/\/challengeseconomiques.com\/index.php?rest_route=\/wp\/v2\/posts\/5194","targetHints":{"allow":["GET"]}}],"collection":[{"href":"https:\/\/challengeseconomiques.com\/index.php?rest_route=\/wp\/v2\/posts"}],"about":[{"href":"https:\/\/challengeseconomiques.com\/index.php?rest_route=\/wp\/v2\/types\/post"}],"author":[{"embeddable":true,"href":"https:\/\/challengeseconomiques.com\/index.php?rest_route=\/wp\/v2\/users\/1"}],"replies":[{"embeddable":true,"href":"https:\/\/challengeseconomiques.com\/index.php?rest_route=%2Fwp%2Fv2%2Fcomments&post=5194"}],"version-history":[{"count":1,"href":"https:\/\/challengeseconomiques.com\/index.php?rest_route=\/wp\/v2\/posts\/5194\/revisions"}],"predecessor-version":[{"id":5196,"href":"https:\/\/challengeseconomiques.com\/index.php?rest_route=\/wp\/v2\/posts\/5194\/revisions\/5196"}],"wp:featuredmedia":[{"embeddable":true,"href":"https:\/\/challengeseconomiques.com\/index.php?rest_route=\/wp\/v2\/media\/5195"}],"wp:attachment":[{"href":"https:\/\/challengeseconomiques.com\/index.php?rest_route=%2Fwp%2Fv2%2Fmedia&parent=5194"}],"wp:term":[{"taxonomy":"category","embeddable":true,"href":"https:\/\/challengeseconomiques.com\/index.php?rest_route=%2Fwp%2Fv2%2Fcategories&post=5194"},{"taxonomy":"post_tag","embeddable":true,"href":"https:\/\/challengeseconomiques.com\/index.php?rest_route=%2Fwp%2Fv2%2Ftags&post=5194"}],"curies":[{"name":"wp","href":"https:\/\/api.w.org\/{rel}","templated":true}]}}