{"id":5164,"date":"2023-08-22T12:11:08","date_gmt":"2023-08-22T12:11:08","guid":{"rendered":"https:\/\/challengeseconomiques.com\/?p=5164"},"modified":"2023-08-22T12:11:32","modified_gmt":"2023-08-22T12:11:32","slug":"senegal-mines-resultats-la-compagnie-gco-genere-deux-fois-plus-de-retombees-pour-le-senegal-que-pour-elle-meme-dg","status":"publish","type":"post","link":"https:\/\/challengeseconomiques.com\/?p=5164","title":{"rendered":"SENEGAL-MINES-RESULTATS \/ La compagnie GCO g\u00e9n\u00e8re  \u00bbdeux fois plus de retomb\u00e9es pour le S\u00e9n\u00e9gal que pour elle-m\u00eame \u00bb (DG)"},"content":{"rendered":"<p>La compagnie mini\u00e8re Grande C\u00f4te Op\u00e9ration (GCO) qui exploite depuis 2014 des sables min\u00e9ralis\u00e9s, dont le zircon \u00e0 Diogo dans la r\u00e9gion de Thi\u00e8s (ouest), g\u00e9n\u00e8re des retomb\u00e9es \u00bbdeux fois plus importantes pour le S\u00e9n\u00e9gal que pour elle-m\u00eame \u00bb, selon son directeur g\u00e9n\u00e9ral Guillaume Kurek.<\/p>\n<p>GCO est le sixi\u00e8me contributeur minier au budget de l\u2019Etat du S\u00e9n\u00e9gal (Rapport ITIE) avec 70 milliards de francs CFA de contributions locales en 2022. \u00ab Les retomb\u00e9es g\u00e9n\u00e9r\u00e9es par les activit\u00e9s de cette jeune compagnie mini\u00e8re sont deux fois plus importantes pour le S\u00e9n\u00e9gal que pour GCO \u00bb, a dit Guillaume Kurek dans un entretien avec l\u2019APS, expliquant cette hausse de leur contribution au budget de l\u2019\u00c9tat par l\u2019augmentation des effectifs directs et indirects.<\/p>\n<p>\u00ab Cette contribution va encore augmenter, avec, d\u2019une part, la fin des exemptions fiscales qui \u00e9taient li\u00e9es \u00e0 la mise en \u0153uvre du projet minier, et d\u2019autre part, les augmentations de production rendues possibles par plus de 70 milliards de francs CFA d\u2019investissement dans les capacit\u00e9s de production de GCO entre 2022 et 2025 \u00bb, a-t-il ajout\u00e9.<\/p>\n<p>Pour lui, cette \u00ab contribution croissante \u00bb refl\u00e8te une \u00ab r\u00e9elle ambition \u00bb de cette compagnie mini\u00e8re nich\u00e9e au c\u0153ur de la commune de Darou Khoudoss, de \u00ab grandir tout en respectant les plus grands standards internationaux et d\u2019en faire profiter au plus grand nombre \u00bb.<\/p>\n<p>Les retomb\u00e9es annuelles se traduisent par les salaires et cotisations sociales, la sous-traitance, les achats locaux, les taxes et redevances, ainsi que le programme social minier et les programmes de responsabilit\u00e9 soci\u00e9tale d\u2019entreprise (RSE). Elles se chiffrent entre 70 et 80 milliards de francs CFA, soit le double du b\u00e9n\u00e9fice r\u00e9alis\u00e9 par GCO, sans compter toutes les autres d\u00e9marches g\u00e9n\u00e9rant par rebond de la valeur dans la communaut\u00e9, avec, par exemple, les nombreuses r\u00e9alisations RSE, a relev\u00e9 le responsable.<\/p>\n<p>Il \u00e9voque des investissements en termes de RSE dans les domaines de la sant\u00e9, de l\u2019\u00e9ducation, de l\u2019environnement et de l\u2019\u00e9conomie locale. Au moins, 12.000 personnes ont pu acc\u00e9der \u00e0 l\u2019eau, 15 \u00e9coles publiques et \u00ab daaras \u00bb (\u00e9coles coraniques) construites, ainsi que 6 km de mur de s\u00e9curisation d\u2019\u00e9cole, des postes de sant\u00e9, en plus du financement de plusieurs GIE, notamment de femmes.<\/p>\n<p>Dans ce cadre, la soci\u00e9t\u00e9 a aussi appuy\u00e9 l\u2019am\u00e9nagement de jardins mara\u00eechers, en droite ligne de la vocation horticole de la r\u00e9gion. Une piste de production a \u00e9t\u00e9 r\u00e9alis\u00e9e dans la zone des Niayes, afin de faciliter aux agriculteurs des villages environnants l\u2019acc\u00e8s \u00e0 leurs champs, et de cr\u00e9er de nouvelles aires de culture et des march\u00e9s hebdomadaires. \u00ab Cela confirme que GCO contribue \u00e0 l\u2019\u00e9conomie du S\u00e9n\u00e9gal \u00e0 la fois directement et indirectement \u00bb, a dit Guillaume Kurek.<\/p>\n<p>GCO a enregistr\u00e9 une production globale de 742 KT en 2022, a-t-il signal\u00e9, relevant que concernant plus sp\u00e9cifiquement le zircon, la production a diminu\u00e9 de 11 % en 2022. \u00bbContrairement \u00e0 beaucoup de S\u00e9n\u00e9galais qui parlent du zircon en pensant qu\u2019il s\u2019agit de diamant, le zircon valoris\u00e9 \u00e0 Diogo n\u2019est pas le m\u00eame que celui destin\u00e9 \u00e0 l\u2019industrie de la joaillerie \u00bb, selon le DG de GCO.<\/p>\n<p>Loin des id\u00e9es re\u00e7ues qui pr\u00eatent m\u00eame \u00e0 GCO l\u2019extraction du diamant, GCO produit avant tout du titane (85 % de la production) et seulement 15 % de zircon, a-t-il pr\u00e9cis\u00e9. Il a ajout\u00e9 que le march\u00e9 du titane est celui des pigments blancs, et celui du zircon est principalement celui des c\u00e9ramiques et d\u2019alliages r\u00e9fractaires pour l\u2019industrie. Les diff\u00e9rents march\u00e9s de GCO sont ceux de la construction (peinture, carrelage, c\u00e9ramique).<\/p>\n<p>Le titane se retrouve dans d\u2019autres minerais et roches, mais seuls l\u2019ilm\u00e9nite, le leucox\u00e8ne et le rutile sont int\u00e9ressants \u00e9conomiquement, \u00e9tant donn\u00e9 la facilit\u00e9 avec laquelle ils peuvent \u00eatre trait\u00e9s, selon un site sp\u00e9cialis\u00e9 visit\u00e9 par l\u2019APS. En plus du zircon, GCO produit surtout de l\u2019ilm\u00e9nite, du leucox\u00e8ne et du rutile \u00e0 partir des dunes de sable.<\/p>\n<p>En raison de sa forte r\u00e9sistance \u00e0 la corrosion et au feu, le titane a d\u2019autres utilisations dans les industries miliaires, a\u00e9ronautiques, a\u00e9rospatiales, \u00e9nerg\u00e9tiques, automobiles, ainsi que le secteur biom\u00e9dical, etc.<\/p>\n<p>Guillaume Kurek pr\u00e9sente la compagnie mini\u00e8re qu\u2019il dirige comme un \u00ab exemple d\u2019int\u00e9gration des hauts cadres s\u00e9n\u00e9galais \u00bb, avec 79% des postes destin\u00e9s aux cadres, occup\u00e9s par des nationaux. Les 1.900 emplois g\u00e9n\u00e9r\u00e9s par la soci\u00e9t\u00e9 sont r\u00e9partis entre des corps de m\u00e9tiers tr\u00e8s vari\u00e9s, a-t-il dit, relevant qu\u2019\u00e0 travers un recrutement supervis\u00e9 par l\u2019administration territoriale, notamment le sous-pr\u00e9fet de M\u00e9ouane, GCO densifie les emplois.<\/p>\n<p>Un nouvel investissement de croissance a g\u00e9n\u00e9r\u00e9 104 nouveaux emplois, a-t-il dit, ajoutant que parall\u00e8lement au recrutement, une politique de formation est mise en place pour d\u00e9velopper les comp\u00e9tences.<\/p>\n<p>L\u2019entreprise d\u00e9tenue \u00e0 90% par le groupe fran\u00e7ais Eramet et \u00e0 10% par l\u2019Etat du S\u00e9n\u00e9gal, a nou\u00e9 un partenariat avec le minist\u00e8re de la Formation professionnelle, de l\u2019Apprentissage et des M\u00e9tiers, afin de former les jeunes aux op\u00e9rations \u00e0 venir, a-t-il indiqu\u00e9.<\/p>\n<p>Dans le cadre de cet accord, l\u2019Office national de la formation professionnelle (ONFP) a organis\u00e9 un concours de qualification \u00e0 l\u2019intention de 300 jeunes issus des communaut\u00e9s locales environnantes de la commune de Darou Khoudoss.<\/p>\n<p>L\u2019Institut sup\u00e9rieur d\u2019enseignement professionnel (ISEP) de Thi\u00e8s s\u2019est aussi occup\u00e9 de la formation des techniciens sup\u00e9rieurs \u00e0 l\u2019issue de laquelle 84 jeunes ont \u00e9t\u00e9 embauch\u00e9s directement par GCO, tandis que d\u2019autres ont \u00e9t\u00e9 recrut\u00e9s par des GIE et les entreprises qui ont vu le jour gr\u00e2ce au projet.<\/p>\n<p>Selon M. Kurek, l\u2019autre \u00ab sp\u00e9cificit\u00e9 \u00bb de la compagnie mini\u00e8re est l\u2019augmentation du personnel f\u00e9minin, avec plusieurs actions visant \u00e0 atteindre un objectif de 30 % de femmes cadres d\u2019ici \u00e0 2025. Depuis le d\u00e9but de l\u2019ann\u00e9e, 37 % des nouvelles recrues sont des femmes.<\/p>\n<p>GCO a sign\u00e9 une convention avec plusieurs \u00e9tablissements comme l\u2019ESP, l\u2019EPT, l\u2019Universit\u00e9 Iba-Der-Thiam de Thi\u00e8s, pour soutenir leurs activit\u00e9s ou recruter des stagiaires.<\/p>\n<p><strong>(Source: APS)<\/strong><\/p>\n","protected":false},"excerpt":{"rendered":"<p>La compagnie mini\u00e8re Grande C\u00f4te Op\u00e9ration (GCO) qui exploite depuis 2014 des sables min\u00e9ralis\u00e9s, dont le zircon \u00e0 Diogo dans la r\u00e9gion de Thi\u00e8s (ouest),&#8230;<\/p>\n","protected":false},"author":1,"featured_media":5165,"comment_status":"closed","ping_status":"open","sticky":false,"template":"","format":"standard","meta":{"_jetpack_memberships_contains_paid_content":false,"footnotes":""},"categories":[8,10],"tags":[],"class_list":["post-5164","post","type-post","status-publish","format-standard","has-post-thumbnail","hentry","category-actualite-economique","category-infos-eco","wpcat-8-id","wpcat-10-id"],"yoast_head":"<!-- This site is optimized with the Yoast SEO plugin v27.1.1 - https:\/\/yoast.com\/product\/yoast-seo-wordpress\/ -->\n<title>SENEGAL-MINES-RESULTATS \/ La compagnie GCO g\u00e9n\u00e8re \u00bbdeux fois plus de retomb\u00e9es pour le S\u00e9n\u00e9gal que pour elle-m\u00eame \u00bb (DG) - challenges economiques<\/title>\n<meta name=\"robots\" content=\"index, follow, max-snippet:-1, max-image-preview:large, max-video-preview:-1\" \/>\n<link rel=\"canonical\" href=\"https:\/\/challengeseconomiques.com\/?p=5164\" \/>\n<meta property=\"og:locale\" content=\"fr_FR\" \/>\n<meta property=\"og:type\" content=\"article\" \/>\n<meta property=\"og:title\" content=\"SENEGAL-MINES-RESULTATS \/ La compagnie GCO g\u00e9n\u00e8re \u00bbdeux fois plus de retomb\u00e9es pour le S\u00e9n\u00e9gal que pour elle-m\u00eame \u00bb (DG) - challenges economiques\" \/>\n<meta property=\"og:description\" content=\"La compagnie mini\u00e8re Grande C\u00f4te Op\u00e9ration (GCO) qui exploite depuis 2014 des sables min\u00e9ralis\u00e9s, dont le zircon \u00e0 Diogo dans la r\u00e9gion de Thi\u00e8s (ouest),...\" \/>\n<meta property=\"og:url\" content=\"https:\/\/challengeseconomiques.com\/?p=5164\" \/>\n<meta property=\"og:site_name\" content=\"challenges economiques\" \/>\n<meta property=\"article:published_time\" content=\"2023-08-22T12:11:08+00:00\" \/>\n<meta property=\"article:modified_time\" content=\"2023-08-22T12:11:32+00:00\" \/>\n<meta property=\"og:image\" content=\"https:\/\/challengeseconomiques.com\/wp-content\/uploads\/2023\/08\/Guillaume-Kurek.jpg\" \/>\n\t<meta property=\"og:image:width\" content=\"600\" \/>\n\t<meta property=\"og:image:height\" content=\"339\" \/>\n\t<meta property=\"og:image:type\" content=\"image\/jpeg\" \/>\n<meta name=\"author\" content=\"admin\" \/>\n<meta name=\"twitter:card\" content=\"summary_large_image\" \/>\n<meta name=\"twitter:label1\" content=\"\u00c9crit par\" \/>\n\t<meta name=\"twitter:data1\" content=\"admin\" \/>\n\t<meta name=\"twitter:label2\" content=\"Dur\u00e9e de lecture estim\u00e9e\" \/>\n\t<meta name=\"twitter:data2\" content=\"5 minutes\" \/>\n<script type=\"application\/ld+json\" class=\"yoast-schema-graph\">{\"@context\":\"https:\/\/schema.org\",\"@graph\":[{\"@type\":\"Article\",\"@id\":\"https:\/\/challengeseconomiques.com\/?p=5164#article\",\"isPartOf\":{\"@id\":\"https:\/\/challengeseconomiques.com\/?p=5164\"},\"author\":{\"name\":\"admin\",\"@id\":\"https:\/\/challengeseconomiques.com\/#\/schema\/person\/b4568c9afebc5a9238a771873801e349\"},\"headline\":\"SENEGAL-MINES-RESULTATS \/ La compagnie GCO g\u00e9n\u00e8re \u00bbdeux fois plus de retomb\u00e9es pour le S\u00e9n\u00e9gal que pour elle-m\u00eame \u00bb (DG)\",\"datePublished\":\"2023-08-22T12:11:08+00:00\",\"dateModified\":\"2023-08-22T12:11:32+00:00\",\"mainEntityOfPage\":{\"@id\":\"https:\/\/challengeseconomiques.com\/?p=5164\"},\"wordCount\":1087,\"image\":{\"@id\":\"https:\/\/challengeseconomiques.com\/?p=5164#primaryimage\"},\"thumbnailUrl\":\"https:\/\/challengeseconomiques.com\/wp-content\/uploads\/2023\/08\/Guillaume-Kurek.jpg\",\"articleSection\":[\"Actualit\u00e9 \u00e9conomique\",\"Infos \u00e9co\"],\"inLanguage\":\"fr-FR\"},{\"@type\":\"WebPage\",\"@id\":\"https:\/\/challengeseconomiques.com\/?p=5164\",\"url\":\"https:\/\/challengeseconomiques.com\/?p=5164\",\"name\":\"SENEGAL-MINES-RESULTATS \/ La compagnie GCO g\u00e9n\u00e8re \u00bbdeux fois plus de retomb\u00e9es pour le S\u00e9n\u00e9gal que pour elle-m\u00eame \u00bb (DG) - challenges economiques\",\"isPartOf\":{\"@id\":\"https:\/\/challengeseconomiques.com\/#website\"},\"primaryImageOfPage\":{\"@id\":\"https:\/\/challengeseconomiques.com\/?p=5164#primaryimage\"},\"image\":{\"@id\":\"https:\/\/challengeseconomiques.com\/?p=5164#primaryimage\"},\"thumbnailUrl\":\"https:\/\/challengeseconomiques.com\/wp-content\/uploads\/2023\/08\/Guillaume-Kurek.jpg\",\"datePublished\":\"2023-08-22T12:11:08+00:00\",\"dateModified\":\"2023-08-22T12:11:32+00:00\",\"author\":{\"@id\":\"https:\/\/challengeseconomiques.com\/#\/schema\/person\/b4568c9afebc5a9238a771873801e349\"},\"breadcrumb\":{\"@id\":\"https:\/\/challengeseconomiques.com\/?p=5164#breadcrumb\"},\"inLanguage\":\"fr-FR\",\"potentialAction\":[{\"@type\":\"ReadAction\",\"target\":[\"https:\/\/challengeseconomiques.com\/?p=5164\"]}]},{\"@type\":\"ImageObject\",\"inLanguage\":\"fr-FR\",\"@id\":\"https:\/\/challengeseconomiques.com\/?p=5164#primaryimage\",\"url\":\"https:\/\/challengeseconomiques.com\/wp-content\/uploads\/2023\/08\/Guillaume-Kurek.jpg\",\"contentUrl\":\"https:\/\/challengeseconomiques.com\/wp-content\/uploads\/2023\/08\/Guillaume-Kurek.jpg\",\"width\":600,\"height\":339},{\"@type\":\"BreadcrumbList\",\"@id\":\"https:\/\/challengeseconomiques.com\/?p=5164#breadcrumb\",\"itemListElement\":[{\"@type\":\"ListItem\",\"position\":1,\"name\":\"Home\",\"item\":\"https:\/\/challengeseconomiques.com\/\"},{\"@type\":\"ListItem\",\"position\":2,\"name\":\"SENEGAL-MINES-RESULTATS \/ La compagnie GCO g\u00e9n\u00e8re \u00bbdeux fois plus de retomb\u00e9es pour le S\u00e9n\u00e9gal que pour elle-m\u00eame \u00bb (DG)\"}]},{\"@type\":\"WebSite\",\"@id\":\"https:\/\/challengeseconomiques.com\/#website\",\"url\":\"https:\/\/challengeseconomiques.com\/\",\"name\":\"challenges economiques\",\"description\":\"\",\"potentialAction\":[{\"@type\":\"SearchAction\",\"target\":{\"@type\":\"EntryPoint\",\"urlTemplate\":\"https:\/\/challengeseconomiques.com\/?s={search_term_string}\"},\"query-input\":{\"@type\":\"PropertyValueSpecification\",\"valueRequired\":true,\"valueName\":\"search_term_string\"}}],\"inLanguage\":\"fr-FR\"},{\"@type\":\"Person\",\"@id\":\"https:\/\/challengeseconomiques.com\/#\/schema\/person\/b4568c9afebc5a9238a771873801e349\",\"name\":\"admin\",\"image\":{\"@type\":\"ImageObject\",\"inLanguage\":\"fr-FR\",\"@id\":\"https:\/\/challengeseconomiques.com\/#\/schema\/person\/image\/\",\"url\":\"https:\/\/secure.gravatar.com\/avatar\/099e42240b5eea11acdb72751fcce0dd918603f0749d24974b7984ea47ed9fd9?s=96&d=mm&r=g\",\"contentUrl\":\"https:\/\/secure.gravatar.com\/avatar\/099e42240b5eea11acdb72751fcce0dd918603f0749d24974b7984ea47ed9fd9?s=96&d=mm&r=g\",\"caption\":\"admin\"},\"sameAs\":[\"https:\/\/challengeseconomiques.com\"],\"url\":\"https:\/\/challengeseconomiques.com\/?author=1\"}]}<\/script>\n<!-- \/ Yoast SEO plugin. -->","yoast_head_json":{"title":"SENEGAL-MINES-RESULTATS \/ La compagnie GCO g\u00e9n\u00e8re \u00bbdeux fois plus de retomb\u00e9es pour le S\u00e9n\u00e9gal que pour elle-m\u00eame \u00bb (DG) - challenges economiques","robots":{"index":"index","follow":"follow","max-snippet":"max-snippet:-1","max-image-preview":"max-image-preview:large","max-video-preview":"max-video-preview:-1"},"canonical":"https:\/\/challengeseconomiques.com\/?p=5164","og_locale":"fr_FR","og_type":"article","og_title":"SENEGAL-MINES-RESULTATS \/ La compagnie GCO g\u00e9n\u00e8re \u00bbdeux fois plus de retomb\u00e9es pour le S\u00e9n\u00e9gal que pour elle-m\u00eame \u00bb (DG) - challenges economiques","og_description":"La compagnie mini\u00e8re Grande C\u00f4te Op\u00e9ration (GCO) qui exploite depuis 2014 des sables min\u00e9ralis\u00e9s, dont le zircon \u00e0 Diogo dans la r\u00e9gion de Thi\u00e8s (ouest),...","og_url":"https:\/\/challengeseconomiques.com\/?p=5164","og_site_name":"challenges economiques","article_published_time":"2023-08-22T12:11:08+00:00","article_modified_time":"2023-08-22T12:11:32+00:00","og_image":[{"width":600,"height":339,"url":"https:\/\/challengeseconomiques.com\/wp-content\/uploads\/2023\/08\/Guillaume-Kurek.jpg","type":"image\/jpeg"}],"author":"admin","twitter_card":"summary_large_image","twitter_misc":{"\u00c9crit par":"admin","Dur\u00e9e de lecture estim\u00e9e":"5 minutes"},"schema":{"@context":"https:\/\/schema.org","@graph":[{"@type":"Article","@id":"https:\/\/challengeseconomiques.com\/?p=5164#article","isPartOf":{"@id":"https:\/\/challengeseconomiques.com\/?p=5164"},"author":{"name":"admin","@id":"https:\/\/challengeseconomiques.com\/#\/schema\/person\/b4568c9afebc5a9238a771873801e349"},"headline":"SENEGAL-MINES-RESULTATS \/ La compagnie GCO g\u00e9n\u00e8re \u00bbdeux fois plus de retomb\u00e9es pour le S\u00e9n\u00e9gal que pour elle-m\u00eame \u00bb (DG)","datePublished":"2023-08-22T12:11:08+00:00","dateModified":"2023-08-22T12:11:32+00:00","mainEntityOfPage":{"@id":"https:\/\/challengeseconomiques.com\/?p=5164"},"wordCount":1087,"image":{"@id":"https:\/\/challengeseconomiques.com\/?p=5164#primaryimage"},"thumbnailUrl":"https:\/\/challengeseconomiques.com\/wp-content\/uploads\/2023\/08\/Guillaume-Kurek.jpg","articleSection":["Actualit\u00e9 \u00e9conomique","Infos \u00e9co"],"inLanguage":"fr-FR"},{"@type":"WebPage","@id":"https:\/\/challengeseconomiques.com\/?p=5164","url":"https:\/\/challengeseconomiques.com\/?p=5164","name":"SENEGAL-MINES-RESULTATS \/ La compagnie GCO g\u00e9n\u00e8re \u00bbdeux fois plus de retomb\u00e9es pour le S\u00e9n\u00e9gal que pour elle-m\u00eame \u00bb (DG) - challenges economiques","isPartOf":{"@id":"https:\/\/challengeseconomiques.com\/#website"},"primaryImageOfPage":{"@id":"https:\/\/challengeseconomiques.com\/?p=5164#primaryimage"},"image":{"@id":"https:\/\/challengeseconomiques.com\/?p=5164#primaryimage"},"thumbnailUrl":"https:\/\/challengeseconomiques.com\/wp-content\/uploads\/2023\/08\/Guillaume-Kurek.jpg","datePublished":"2023-08-22T12:11:08+00:00","dateModified":"2023-08-22T12:11:32+00:00","author":{"@id":"https:\/\/challengeseconomiques.com\/#\/schema\/person\/b4568c9afebc5a9238a771873801e349"},"breadcrumb":{"@id":"https:\/\/challengeseconomiques.com\/?p=5164#breadcrumb"},"inLanguage":"fr-FR","potentialAction":[{"@type":"ReadAction","target":["https:\/\/challengeseconomiques.com\/?p=5164"]}]},{"@type":"ImageObject","inLanguage":"fr-FR","@id":"https:\/\/challengeseconomiques.com\/?p=5164#primaryimage","url":"https:\/\/challengeseconomiques.com\/wp-content\/uploads\/2023\/08\/Guillaume-Kurek.jpg","contentUrl":"https:\/\/challengeseconomiques.com\/wp-content\/uploads\/2023\/08\/Guillaume-Kurek.jpg","width":600,"height":339},{"@type":"BreadcrumbList","@id":"https:\/\/challengeseconomiques.com\/?p=5164#breadcrumb","itemListElement":[{"@type":"ListItem","position":1,"name":"Home","item":"https:\/\/challengeseconomiques.com\/"},{"@type":"ListItem","position":2,"name":"SENEGAL-MINES-RESULTATS \/ La compagnie GCO g\u00e9n\u00e8re \u00bbdeux fois plus de retomb\u00e9es pour le S\u00e9n\u00e9gal que pour elle-m\u00eame \u00bb (DG)"}]},{"@type":"WebSite","@id":"https:\/\/challengeseconomiques.com\/#website","url":"https:\/\/challengeseconomiques.com\/","name":"challenges economiques","description":"","potentialAction":[{"@type":"SearchAction","target":{"@type":"EntryPoint","urlTemplate":"https:\/\/challengeseconomiques.com\/?s={search_term_string}"},"query-input":{"@type":"PropertyValueSpecification","valueRequired":true,"valueName":"search_term_string"}}],"inLanguage":"fr-FR"},{"@type":"Person","@id":"https:\/\/challengeseconomiques.com\/#\/schema\/person\/b4568c9afebc5a9238a771873801e349","name":"admin","image":{"@type":"ImageObject","inLanguage":"fr-FR","@id":"https:\/\/challengeseconomiques.com\/#\/schema\/person\/image\/","url":"https:\/\/secure.gravatar.com\/avatar\/099e42240b5eea11acdb72751fcce0dd918603f0749d24974b7984ea47ed9fd9?s=96&d=mm&r=g","contentUrl":"https:\/\/secure.gravatar.com\/avatar\/099e42240b5eea11acdb72751fcce0dd918603f0749d24974b7984ea47ed9fd9?s=96&d=mm&r=g","caption":"admin"},"sameAs":["https:\/\/challengeseconomiques.com"],"url":"https:\/\/challengeseconomiques.com\/?author=1"}]}},"jetpack_featured_media_url":"https:\/\/challengeseconomiques.com\/wp-content\/uploads\/2023\/08\/Guillaume-Kurek.jpg","jetpack_sharing_enabled":true,"_links":{"self":[{"href":"https:\/\/challengeseconomiques.com\/index.php?rest_route=\/wp\/v2\/posts\/5164","targetHints":{"allow":["GET"]}}],"collection":[{"href":"https:\/\/challengeseconomiques.com\/index.php?rest_route=\/wp\/v2\/posts"}],"about":[{"href":"https:\/\/challengeseconomiques.com\/index.php?rest_route=\/wp\/v2\/types\/post"}],"author":[{"embeddable":true,"href":"https:\/\/challengeseconomiques.com\/index.php?rest_route=\/wp\/v2\/users\/1"}],"replies":[{"embeddable":true,"href":"https:\/\/challengeseconomiques.com\/index.php?rest_route=%2Fwp%2Fv2%2Fcomments&post=5164"}],"version-history":[{"count":1,"href":"https:\/\/challengeseconomiques.com\/index.php?rest_route=\/wp\/v2\/posts\/5164\/revisions"}],"predecessor-version":[{"id":5166,"href":"https:\/\/challengeseconomiques.com\/index.php?rest_route=\/wp\/v2\/posts\/5164\/revisions\/5166"}],"wp:featuredmedia":[{"embeddable":true,"href":"https:\/\/challengeseconomiques.com\/index.php?rest_route=\/wp\/v2\/media\/5165"}],"wp:attachment":[{"href":"https:\/\/challengeseconomiques.com\/index.php?rest_route=%2Fwp%2Fv2%2Fmedia&parent=5164"}],"wp:term":[{"taxonomy":"category","embeddable":true,"href":"https:\/\/challengeseconomiques.com\/index.php?rest_route=%2Fwp%2Fv2%2Fcategories&post=5164"},{"taxonomy":"post_tag","embeddable":true,"href":"https:\/\/challengeseconomiques.com\/index.php?rest_route=%2Fwp%2Fv2%2Ftags&post=5164"}],"curies":[{"name":"wp","href":"https:\/\/api.w.org\/{rel}","templated":true}]}}