{"id":5161,"date":"2023-08-22T11:49:51","date_gmt":"2023-08-22T11:49:51","guid":{"rendered":"https:\/\/challengeseconomiques.com\/?p=5161"},"modified":"2023-08-22T11:50:58","modified_gmt":"2023-08-22T11:50:58","slug":"commissions-specialisees-de-la-cciad-khadim-sylla-nomme-a-la-tete-de-la-commission-rehabilitation-modernisation-et-gestion-des-marches","status":"publish","type":"post","link":"https:\/\/challengeseconomiques.com\/?p=5161","title":{"rendered":"Commissions sp\u00e9cialis\u00e9es de la CCIAD : Khadim Sylla nomm\u00e9 \u00e0 la t\u00eate de la Commission R\u00e9habilitation, Modernisation et Gestion des March\u00e9s"},"content":{"rendered":"<p><strong>Le pr\u00e9sident Abdoulaye Sow avec Khadim Sylla<\/strong><\/p>\n<p><strong>Le pr\u00e9sident de la Chambre de Commerce, d\u2019Industrie et d\u2019Agriculture de Dakar (CCIAD), Abdoulaye Sow, a pr\u00e9sid\u00e9 l\u2019installation de la Commission R\u00e9habilitation, Modernisation et Gestion des March\u00e9s le lundi 21 ao\u00fbt 2023. Ainsi, Khadim Sylla, pr\u00e9sident de l\u2019Association des Commer\u00e7ants et Industriels du S\u00e9n\u00e9gal (ACIS), a \u00e9t\u00e9 copt\u00e9 pour manager ladite Commission, compos\u00e9e de 19 membres qui sont pour l\u2019essentiel des acteurs du commerce issus de diverses organisations de commer\u00e7ants.<\/strong><\/p>\n<p>Les Commissions sp\u00e9cialis\u00e9es de la Chambre de Commerce de Dakar jouent un r\u00f4le essentiel en contribuant \u00e0 l\u2019effort de l\u2019Institution Consulaire en faveur du d\u00e9veloppement \u00e9conomique et social de la r\u00e9gion de Dakar en particulier, et du S\u00e9n\u00e9gal en g\u00e9n\u00e9ral. Compos\u00e9es de membres du secteur priv\u00e9, elles ont pour mission, entre autres, de fournir des avis et des suggestions techniques aux autorit\u00e9s administratives.<br \/>\nC\u2019est dans cette optique que la Commission \u00a0\u00bb R\u00e9habilitation, Modernisation et Gestion des March\u00e9s\u00a0\u00bb a \u00e9t\u00e9 mise en place, avec \u00e0 sa t\u00eate Khadim Sylla, pr\u00e9sident de l\u2019Association des Commer\u00e7ants et Industriels du S\u00e9n\u00e9gal (ACIS). Une organisation tr\u00e8s dynamique qui occupe une place de choix dans la repr\u00e9sentation des acteurs du commerce au S\u00e9n\u00e9gal. La c\u00e9r\u00e9monie d\u2019installation s\u2019est tenue dans les locaux de la Chambre de Commerce de Dakar. De nombreux acteurs du commerce \u00e9tablis dans diff\u00e9rents march\u00e9s de Dakar sont membres de la Commission et ont assist\u00e9 \u00e0 cette c\u00e9r\u00e9monie, marquant ainsi sa premi\u00e8re r\u00e9union.<\/p>\n<p><strong>Les travaux commencent d\u00e9j\u00e0 <\/strong><strong>\u00a0<\/strong><\/p>\n<p>Le pr\u00e9sident Abdoulaye Sow a exprim\u00e9 son optimisme quant aux perspectives de la Commission et \u00e0 son pr\u00e9sident Khadim Sylla. Il a \u00e9galement encourag\u00e9 les membres \u00e0 travailler avec c\u00e9l\u00e9rit\u00e9 pour pr\u00e9senter les r\u00e9sultats en temps voulu. Selon M. Sow, cette Commission rev\u00eat une importance particuli\u00e8re \u00e9tant donn\u00e9 que la question de la modernisation des march\u00e9s au S\u00e9n\u00e9gal est d\u2019une actualit\u00e9 br\u00fblante.<br \/>\nDe son c\u00f4t\u00e9, le pr\u00e9sident Khadim Sylla a exprim\u00e9 sa profonde gratitude envers le pr\u00e9sident de la CCIAD pour sa nomination. Il s\u2019engage pleinement \u00e0 assurer la r\u00e9ussite de la mission en collaboration avec sa nouvelle \u00e9quipe.<br \/>\nAu cours de la r\u00e9union qui a suivi la c\u00e9r\u00e9monie d\u2019installation, les diff\u00e9rents r\u00f4les ont \u00e9t\u00e9 attribu\u00e9s aux membres. Ainsi, Bassirou Diaw occupe le poste de 1<sup>er<\/sup> \u00a0vice-pr\u00e9sident. Mme Diaba Diop a \u00e9t\u00e9 d\u00e9sign\u00e9e 2\u00e8me vice-pr\u00e9sidente de la Commission, tandis que Mamadou Lamine Bara Amar et Mamadou Ba assument respectivement les fonctions de secr\u00e9taire \u00e9lu et de rapporteur.<br \/>\nPar ailleurs, cette Commission est compos\u00e9e de deux sous-commissions. La premi\u00e8re, intitul\u00e9e \u00ab\u00a0R\u00e9habilitation et Modernisation des March\u00e9s\u00a0\u00bb, est dirig\u00e9e par Cheikh Tidiane Gueye, tandis que la seconde, \u00ab\u00a0Gestion des March\u00e9s\u00a0\u00bb, est pr\u00e9sid\u00e9e par Mame Thierno Diop.<\/p>\n<p><strong>Sanou BADIANE<\/strong><\/p>\n<p><strong>(Source: BIE)<\/strong><\/p>\n","protected":false},"excerpt":{"rendered":"<p>Le pr\u00e9sident Abdoulaye Sow avec Khadim Sylla Le pr\u00e9sident de la Chambre de Commerce, d\u2019Industrie et d\u2019Agriculture de Dakar (CCIAD), Abdoulaye Sow, a pr\u00e9sid\u00e9 l\u2019installation&#8230;<\/p>\n","protected":false},"author":1,"featured_media":5162,"comment_status":"closed","ping_status":"open","sticky":false,"template":"","format":"standard","meta":{"_jetpack_memberships_contains_paid_content":false,"footnotes":""},"categories":[8,10],"tags":[],"class_list":["post-5161","post","type-post","status-publish","format-standard","has-post-thumbnail","hentry","category-actualite-economique","category-infos-eco","wpcat-8-id","wpcat-10-id"],"yoast_head":"<!-- This site is optimized with the Yoast SEO plugin v27.1.1 - https:\/\/yoast.com\/product\/yoast-seo-wordpress\/ -->\n<title>Commissions sp\u00e9cialis\u00e9es de la CCIAD : Khadim Sylla nomm\u00e9 \u00e0 la t\u00eate de la Commission R\u00e9habilitation, Modernisation et Gestion des March\u00e9s - challenges economiques<\/title>\n<meta name=\"robots\" content=\"index, follow, max-snippet:-1, max-image-preview:large, max-video-preview:-1\" \/>\n<link rel=\"canonical\" href=\"https:\/\/challengeseconomiques.com\/?p=5161\" \/>\n<meta property=\"og:locale\" content=\"fr_FR\" \/>\n<meta property=\"og:type\" content=\"article\" \/>\n<meta property=\"og:title\" content=\"Commissions sp\u00e9cialis\u00e9es de la CCIAD : Khadim Sylla nomm\u00e9 \u00e0 la t\u00eate de la Commission R\u00e9habilitation, Modernisation et Gestion des March\u00e9s - challenges economiques\" \/>\n<meta property=\"og:description\" content=\"Le pr\u00e9sident Abdoulaye Sow avec Khadim Sylla Le pr\u00e9sident de la Chambre de Commerce, d\u2019Industrie et d\u2019Agriculture de Dakar (CCIAD), Abdoulaye Sow, a pr\u00e9sid\u00e9 l\u2019installation...\" \/>\n<meta property=\"og:url\" content=\"https:\/\/challengeseconomiques.com\/?p=5161\" \/>\n<meta property=\"og:site_name\" content=\"challenges economiques\" \/>\n<meta property=\"article:published_time\" content=\"2023-08-22T11:49:51+00:00\" \/>\n<meta property=\"article:modified_time\" content=\"2023-08-22T11:50:58+00:00\" \/>\n<meta property=\"og:image\" content=\"https:\/\/challengeseconomiques.com\/wp-content\/uploads\/2023\/08\/Commission_reforme_des-marches_8-1536x1017-1.jpeg\" \/>\n\t<meta property=\"og:image:width\" content=\"1536\" \/>\n\t<meta property=\"og:image:height\" content=\"1017\" \/>\n\t<meta property=\"og:image:type\" content=\"image\/jpeg\" \/>\n<meta name=\"author\" content=\"admin\" \/>\n<meta name=\"twitter:card\" content=\"summary_large_image\" \/>\n<meta name=\"twitter:label1\" content=\"\u00c9crit par\" \/>\n\t<meta name=\"twitter:data1\" content=\"admin\" \/>\n\t<meta name=\"twitter:label2\" content=\"Dur\u00e9e de lecture estim\u00e9e\" \/>\n\t<meta name=\"twitter:data2\" content=\"3 minutes\" \/>\n<script type=\"application\/ld+json\" class=\"yoast-schema-graph\">{\"@context\":\"https:\/\/schema.org\",\"@graph\":[{\"@type\":\"Article\",\"@id\":\"https:\/\/challengeseconomiques.com\/?p=5161#article\",\"isPartOf\":{\"@id\":\"https:\/\/challengeseconomiques.com\/?p=5161\"},\"author\":{\"name\":\"admin\",\"@id\":\"https:\/\/challengeseconomiques.com\/#\/schema\/person\/b4568c9afebc5a9238a771873801e349\"},\"headline\":\"Commissions sp\u00e9cialis\u00e9es de la CCIAD : Khadim Sylla nomm\u00e9 \u00e0 la t\u00eate de la Commission R\u00e9habilitation, Modernisation et Gestion des March\u00e9s\",\"datePublished\":\"2023-08-22T11:49:51+00:00\",\"dateModified\":\"2023-08-22T11:50:58+00:00\",\"mainEntityOfPage\":{\"@id\":\"https:\/\/challengeseconomiques.com\/?p=5161\"},\"wordCount\":544,\"image\":{\"@id\":\"https:\/\/challengeseconomiques.com\/?p=5161#primaryimage\"},\"thumbnailUrl\":\"https:\/\/challengeseconomiques.com\/wp-content\/uploads\/2023\/08\/Commission_reforme_des-marches_8-1536x1017-1.jpeg\",\"articleSection\":[\"Actualit\u00e9 \u00e9conomique\",\"Infos \u00e9co\"],\"inLanguage\":\"fr-FR\"},{\"@type\":\"WebPage\",\"@id\":\"https:\/\/challengeseconomiques.com\/?p=5161\",\"url\":\"https:\/\/challengeseconomiques.com\/?p=5161\",\"name\":\"Commissions sp\u00e9cialis\u00e9es de la CCIAD : Khadim Sylla nomm\u00e9 \u00e0 la t\u00eate de la Commission R\u00e9habilitation, Modernisation et Gestion des March\u00e9s - challenges economiques\",\"isPartOf\":{\"@id\":\"https:\/\/challengeseconomiques.com\/#website\"},\"primaryImageOfPage\":{\"@id\":\"https:\/\/challengeseconomiques.com\/?p=5161#primaryimage\"},\"image\":{\"@id\":\"https:\/\/challengeseconomiques.com\/?p=5161#primaryimage\"},\"thumbnailUrl\":\"https:\/\/challengeseconomiques.com\/wp-content\/uploads\/2023\/08\/Commission_reforme_des-marches_8-1536x1017-1.jpeg\",\"datePublished\":\"2023-08-22T11:49:51+00:00\",\"dateModified\":\"2023-08-22T11:50:58+00:00\",\"author\":{\"@id\":\"https:\/\/challengeseconomiques.com\/#\/schema\/person\/b4568c9afebc5a9238a771873801e349\"},\"breadcrumb\":{\"@id\":\"https:\/\/challengeseconomiques.com\/?p=5161#breadcrumb\"},\"inLanguage\":\"fr-FR\",\"potentialAction\":[{\"@type\":\"ReadAction\",\"target\":[\"https:\/\/challengeseconomiques.com\/?p=5161\"]}]},{\"@type\":\"ImageObject\",\"inLanguage\":\"fr-FR\",\"@id\":\"https:\/\/challengeseconomiques.com\/?p=5161#primaryimage\",\"url\":\"https:\/\/challengeseconomiques.com\/wp-content\/uploads\/2023\/08\/Commission_reforme_des-marches_8-1536x1017-1.jpeg\",\"contentUrl\":\"https:\/\/challengeseconomiques.com\/wp-content\/uploads\/2023\/08\/Commission_reforme_des-marches_8-1536x1017-1.jpeg\",\"width\":1536,\"height\":1017},{\"@type\":\"BreadcrumbList\",\"@id\":\"https:\/\/challengeseconomiques.com\/?p=5161#breadcrumb\",\"itemListElement\":[{\"@type\":\"ListItem\",\"position\":1,\"name\":\"Home\",\"item\":\"https:\/\/challengeseconomiques.com\/\"},{\"@type\":\"ListItem\",\"position\":2,\"name\":\"Commissions sp\u00e9cialis\u00e9es de la CCIAD : Khadim Sylla nomm\u00e9 \u00e0 la t\u00eate de la Commission R\u00e9habilitation, Modernisation et Gestion des March\u00e9s\"}]},{\"@type\":\"WebSite\",\"@id\":\"https:\/\/challengeseconomiques.com\/#website\",\"url\":\"https:\/\/challengeseconomiques.com\/\",\"name\":\"challenges economiques\",\"description\":\"\",\"potentialAction\":[{\"@type\":\"SearchAction\",\"target\":{\"@type\":\"EntryPoint\",\"urlTemplate\":\"https:\/\/challengeseconomiques.com\/?s={search_term_string}\"},\"query-input\":{\"@type\":\"PropertyValueSpecification\",\"valueRequired\":true,\"valueName\":\"search_term_string\"}}],\"inLanguage\":\"fr-FR\"},{\"@type\":\"Person\",\"@id\":\"https:\/\/challengeseconomiques.com\/#\/schema\/person\/b4568c9afebc5a9238a771873801e349\",\"name\":\"admin\",\"image\":{\"@type\":\"ImageObject\",\"inLanguage\":\"fr-FR\",\"@id\":\"https:\/\/challengeseconomiques.com\/#\/schema\/person\/image\/\",\"url\":\"https:\/\/secure.gravatar.com\/avatar\/099e42240b5eea11acdb72751fcce0dd918603f0749d24974b7984ea47ed9fd9?s=96&d=mm&r=g\",\"contentUrl\":\"https:\/\/secure.gravatar.com\/avatar\/099e42240b5eea11acdb72751fcce0dd918603f0749d24974b7984ea47ed9fd9?s=96&d=mm&r=g\",\"caption\":\"admin\"},\"sameAs\":[\"https:\/\/challengeseconomiques.com\"],\"url\":\"https:\/\/challengeseconomiques.com\/?author=1\"}]}<\/script>\n<!-- \/ Yoast SEO plugin. -->","yoast_head_json":{"title":"Commissions sp\u00e9cialis\u00e9es de la CCIAD : Khadim Sylla nomm\u00e9 \u00e0 la t\u00eate de la Commission R\u00e9habilitation, Modernisation et Gestion des March\u00e9s - challenges economiques","robots":{"index":"index","follow":"follow","max-snippet":"max-snippet:-1","max-image-preview":"max-image-preview:large","max-video-preview":"max-video-preview:-1"},"canonical":"https:\/\/challengeseconomiques.com\/?p=5161","og_locale":"fr_FR","og_type":"article","og_title":"Commissions sp\u00e9cialis\u00e9es de la CCIAD : Khadim Sylla nomm\u00e9 \u00e0 la t\u00eate de la Commission R\u00e9habilitation, Modernisation et Gestion des March\u00e9s - challenges economiques","og_description":"Le pr\u00e9sident Abdoulaye Sow avec Khadim Sylla Le pr\u00e9sident de la Chambre de Commerce, d\u2019Industrie et d\u2019Agriculture de Dakar (CCIAD), Abdoulaye Sow, a pr\u00e9sid\u00e9 l\u2019installation...","og_url":"https:\/\/challengeseconomiques.com\/?p=5161","og_site_name":"challenges economiques","article_published_time":"2023-08-22T11:49:51+00:00","article_modified_time":"2023-08-22T11:50:58+00:00","og_image":[{"width":1536,"height":1017,"url":"https:\/\/challengeseconomiques.com\/wp-content\/uploads\/2023\/08\/Commission_reforme_des-marches_8-1536x1017-1.jpeg","type":"image\/jpeg"}],"author":"admin","twitter_card":"summary_large_image","twitter_misc":{"\u00c9crit par":"admin","Dur\u00e9e de lecture estim\u00e9e":"3 minutes"},"schema":{"@context":"https:\/\/schema.org","@graph":[{"@type":"Article","@id":"https:\/\/challengeseconomiques.com\/?p=5161#article","isPartOf":{"@id":"https:\/\/challengeseconomiques.com\/?p=5161"},"author":{"name":"admin","@id":"https:\/\/challengeseconomiques.com\/#\/schema\/person\/b4568c9afebc5a9238a771873801e349"},"headline":"Commissions sp\u00e9cialis\u00e9es de la CCIAD : Khadim Sylla nomm\u00e9 \u00e0 la t\u00eate de la Commission R\u00e9habilitation, Modernisation et Gestion des March\u00e9s","datePublished":"2023-08-22T11:49:51+00:00","dateModified":"2023-08-22T11:50:58+00:00","mainEntityOfPage":{"@id":"https:\/\/challengeseconomiques.com\/?p=5161"},"wordCount":544,"image":{"@id":"https:\/\/challengeseconomiques.com\/?p=5161#primaryimage"},"thumbnailUrl":"https:\/\/challengeseconomiques.com\/wp-content\/uploads\/2023\/08\/Commission_reforme_des-marches_8-1536x1017-1.jpeg","articleSection":["Actualit\u00e9 \u00e9conomique","Infos \u00e9co"],"inLanguage":"fr-FR"},{"@type":"WebPage","@id":"https:\/\/challengeseconomiques.com\/?p=5161","url":"https:\/\/challengeseconomiques.com\/?p=5161","name":"Commissions sp\u00e9cialis\u00e9es de la CCIAD : Khadim Sylla nomm\u00e9 \u00e0 la t\u00eate de la Commission R\u00e9habilitation, Modernisation et Gestion des March\u00e9s - challenges economiques","isPartOf":{"@id":"https:\/\/challengeseconomiques.com\/#website"},"primaryImageOfPage":{"@id":"https:\/\/challengeseconomiques.com\/?p=5161#primaryimage"},"image":{"@id":"https:\/\/challengeseconomiques.com\/?p=5161#primaryimage"},"thumbnailUrl":"https:\/\/challengeseconomiques.com\/wp-content\/uploads\/2023\/08\/Commission_reforme_des-marches_8-1536x1017-1.jpeg","datePublished":"2023-08-22T11:49:51+00:00","dateModified":"2023-08-22T11:50:58+00:00","author":{"@id":"https:\/\/challengeseconomiques.com\/#\/schema\/person\/b4568c9afebc5a9238a771873801e349"},"breadcrumb":{"@id":"https:\/\/challengeseconomiques.com\/?p=5161#breadcrumb"},"inLanguage":"fr-FR","potentialAction":[{"@type":"ReadAction","target":["https:\/\/challengeseconomiques.com\/?p=5161"]}]},{"@type":"ImageObject","inLanguage":"fr-FR","@id":"https:\/\/challengeseconomiques.com\/?p=5161#primaryimage","url":"https:\/\/challengeseconomiques.com\/wp-content\/uploads\/2023\/08\/Commission_reforme_des-marches_8-1536x1017-1.jpeg","contentUrl":"https:\/\/challengeseconomiques.com\/wp-content\/uploads\/2023\/08\/Commission_reforme_des-marches_8-1536x1017-1.jpeg","width":1536,"height":1017},{"@type":"BreadcrumbList","@id":"https:\/\/challengeseconomiques.com\/?p=5161#breadcrumb","itemListElement":[{"@type":"ListItem","position":1,"name":"Home","item":"https:\/\/challengeseconomiques.com\/"},{"@type":"ListItem","position":2,"name":"Commissions sp\u00e9cialis\u00e9es de la CCIAD : Khadim Sylla nomm\u00e9 \u00e0 la t\u00eate de la Commission R\u00e9habilitation, Modernisation et Gestion des March\u00e9s"}]},{"@type":"WebSite","@id":"https:\/\/challengeseconomiques.com\/#website","url":"https:\/\/challengeseconomiques.com\/","name":"challenges economiques","description":"","potentialAction":[{"@type":"SearchAction","target":{"@type":"EntryPoint","urlTemplate":"https:\/\/challengeseconomiques.com\/?s={search_term_string}"},"query-input":{"@type":"PropertyValueSpecification","valueRequired":true,"valueName":"search_term_string"}}],"inLanguage":"fr-FR"},{"@type":"Person","@id":"https:\/\/challengeseconomiques.com\/#\/schema\/person\/b4568c9afebc5a9238a771873801e349","name":"admin","image":{"@type":"ImageObject","inLanguage":"fr-FR","@id":"https:\/\/challengeseconomiques.com\/#\/schema\/person\/image\/","url":"https:\/\/secure.gravatar.com\/avatar\/099e42240b5eea11acdb72751fcce0dd918603f0749d24974b7984ea47ed9fd9?s=96&d=mm&r=g","contentUrl":"https:\/\/secure.gravatar.com\/avatar\/099e42240b5eea11acdb72751fcce0dd918603f0749d24974b7984ea47ed9fd9?s=96&d=mm&r=g","caption":"admin"},"sameAs":["https:\/\/challengeseconomiques.com"],"url":"https:\/\/challengeseconomiques.com\/?author=1"}]}},"jetpack_featured_media_url":"https:\/\/challengeseconomiques.com\/wp-content\/uploads\/2023\/08\/Commission_reforme_des-marches_8-1536x1017-1.jpeg","jetpack_sharing_enabled":true,"_links":{"self":[{"href":"https:\/\/challengeseconomiques.com\/index.php?rest_route=\/wp\/v2\/posts\/5161","targetHints":{"allow":["GET"]}}],"collection":[{"href":"https:\/\/challengeseconomiques.com\/index.php?rest_route=\/wp\/v2\/posts"}],"about":[{"href":"https:\/\/challengeseconomiques.com\/index.php?rest_route=\/wp\/v2\/types\/post"}],"author":[{"embeddable":true,"href":"https:\/\/challengeseconomiques.com\/index.php?rest_route=\/wp\/v2\/users\/1"}],"replies":[{"embeddable":true,"href":"https:\/\/challengeseconomiques.com\/index.php?rest_route=%2Fwp%2Fv2%2Fcomments&post=5161"}],"version-history":[{"count":1,"href":"https:\/\/challengeseconomiques.com\/index.php?rest_route=\/wp\/v2\/posts\/5161\/revisions"}],"predecessor-version":[{"id":5163,"href":"https:\/\/challengeseconomiques.com\/index.php?rest_route=\/wp\/v2\/posts\/5161\/revisions\/5163"}],"wp:featuredmedia":[{"embeddable":true,"href":"https:\/\/challengeseconomiques.com\/index.php?rest_route=\/wp\/v2\/media\/5162"}],"wp:attachment":[{"href":"https:\/\/challengeseconomiques.com\/index.php?rest_route=%2Fwp%2Fv2%2Fmedia&parent=5161"}],"wp:term":[{"taxonomy":"category","embeddable":true,"href":"https:\/\/challengeseconomiques.com\/index.php?rest_route=%2Fwp%2Fv2%2Fcategories&post=5161"},{"taxonomy":"post_tag","embeddable":true,"href":"https:\/\/challengeseconomiques.com\/index.php?rest_route=%2Fwp%2Fv2%2Ftags&post=5161"}],"curies":[{"name":"wp","href":"https:\/\/api.w.org\/{rel}","templated":true}]}}