{"id":5143,"date":"2023-08-21T12:19:00","date_gmt":"2023-08-21T12:19:00","guid":{"rendered":"https:\/\/challengeseconomiques.com\/?p=5143"},"modified":"2023-08-21T12:19:23","modified_gmt":"2023-08-21T12:19:23","slug":"accompagnement-des-entreprises-exportatrices-la-cciad-et-lasepex-en-phase-de-combiner-leurs-efforts","status":"publish","type":"post","link":"https:\/\/challengeseconomiques.com\/?p=5143","title":{"rendered":"Accompagnement des entreprises exportatrices : La CCIAD et l\u2019ASEPEX en phase de combiner leurs efforts"},"content":{"rendered":"<p><strong>La Chambre de Commerce, d\u2019industrie et d\u2019Agriculture de Dakar (CCIAD) participe au rayonnement des entreprises s\u00e9n\u00e9galaises \u00e0 l\u2019\u00e9chelle internationale. Cette mission commune est aussi le c\u0153ur de m\u00e9tier l\u2019Agence S\u00e9n\u00e9galaise de Promotion des Exportations (ASEPEX).\u00a0 Ainsi, les deux structures ont d\u00e9cid\u00e9 de collaborer pour une gestion efficiente du cadre d\u2019accompagnement des entreprises s\u00e9n\u00e9galaises. <\/strong><\/p>\n<p>Le pr\u00e9sident de la CCIAD, \u00a0Abdoulaye Sow a tenu une s\u00e9ance de travail avec la directrice g\u00e9n\u00e9rale de l\u2019Agence S\u00e9n\u00e9galaise de Promotion des Exportations (ASEPEX) \u00a0Mme Zahra Iyane Thiam, ce jeudi 17 ao\u00fbt 2023 au si\u00e8ge de l\u2019institution consulaire de Dakar. \u00a0Il est ressorti des \u00e9changes que Les deux institutions veulent mutualiser leurs efforts pour mieux accompagner les entreprises.<br \/>\nLa directrice g\u00e9n\u00e9rale de l\u2019ASEPEX\u00a0justifie sa visite par la n\u00e9cessit\u00e9 de travailler en symbiose pour une meilleure participation des entreprises s\u00e9n\u00e9galaises aux\u00a0rencontres internationales telles que les foires, les salons et les expositions. Dans ce cadre, Zahra Iyane Thiam propose la signature d\u2019une convention de partenariat liant les deux structures.<br \/>\nPour sa part, le pr\u00e9sident de la CCIAD, Abdoulaye Sow a salu\u00e9 la d\u00e9marche de son h\u00f4te. Il a donn\u00e9 son accord pour la mat\u00e9rialisation de la collaboration entre les deux Institutions.<\/p>\n<p><strong>BIE<\/strong><\/p>\n","protected":false},"excerpt":{"rendered":"<p>La Chambre de Commerce, d\u2019industrie et d\u2019Agriculture de Dakar (CCIAD) participe au rayonnement des entreprises s\u00e9n\u00e9galaises \u00e0 l\u2019\u00e9chelle internationale. Cette mission commune est aussi le&#8230;<\/p>\n","protected":false},"author":1,"featured_media":5144,"comment_status":"closed","ping_status":"open","sticky":false,"template":"","format":"standard","meta":{"_jetpack_memberships_contains_paid_content":false,"footnotes":""},"categories":[23],"tags":[],"class_list":["post-5143","post","type-post","status-publish","format-standard","has-post-thumbnail","hentry","category-a-la-une","wpcat-23-id"],"yoast_head":"<!-- This site is optimized with the Yoast SEO plugin v27.1.1 - https:\/\/yoast.com\/product\/yoast-seo-wordpress\/ -->\n<title>Accompagnement des entreprises exportatrices : La CCIAD et l\u2019ASEPEX en phase de combiner leurs efforts - challenges economiques<\/title>\n<meta name=\"robots\" content=\"index, follow, max-snippet:-1, max-image-preview:large, max-video-preview:-1\" \/>\n<link rel=\"canonical\" href=\"https:\/\/challengeseconomiques.com\/?p=5143\" \/>\n<meta property=\"og:locale\" content=\"fr_FR\" \/>\n<meta property=\"og:type\" content=\"article\" \/>\n<meta property=\"og:title\" content=\"Accompagnement des entreprises exportatrices : La CCIAD et l\u2019ASEPEX en phase de combiner leurs efforts - challenges economiques\" \/>\n<meta property=\"og:description\" content=\"La Chambre de Commerce, d\u2019industrie et d\u2019Agriculture de Dakar (CCIAD) participe au rayonnement des entreprises s\u00e9n\u00e9galaises \u00e0 l\u2019\u00e9chelle internationale. Cette mission commune est aussi le...\" \/>\n<meta property=\"og:url\" content=\"https:\/\/challengeseconomiques.com\/?p=5143\" \/>\n<meta property=\"og:site_name\" content=\"challenges economiques\" \/>\n<meta property=\"article:published_time\" content=\"2023-08-21T12:19:00+00:00\" \/>\n<meta property=\"article:modified_time\" content=\"2023-08-21T12:19:23+00:00\" \/>\n<meta property=\"og:image\" content=\"https:\/\/challengeseconomiques.com\/wp-content\/uploads\/2023\/08\/Visite_ASEPEX_CCIAD_5-1536x1017-1.jpeg\" \/>\n\t<meta property=\"og:image:width\" content=\"1536\" \/>\n\t<meta property=\"og:image:height\" content=\"1017\" \/>\n\t<meta property=\"og:image:type\" content=\"image\/jpeg\" \/>\n<meta name=\"author\" content=\"admin\" \/>\n<meta name=\"twitter:card\" content=\"summary_large_image\" \/>\n<meta name=\"twitter:label1\" content=\"\u00c9crit par\" \/>\n\t<meta name=\"twitter:data1\" content=\"admin\" \/>\n\t<meta name=\"twitter:label2\" content=\"Dur\u00e9e de lecture estim\u00e9e\" \/>\n\t<meta name=\"twitter:data2\" content=\"1 minute\" \/>\n<script type=\"application\/ld+json\" class=\"yoast-schema-graph\">{\"@context\":\"https:\/\/schema.org\",\"@graph\":[{\"@type\":\"Article\",\"@id\":\"https:\/\/challengeseconomiques.com\/?p=5143#article\",\"isPartOf\":{\"@id\":\"https:\/\/challengeseconomiques.com\/?p=5143\"},\"author\":{\"name\":\"admin\",\"@id\":\"https:\/\/challengeseconomiques.com\/#\/schema\/person\/b4568c9afebc5a9238a771873801e349\"},\"headline\":\"Accompagnement des entreprises exportatrices : La CCIAD et l\u2019ASEPEX en phase de combiner leurs efforts\",\"datePublished\":\"2023-08-21T12:19:00+00:00\",\"dateModified\":\"2023-08-21T12:19:23+00:00\",\"mainEntityOfPage\":{\"@id\":\"https:\/\/challengeseconomiques.com\/?p=5143\"},\"wordCount\":243,\"image\":{\"@id\":\"https:\/\/challengeseconomiques.com\/?p=5143#primaryimage\"},\"thumbnailUrl\":\"https:\/\/challengeseconomiques.com\/wp-content\/uploads\/2023\/08\/Visite_ASEPEX_CCIAD_5-1536x1017-1.jpeg\",\"articleSection\":[\"A la une\"],\"inLanguage\":\"fr-FR\"},{\"@type\":\"WebPage\",\"@id\":\"https:\/\/challengeseconomiques.com\/?p=5143\",\"url\":\"https:\/\/challengeseconomiques.com\/?p=5143\",\"name\":\"Accompagnement des entreprises exportatrices : La CCIAD et l\u2019ASEPEX en phase de combiner leurs efforts - challenges economiques\",\"isPartOf\":{\"@id\":\"https:\/\/challengeseconomiques.com\/#website\"},\"primaryImageOfPage\":{\"@id\":\"https:\/\/challengeseconomiques.com\/?p=5143#primaryimage\"},\"image\":{\"@id\":\"https:\/\/challengeseconomiques.com\/?p=5143#primaryimage\"},\"thumbnailUrl\":\"https:\/\/challengeseconomiques.com\/wp-content\/uploads\/2023\/08\/Visite_ASEPEX_CCIAD_5-1536x1017-1.jpeg\",\"datePublished\":\"2023-08-21T12:19:00+00:00\",\"dateModified\":\"2023-08-21T12:19:23+00:00\",\"author\":{\"@id\":\"https:\/\/challengeseconomiques.com\/#\/schema\/person\/b4568c9afebc5a9238a771873801e349\"},\"breadcrumb\":{\"@id\":\"https:\/\/challengeseconomiques.com\/?p=5143#breadcrumb\"},\"inLanguage\":\"fr-FR\",\"potentialAction\":[{\"@type\":\"ReadAction\",\"target\":[\"https:\/\/challengeseconomiques.com\/?p=5143\"]}]},{\"@type\":\"ImageObject\",\"inLanguage\":\"fr-FR\",\"@id\":\"https:\/\/challengeseconomiques.com\/?p=5143#primaryimage\",\"url\":\"https:\/\/challengeseconomiques.com\/wp-content\/uploads\/2023\/08\/Visite_ASEPEX_CCIAD_5-1536x1017-1.jpeg\",\"contentUrl\":\"https:\/\/challengeseconomiques.com\/wp-content\/uploads\/2023\/08\/Visite_ASEPEX_CCIAD_5-1536x1017-1.jpeg\",\"width\":1536,\"height\":1017},{\"@type\":\"BreadcrumbList\",\"@id\":\"https:\/\/challengeseconomiques.com\/?p=5143#breadcrumb\",\"itemListElement\":[{\"@type\":\"ListItem\",\"position\":1,\"name\":\"Home\",\"item\":\"https:\/\/challengeseconomiques.com\/\"},{\"@type\":\"ListItem\",\"position\":2,\"name\":\"Accompagnement des entreprises exportatrices : La CCIAD et l\u2019ASEPEX en phase de combiner leurs efforts\"}]},{\"@type\":\"WebSite\",\"@id\":\"https:\/\/challengeseconomiques.com\/#website\",\"url\":\"https:\/\/challengeseconomiques.com\/\",\"name\":\"challenges economiques\",\"description\":\"\",\"potentialAction\":[{\"@type\":\"SearchAction\",\"target\":{\"@type\":\"EntryPoint\",\"urlTemplate\":\"https:\/\/challengeseconomiques.com\/?s={search_term_string}\"},\"query-input\":{\"@type\":\"PropertyValueSpecification\",\"valueRequired\":true,\"valueName\":\"search_term_string\"}}],\"inLanguage\":\"fr-FR\"},{\"@type\":\"Person\",\"@id\":\"https:\/\/challengeseconomiques.com\/#\/schema\/person\/b4568c9afebc5a9238a771873801e349\",\"name\":\"admin\",\"image\":{\"@type\":\"ImageObject\",\"inLanguage\":\"fr-FR\",\"@id\":\"https:\/\/challengeseconomiques.com\/#\/schema\/person\/image\/\",\"url\":\"https:\/\/secure.gravatar.com\/avatar\/099e42240b5eea11acdb72751fcce0dd918603f0749d24974b7984ea47ed9fd9?s=96&d=mm&r=g\",\"contentUrl\":\"https:\/\/secure.gravatar.com\/avatar\/099e42240b5eea11acdb72751fcce0dd918603f0749d24974b7984ea47ed9fd9?s=96&d=mm&r=g\",\"caption\":\"admin\"},\"sameAs\":[\"https:\/\/challengeseconomiques.com\"],\"url\":\"https:\/\/challengeseconomiques.com\/?author=1\"}]}<\/script>\n<!-- \/ Yoast SEO plugin. -->","yoast_head_json":{"title":"Accompagnement des entreprises exportatrices : La CCIAD et l\u2019ASEPEX en phase de combiner leurs efforts - challenges economiques","robots":{"index":"index","follow":"follow","max-snippet":"max-snippet:-1","max-image-preview":"max-image-preview:large","max-video-preview":"max-video-preview:-1"},"canonical":"https:\/\/challengeseconomiques.com\/?p=5143","og_locale":"fr_FR","og_type":"article","og_title":"Accompagnement des entreprises exportatrices : La CCIAD et l\u2019ASEPEX en phase de combiner leurs efforts - challenges economiques","og_description":"La Chambre de Commerce, d\u2019industrie et d\u2019Agriculture de Dakar (CCIAD) participe au rayonnement des entreprises s\u00e9n\u00e9galaises \u00e0 l\u2019\u00e9chelle internationale. Cette mission commune est aussi le...","og_url":"https:\/\/challengeseconomiques.com\/?p=5143","og_site_name":"challenges economiques","article_published_time":"2023-08-21T12:19:00+00:00","article_modified_time":"2023-08-21T12:19:23+00:00","og_image":[{"width":1536,"height":1017,"url":"https:\/\/challengeseconomiques.com\/wp-content\/uploads\/2023\/08\/Visite_ASEPEX_CCIAD_5-1536x1017-1.jpeg","type":"image\/jpeg"}],"author":"admin","twitter_card":"summary_large_image","twitter_misc":{"\u00c9crit par":"admin","Dur\u00e9e de lecture estim\u00e9e":"1 minute"},"schema":{"@context":"https:\/\/schema.org","@graph":[{"@type":"Article","@id":"https:\/\/challengeseconomiques.com\/?p=5143#article","isPartOf":{"@id":"https:\/\/challengeseconomiques.com\/?p=5143"},"author":{"name":"admin","@id":"https:\/\/challengeseconomiques.com\/#\/schema\/person\/b4568c9afebc5a9238a771873801e349"},"headline":"Accompagnement des entreprises exportatrices : La CCIAD et l\u2019ASEPEX en phase de combiner leurs efforts","datePublished":"2023-08-21T12:19:00+00:00","dateModified":"2023-08-21T12:19:23+00:00","mainEntityOfPage":{"@id":"https:\/\/challengeseconomiques.com\/?p=5143"},"wordCount":243,"image":{"@id":"https:\/\/challengeseconomiques.com\/?p=5143#primaryimage"},"thumbnailUrl":"https:\/\/challengeseconomiques.com\/wp-content\/uploads\/2023\/08\/Visite_ASEPEX_CCIAD_5-1536x1017-1.jpeg","articleSection":["A la une"],"inLanguage":"fr-FR"},{"@type":"WebPage","@id":"https:\/\/challengeseconomiques.com\/?p=5143","url":"https:\/\/challengeseconomiques.com\/?p=5143","name":"Accompagnement des entreprises exportatrices : La CCIAD et l\u2019ASEPEX en phase de combiner leurs efforts - challenges economiques","isPartOf":{"@id":"https:\/\/challengeseconomiques.com\/#website"},"primaryImageOfPage":{"@id":"https:\/\/challengeseconomiques.com\/?p=5143#primaryimage"},"image":{"@id":"https:\/\/challengeseconomiques.com\/?p=5143#primaryimage"},"thumbnailUrl":"https:\/\/challengeseconomiques.com\/wp-content\/uploads\/2023\/08\/Visite_ASEPEX_CCIAD_5-1536x1017-1.jpeg","datePublished":"2023-08-21T12:19:00+00:00","dateModified":"2023-08-21T12:19:23+00:00","author":{"@id":"https:\/\/challengeseconomiques.com\/#\/schema\/person\/b4568c9afebc5a9238a771873801e349"},"breadcrumb":{"@id":"https:\/\/challengeseconomiques.com\/?p=5143#breadcrumb"},"inLanguage":"fr-FR","potentialAction":[{"@type":"ReadAction","target":["https:\/\/challengeseconomiques.com\/?p=5143"]}]},{"@type":"ImageObject","inLanguage":"fr-FR","@id":"https:\/\/challengeseconomiques.com\/?p=5143#primaryimage","url":"https:\/\/challengeseconomiques.com\/wp-content\/uploads\/2023\/08\/Visite_ASEPEX_CCIAD_5-1536x1017-1.jpeg","contentUrl":"https:\/\/challengeseconomiques.com\/wp-content\/uploads\/2023\/08\/Visite_ASEPEX_CCIAD_5-1536x1017-1.jpeg","width":1536,"height":1017},{"@type":"BreadcrumbList","@id":"https:\/\/challengeseconomiques.com\/?p=5143#breadcrumb","itemListElement":[{"@type":"ListItem","position":1,"name":"Home","item":"https:\/\/challengeseconomiques.com\/"},{"@type":"ListItem","position":2,"name":"Accompagnement des entreprises exportatrices : La CCIAD et l\u2019ASEPEX en phase de combiner leurs efforts"}]},{"@type":"WebSite","@id":"https:\/\/challengeseconomiques.com\/#website","url":"https:\/\/challengeseconomiques.com\/","name":"challenges economiques","description":"","potentialAction":[{"@type":"SearchAction","target":{"@type":"EntryPoint","urlTemplate":"https:\/\/challengeseconomiques.com\/?s={search_term_string}"},"query-input":{"@type":"PropertyValueSpecification","valueRequired":true,"valueName":"search_term_string"}}],"inLanguage":"fr-FR"},{"@type":"Person","@id":"https:\/\/challengeseconomiques.com\/#\/schema\/person\/b4568c9afebc5a9238a771873801e349","name":"admin","image":{"@type":"ImageObject","inLanguage":"fr-FR","@id":"https:\/\/challengeseconomiques.com\/#\/schema\/person\/image\/","url":"https:\/\/secure.gravatar.com\/avatar\/099e42240b5eea11acdb72751fcce0dd918603f0749d24974b7984ea47ed9fd9?s=96&d=mm&r=g","contentUrl":"https:\/\/secure.gravatar.com\/avatar\/099e42240b5eea11acdb72751fcce0dd918603f0749d24974b7984ea47ed9fd9?s=96&d=mm&r=g","caption":"admin"},"sameAs":["https:\/\/challengeseconomiques.com"],"url":"https:\/\/challengeseconomiques.com\/?author=1"}]}},"jetpack_featured_media_url":"https:\/\/challengeseconomiques.com\/wp-content\/uploads\/2023\/08\/Visite_ASEPEX_CCIAD_5-1536x1017-1.jpeg","jetpack_sharing_enabled":true,"_links":{"self":[{"href":"https:\/\/challengeseconomiques.com\/index.php?rest_route=\/wp\/v2\/posts\/5143","targetHints":{"allow":["GET"]}}],"collection":[{"href":"https:\/\/challengeseconomiques.com\/index.php?rest_route=\/wp\/v2\/posts"}],"about":[{"href":"https:\/\/challengeseconomiques.com\/index.php?rest_route=\/wp\/v2\/types\/post"}],"author":[{"embeddable":true,"href":"https:\/\/challengeseconomiques.com\/index.php?rest_route=\/wp\/v2\/users\/1"}],"replies":[{"embeddable":true,"href":"https:\/\/challengeseconomiques.com\/index.php?rest_route=%2Fwp%2Fv2%2Fcomments&post=5143"}],"version-history":[{"count":1,"href":"https:\/\/challengeseconomiques.com\/index.php?rest_route=\/wp\/v2\/posts\/5143\/revisions"}],"predecessor-version":[{"id":5145,"href":"https:\/\/challengeseconomiques.com\/index.php?rest_route=\/wp\/v2\/posts\/5143\/revisions\/5145"}],"wp:featuredmedia":[{"embeddable":true,"href":"https:\/\/challengeseconomiques.com\/index.php?rest_route=\/wp\/v2\/media\/5144"}],"wp:attachment":[{"href":"https:\/\/challengeseconomiques.com\/index.php?rest_route=%2Fwp%2Fv2%2Fmedia&parent=5143"}],"wp:term":[{"taxonomy":"category","embeddable":true,"href":"https:\/\/challengeseconomiques.com\/index.php?rest_route=%2Fwp%2Fv2%2Fcategories&post=5143"},{"taxonomy":"post_tag","embeddable":true,"href":"https:\/\/challengeseconomiques.com\/index.php?rest_route=%2Fwp%2Fv2%2Ftags&post=5143"}],"curies":[{"name":"wp","href":"https:\/\/api.w.org\/{rel}","templated":true}]}}