{"id":5127,"date":"2023-08-14T13:29:38","date_gmt":"2023-08-14T13:29:38","guid":{"rendered":"https:\/\/challengeseconomiques.com\/?p=5127"},"modified":"2023-08-14T13:29:56","modified_gmt":"2023-08-14T13:29:56","slug":"la-dgid-en-route-vers-le-cap-digital-et-le-deploiement-vers-les-departements","status":"publish","type":"post","link":"https:\/\/challengeseconomiques.com\/?p=5127","title":{"rendered":"La DGID en route vers le cap digital et le d\u00e9ploiement vers les d\u00e9partements"},"content":{"rendered":"<p class=\"yiv0183185998MsoNormal\"><span lang=\"FR\">L\u2019adoption d\u2019une d\u00e9marche fond\u00e9e sur la performance au sein de la Direction g\u00e9n\u00e9rale des Imp\u00f4ts et des Domaines (DGID) est devenue une culture au fil des ann\u00e9es. C\u2019est ainsi que des programmes et projets se sont succ\u00e9d\u00e9s, pour soutenir les politiques d\u2019\u00e9largissement de l\u2019assiette fiscale, de mobilisation optimale des recettes et de renforcement de la qualit\u00e9 des services rendus aux usagers.<\/span><\/p>\n<p class=\"yiv0183185998MsoNormal\"><span lang=\"FR\">Dans ce m\u00eame sillage, M. Abdoulaye DIAGNE Directeur g\u00e9n\u00e9ral des Imp\u00f4ts et des Domaines, d\u00e8s sa prise de service a entam\u00e9 une tourn\u00e9e nationale au niveau de l\u2019ensemble des services de la DGID, <\/span><span lang=\"FR-SN\">soit 11 Directions et 23 Centres des Services Fiscaux (CSF). <\/span><\/p>\n<p class=\"yiv0183185998MsoNormal\"><span lang=\"FR-SN\">Ces visites ont permis au nouveau Directeur g\u00e9n\u00e9ral de se faire une id\u00e9e pr\u00e9cise sur les besoins des diff\u00e9rents d\u00e9membrements de la DGID notamment en termes de ressources humaines mais \u00e9galement en termes d\u2019infrastructures. Et, c\u2019est pr\u00e9cis\u00e9ment, pour apporter une solution structurelle \u00e0 ces probl\u00e9matiques persistantes, qu\u2019il a mis en place un ambitieux Programme <\/span><span lang=\"FR\">de r\u00e9novation et d\u2019extension des Services des Imp\u00f4ts et des Domaines<\/span><span lang=\"FR-SN\"> (PRESID).<\/span><\/p>\n<p class=\"yiv0183185998MsoNormal\"><span lang=\"FR-SN\">Le PRESID qui vise \u00e0 \u00e9largir le spectre de la DGID sur l\u2019ensemble du territoire national en vue de faciliter aux usagers l\u2019acc\u00e8s aux services et am\u00e9liorer les conditions de travail des agents est constitu\u00e9 de deux composantes \u00e0 savoir\u00a0:<b> <\/b><\/span><\/p>\n<p class=\"yiv0183185998gmail-MsoListParagraphCxSpFirst\"><span lang=\"FR-SN\">\u00b7\u00a0\u00a0\u00a0\u00a0\u00a0\u00a0 <\/span><b><span lang=\"FR\">La r\u00e9novation fonctionnelle et physique qui ambitionne de mettre aux normes l\u2019ensemble des Services de la DGID afin de garantir aux agents des conditions de travail ad\u00e9quates ;<\/span><\/b><b><\/b><\/p>\n<p class=\"yiv0183185998gmail-MsoListParagraphCxSpLast\"><span lang=\"FR-SN\">\u00b7\u00a0\u00a0\u00a0\u00a0\u00a0\u00a0 <\/span><b><span lang=\"FR\">L\u2019extension progressive des Services des Imp\u00f4ts et des Domaines qui vise la mise en place de nouvelles structures adapt\u00e9es au niveau des d\u00e9partements et autres localit\u00e9s cibles du pays.<\/span><\/b><b><\/b><\/p>\n<p class=\"yiv0183185998MsoNormal\"><b><span lang=\"FR-SN\">\u00a0<\/span><\/b><span lang=\"FR\">Pour mobiliser l\u2019ensemble des Directeurs, des adjoints directeurs, des Conseillers techniques et de tous les chefs de services autour de cette nouvelle vision, le Directeur g\u00e9n\u00e9ral des Imp\u00f4ts et des Domaines a initi\u00e9 un nouveau concept d\u00e9nomm\u00e9 ALL STAFF Meeting, qui se caract\u00e9rise par son approche originale, inclusive et participative. <\/span><\/p>\n<p class=\"yiv0183185998MsoNormal\"><span lang=\"FR\">La premi\u00e8re \u00e9dition qui s\u2019est d\u00e9roul\u00e9e ce jeudi 10 Ao\u00fbt 2023 au Radisson Blu H\u00f4tel a \u00e9t\u00e9 un moment fort d\u2019\u00e9changes, de partages et de communion entre les diff\u00e9rentes entit\u00e9s de la DGID qui ont ainsi pu dresser un bilan constructif et d\u00e9finir ensemble de nouvelles orientations encore plus ax\u00e9es sur la performance. <\/span><\/p>\n<p class=\"yiv0183185998MsoNormal\"><span lang=\"FR\">\u00a0<\/span><span lang=\"FR\">Un portefeuille de projet en train d\u2019\u00eatre d\u00e9roul\u00e9 a \u00e9galement \u00e9t\u00e9 pr\u00e9sent\u00e9 au cours d\u2019une exposition en marge du All Staff meeting qui aura \u00e9t\u00e9 un franc succ\u00e8s.\u00a0\u00a0<\/span><\/p>\n<p class=\"yiv0183185998MsoNormal\"><span lang=\"FR\">On peut citer entre autres la DGID digitale, la construction des services d\u00e9partementaux, la d\u00e9mat\u00e9rialisation de l\u2019archivage documentaire, la qualit\u00e9 des services \u00e0 l\u2019usager et le renforcement des services du cadastre en \u00e9quipement moderne.<\/span><\/p>\n<p class=\"yiv0183185998MsoNormal\"><span lang=\"FR\">Cl\u00f4turant la c\u00e9r\u00e9monie, M. Abdoulaye DIAGNE a invit\u00e9 tous les agents \u00e0 s\u2019approprier le PRESID tout en les invitant \u00e0 d\u00e9velopper des synergies pour l\u2019atteinte de ses objectifs.<\/span><\/p>\n<p class=\"yiv0183185998MsoNormal\"><span lang=\"FR\">\u00a0Il a adress\u00e9 ses chaleureuses f\u00e9licitations \u00e0 l\u2019ensemble de ses collaborateurs pour leur mobilisation et la pertinence des contributions, avant de proc\u00e9der \u00e0 la signature des contrats d\u2019objectifs et de performances (COP) avec tous les directeurs\u00a0; acte symbolique qui officialise leur engagement et d\u00e9termination \u00e0 relever les nouveaux d\u00e9fis au b\u00e9n\u00e9fice de l\u2019\u00c9tat et de tous les citoyens. <\/span><\/p>\n<p class=\"yiv0183185998MsoNormal\"><span lang=\"FR\">La premi\u00e8re \u00e9dition des All Staff meeting a permis de poser les fondements solides, efficaces et p\u00e9rennes pour b\u00e2tir la DGID de demain.<\/span><\/p>\n<p><img fetchpriority=\"high\" decoding=\"async\" class=\"alignnone  wp-image-5129\" src=\"https:\/\/challengeseconomiques.com\/wp-content\/uploads\/2023\/08\/dgid2-300x200.jpg\" alt=\"\" width=\"587\" height=\"391\" srcset=\"https:\/\/challengeseconomiques.com\/wp-content\/uploads\/2023\/08\/dgid2-300x200.jpg 300w, https:\/\/challengeseconomiques.com\/wp-content\/uploads\/2023\/08\/dgid2-1024x682.jpg 1024w, https:\/\/challengeseconomiques.com\/wp-content\/uploads\/2023\/08\/dgid2-768x511.jpg 768w, https:\/\/challengeseconomiques.com\/wp-content\/uploads\/2023\/08\/dgid2-272x182.jpg 272w, https:\/\/challengeseconomiques.com\/wp-content\/uploads\/2023\/08\/dgid2.jpg 1080w\" sizes=\"(max-width: 587px) 100vw, 587px\" \/><\/p>\n","protected":false},"excerpt":{"rendered":"<p>L\u2019adoption d\u2019une d\u00e9marche fond\u00e9e sur la performance au sein de la Direction g\u00e9n\u00e9rale des Imp\u00f4ts et des Domaines (DGID) est devenue une culture au fil&#8230;<\/p>\n","protected":false},"author":1,"featured_media":5128,"comment_status":"closed","ping_status":"open","sticky":false,"template":"","format":"standard","meta":{"_jetpack_memberships_contains_paid_content":false,"footnotes":""},"categories":[8],"tags":[],"class_list":["post-5127","post","type-post","status-publish","format-standard","has-post-thumbnail","hentry","category-actualite-economique","wpcat-8-id"],"yoast_head":"<!-- This site is optimized with the Yoast SEO plugin v27.1.1 - https:\/\/yoast.com\/product\/yoast-seo-wordpress\/ -->\n<title>La DGID en route vers le cap digital et le d\u00e9ploiement vers les d\u00e9partements - challenges economiques<\/title>\n<meta name=\"robots\" content=\"index, follow, max-snippet:-1, max-image-preview:large, max-video-preview:-1\" \/>\n<link rel=\"canonical\" href=\"https:\/\/challengeseconomiques.com\/?p=5127\" \/>\n<meta property=\"og:locale\" content=\"fr_FR\" \/>\n<meta property=\"og:type\" content=\"article\" \/>\n<meta property=\"og:title\" content=\"La DGID en route vers le cap digital et le d\u00e9ploiement vers les d\u00e9partements - challenges economiques\" \/>\n<meta property=\"og:description\" content=\"L\u2019adoption d\u2019une d\u00e9marche fond\u00e9e sur la performance au sein de la Direction g\u00e9n\u00e9rale des Imp\u00f4ts et des Domaines (DGID) est devenue une culture au fil...\" \/>\n<meta property=\"og:url\" content=\"https:\/\/challengeseconomiques.com\/?p=5127\" \/>\n<meta property=\"og:site_name\" content=\"challenges economiques\" \/>\n<meta property=\"article:published_time\" content=\"2023-08-14T13:29:38+00:00\" \/>\n<meta property=\"article:modified_time\" content=\"2023-08-14T13:29:56+00:00\" \/>\n<meta property=\"og:image\" content=\"https:\/\/challengeseconomiques.com\/wp-content\/uploads\/2023\/08\/dgid1.jpg\" \/>\n\t<meta property=\"og:image:width\" content=\"1080\" \/>\n\t<meta property=\"og:image:height\" content=\"719\" \/>\n\t<meta property=\"og:image:type\" content=\"image\/jpeg\" \/>\n<meta name=\"author\" content=\"admin\" \/>\n<meta name=\"twitter:card\" content=\"summary_large_image\" \/>\n<meta name=\"twitter:label1\" content=\"\u00c9crit par\" \/>\n\t<meta name=\"twitter:data1\" content=\"admin\" \/>\n\t<meta name=\"twitter:label2\" content=\"Dur\u00e9e de lecture estim\u00e9e\" \/>\n\t<meta name=\"twitter:data2\" content=\"3 minutes\" \/>\n<script type=\"application\/ld+json\" class=\"yoast-schema-graph\">{\"@context\":\"https:\/\/schema.org\",\"@graph\":[{\"@type\":\"Article\",\"@id\":\"https:\/\/challengeseconomiques.com\/?p=5127#article\",\"isPartOf\":{\"@id\":\"https:\/\/challengeseconomiques.com\/?p=5127\"},\"author\":{\"name\":\"admin\",\"@id\":\"https:\/\/challengeseconomiques.com\/#\/schema\/person\/b4568c9afebc5a9238a771873801e349\"},\"headline\":\"La DGID en route vers le cap digital et le d\u00e9ploiement vers les d\u00e9partements\",\"datePublished\":\"2023-08-14T13:29:38+00:00\",\"dateModified\":\"2023-08-14T13:29:56+00:00\",\"mainEntityOfPage\":{\"@id\":\"https:\/\/challengeseconomiques.com\/?p=5127\"},\"wordCount\":635,\"image\":{\"@id\":\"https:\/\/challengeseconomiques.com\/?p=5127#primaryimage\"},\"thumbnailUrl\":\"https:\/\/challengeseconomiques.com\/wp-content\/uploads\/2023\/08\/dgid1.jpg\",\"articleSection\":[\"Actualit\u00e9 \u00e9conomique\"],\"inLanguage\":\"fr-FR\"},{\"@type\":\"WebPage\",\"@id\":\"https:\/\/challengeseconomiques.com\/?p=5127\",\"url\":\"https:\/\/challengeseconomiques.com\/?p=5127\",\"name\":\"La DGID en route vers le cap digital et le d\u00e9ploiement vers les d\u00e9partements - challenges economiques\",\"isPartOf\":{\"@id\":\"https:\/\/challengeseconomiques.com\/#website\"},\"primaryImageOfPage\":{\"@id\":\"https:\/\/challengeseconomiques.com\/?p=5127#primaryimage\"},\"image\":{\"@id\":\"https:\/\/challengeseconomiques.com\/?p=5127#primaryimage\"},\"thumbnailUrl\":\"https:\/\/challengeseconomiques.com\/wp-content\/uploads\/2023\/08\/dgid1.jpg\",\"datePublished\":\"2023-08-14T13:29:38+00:00\",\"dateModified\":\"2023-08-14T13:29:56+00:00\",\"author\":{\"@id\":\"https:\/\/challengeseconomiques.com\/#\/schema\/person\/b4568c9afebc5a9238a771873801e349\"},\"breadcrumb\":{\"@id\":\"https:\/\/challengeseconomiques.com\/?p=5127#breadcrumb\"},\"inLanguage\":\"fr-FR\",\"potentialAction\":[{\"@type\":\"ReadAction\",\"target\":[\"https:\/\/challengeseconomiques.com\/?p=5127\"]}]},{\"@type\":\"ImageObject\",\"inLanguage\":\"fr-FR\",\"@id\":\"https:\/\/challengeseconomiques.com\/?p=5127#primaryimage\",\"url\":\"https:\/\/challengeseconomiques.com\/wp-content\/uploads\/2023\/08\/dgid1.jpg\",\"contentUrl\":\"https:\/\/challengeseconomiques.com\/wp-content\/uploads\/2023\/08\/dgid1.jpg\",\"width\":1080,\"height\":719},{\"@type\":\"BreadcrumbList\",\"@id\":\"https:\/\/challengeseconomiques.com\/?p=5127#breadcrumb\",\"itemListElement\":[{\"@type\":\"ListItem\",\"position\":1,\"name\":\"Home\",\"item\":\"https:\/\/challengeseconomiques.com\/\"},{\"@type\":\"ListItem\",\"position\":2,\"name\":\"La DGID en route vers le cap digital et le d\u00e9ploiement vers les d\u00e9partements\"}]},{\"@type\":\"WebSite\",\"@id\":\"https:\/\/challengeseconomiques.com\/#website\",\"url\":\"https:\/\/challengeseconomiques.com\/\",\"name\":\"challenges economiques\",\"description\":\"\",\"potentialAction\":[{\"@type\":\"SearchAction\",\"target\":{\"@type\":\"EntryPoint\",\"urlTemplate\":\"https:\/\/challengeseconomiques.com\/?s={search_term_string}\"},\"query-input\":{\"@type\":\"PropertyValueSpecification\",\"valueRequired\":true,\"valueName\":\"search_term_string\"}}],\"inLanguage\":\"fr-FR\"},{\"@type\":\"Person\",\"@id\":\"https:\/\/challengeseconomiques.com\/#\/schema\/person\/b4568c9afebc5a9238a771873801e349\",\"name\":\"admin\",\"image\":{\"@type\":\"ImageObject\",\"inLanguage\":\"fr-FR\",\"@id\":\"https:\/\/challengeseconomiques.com\/#\/schema\/person\/image\/\",\"url\":\"https:\/\/secure.gravatar.com\/avatar\/099e42240b5eea11acdb72751fcce0dd918603f0749d24974b7984ea47ed9fd9?s=96&d=mm&r=g\",\"contentUrl\":\"https:\/\/secure.gravatar.com\/avatar\/099e42240b5eea11acdb72751fcce0dd918603f0749d24974b7984ea47ed9fd9?s=96&d=mm&r=g\",\"caption\":\"admin\"},\"sameAs\":[\"https:\/\/challengeseconomiques.com\"],\"url\":\"https:\/\/challengeseconomiques.com\/?author=1\"}]}<\/script>\n<!-- \/ Yoast SEO plugin. -->","yoast_head_json":{"title":"La DGID en route vers le cap digital et le d\u00e9ploiement vers les d\u00e9partements - challenges economiques","robots":{"index":"index","follow":"follow","max-snippet":"max-snippet:-1","max-image-preview":"max-image-preview:large","max-video-preview":"max-video-preview:-1"},"canonical":"https:\/\/challengeseconomiques.com\/?p=5127","og_locale":"fr_FR","og_type":"article","og_title":"La DGID en route vers le cap digital et le d\u00e9ploiement vers les d\u00e9partements - challenges economiques","og_description":"L\u2019adoption d\u2019une d\u00e9marche fond\u00e9e sur la performance au sein de la Direction g\u00e9n\u00e9rale des Imp\u00f4ts et des Domaines (DGID) est devenue une culture au fil...","og_url":"https:\/\/challengeseconomiques.com\/?p=5127","og_site_name":"challenges economiques","article_published_time":"2023-08-14T13:29:38+00:00","article_modified_time":"2023-08-14T13:29:56+00:00","og_image":[{"width":1080,"height":719,"url":"https:\/\/challengeseconomiques.com\/wp-content\/uploads\/2023\/08\/dgid1.jpg","type":"image\/jpeg"}],"author":"admin","twitter_card":"summary_large_image","twitter_misc":{"\u00c9crit par":"admin","Dur\u00e9e de lecture estim\u00e9e":"3 minutes"},"schema":{"@context":"https:\/\/schema.org","@graph":[{"@type":"Article","@id":"https:\/\/challengeseconomiques.com\/?p=5127#article","isPartOf":{"@id":"https:\/\/challengeseconomiques.com\/?p=5127"},"author":{"name":"admin","@id":"https:\/\/challengeseconomiques.com\/#\/schema\/person\/b4568c9afebc5a9238a771873801e349"},"headline":"La DGID en route vers le cap digital et le d\u00e9ploiement vers les d\u00e9partements","datePublished":"2023-08-14T13:29:38+00:00","dateModified":"2023-08-14T13:29:56+00:00","mainEntityOfPage":{"@id":"https:\/\/challengeseconomiques.com\/?p=5127"},"wordCount":635,"image":{"@id":"https:\/\/challengeseconomiques.com\/?p=5127#primaryimage"},"thumbnailUrl":"https:\/\/challengeseconomiques.com\/wp-content\/uploads\/2023\/08\/dgid1.jpg","articleSection":["Actualit\u00e9 \u00e9conomique"],"inLanguage":"fr-FR"},{"@type":"WebPage","@id":"https:\/\/challengeseconomiques.com\/?p=5127","url":"https:\/\/challengeseconomiques.com\/?p=5127","name":"La DGID en route vers le cap digital et le d\u00e9ploiement vers les d\u00e9partements - challenges economiques","isPartOf":{"@id":"https:\/\/challengeseconomiques.com\/#website"},"primaryImageOfPage":{"@id":"https:\/\/challengeseconomiques.com\/?p=5127#primaryimage"},"image":{"@id":"https:\/\/challengeseconomiques.com\/?p=5127#primaryimage"},"thumbnailUrl":"https:\/\/challengeseconomiques.com\/wp-content\/uploads\/2023\/08\/dgid1.jpg","datePublished":"2023-08-14T13:29:38+00:00","dateModified":"2023-08-14T13:29:56+00:00","author":{"@id":"https:\/\/challengeseconomiques.com\/#\/schema\/person\/b4568c9afebc5a9238a771873801e349"},"breadcrumb":{"@id":"https:\/\/challengeseconomiques.com\/?p=5127#breadcrumb"},"inLanguage":"fr-FR","potentialAction":[{"@type":"ReadAction","target":["https:\/\/challengeseconomiques.com\/?p=5127"]}]},{"@type":"ImageObject","inLanguage":"fr-FR","@id":"https:\/\/challengeseconomiques.com\/?p=5127#primaryimage","url":"https:\/\/challengeseconomiques.com\/wp-content\/uploads\/2023\/08\/dgid1.jpg","contentUrl":"https:\/\/challengeseconomiques.com\/wp-content\/uploads\/2023\/08\/dgid1.jpg","width":1080,"height":719},{"@type":"BreadcrumbList","@id":"https:\/\/challengeseconomiques.com\/?p=5127#breadcrumb","itemListElement":[{"@type":"ListItem","position":1,"name":"Home","item":"https:\/\/challengeseconomiques.com\/"},{"@type":"ListItem","position":2,"name":"La DGID en route vers le cap digital et le d\u00e9ploiement vers les d\u00e9partements"}]},{"@type":"WebSite","@id":"https:\/\/challengeseconomiques.com\/#website","url":"https:\/\/challengeseconomiques.com\/","name":"challenges economiques","description":"","potentialAction":[{"@type":"SearchAction","target":{"@type":"EntryPoint","urlTemplate":"https:\/\/challengeseconomiques.com\/?s={search_term_string}"},"query-input":{"@type":"PropertyValueSpecification","valueRequired":true,"valueName":"search_term_string"}}],"inLanguage":"fr-FR"},{"@type":"Person","@id":"https:\/\/challengeseconomiques.com\/#\/schema\/person\/b4568c9afebc5a9238a771873801e349","name":"admin","image":{"@type":"ImageObject","inLanguage":"fr-FR","@id":"https:\/\/challengeseconomiques.com\/#\/schema\/person\/image\/","url":"https:\/\/secure.gravatar.com\/avatar\/099e42240b5eea11acdb72751fcce0dd918603f0749d24974b7984ea47ed9fd9?s=96&d=mm&r=g","contentUrl":"https:\/\/secure.gravatar.com\/avatar\/099e42240b5eea11acdb72751fcce0dd918603f0749d24974b7984ea47ed9fd9?s=96&d=mm&r=g","caption":"admin"},"sameAs":["https:\/\/challengeseconomiques.com"],"url":"https:\/\/challengeseconomiques.com\/?author=1"}]}},"jetpack_featured_media_url":"https:\/\/challengeseconomiques.com\/wp-content\/uploads\/2023\/08\/dgid1.jpg","jetpack_sharing_enabled":true,"_links":{"self":[{"href":"https:\/\/challengeseconomiques.com\/index.php?rest_route=\/wp\/v2\/posts\/5127","targetHints":{"allow":["GET"]}}],"collection":[{"href":"https:\/\/challengeseconomiques.com\/index.php?rest_route=\/wp\/v2\/posts"}],"about":[{"href":"https:\/\/challengeseconomiques.com\/index.php?rest_route=\/wp\/v2\/types\/post"}],"author":[{"embeddable":true,"href":"https:\/\/challengeseconomiques.com\/index.php?rest_route=\/wp\/v2\/users\/1"}],"replies":[{"embeddable":true,"href":"https:\/\/challengeseconomiques.com\/index.php?rest_route=%2Fwp%2Fv2%2Fcomments&post=5127"}],"version-history":[{"count":1,"href":"https:\/\/challengeseconomiques.com\/index.php?rest_route=\/wp\/v2\/posts\/5127\/revisions"}],"predecessor-version":[{"id":5130,"href":"https:\/\/challengeseconomiques.com\/index.php?rest_route=\/wp\/v2\/posts\/5127\/revisions\/5130"}],"wp:featuredmedia":[{"embeddable":true,"href":"https:\/\/challengeseconomiques.com\/index.php?rest_route=\/wp\/v2\/media\/5128"}],"wp:attachment":[{"href":"https:\/\/challengeseconomiques.com\/index.php?rest_route=%2Fwp%2Fv2%2Fmedia&parent=5127"}],"wp:term":[{"taxonomy":"category","embeddable":true,"href":"https:\/\/challengeseconomiques.com\/index.php?rest_route=%2Fwp%2Fv2%2Fcategories&post=5127"},{"taxonomy":"post_tag","embeddable":true,"href":"https:\/\/challengeseconomiques.com\/index.php?rest_route=%2Fwp%2Fv2%2Ftags&post=5127"}],"curies":[{"name":"wp","href":"https:\/\/api.w.org\/{rel}","templated":true}]}}