{"id":5109,"date":"2023-08-13T10:22:38","date_gmt":"2023-08-13T10:22:38","guid":{"rendered":"https:\/\/challengeseconomiques.com\/?p=5109"},"modified":"2023-08-13T10:26:39","modified_gmt":"2023-08-13T10:26:39","slug":"les-engagements-de-la-phase-2-du-pse-ont-ete-executes-a-80","status":"publish","type":"post","link":"https:\/\/challengeseconomiques.com\/?p=5109","title":{"rendered":"Les engagements de la phase 2 du PSE ont \u00e9t\u00e9 ex\u00e9cut\u00e9s \u00e0 80 %"},"content":{"rendered":"<p><strong>L\u2019\u00c9tat a ex\u00e9cut\u00e9 80 % de ses engagements pour la mise en \u0153uvre du Plan S\u00e9n\u00e9gal \u00e9mergent (PSE) durant la p\u00e9riode 2019-2023, a-t-on appris vendredi du directeur g\u00e9n\u00e9ral de la planification et des politiques \u00e9conomiques, Mouhamadou Bamba Diop<\/strong>.<\/p>\n<p>\u2018\u2019\u00c0 l\u2019heure o\u00f9 je vous parle, selon nos calculs, on en est \u00e0 un taux de 80 % de r\u00e9alisation des engagements et des objectifs\u2019\u2019 de la phase 2 du PSE, a dit M. Diop lors d\u2019une rencontre de la direction g\u00e9n\u00e9rale de la planification et des politiques \u00e9conomiques (DGPPE) avec des organisations de la soci\u00e9t\u00e9 civile.<\/p>\n<p>Pour la DGPPE, le but de cette rencontre est de recueillir les \u2018\u2019avis et observations\u2019\u2019 des leaders de la soci\u00e9t\u00e9 sociale pour l\u2019\u00e9laboration de la phase 3 du Plan S\u00e9n\u00e9gal \u00e9mergent.<\/p>\n<p>Cette phase sera mise en \u0153uvre de 2024 \u00e0 2028. La premi\u00e8re s\u2019est d\u00e9roul\u00e9e de 2014 \u00e0 2018, et la deuxi\u00e8me de 2019 \u00e0 2023.<\/p>\n<p>Selon Mouhamadou Bamba Diop, dans le d\u00e9tail, le taux de r\u00e9alisation est de 90 % pour l\u2019axe 1 du PSE, qui est consacr\u00e9 \u00e0 la croissance inclusive.<\/p>\n<p>Dans la mise en \u0153uvre des axes 2 et 3 du PSE, d\u00e9di\u00e9s respectivement au d\u00e9veloppement humain et \u00e0 la bonne gouvernance, le taux d\u2019ex\u00e9cution est de 84 %, a-t-il ajout\u00e9.<\/p>\n<p>Les d\u00e9penses d\u2019investissement de la phase 2 du PSE ont \u00e9t\u00e9 effectu\u00e9s \u00e0 82 %, selon le directeur g\u00e9n\u00e9ral de la planification et des politiques \u00e9conomiques.<\/p>\n<p>Les performances \u00e9conomiques obtenues par le S\u00e9n\u00e9gal dans l\u2019ex\u00e9cution du PSE, depuis son lancement en 2014, permettent au pays de pouvoir pr\u00e9parer, d\u00e8s \u2018\u2019l\u2019ann\u00e9e prochaine\u2019\u2019, sa \u2018\u2019strat\u00e9gie de sortie graduelle de la cat\u00e9gorie\u2019\u2019 des pays les moins avanc\u00e9s (PMA), selon M. Diop.<\/p>\n<p>Le S\u00e9n\u00e9gal s\u2019appr\u00eate \u00e0 quitter le cercle des PMA pour aspirer \u00e0 int\u00e9grer ceux des pays \u00e9mergents, \u2018\u2019sous r\u00e9serve des observations\u2019\u2019 qui seront faites \u00e0 ce sujet par le Conseil \u00e9conomique et social des Nations unies, avait-il annonc\u00e9 en juillet dernier.<\/p>\n<p>Le pays a \u00e9t\u00e9 admis parmi les pays les moins avanc\u00e9s au d\u00e9but des ann\u00e9es 2000, sur la base d\u2019un certain nombre de crit\u00e8res, dont un produit national brut (PNB) par habitant inf\u00e9rieur \u00e0 900 dollars US, l\u2019esp\u00e9rance de vie et le niveau d\u2019alphab\u00e9tisation.<\/p>\n<p>Le PNB par habitant du pays \u00e9tait d\u2019environ 500 dollars \u00e0 l\u2019\u00e9poque, le taux de scolarisation \u00e9tait parmi les plus mauvais d\u2019Afrique, l\u2019esp\u00e9rance de vie \u00e0 la naissance \u00e9tait de 51 ans pour les hommes et de 54 pour les femmes.<\/p>\n<p>Selon un document consult\u00e9 par l\u2019APS, 46 pays constituaient la liste des PMA en 2022, un groupe que le Botswana, le Cap-Vert, les Maldives, les Samoa, la Guin\u00e9e \u00c9quatoriale et Vanuatu ont d\u00e9j\u00e0 quitt\u00e9.<\/p>\n<p><strong>APS<\/strong><\/p>\n","protected":false},"excerpt":{"rendered":"<p>L\u2019\u00c9tat a ex\u00e9cut\u00e9 80 % de ses engagements pour la mise en \u0153uvre du Plan S\u00e9n\u00e9gal \u00e9mergent (PSE) durant la p\u00e9riode 2019-2023, a-t-on appris vendredi&#8230;<\/p>\n","protected":false},"author":1,"featured_media":5113,"comment_status":"closed","ping_status":"open","sticky":false,"template":"","format":"standard","meta":{"_jetpack_memberships_contains_paid_content":false,"footnotes":""},"categories":[23,10],"tags":[],"class_list":["post-5109","post","type-post","status-publish","format-standard","has-post-thumbnail","hentry","category-a-la-une","category-infos-eco","wpcat-23-id","wpcat-10-id"],"yoast_head":"<!-- This site is optimized with the Yoast SEO plugin v27.1.1 - https:\/\/yoast.com\/product\/yoast-seo-wordpress\/ -->\n<title>Les engagements de la phase 2 du PSE ont \u00e9t\u00e9 ex\u00e9cut\u00e9s \u00e0 80 % - challenges economiques<\/title>\n<meta name=\"robots\" content=\"index, follow, max-snippet:-1, max-image-preview:large, max-video-preview:-1\" \/>\n<link rel=\"canonical\" href=\"https:\/\/challengeseconomiques.com\/?p=5109\" \/>\n<meta property=\"og:locale\" content=\"fr_FR\" \/>\n<meta property=\"og:type\" content=\"article\" \/>\n<meta property=\"og:title\" content=\"Les engagements de la phase 2 du PSE ont \u00e9t\u00e9 ex\u00e9cut\u00e9s \u00e0 80 % - challenges economiques\" \/>\n<meta property=\"og:description\" content=\"L\u2019\u00c9tat a ex\u00e9cut\u00e9 80 % de ses engagements pour la mise en \u0153uvre du Plan S\u00e9n\u00e9gal \u00e9mergent (PSE) durant la p\u00e9riode 2019-2023, a-t-on appris vendredi...\" \/>\n<meta property=\"og:url\" content=\"https:\/\/challengeseconomiques.com\/?p=5109\" \/>\n<meta property=\"og:site_name\" content=\"challenges economiques\" \/>\n<meta property=\"article:published_time\" content=\"2023-08-13T10:22:38+00:00\" \/>\n<meta property=\"article:modified_time\" content=\"2023-08-13T10:26:39+00:00\" \/>\n<meta property=\"og:image\" content=\"https:\/\/challengeseconomiques.com\/wp-content\/uploads\/2023\/08\/pse2.jpg\" \/>\n\t<meta property=\"og:image:width\" content=\"1567\" \/>\n\t<meta property=\"og:image:height\" content=\"1127\" \/>\n\t<meta property=\"og:image:type\" content=\"image\/jpeg\" \/>\n<meta name=\"author\" content=\"admin\" \/>\n<meta name=\"twitter:card\" content=\"summary_large_image\" \/>\n<meta name=\"twitter:label1\" content=\"\u00c9crit par\" \/>\n\t<meta name=\"twitter:data1\" content=\"admin\" \/>\n\t<meta name=\"twitter:label2\" content=\"Dur\u00e9e de lecture estim\u00e9e\" \/>\n\t<meta name=\"twitter:data2\" content=\"2 minutes\" \/>\n<script type=\"application\/ld+json\" class=\"yoast-schema-graph\">{\"@context\":\"https:\/\/schema.org\",\"@graph\":[{\"@type\":\"Article\",\"@id\":\"https:\/\/challengeseconomiques.com\/?p=5109#article\",\"isPartOf\":{\"@id\":\"https:\/\/challengeseconomiques.com\/?p=5109\"},\"author\":{\"name\":\"admin\",\"@id\":\"https:\/\/challengeseconomiques.com\/#\/schema\/person\/b4568c9afebc5a9238a771873801e349\"},\"headline\":\"Les engagements de la phase 2 du PSE ont \u00e9t\u00e9 ex\u00e9cut\u00e9s \u00e0 80 %\",\"datePublished\":\"2023-08-13T10:22:38+00:00\",\"dateModified\":\"2023-08-13T10:26:39+00:00\",\"mainEntityOfPage\":{\"@id\":\"https:\/\/challengeseconomiques.com\/?p=5109\"},\"wordCount\":476,\"image\":{\"@id\":\"https:\/\/challengeseconomiques.com\/?p=5109#primaryimage\"},\"thumbnailUrl\":\"https:\/\/challengeseconomiques.com\/wp-content\/uploads\/2023\/08\/pse2.jpg\",\"articleSection\":[\"A la une\",\"Infos \u00e9co\"],\"inLanguage\":\"fr-FR\"},{\"@type\":\"WebPage\",\"@id\":\"https:\/\/challengeseconomiques.com\/?p=5109\",\"url\":\"https:\/\/challengeseconomiques.com\/?p=5109\",\"name\":\"Les engagements de la phase 2 du PSE ont \u00e9t\u00e9 ex\u00e9cut\u00e9s \u00e0 80 % - challenges economiques\",\"isPartOf\":{\"@id\":\"https:\/\/challengeseconomiques.com\/#website\"},\"primaryImageOfPage\":{\"@id\":\"https:\/\/challengeseconomiques.com\/?p=5109#primaryimage\"},\"image\":{\"@id\":\"https:\/\/challengeseconomiques.com\/?p=5109#primaryimage\"},\"thumbnailUrl\":\"https:\/\/challengeseconomiques.com\/wp-content\/uploads\/2023\/08\/pse2.jpg\",\"datePublished\":\"2023-08-13T10:22:38+00:00\",\"dateModified\":\"2023-08-13T10:26:39+00:00\",\"author\":{\"@id\":\"https:\/\/challengeseconomiques.com\/#\/schema\/person\/b4568c9afebc5a9238a771873801e349\"},\"breadcrumb\":{\"@id\":\"https:\/\/challengeseconomiques.com\/?p=5109#breadcrumb\"},\"inLanguage\":\"fr-FR\",\"potentialAction\":[{\"@type\":\"ReadAction\",\"target\":[\"https:\/\/challengeseconomiques.com\/?p=5109\"]}]},{\"@type\":\"ImageObject\",\"inLanguage\":\"fr-FR\",\"@id\":\"https:\/\/challengeseconomiques.com\/?p=5109#primaryimage\",\"url\":\"https:\/\/challengeseconomiques.com\/wp-content\/uploads\/2023\/08\/pse2.jpg\",\"contentUrl\":\"https:\/\/challengeseconomiques.com\/wp-content\/uploads\/2023\/08\/pse2.jpg\",\"width\":1567,\"height\":1127},{\"@type\":\"BreadcrumbList\",\"@id\":\"https:\/\/challengeseconomiques.com\/?p=5109#breadcrumb\",\"itemListElement\":[{\"@type\":\"ListItem\",\"position\":1,\"name\":\"Home\",\"item\":\"https:\/\/challengeseconomiques.com\/\"},{\"@type\":\"ListItem\",\"position\":2,\"name\":\"Les engagements de la phase 2 du PSE ont \u00e9t\u00e9 ex\u00e9cut\u00e9s \u00e0 80 %\"}]},{\"@type\":\"WebSite\",\"@id\":\"https:\/\/challengeseconomiques.com\/#website\",\"url\":\"https:\/\/challengeseconomiques.com\/\",\"name\":\"challenges economiques\",\"description\":\"\",\"potentialAction\":[{\"@type\":\"SearchAction\",\"target\":{\"@type\":\"EntryPoint\",\"urlTemplate\":\"https:\/\/challengeseconomiques.com\/?s={search_term_string}\"},\"query-input\":{\"@type\":\"PropertyValueSpecification\",\"valueRequired\":true,\"valueName\":\"search_term_string\"}}],\"inLanguage\":\"fr-FR\"},{\"@type\":\"Person\",\"@id\":\"https:\/\/challengeseconomiques.com\/#\/schema\/person\/b4568c9afebc5a9238a771873801e349\",\"name\":\"admin\",\"image\":{\"@type\":\"ImageObject\",\"inLanguage\":\"fr-FR\",\"@id\":\"https:\/\/challengeseconomiques.com\/#\/schema\/person\/image\/\",\"url\":\"https:\/\/secure.gravatar.com\/avatar\/099e42240b5eea11acdb72751fcce0dd918603f0749d24974b7984ea47ed9fd9?s=96&d=mm&r=g\",\"contentUrl\":\"https:\/\/secure.gravatar.com\/avatar\/099e42240b5eea11acdb72751fcce0dd918603f0749d24974b7984ea47ed9fd9?s=96&d=mm&r=g\",\"caption\":\"admin\"},\"sameAs\":[\"https:\/\/challengeseconomiques.com\"],\"url\":\"https:\/\/challengeseconomiques.com\/?author=1\"}]}<\/script>\n<!-- \/ Yoast SEO plugin. -->","yoast_head_json":{"title":"Les engagements de la phase 2 du PSE ont \u00e9t\u00e9 ex\u00e9cut\u00e9s \u00e0 80 % - challenges economiques","robots":{"index":"index","follow":"follow","max-snippet":"max-snippet:-1","max-image-preview":"max-image-preview:large","max-video-preview":"max-video-preview:-1"},"canonical":"https:\/\/challengeseconomiques.com\/?p=5109","og_locale":"fr_FR","og_type":"article","og_title":"Les engagements de la phase 2 du PSE ont \u00e9t\u00e9 ex\u00e9cut\u00e9s \u00e0 80 % - challenges economiques","og_description":"L\u2019\u00c9tat a ex\u00e9cut\u00e9 80 % de ses engagements pour la mise en \u0153uvre du Plan S\u00e9n\u00e9gal \u00e9mergent (PSE) durant la p\u00e9riode 2019-2023, a-t-on appris vendredi...","og_url":"https:\/\/challengeseconomiques.com\/?p=5109","og_site_name":"challenges economiques","article_published_time":"2023-08-13T10:22:38+00:00","article_modified_time":"2023-08-13T10:26:39+00:00","og_image":[{"width":1567,"height":1127,"url":"https:\/\/challengeseconomiques.com\/wp-content\/uploads\/2023\/08\/pse2.jpg","type":"image\/jpeg"}],"author":"admin","twitter_card":"summary_large_image","twitter_misc":{"\u00c9crit par":"admin","Dur\u00e9e de lecture estim\u00e9e":"2 minutes"},"schema":{"@context":"https:\/\/schema.org","@graph":[{"@type":"Article","@id":"https:\/\/challengeseconomiques.com\/?p=5109#article","isPartOf":{"@id":"https:\/\/challengeseconomiques.com\/?p=5109"},"author":{"name":"admin","@id":"https:\/\/challengeseconomiques.com\/#\/schema\/person\/b4568c9afebc5a9238a771873801e349"},"headline":"Les engagements de la phase 2 du PSE ont \u00e9t\u00e9 ex\u00e9cut\u00e9s \u00e0 80 %","datePublished":"2023-08-13T10:22:38+00:00","dateModified":"2023-08-13T10:26:39+00:00","mainEntityOfPage":{"@id":"https:\/\/challengeseconomiques.com\/?p=5109"},"wordCount":476,"image":{"@id":"https:\/\/challengeseconomiques.com\/?p=5109#primaryimage"},"thumbnailUrl":"https:\/\/challengeseconomiques.com\/wp-content\/uploads\/2023\/08\/pse2.jpg","articleSection":["A la une","Infos \u00e9co"],"inLanguage":"fr-FR"},{"@type":"WebPage","@id":"https:\/\/challengeseconomiques.com\/?p=5109","url":"https:\/\/challengeseconomiques.com\/?p=5109","name":"Les engagements de la phase 2 du PSE ont \u00e9t\u00e9 ex\u00e9cut\u00e9s \u00e0 80 % - challenges economiques","isPartOf":{"@id":"https:\/\/challengeseconomiques.com\/#website"},"primaryImageOfPage":{"@id":"https:\/\/challengeseconomiques.com\/?p=5109#primaryimage"},"image":{"@id":"https:\/\/challengeseconomiques.com\/?p=5109#primaryimage"},"thumbnailUrl":"https:\/\/challengeseconomiques.com\/wp-content\/uploads\/2023\/08\/pse2.jpg","datePublished":"2023-08-13T10:22:38+00:00","dateModified":"2023-08-13T10:26:39+00:00","author":{"@id":"https:\/\/challengeseconomiques.com\/#\/schema\/person\/b4568c9afebc5a9238a771873801e349"},"breadcrumb":{"@id":"https:\/\/challengeseconomiques.com\/?p=5109#breadcrumb"},"inLanguage":"fr-FR","potentialAction":[{"@type":"ReadAction","target":["https:\/\/challengeseconomiques.com\/?p=5109"]}]},{"@type":"ImageObject","inLanguage":"fr-FR","@id":"https:\/\/challengeseconomiques.com\/?p=5109#primaryimage","url":"https:\/\/challengeseconomiques.com\/wp-content\/uploads\/2023\/08\/pse2.jpg","contentUrl":"https:\/\/challengeseconomiques.com\/wp-content\/uploads\/2023\/08\/pse2.jpg","width":1567,"height":1127},{"@type":"BreadcrumbList","@id":"https:\/\/challengeseconomiques.com\/?p=5109#breadcrumb","itemListElement":[{"@type":"ListItem","position":1,"name":"Home","item":"https:\/\/challengeseconomiques.com\/"},{"@type":"ListItem","position":2,"name":"Les engagements de la phase 2 du PSE ont \u00e9t\u00e9 ex\u00e9cut\u00e9s \u00e0 80 %"}]},{"@type":"WebSite","@id":"https:\/\/challengeseconomiques.com\/#website","url":"https:\/\/challengeseconomiques.com\/","name":"challenges economiques","description":"","potentialAction":[{"@type":"SearchAction","target":{"@type":"EntryPoint","urlTemplate":"https:\/\/challengeseconomiques.com\/?s={search_term_string}"},"query-input":{"@type":"PropertyValueSpecification","valueRequired":true,"valueName":"search_term_string"}}],"inLanguage":"fr-FR"},{"@type":"Person","@id":"https:\/\/challengeseconomiques.com\/#\/schema\/person\/b4568c9afebc5a9238a771873801e349","name":"admin","image":{"@type":"ImageObject","inLanguage":"fr-FR","@id":"https:\/\/challengeseconomiques.com\/#\/schema\/person\/image\/","url":"https:\/\/secure.gravatar.com\/avatar\/099e42240b5eea11acdb72751fcce0dd918603f0749d24974b7984ea47ed9fd9?s=96&d=mm&r=g","contentUrl":"https:\/\/secure.gravatar.com\/avatar\/099e42240b5eea11acdb72751fcce0dd918603f0749d24974b7984ea47ed9fd9?s=96&d=mm&r=g","caption":"admin"},"sameAs":["https:\/\/challengeseconomiques.com"],"url":"https:\/\/challengeseconomiques.com\/?author=1"}]}},"jetpack_featured_media_url":"https:\/\/challengeseconomiques.com\/wp-content\/uploads\/2023\/08\/pse2.jpg","jetpack_sharing_enabled":true,"_links":{"self":[{"href":"https:\/\/challengeseconomiques.com\/index.php?rest_route=\/wp\/v2\/posts\/5109","targetHints":{"allow":["GET"]}}],"collection":[{"href":"https:\/\/challengeseconomiques.com\/index.php?rest_route=\/wp\/v2\/posts"}],"about":[{"href":"https:\/\/challengeseconomiques.com\/index.php?rest_route=\/wp\/v2\/types\/post"}],"author":[{"embeddable":true,"href":"https:\/\/challengeseconomiques.com\/index.php?rest_route=\/wp\/v2\/users\/1"}],"replies":[{"embeddable":true,"href":"https:\/\/challengeseconomiques.com\/index.php?rest_route=%2Fwp%2Fv2%2Fcomments&post=5109"}],"version-history":[{"count":1,"href":"https:\/\/challengeseconomiques.com\/index.php?rest_route=\/wp\/v2\/posts\/5109\/revisions"}],"predecessor-version":[{"id":5111,"href":"https:\/\/challengeseconomiques.com\/index.php?rest_route=\/wp\/v2\/posts\/5109\/revisions\/5111"}],"wp:featuredmedia":[{"embeddable":true,"href":"https:\/\/challengeseconomiques.com\/index.php?rest_route=\/wp\/v2\/media\/5113"}],"wp:attachment":[{"href":"https:\/\/challengeseconomiques.com\/index.php?rest_route=%2Fwp%2Fv2%2Fmedia&parent=5109"}],"wp:term":[{"taxonomy":"category","embeddable":true,"href":"https:\/\/challengeseconomiques.com\/index.php?rest_route=%2Fwp%2Fv2%2Fcategories&post=5109"},{"taxonomy":"post_tag","embeddable":true,"href":"https:\/\/challengeseconomiques.com\/index.php?rest_route=%2Fwp%2Fv2%2Ftags&post=5109"}],"curies":[{"name":"wp","href":"https:\/\/api.w.org\/{rel}","templated":true}]}}