{"id":5102,"date":"2023-08-13T10:10:35","date_gmt":"2023-08-13T10:10:35","guid":{"rendered":"https:\/\/challengeseconomiques.com\/?p=5102"},"modified":"2023-08-13T10:10:54","modified_gmt":"2023-08-13T10:10:54","slug":"afreximbank-ouvre-un-bureau-aux-caraibes","status":"publish","type":"post","link":"https:\/\/challengeseconomiques.com\/?p=5102","title":{"rendered":"Afreximbank ouvre un bureau aux Cara\u00efbes"},"content":{"rendered":"<p><strong>L\u2019attachement d\u2019Afreximbank pour les Cara\u00efbes prend une nouvelle forme concr\u00e8te. La banque du commerce dispose d\u00e9sormais d\u2019un bureau de repr\u00e9sentations pour cette r\u00e9gion de l\u2019Atlantique ouest, dans l\u2019\u00eele de la Barbade.<\/strong><\/p>\n<p>&nbsp;<\/p>\n<p>Le pr\u00e9sident Benedict Oramah a inaugur\u00e9 officiellement la nouvelle repr\u00e9sentation d\u2019Afreximbank \u00e0 La Barbade, le 4 ao\u00fbt 2023. Il \u00e9tait aux c\u00f4t\u00e9s de Mia Amor Mottley, Premier ministre de la Barbade, de Ralph Gonsalves, Premier ministre de Saint-Vincent-et-les Grenadines, de Phillip Pierre, Premier ministre de Sainte-Lucie, de Dickon Mitchell, Premier ministre de la Grenade.<\/p>\n<blockquote><p>Le financement visera \u00e0 soutenir les secteurs \u00e9conomiques critiques visant \u00e0 stimuler le d\u00e9veloppement d\u2019infrastructures propices au commerce, ainsi qu\u2019\u00e0 renforcer le commerce et les investissements entre l\u2019Afrique et les pays carib\u00e9ens.<\/p><\/blockquote>\n<p>Il \u00e9tait accompagn\u00e9 du pr\u00e9sident Olusegun Obasanjo (GCFR), ancien pr\u00e9sident du Nigeria et pr\u00e9sident du Conseil consultatif sur le commerce intra-africain, ainsi que d\u2019autres dignitaires d\u2019Afrique et de la r\u00e9gion de la communaut\u00e9 des Cara\u00efbes.<\/p>\n<p>Cette inauguration symbolique a permis \u00e0 Benedict Oramah de r\u00e9affirmer la limite de cr\u00e9dit de 1,5 milliard de dollars mise \u00e0 disposition d\u2019Afreximbank pour soutenir les \u00c9tats \u00e9ligibles de la Caricom (Communaut\u00e9 des Cara\u00efbes). \u00a0Cette instance compte quinze membres, comme les Bermudes, les \u00eeles Ca\u00efmans, Anguilla, les \u00celes Turks et Ca\u00efques et les \u00celes Vierges Britanniques. Et elle comptera un membre associ\u00e9\u00a0: le d\u00e9partement fran\u00e7ais de la Martinique.<\/p>\n<p>Le bureau d\u2019Afreximbank dans les Cara\u00efbes soutiendra la mise en \u0153uvre de l\u2019accord de partenariat entre Afreximbank et les \u00c9tats membres de la Caricom visant \u00e0 d\u00e9velopper les relations commerciales et d\u2019investissement entre l\u2019Afrique et les Cara\u00efbes, explique un communiqu\u00e9. \u00ab\u00a0<em>Cette d\u00e9cision concr\u00e9tise les efforts d\u2019Afreximbank pour promouvoir et d\u00e9velopper le commerce entre l\u2019Afrique et les Cara\u00efbes, conform\u00e9ment \u00e0 sa strat\u00e9gie de la diaspora et \u00e0 la d\u00e9signation par l\u2019Union africaine de la diaspora africaine comme sixi\u00e8me r\u00e9gion de l\u2019Afrique.\u00a0<\/em>\u00bb<\/p>\n<p>S\u2019exprimant lors de l\u2019\u00e9v\u00e9nement, le pr\u00e9sident Oramah a d\u00e9clar\u00e9 que la cr\u00e9ation du bureau d\u2019Afreximbank dans les Cara\u00efbes reste \u00ab\u00a0<em>essentielle<\/em>\u00a0\u00bb pour faciliter les op\u00e9rations de la banque dans la Communaut\u00e9 des Cara\u00efbes.<\/p>\n<p><strong>L\u2019Afrique, une amie fid\u00e8le<\/strong><\/p>\n<p>Cela rapprochera les produits et les initiatives d\u2019Afreximbank du monde des affaires et garantira que la Banque intensifie rapidement ses op\u00e9rations afin de promouvoir des relations plus solides avec les gouvernements de la r\u00e9gion dans la poursuite de priorit\u00e9s mutuellement identifi\u00e9es. \u00ab <em>Nous pouvons nous attendre \u00e0 une mise en \u0153uvre harmonieuse des initiatives de commerce et d\u2019acc\u00e8s au financement, \u00e0 une cr\u00e9ation d\u2019entreprises plus large dans les \u00c9tats membres de la Caricom et \u00e0 des r\u00e9sultats plus percutants de notre partenariat <\/em>\u00bb, a d\u00e9clar\u00e9 Benedict Oramah. Qui \u00ab\u00a0<em>attend avec impatience<\/em> \u00bb que les filiales d\u2019Afreximbank s\u2019installent dans la Caricom, en particulier le Fonds pour le d\u00e9veloppement des exportations en Afrique (FEDA), PAPSS et AfrexInsure. \u00ab <em>Au fil du temps, la Caricom et les syst\u00e8mes financiers africains deviendront mieux int\u00e9gr\u00e9s au profit de notre peuple<\/em> \u00bb, a-t-il ajout\u00e9.<\/p>\n<p><strong>Le Magazine de l&rsquo;Afrique<\/strong><\/p>\n","protected":false},"excerpt":{"rendered":"<p>L\u2019attachement d\u2019Afreximbank pour les Cara\u00efbes prend une nouvelle forme concr\u00e8te. La banque du commerce dispose d\u00e9sormais d\u2019un bureau de repr\u00e9sentations pour cette r\u00e9gion de l\u2019Atlantique&#8230;<\/p>\n","protected":false},"author":1,"featured_media":5103,"comment_status":"closed","ping_status":"open","sticky":false,"template":"","format":"standard","meta":{"_jetpack_memberships_contains_paid_content":false,"footnotes":""},"categories":[8,10],"tags":[],"class_list":["post-5102","post","type-post","status-publish","format-standard","has-post-thumbnail","hentry","category-actualite-economique","category-infos-eco","wpcat-8-id","wpcat-10-id"],"yoast_head":"<!-- This site is optimized with the Yoast SEO plugin v27.1.1 - https:\/\/yoast.com\/product\/yoast-seo-wordpress\/ -->\n<title>Afreximbank ouvre un bureau aux Cara\u00efbes - challenges economiques<\/title>\n<meta name=\"robots\" content=\"index, follow, max-snippet:-1, max-image-preview:large, max-video-preview:-1\" \/>\n<link rel=\"canonical\" href=\"https:\/\/challengeseconomiques.com\/?p=5102\" \/>\n<meta property=\"og:locale\" content=\"fr_FR\" \/>\n<meta property=\"og:type\" content=\"article\" \/>\n<meta property=\"og:title\" content=\"Afreximbank ouvre un bureau aux Cara\u00efbes - challenges economiques\" \/>\n<meta property=\"og:description\" content=\"L\u2019attachement d\u2019Afreximbank pour les Cara\u00efbes prend une nouvelle forme concr\u00e8te. La banque du commerce dispose d\u00e9sormais d\u2019un bureau de repr\u00e9sentations pour cette r\u00e9gion de l\u2019Atlantique...\" \/>\n<meta property=\"og:url\" content=\"https:\/\/challengeseconomiques.com\/?p=5102\" \/>\n<meta property=\"og:site_name\" content=\"challenges economiques\" \/>\n<meta property=\"article:published_time\" content=\"2023-08-13T10:10:35+00:00\" \/>\n<meta property=\"article:modified_time\" content=\"2023-08-13T10:10:54+00:00\" \/>\n<meta property=\"og:image\" content=\"https:\/\/challengeseconomiques.com\/wp-content\/uploads\/2023\/08\/caraibe.webp\" \/>\n\t<meta property=\"og:image:width\" content=\"770\" \/>\n\t<meta property=\"og:image:height\" content=\"435\" \/>\n\t<meta property=\"og:image:type\" content=\"image\/webp\" \/>\n<meta name=\"author\" content=\"admin\" \/>\n<meta name=\"twitter:card\" content=\"summary_large_image\" \/>\n<meta name=\"twitter:label1\" content=\"\u00c9crit par\" \/>\n\t<meta name=\"twitter:data1\" content=\"admin\" \/>\n\t<meta name=\"twitter:label2\" content=\"Dur\u00e9e de lecture estim\u00e9e\" \/>\n\t<meta name=\"twitter:data2\" content=\"3 minutes\" \/>\n<script type=\"application\/ld+json\" class=\"yoast-schema-graph\">{\"@context\":\"https:\/\/schema.org\",\"@graph\":[{\"@type\":\"Article\",\"@id\":\"https:\/\/challengeseconomiques.com\/?p=5102#article\",\"isPartOf\":{\"@id\":\"https:\/\/challengeseconomiques.com\/?p=5102\"},\"author\":{\"name\":\"admin\",\"@id\":\"https:\/\/challengeseconomiques.com\/#\/schema\/person\/b4568c9afebc5a9238a771873801e349\"},\"headline\":\"Afreximbank ouvre un bureau aux Cara\u00efbes\",\"datePublished\":\"2023-08-13T10:10:35+00:00\",\"dateModified\":\"2023-08-13T10:10:54+00:00\",\"mainEntityOfPage\":{\"@id\":\"https:\/\/challengeseconomiques.com\/?p=5102\"},\"wordCount\":552,\"image\":{\"@id\":\"https:\/\/challengeseconomiques.com\/?p=5102#primaryimage\"},\"thumbnailUrl\":\"https:\/\/challengeseconomiques.com\/wp-content\/uploads\/2023\/08\/caraibe.webp\",\"articleSection\":[\"Actualit\u00e9 \u00e9conomique\",\"Infos \u00e9co\"],\"inLanguage\":\"fr-FR\"},{\"@type\":\"WebPage\",\"@id\":\"https:\/\/challengeseconomiques.com\/?p=5102\",\"url\":\"https:\/\/challengeseconomiques.com\/?p=5102\",\"name\":\"Afreximbank ouvre un bureau aux Cara\u00efbes - challenges economiques\",\"isPartOf\":{\"@id\":\"https:\/\/challengeseconomiques.com\/#website\"},\"primaryImageOfPage\":{\"@id\":\"https:\/\/challengeseconomiques.com\/?p=5102#primaryimage\"},\"image\":{\"@id\":\"https:\/\/challengeseconomiques.com\/?p=5102#primaryimage\"},\"thumbnailUrl\":\"https:\/\/challengeseconomiques.com\/wp-content\/uploads\/2023\/08\/caraibe.webp\",\"datePublished\":\"2023-08-13T10:10:35+00:00\",\"dateModified\":\"2023-08-13T10:10:54+00:00\",\"author\":{\"@id\":\"https:\/\/challengeseconomiques.com\/#\/schema\/person\/b4568c9afebc5a9238a771873801e349\"},\"breadcrumb\":{\"@id\":\"https:\/\/challengeseconomiques.com\/?p=5102#breadcrumb\"},\"inLanguage\":\"fr-FR\",\"potentialAction\":[{\"@type\":\"ReadAction\",\"target\":[\"https:\/\/challengeseconomiques.com\/?p=5102\"]}]},{\"@type\":\"ImageObject\",\"inLanguage\":\"fr-FR\",\"@id\":\"https:\/\/challengeseconomiques.com\/?p=5102#primaryimage\",\"url\":\"https:\/\/challengeseconomiques.com\/wp-content\/uploads\/2023\/08\/caraibe.webp\",\"contentUrl\":\"https:\/\/challengeseconomiques.com\/wp-content\/uploads\/2023\/08\/caraibe.webp\",\"width\":770,\"height\":435},{\"@type\":\"BreadcrumbList\",\"@id\":\"https:\/\/challengeseconomiques.com\/?p=5102#breadcrumb\",\"itemListElement\":[{\"@type\":\"ListItem\",\"position\":1,\"name\":\"Home\",\"item\":\"https:\/\/challengeseconomiques.com\/\"},{\"@type\":\"ListItem\",\"position\":2,\"name\":\"Afreximbank ouvre un bureau aux Cara\u00efbes\"}]},{\"@type\":\"WebSite\",\"@id\":\"https:\/\/challengeseconomiques.com\/#website\",\"url\":\"https:\/\/challengeseconomiques.com\/\",\"name\":\"challenges economiques\",\"description\":\"\",\"potentialAction\":[{\"@type\":\"SearchAction\",\"target\":{\"@type\":\"EntryPoint\",\"urlTemplate\":\"https:\/\/challengeseconomiques.com\/?s={search_term_string}\"},\"query-input\":{\"@type\":\"PropertyValueSpecification\",\"valueRequired\":true,\"valueName\":\"search_term_string\"}}],\"inLanguage\":\"fr-FR\"},{\"@type\":\"Person\",\"@id\":\"https:\/\/challengeseconomiques.com\/#\/schema\/person\/b4568c9afebc5a9238a771873801e349\",\"name\":\"admin\",\"image\":{\"@type\":\"ImageObject\",\"inLanguage\":\"fr-FR\",\"@id\":\"https:\/\/challengeseconomiques.com\/#\/schema\/person\/image\/\",\"url\":\"https:\/\/secure.gravatar.com\/avatar\/099e42240b5eea11acdb72751fcce0dd918603f0749d24974b7984ea47ed9fd9?s=96&d=mm&r=g\",\"contentUrl\":\"https:\/\/secure.gravatar.com\/avatar\/099e42240b5eea11acdb72751fcce0dd918603f0749d24974b7984ea47ed9fd9?s=96&d=mm&r=g\",\"caption\":\"admin\"},\"sameAs\":[\"https:\/\/challengeseconomiques.com\"],\"url\":\"https:\/\/challengeseconomiques.com\/?author=1\"}]}<\/script>\n<!-- \/ Yoast SEO plugin. -->","yoast_head_json":{"title":"Afreximbank ouvre un bureau aux Cara\u00efbes - challenges economiques","robots":{"index":"index","follow":"follow","max-snippet":"max-snippet:-1","max-image-preview":"max-image-preview:large","max-video-preview":"max-video-preview:-1"},"canonical":"https:\/\/challengeseconomiques.com\/?p=5102","og_locale":"fr_FR","og_type":"article","og_title":"Afreximbank ouvre un bureau aux Cara\u00efbes - challenges economiques","og_description":"L\u2019attachement d\u2019Afreximbank pour les Cara\u00efbes prend une nouvelle forme concr\u00e8te. La banque du commerce dispose d\u00e9sormais d\u2019un bureau de repr\u00e9sentations pour cette r\u00e9gion de l\u2019Atlantique...","og_url":"https:\/\/challengeseconomiques.com\/?p=5102","og_site_name":"challenges economiques","article_published_time":"2023-08-13T10:10:35+00:00","article_modified_time":"2023-08-13T10:10:54+00:00","og_image":[{"width":770,"height":435,"url":"https:\/\/challengeseconomiques.com\/wp-content\/uploads\/2023\/08\/caraibe.webp","type":"image\/webp"}],"author":"admin","twitter_card":"summary_large_image","twitter_misc":{"\u00c9crit par":"admin","Dur\u00e9e de lecture estim\u00e9e":"3 minutes"},"schema":{"@context":"https:\/\/schema.org","@graph":[{"@type":"Article","@id":"https:\/\/challengeseconomiques.com\/?p=5102#article","isPartOf":{"@id":"https:\/\/challengeseconomiques.com\/?p=5102"},"author":{"name":"admin","@id":"https:\/\/challengeseconomiques.com\/#\/schema\/person\/b4568c9afebc5a9238a771873801e349"},"headline":"Afreximbank ouvre un bureau aux Cara\u00efbes","datePublished":"2023-08-13T10:10:35+00:00","dateModified":"2023-08-13T10:10:54+00:00","mainEntityOfPage":{"@id":"https:\/\/challengeseconomiques.com\/?p=5102"},"wordCount":552,"image":{"@id":"https:\/\/challengeseconomiques.com\/?p=5102#primaryimage"},"thumbnailUrl":"https:\/\/challengeseconomiques.com\/wp-content\/uploads\/2023\/08\/caraibe.webp","articleSection":["Actualit\u00e9 \u00e9conomique","Infos \u00e9co"],"inLanguage":"fr-FR"},{"@type":"WebPage","@id":"https:\/\/challengeseconomiques.com\/?p=5102","url":"https:\/\/challengeseconomiques.com\/?p=5102","name":"Afreximbank ouvre un bureau aux Cara\u00efbes - challenges economiques","isPartOf":{"@id":"https:\/\/challengeseconomiques.com\/#website"},"primaryImageOfPage":{"@id":"https:\/\/challengeseconomiques.com\/?p=5102#primaryimage"},"image":{"@id":"https:\/\/challengeseconomiques.com\/?p=5102#primaryimage"},"thumbnailUrl":"https:\/\/challengeseconomiques.com\/wp-content\/uploads\/2023\/08\/caraibe.webp","datePublished":"2023-08-13T10:10:35+00:00","dateModified":"2023-08-13T10:10:54+00:00","author":{"@id":"https:\/\/challengeseconomiques.com\/#\/schema\/person\/b4568c9afebc5a9238a771873801e349"},"breadcrumb":{"@id":"https:\/\/challengeseconomiques.com\/?p=5102#breadcrumb"},"inLanguage":"fr-FR","potentialAction":[{"@type":"ReadAction","target":["https:\/\/challengeseconomiques.com\/?p=5102"]}]},{"@type":"ImageObject","inLanguage":"fr-FR","@id":"https:\/\/challengeseconomiques.com\/?p=5102#primaryimage","url":"https:\/\/challengeseconomiques.com\/wp-content\/uploads\/2023\/08\/caraibe.webp","contentUrl":"https:\/\/challengeseconomiques.com\/wp-content\/uploads\/2023\/08\/caraibe.webp","width":770,"height":435},{"@type":"BreadcrumbList","@id":"https:\/\/challengeseconomiques.com\/?p=5102#breadcrumb","itemListElement":[{"@type":"ListItem","position":1,"name":"Home","item":"https:\/\/challengeseconomiques.com\/"},{"@type":"ListItem","position":2,"name":"Afreximbank ouvre un bureau aux Cara\u00efbes"}]},{"@type":"WebSite","@id":"https:\/\/challengeseconomiques.com\/#website","url":"https:\/\/challengeseconomiques.com\/","name":"challenges economiques","description":"","potentialAction":[{"@type":"SearchAction","target":{"@type":"EntryPoint","urlTemplate":"https:\/\/challengeseconomiques.com\/?s={search_term_string}"},"query-input":{"@type":"PropertyValueSpecification","valueRequired":true,"valueName":"search_term_string"}}],"inLanguage":"fr-FR"},{"@type":"Person","@id":"https:\/\/challengeseconomiques.com\/#\/schema\/person\/b4568c9afebc5a9238a771873801e349","name":"admin","image":{"@type":"ImageObject","inLanguage":"fr-FR","@id":"https:\/\/challengeseconomiques.com\/#\/schema\/person\/image\/","url":"https:\/\/secure.gravatar.com\/avatar\/099e42240b5eea11acdb72751fcce0dd918603f0749d24974b7984ea47ed9fd9?s=96&d=mm&r=g","contentUrl":"https:\/\/secure.gravatar.com\/avatar\/099e42240b5eea11acdb72751fcce0dd918603f0749d24974b7984ea47ed9fd9?s=96&d=mm&r=g","caption":"admin"},"sameAs":["https:\/\/challengeseconomiques.com"],"url":"https:\/\/challengeseconomiques.com\/?author=1"}]}},"jetpack_featured_media_url":"https:\/\/challengeseconomiques.com\/wp-content\/uploads\/2023\/08\/caraibe.webp","jetpack_sharing_enabled":true,"_links":{"self":[{"href":"https:\/\/challengeseconomiques.com\/index.php?rest_route=\/wp\/v2\/posts\/5102","targetHints":{"allow":["GET"]}}],"collection":[{"href":"https:\/\/challengeseconomiques.com\/index.php?rest_route=\/wp\/v2\/posts"}],"about":[{"href":"https:\/\/challengeseconomiques.com\/index.php?rest_route=\/wp\/v2\/types\/post"}],"author":[{"embeddable":true,"href":"https:\/\/challengeseconomiques.com\/index.php?rest_route=\/wp\/v2\/users\/1"}],"replies":[{"embeddable":true,"href":"https:\/\/challengeseconomiques.com\/index.php?rest_route=%2Fwp%2Fv2%2Fcomments&post=5102"}],"version-history":[{"count":1,"href":"https:\/\/challengeseconomiques.com\/index.php?rest_route=\/wp\/v2\/posts\/5102\/revisions"}],"predecessor-version":[{"id":5104,"href":"https:\/\/challengeseconomiques.com\/index.php?rest_route=\/wp\/v2\/posts\/5102\/revisions\/5104"}],"wp:featuredmedia":[{"embeddable":true,"href":"https:\/\/challengeseconomiques.com\/index.php?rest_route=\/wp\/v2\/media\/5103"}],"wp:attachment":[{"href":"https:\/\/challengeseconomiques.com\/index.php?rest_route=%2Fwp%2Fv2%2Fmedia&parent=5102"}],"wp:term":[{"taxonomy":"category","embeddable":true,"href":"https:\/\/challengeseconomiques.com\/index.php?rest_route=%2Fwp%2Fv2%2Fcategories&post=5102"},{"taxonomy":"post_tag","embeddable":true,"href":"https:\/\/challengeseconomiques.com\/index.php?rest_route=%2Fwp%2Fv2%2Ftags&post=5102"}],"curies":[{"name":"wp","href":"https:\/\/api.w.org\/{rel}","templated":true}]}}