{"id":5098,"date":"2023-08-09T17:14:46","date_gmt":"2023-08-09T17:14:46","guid":{"rendered":"https:\/\/challengeseconomiques.com\/?p=5098"},"modified":"2023-08-09T17:15:13","modified_gmt":"2023-08-09T17:15:13","slug":"commerce-electronique-au-senegal-des-chefs-dentreprises-outilles-pour-lutilisation-de-la-plateforme-boutik-221","status":"publish","type":"post","link":"https:\/\/challengeseconomiques.com\/?p=5098","title":{"rendered":"Commerce \u00e9lectronique au S\u00e9n\u00e9gal : Des chefs d\u2019entreprises outill\u00e9s pour l\u2019utilisation de la plateforme \u00ab Boutik 221 \u00bb"},"content":{"rendered":"<p><strong>Sensibiliser les membres des organisations agricoles et pastorales au commerce \u00e9lectronique et sur le fonctionnement de la plateforme nationale d\u2019e-commerce, tel \u00e9tait l\u2019objectif de l\u2019atelier tenu le mercredi 02 ao\u00fbt 2023 \u00e0 Dakar. Des op\u00e9rateurs \u00e9conomiques en conclave dans la Capitale s\u00e9n\u00e9galaise, ont \u00e9t\u00e9 sensibilis\u00e9s et form\u00e9s dans l\u2019utilisation de la plateforme \u00ab boutik221 \u00bb, qui entend promouvoir le commerce en ligne et permettre aux producteurs de trouver plus facilement des opportunit\u00e9s de march\u00e9.<\/strong><\/p>\n<p>Lanc\u00e9e en avril 2021 \u00e0 la Chambre de Commerce, d\u2019Industrie et d\u2019Agriculture de Dakar (CCIAD), la plateforme nationale de e-commerce \u00ab Boutik221 \u00bb se veut \u00eatre un v\u00e9ritable centre commercial virtuel favorisant les \u00e9changes entre commer\u00e7ants, artisans, producteurs locaux et clients \u00e0 travers tout le territoire national.<br \/>\nPour favoriser une meilleure appropriation de cette plateforme, une tourn\u00e9e nationale avait \u00e9t\u00e9 initi\u00e9e par le Minist\u00e8re du Commerce, de la Consommation et des PME en partenariat avec les Chambres de Commerce, le GIE Gaind\u00e9 2000 et d\u2019autres structures.<br \/>\nL\u2019\u00e9tape de Dakar a marqu\u00e9 la cl\u00f4ture de cette campagne de vulgarisation. Plus d\u2019une cinquantaine d\u2019op\u00e9rateurs \u00e9conomiques \u00e9voluant dans divers secteurs, principalement des femmes chefs de PME, ont particip\u00e9 \u00e0 cet atelier avec l\u2019envie de s\u2019investir davantage dans le commerce en ligne.<br \/>\nLe vice-pr\u00e9sident de la CCIAD, Dr Daouda Thiam, qui repr\u00e9sentait le pr\u00e9sident de l\u2019Institution Consulaire de Dakar, Abdoulaye Sow, a rappel\u00e9 le contexte de cr\u00e9ation de cette plateforme. Selon lui, celle-ci permettra de r\u00e9pondre aux besoins d\u2019approvisionnement du march\u00e9 et devrait impulser le d\u00e9veloppement du commerce \u00e9lectronique au S\u00e9n\u00e9gal, ouvrant ainsi des opportunit\u00e9s de march\u00e9, notamment dans le cadre de la Zone de Libre-\u00e9change Continentale Africaine (ZLECAF).<br \/>\nIl a ainsi lanc\u00e9 un plaidoyer fort pour l\u2019appropriation de cette plateforme par les acteurs \u00e9conomiques.<\/p>\n<p><strong>Un budget de 350.000 dollars am\u00e9ricains<\/strong><\/p>\n<p>Ousmane Ka, coordonnateur de l\u2019Unit\u00e9 Nationale de Mise en \u0152uvre du Cadre Int\u00e9gr\u00e9 et Renforc\u00e9\u00a0(UNMOCIR), a renseign\u00e9 qu\u2019un budget total de 350.000 dollars am\u00e9ricains a \u00e9t\u00e9 consenti pour la mise en \u0153uvre du projet Strat\u00e9gie Nationale du d\u00e9veloppement du Commerce \u00c9lectronique du S\u00e9n\u00e9gal et pour la vulgarisation de \u00ab\u00a0boutik221\u00a0\u00bb.\u00a0Il a rappel\u00e9, en outre, que toutes les r\u00e9gions du S\u00e9n\u00e9gal ont \u00e9t\u00e9 sillonn\u00e9es dans le cadre de la tourn\u00e9e, ce qui a permis de regrouper celles-ci en p\u00f4les.<br \/>\nPour sa part, Assane\u00a0Diakha, qui repr\u00e9sentait le Ministre du commerce, de la Consommation et des PME, a expliqu\u00e9 qu\u2019un des objectifs de ces ateliers est d\u2019arriver \u00e0 ce que la plateforme soit g\u00e9r\u00e9e, in fine, par les op\u00e9rateurs \u00e9conomiques.\u00a0Ces derniers seront ainsi regroup\u00e9s en coop\u00e9ratives.<br \/>\nLes participants \u00e0 cet atelier ont eu droit \u00e0 plusieurs pr\u00e9sentations faites par des techniciens.\u00a0L\u2019id\u00e9e est de renforcer leurs capacit\u00e9s pour leur permettre de mieux comprendre comment utiliser la plateforme et de pouvoir mettre en ligne leurs produits afin de trouver d\u2019\u00e9ventuels clients.<\/p>\n<p><strong>BIE<\/strong><\/p>\n<p>&nbsp;<\/p>\n","protected":false},"excerpt":{"rendered":"<p>Sensibiliser les membres des organisations agricoles et pastorales au commerce \u00e9lectronique et sur le fonctionnement de la plateforme nationale d\u2019e-commerce, tel \u00e9tait l\u2019objectif de l\u2019atelier&#8230;<\/p>\n","protected":false},"author":1,"featured_media":5099,"comment_status":"closed","ping_status":"open","sticky":false,"template":"","format":"standard","meta":{"_jetpack_memberships_contains_paid_content":false,"footnotes":""},"categories":[8],"tags":[],"class_list":["post-5098","post","type-post","status-publish","format-standard","has-post-thumbnail","hentry","category-actualite-economique","wpcat-8-id"],"yoast_head":"<!-- This site is optimized with the Yoast SEO plugin v27.1.1 - https:\/\/yoast.com\/product\/yoast-seo-wordpress\/ -->\n<title>Commerce \u00e9lectronique au S\u00e9n\u00e9gal : Des chefs d\u2019entreprises outill\u00e9s pour l\u2019utilisation de la plateforme \u00ab Boutik 221 \u00bb - challenges economiques<\/title>\n<meta name=\"robots\" content=\"index, follow, max-snippet:-1, max-image-preview:large, max-video-preview:-1\" \/>\n<link rel=\"canonical\" href=\"https:\/\/challengeseconomiques.com\/?p=5098\" \/>\n<meta property=\"og:locale\" content=\"fr_FR\" \/>\n<meta property=\"og:type\" content=\"article\" \/>\n<meta property=\"og:title\" content=\"Commerce \u00e9lectronique au S\u00e9n\u00e9gal : Des chefs d\u2019entreprises outill\u00e9s pour l\u2019utilisation de la plateforme \u00ab Boutik 221 \u00bb - challenges economiques\" \/>\n<meta property=\"og:description\" content=\"Sensibiliser les membres des organisations agricoles et pastorales au commerce \u00e9lectronique et sur le fonctionnement de la plateforme nationale d\u2019e-commerce, tel \u00e9tait l\u2019objectif de l\u2019atelier...\" \/>\n<meta property=\"og:url\" content=\"https:\/\/challengeseconomiques.com\/?p=5098\" \/>\n<meta property=\"og:site_name\" content=\"challenges economiques\" \/>\n<meta property=\"article:published_time\" content=\"2023-08-09T17:14:46+00:00\" \/>\n<meta property=\"article:modified_time\" content=\"2023-08-09T17:15:13+00:00\" \/>\n<meta property=\"og:image\" content=\"https:\/\/challengeseconomiques.com\/wp-content\/uploads\/2023\/08\/Boutik_221_Presidium.jpg\" \/>\n\t<meta property=\"og:image:width\" content=\"1181\" \/>\n\t<meta property=\"og:image:height\" content=\"787\" \/>\n\t<meta property=\"og:image:type\" content=\"image\/jpeg\" \/>\n<meta name=\"author\" content=\"admin\" \/>\n<meta name=\"twitter:card\" content=\"summary_large_image\" \/>\n<meta name=\"twitter:label1\" content=\"\u00c9crit par\" \/>\n\t<meta name=\"twitter:data1\" content=\"admin\" \/>\n\t<meta name=\"twitter:label2\" content=\"Dur\u00e9e de lecture estim\u00e9e\" \/>\n\t<meta name=\"twitter:data2\" content=\"3 minutes\" \/>\n<script type=\"application\/ld+json\" class=\"yoast-schema-graph\">{\"@context\":\"https:\/\/schema.org\",\"@graph\":[{\"@type\":\"Article\",\"@id\":\"https:\/\/challengeseconomiques.com\/?p=5098#article\",\"isPartOf\":{\"@id\":\"https:\/\/challengeseconomiques.com\/?p=5098\"},\"author\":{\"name\":\"admin\",\"@id\":\"https:\/\/challengeseconomiques.com\/#\/schema\/person\/b4568c9afebc5a9238a771873801e349\"},\"headline\":\"Commerce \u00e9lectronique au S\u00e9n\u00e9gal : Des chefs d\u2019entreprises outill\u00e9s pour l\u2019utilisation de la plateforme \u00ab Boutik 221 \u00bb\",\"datePublished\":\"2023-08-09T17:14:46+00:00\",\"dateModified\":\"2023-08-09T17:15:13+00:00\",\"mainEntityOfPage\":{\"@id\":\"https:\/\/challengeseconomiques.com\/?p=5098\"},\"wordCount\":533,\"image\":{\"@id\":\"https:\/\/challengeseconomiques.com\/?p=5098#primaryimage\"},\"thumbnailUrl\":\"https:\/\/challengeseconomiques.com\/wp-content\/uploads\/2023\/08\/Boutik_221_Presidium.jpg\",\"articleSection\":[\"Actualit\u00e9 \u00e9conomique\"],\"inLanguage\":\"fr-FR\"},{\"@type\":\"WebPage\",\"@id\":\"https:\/\/challengeseconomiques.com\/?p=5098\",\"url\":\"https:\/\/challengeseconomiques.com\/?p=5098\",\"name\":\"Commerce \u00e9lectronique au S\u00e9n\u00e9gal : Des chefs d\u2019entreprises outill\u00e9s pour l\u2019utilisation de la plateforme \u00ab Boutik 221 \u00bb - challenges economiques\",\"isPartOf\":{\"@id\":\"https:\/\/challengeseconomiques.com\/#website\"},\"primaryImageOfPage\":{\"@id\":\"https:\/\/challengeseconomiques.com\/?p=5098#primaryimage\"},\"image\":{\"@id\":\"https:\/\/challengeseconomiques.com\/?p=5098#primaryimage\"},\"thumbnailUrl\":\"https:\/\/challengeseconomiques.com\/wp-content\/uploads\/2023\/08\/Boutik_221_Presidium.jpg\",\"datePublished\":\"2023-08-09T17:14:46+00:00\",\"dateModified\":\"2023-08-09T17:15:13+00:00\",\"author\":{\"@id\":\"https:\/\/challengeseconomiques.com\/#\/schema\/person\/b4568c9afebc5a9238a771873801e349\"},\"breadcrumb\":{\"@id\":\"https:\/\/challengeseconomiques.com\/?p=5098#breadcrumb\"},\"inLanguage\":\"fr-FR\",\"potentialAction\":[{\"@type\":\"ReadAction\",\"target\":[\"https:\/\/challengeseconomiques.com\/?p=5098\"]}]},{\"@type\":\"ImageObject\",\"inLanguage\":\"fr-FR\",\"@id\":\"https:\/\/challengeseconomiques.com\/?p=5098#primaryimage\",\"url\":\"https:\/\/challengeseconomiques.com\/wp-content\/uploads\/2023\/08\/Boutik_221_Presidium.jpg\",\"contentUrl\":\"https:\/\/challengeseconomiques.com\/wp-content\/uploads\/2023\/08\/Boutik_221_Presidium.jpg\",\"width\":1181,\"height\":787},{\"@type\":\"BreadcrumbList\",\"@id\":\"https:\/\/challengeseconomiques.com\/?p=5098#breadcrumb\",\"itemListElement\":[{\"@type\":\"ListItem\",\"position\":1,\"name\":\"Home\",\"item\":\"https:\/\/challengeseconomiques.com\/\"},{\"@type\":\"ListItem\",\"position\":2,\"name\":\"Commerce \u00e9lectronique au S\u00e9n\u00e9gal : Des chefs d\u2019entreprises outill\u00e9s pour l\u2019utilisation de la plateforme \u00ab Boutik 221 \u00bb\"}]},{\"@type\":\"WebSite\",\"@id\":\"https:\/\/challengeseconomiques.com\/#website\",\"url\":\"https:\/\/challengeseconomiques.com\/\",\"name\":\"challenges economiques\",\"description\":\"\",\"potentialAction\":[{\"@type\":\"SearchAction\",\"target\":{\"@type\":\"EntryPoint\",\"urlTemplate\":\"https:\/\/challengeseconomiques.com\/?s={search_term_string}\"},\"query-input\":{\"@type\":\"PropertyValueSpecification\",\"valueRequired\":true,\"valueName\":\"search_term_string\"}}],\"inLanguage\":\"fr-FR\"},{\"@type\":\"Person\",\"@id\":\"https:\/\/challengeseconomiques.com\/#\/schema\/person\/b4568c9afebc5a9238a771873801e349\",\"name\":\"admin\",\"image\":{\"@type\":\"ImageObject\",\"inLanguage\":\"fr-FR\",\"@id\":\"https:\/\/challengeseconomiques.com\/#\/schema\/person\/image\/\",\"url\":\"https:\/\/secure.gravatar.com\/avatar\/099e42240b5eea11acdb72751fcce0dd918603f0749d24974b7984ea47ed9fd9?s=96&d=mm&r=g\",\"contentUrl\":\"https:\/\/secure.gravatar.com\/avatar\/099e42240b5eea11acdb72751fcce0dd918603f0749d24974b7984ea47ed9fd9?s=96&d=mm&r=g\",\"caption\":\"admin\"},\"sameAs\":[\"https:\/\/challengeseconomiques.com\"],\"url\":\"https:\/\/challengeseconomiques.com\/?author=1\"}]}<\/script>\n<!-- \/ Yoast SEO plugin. -->","yoast_head_json":{"title":"Commerce \u00e9lectronique au S\u00e9n\u00e9gal : Des chefs d\u2019entreprises outill\u00e9s pour l\u2019utilisation de la plateforme \u00ab Boutik 221 \u00bb - challenges economiques","robots":{"index":"index","follow":"follow","max-snippet":"max-snippet:-1","max-image-preview":"max-image-preview:large","max-video-preview":"max-video-preview:-1"},"canonical":"https:\/\/challengeseconomiques.com\/?p=5098","og_locale":"fr_FR","og_type":"article","og_title":"Commerce \u00e9lectronique au S\u00e9n\u00e9gal : Des chefs d\u2019entreprises outill\u00e9s pour l\u2019utilisation de la plateforme \u00ab Boutik 221 \u00bb - challenges economiques","og_description":"Sensibiliser les membres des organisations agricoles et pastorales au commerce \u00e9lectronique et sur le fonctionnement de la plateforme nationale d\u2019e-commerce, tel \u00e9tait l\u2019objectif de l\u2019atelier...","og_url":"https:\/\/challengeseconomiques.com\/?p=5098","og_site_name":"challenges economiques","article_published_time":"2023-08-09T17:14:46+00:00","article_modified_time":"2023-08-09T17:15:13+00:00","og_image":[{"width":1181,"height":787,"url":"https:\/\/challengeseconomiques.com\/wp-content\/uploads\/2023\/08\/Boutik_221_Presidium.jpg","type":"image\/jpeg"}],"author":"admin","twitter_card":"summary_large_image","twitter_misc":{"\u00c9crit par":"admin","Dur\u00e9e de lecture estim\u00e9e":"3 minutes"},"schema":{"@context":"https:\/\/schema.org","@graph":[{"@type":"Article","@id":"https:\/\/challengeseconomiques.com\/?p=5098#article","isPartOf":{"@id":"https:\/\/challengeseconomiques.com\/?p=5098"},"author":{"name":"admin","@id":"https:\/\/challengeseconomiques.com\/#\/schema\/person\/b4568c9afebc5a9238a771873801e349"},"headline":"Commerce \u00e9lectronique au S\u00e9n\u00e9gal : Des chefs d\u2019entreprises outill\u00e9s pour l\u2019utilisation de la plateforme \u00ab Boutik 221 \u00bb","datePublished":"2023-08-09T17:14:46+00:00","dateModified":"2023-08-09T17:15:13+00:00","mainEntityOfPage":{"@id":"https:\/\/challengeseconomiques.com\/?p=5098"},"wordCount":533,"image":{"@id":"https:\/\/challengeseconomiques.com\/?p=5098#primaryimage"},"thumbnailUrl":"https:\/\/challengeseconomiques.com\/wp-content\/uploads\/2023\/08\/Boutik_221_Presidium.jpg","articleSection":["Actualit\u00e9 \u00e9conomique"],"inLanguage":"fr-FR"},{"@type":"WebPage","@id":"https:\/\/challengeseconomiques.com\/?p=5098","url":"https:\/\/challengeseconomiques.com\/?p=5098","name":"Commerce \u00e9lectronique au S\u00e9n\u00e9gal : Des chefs d\u2019entreprises outill\u00e9s pour l\u2019utilisation de la plateforme \u00ab Boutik 221 \u00bb - challenges economiques","isPartOf":{"@id":"https:\/\/challengeseconomiques.com\/#website"},"primaryImageOfPage":{"@id":"https:\/\/challengeseconomiques.com\/?p=5098#primaryimage"},"image":{"@id":"https:\/\/challengeseconomiques.com\/?p=5098#primaryimage"},"thumbnailUrl":"https:\/\/challengeseconomiques.com\/wp-content\/uploads\/2023\/08\/Boutik_221_Presidium.jpg","datePublished":"2023-08-09T17:14:46+00:00","dateModified":"2023-08-09T17:15:13+00:00","author":{"@id":"https:\/\/challengeseconomiques.com\/#\/schema\/person\/b4568c9afebc5a9238a771873801e349"},"breadcrumb":{"@id":"https:\/\/challengeseconomiques.com\/?p=5098#breadcrumb"},"inLanguage":"fr-FR","potentialAction":[{"@type":"ReadAction","target":["https:\/\/challengeseconomiques.com\/?p=5098"]}]},{"@type":"ImageObject","inLanguage":"fr-FR","@id":"https:\/\/challengeseconomiques.com\/?p=5098#primaryimage","url":"https:\/\/challengeseconomiques.com\/wp-content\/uploads\/2023\/08\/Boutik_221_Presidium.jpg","contentUrl":"https:\/\/challengeseconomiques.com\/wp-content\/uploads\/2023\/08\/Boutik_221_Presidium.jpg","width":1181,"height":787},{"@type":"BreadcrumbList","@id":"https:\/\/challengeseconomiques.com\/?p=5098#breadcrumb","itemListElement":[{"@type":"ListItem","position":1,"name":"Home","item":"https:\/\/challengeseconomiques.com\/"},{"@type":"ListItem","position":2,"name":"Commerce \u00e9lectronique au S\u00e9n\u00e9gal : Des chefs d\u2019entreprises outill\u00e9s pour l\u2019utilisation de la plateforme \u00ab Boutik 221 \u00bb"}]},{"@type":"WebSite","@id":"https:\/\/challengeseconomiques.com\/#website","url":"https:\/\/challengeseconomiques.com\/","name":"challenges economiques","description":"","potentialAction":[{"@type":"SearchAction","target":{"@type":"EntryPoint","urlTemplate":"https:\/\/challengeseconomiques.com\/?s={search_term_string}"},"query-input":{"@type":"PropertyValueSpecification","valueRequired":true,"valueName":"search_term_string"}}],"inLanguage":"fr-FR"},{"@type":"Person","@id":"https:\/\/challengeseconomiques.com\/#\/schema\/person\/b4568c9afebc5a9238a771873801e349","name":"admin","image":{"@type":"ImageObject","inLanguage":"fr-FR","@id":"https:\/\/challengeseconomiques.com\/#\/schema\/person\/image\/","url":"https:\/\/secure.gravatar.com\/avatar\/099e42240b5eea11acdb72751fcce0dd918603f0749d24974b7984ea47ed9fd9?s=96&d=mm&r=g","contentUrl":"https:\/\/secure.gravatar.com\/avatar\/099e42240b5eea11acdb72751fcce0dd918603f0749d24974b7984ea47ed9fd9?s=96&d=mm&r=g","caption":"admin"},"sameAs":["https:\/\/challengeseconomiques.com"],"url":"https:\/\/challengeseconomiques.com\/?author=1"}]}},"jetpack_featured_media_url":"https:\/\/challengeseconomiques.com\/wp-content\/uploads\/2023\/08\/Boutik_221_Presidium.jpg","jetpack_sharing_enabled":true,"_links":{"self":[{"href":"https:\/\/challengeseconomiques.com\/index.php?rest_route=\/wp\/v2\/posts\/5098","targetHints":{"allow":["GET"]}}],"collection":[{"href":"https:\/\/challengeseconomiques.com\/index.php?rest_route=\/wp\/v2\/posts"}],"about":[{"href":"https:\/\/challengeseconomiques.com\/index.php?rest_route=\/wp\/v2\/types\/post"}],"author":[{"embeddable":true,"href":"https:\/\/challengeseconomiques.com\/index.php?rest_route=\/wp\/v2\/users\/1"}],"replies":[{"embeddable":true,"href":"https:\/\/challengeseconomiques.com\/index.php?rest_route=%2Fwp%2Fv2%2Fcomments&post=5098"}],"version-history":[{"count":1,"href":"https:\/\/challengeseconomiques.com\/index.php?rest_route=\/wp\/v2\/posts\/5098\/revisions"}],"predecessor-version":[{"id":5100,"href":"https:\/\/challengeseconomiques.com\/index.php?rest_route=\/wp\/v2\/posts\/5098\/revisions\/5100"}],"wp:featuredmedia":[{"embeddable":true,"href":"https:\/\/challengeseconomiques.com\/index.php?rest_route=\/wp\/v2\/media\/5099"}],"wp:attachment":[{"href":"https:\/\/challengeseconomiques.com\/index.php?rest_route=%2Fwp%2Fv2%2Fmedia&parent=5098"}],"wp:term":[{"taxonomy":"category","embeddable":true,"href":"https:\/\/challengeseconomiques.com\/index.php?rest_route=%2Fwp%2Fv2%2Fcategories&post=5098"},{"taxonomy":"post_tag","embeddable":true,"href":"https:\/\/challengeseconomiques.com\/index.php?rest_route=%2Fwp%2Fv2%2Ftags&post=5098"}],"curies":[{"name":"wp","href":"https:\/\/api.w.org\/{rel}","templated":true}]}}