{"id":5096,"date":"2023-08-09T20:03:03","date_gmt":"2023-08-09T20:03:03","guid":{"rendered":"https:\/\/challengeseconomiques.com\/?p=5096"},"modified":"2023-08-14T14:14:39","modified_gmt":"2023-08-14T14:14:39","slug":"senegal-afrique-commerce-les-prix-en-hausse-de-11-dans-les-pays-de-luemoa-en-juin","status":"publish","type":"post","link":"https:\/\/challengeseconomiques.com\/?p=5096","title":{"rendered":"SENEGAL-AFRIQUE-COMMERCE \/ Les prix en hausse de 1,1 % dans les pays de l\u2019UEMOA en juin"},"content":{"rendered":"<p>Les prix \u00e0 la consommation ont augment\u00e9 de 1,1 % en juin dans la zone UEMOA, le Mali \u00e9tant le seul des huit pays membres o\u00f9 ils ont baiss\u00e9 durant ce mois-l\u00e0, a-t-on appris du d\u00e9partement des politiques \u00e9conomiques de cette organisation.<\/p>\n<p>Les prix ont connu une hausse de 1,9 % au Niger, de 1,6 % au Burkina Faso, de 1,5 % en C\u00f4te d\u2019Ivoire, de 1,1 % en Guin\u00e9e-Bissau et au S\u00e9n\u00e9gal, de 0,7 % au Togo et de 0,2 % au B\u00e9nin.<\/p>\n<p>Une baisse mensuelle de 0,3 % du niveau g\u00e9n\u00e9ral des prix a \u00e9t\u00e9 observ\u00e9e au Mali.<\/p>\n<p>En juin 2023, les prix ont augment\u00e9 de 3,6 % dans la zone UEMOA, comparativement \u00e0 leur niveau de juin 2022.<\/p>\n<p><strong>APS<\/strong><\/p>\n","protected":false},"excerpt":{"rendered":"<p>Les prix \u00e0 la consommation ont augment\u00e9 de 1,1 % en juin dans la zone UEMOA, le Mali \u00e9tant le seul des huit pays membres&#8230;<\/p>\n","protected":false},"author":1,"featured_media":3284,"comment_status":"closed","ping_status":"open","sticky":false,"template":"","format":"standard","meta":{"_jetpack_memberships_contains_paid_content":false,"footnotes":""},"categories":[8],"tags":[],"class_list":["post-5096","post","type-post","status-publish","format-standard","has-post-thumbnail","hentry","category-actualite-economique","wpcat-8-id"],"yoast_head":"<!-- This site is optimized with the Yoast SEO plugin v27.1.1 - https:\/\/yoast.com\/product\/yoast-seo-wordpress\/ -->\n<title>SENEGAL-AFRIQUE-COMMERCE \/ Les prix en hausse de 1,1 % dans les pays de l\u2019UEMOA en juin - challenges economiques<\/title>\n<meta name=\"robots\" content=\"index, follow, max-snippet:-1, max-image-preview:large, max-video-preview:-1\" \/>\n<link rel=\"canonical\" href=\"https:\/\/challengeseconomiques.com\/?p=5096\" \/>\n<meta property=\"og:locale\" content=\"fr_FR\" \/>\n<meta property=\"og:type\" content=\"article\" \/>\n<meta property=\"og:title\" content=\"SENEGAL-AFRIQUE-COMMERCE \/ Les prix en hausse de 1,1 % dans les pays de l\u2019UEMOA en juin - challenges economiques\" \/>\n<meta property=\"og:description\" content=\"Les prix \u00e0 la consommation ont augment\u00e9 de 1,1 % en juin dans la zone UEMOA, le Mali \u00e9tant le seul des huit pays membres...\" \/>\n<meta property=\"og:url\" content=\"https:\/\/challengeseconomiques.com\/?p=5096\" \/>\n<meta property=\"og:site_name\" content=\"challenges economiques\" \/>\n<meta property=\"article:published_time\" content=\"2023-08-09T20:03:03+00:00\" \/>\n<meta property=\"article:modified_time\" content=\"2023-08-14T14:14:39+00:00\" \/>\n<meta property=\"og:image\" content=\"https:\/\/challengeseconomiques.com\/wp-content\/uploads\/2022\/05\/inflation.jpg\" \/>\n\t<meta property=\"og:image:width\" content=\"612\" \/>\n\t<meta property=\"og:image:height\" content=\"405\" \/>\n\t<meta property=\"og:image:type\" content=\"image\/jpeg\" \/>\n<meta name=\"author\" content=\"admin\" \/>\n<meta name=\"twitter:card\" content=\"summary_large_image\" \/>\n<meta name=\"twitter:label1\" content=\"\u00c9crit par\" \/>\n\t<meta name=\"twitter:data1\" content=\"admin\" \/>\n\t<meta name=\"twitter:label2\" content=\"Dur\u00e9e de lecture estim\u00e9e\" \/>\n\t<meta name=\"twitter:data2\" content=\"1 minute\" \/>\n<script type=\"application\/ld+json\" class=\"yoast-schema-graph\">{\"@context\":\"https:\/\/schema.org\",\"@graph\":[{\"@type\":\"Article\",\"@id\":\"https:\/\/challengeseconomiques.com\/?p=5096#article\",\"isPartOf\":{\"@id\":\"https:\/\/challengeseconomiques.com\/?p=5096\"},\"author\":{\"name\":\"admin\",\"@id\":\"https:\/\/challengeseconomiques.com\/#\/schema\/person\/b4568c9afebc5a9238a771873801e349\"},\"headline\":\"SENEGAL-AFRIQUE-COMMERCE \/ Les prix en hausse de 1,1 % dans les pays de l\u2019UEMOA en juin\",\"datePublished\":\"2023-08-09T20:03:03+00:00\",\"dateModified\":\"2023-08-14T14:14:39+00:00\",\"mainEntityOfPage\":{\"@id\":\"https:\/\/challengeseconomiques.com\/?p=5096\"},\"wordCount\":124,\"image\":{\"@id\":\"https:\/\/challengeseconomiques.com\/?p=5096#primaryimage\"},\"thumbnailUrl\":\"https:\/\/challengeseconomiques.com\/wp-content\/uploads\/2022\/05\/inflation.jpg\",\"articleSection\":[\"Actualit\u00e9 \u00e9conomique\"],\"inLanguage\":\"fr-FR\"},{\"@type\":\"WebPage\",\"@id\":\"https:\/\/challengeseconomiques.com\/?p=5096\",\"url\":\"https:\/\/challengeseconomiques.com\/?p=5096\",\"name\":\"SENEGAL-AFRIQUE-COMMERCE \/ Les prix en hausse de 1,1 % dans les pays de l\u2019UEMOA en juin - challenges economiques\",\"isPartOf\":{\"@id\":\"https:\/\/challengeseconomiques.com\/#website\"},\"primaryImageOfPage\":{\"@id\":\"https:\/\/challengeseconomiques.com\/?p=5096#primaryimage\"},\"image\":{\"@id\":\"https:\/\/challengeseconomiques.com\/?p=5096#primaryimage\"},\"thumbnailUrl\":\"https:\/\/challengeseconomiques.com\/wp-content\/uploads\/2022\/05\/inflation.jpg\",\"datePublished\":\"2023-08-09T20:03:03+00:00\",\"dateModified\":\"2023-08-14T14:14:39+00:00\",\"author\":{\"@id\":\"https:\/\/challengeseconomiques.com\/#\/schema\/person\/b4568c9afebc5a9238a771873801e349\"},\"breadcrumb\":{\"@id\":\"https:\/\/challengeseconomiques.com\/?p=5096#breadcrumb\"},\"inLanguage\":\"fr-FR\",\"potentialAction\":[{\"@type\":\"ReadAction\",\"target\":[\"https:\/\/challengeseconomiques.com\/?p=5096\"]}]},{\"@type\":\"ImageObject\",\"inLanguage\":\"fr-FR\",\"@id\":\"https:\/\/challengeseconomiques.com\/?p=5096#primaryimage\",\"url\":\"https:\/\/challengeseconomiques.com\/wp-content\/uploads\/2022\/05\/inflation.jpg\",\"contentUrl\":\"https:\/\/challengeseconomiques.com\/wp-content\/uploads\/2022\/05\/inflation.jpg\",\"width\":612,\"height\":405,\"caption\":\"Word Inflation on up trend arrow, with financial data visible on the background.\"},{\"@type\":\"BreadcrumbList\",\"@id\":\"https:\/\/challengeseconomiques.com\/?p=5096#breadcrumb\",\"itemListElement\":[{\"@type\":\"ListItem\",\"position\":1,\"name\":\"Home\",\"item\":\"https:\/\/challengeseconomiques.com\/\"},{\"@type\":\"ListItem\",\"position\":2,\"name\":\"SENEGAL-AFRIQUE-COMMERCE \/ Les prix en hausse de 1,1 % dans les pays de l\u2019UEMOA en juin\"}]},{\"@type\":\"WebSite\",\"@id\":\"https:\/\/challengeseconomiques.com\/#website\",\"url\":\"https:\/\/challengeseconomiques.com\/\",\"name\":\"challenges economiques\",\"description\":\"\",\"potentialAction\":[{\"@type\":\"SearchAction\",\"target\":{\"@type\":\"EntryPoint\",\"urlTemplate\":\"https:\/\/challengeseconomiques.com\/?s={search_term_string}\"},\"query-input\":{\"@type\":\"PropertyValueSpecification\",\"valueRequired\":true,\"valueName\":\"search_term_string\"}}],\"inLanguage\":\"fr-FR\"},{\"@type\":\"Person\",\"@id\":\"https:\/\/challengeseconomiques.com\/#\/schema\/person\/b4568c9afebc5a9238a771873801e349\",\"name\":\"admin\",\"image\":{\"@type\":\"ImageObject\",\"inLanguage\":\"fr-FR\",\"@id\":\"https:\/\/challengeseconomiques.com\/#\/schema\/person\/image\/\",\"url\":\"https:\/\/secure.gravatar.com\/avatar\/099e42240b5eea11acdb72751fcce0dd918603f0749d24974b7984ea47ed9fd9?s=96&d=mm&r=g\",\"contentUrl\":\"https:\/\/secure.gravatar.com\/avatar\/099e42240b5eea11acdb72751fcce0dd918603f0749d24974b7984ea47ed9fd9?s=96&d=mm&r=g\",\"caption\":\"admin\"},\"sameAs\":[\"https:\/\/challengeseconomiques.com\"],\"url\":\"https:\/\/challengeseconomiques.com\/?author=1\"}]}<\/script>\n<!-- \/ Yoast SEO plugin. -->","yoast_head_json":{"title":"SENEGAL-AFRIQUE-COMMERCE \/ Les prix en hausse de 1,1 % dans les pays de l\u2019UEMOA en juin - challenges economiques","robots":{"index":"index","follow":"follow","max-snippet":"max-snippet:-1","max-image-preview":"max-image-preview:large","max-video-preview":"max-video-preview:-1"},"canonical":"https:\/\/challengeseconomiques.com\/?p=5096","og_locale":"fr_FR","og_type":"article","og_title":"SENEGAL-AFRIQUE-COMMERCE \/ Les prix en hausse de 1,1 % dans les pays de l\u2019UEMOA en juin - challenges economiques","og_description":"Les prix \u00e0 la consommation ont augment\u00e9 de 1,1 % en juin dans la zone UEMOA, le Mali \u00e9tant le seul des huit pays membres...","og_url":"https:\/\/challengeseconomiques.com\/?p=5096","og_site_name":"challenges economiques","article_published_time":"2023-08-09T20:03:03+00:00","article_modified_time":"2023-08-14T14:14:39+00:00","og_image":[{"width":612,"height":405,"url":"https:\/\/challengeseconomiques.com\/wp-content\/uploads\/2022\/05\/inflation.jpg","type":"image\/jpeg"}],"author":"admin","twitter_card":"summary_large_image","twitter_misc":{"\u00c9crit par":"admin","Dur\u00e9e de lecture estim\u00e9e":"1 minute"},"schema":{"@context":"https:\/\/schema.org","@graph":[{"@type":"Article","@id":"https:\/\/challengeseconomiques.com\/?p=5096#article","isPartOf":{"@id":"https:\/\/challengeseconomiques.com\/?p=5096"},"author":{"name":"admin","@id":"https:\/\/challengeseconomiques.com\/#\/schema\/person\/b4568c9afebc5a9238a771873801e349"},"headline":"SENEGAL-AFRIQUE-COMMERCE \/ Les prix en hausse de 1,1 % dans les pays de l\u2019UEMOA en juin","datePublished":"2023-08-09T20:03:03+00:00","dateModified":"2023-08-14T14:14:39+00:00","mainEntityOfPage":{"@id":"https:\/\/challengeseconomiques.com\/?p=5096"},"wordCount":124,"image":{"@id":"https:\/\/challengeseconomiques.com\/?p=5096#primaryimage"},"thumbnailUrl":"https:\/\/challengeseconomiques.com\/wp-content\/uploads\/2022\/05\/inflation.jpg","articleSection":["Actualit\u00e9 \u00e9conomique"],"inLanguage":"fr-FR"},{"@type":"WebPage","@id":"https:\/\/challengeseconomiques.com\/?p=5096","url":"https:\/\/challengeseconomiques.com\/?p=5096","name":"SENEGAL-AFRIQUE-COMMERCE \/ Les prix en hausse de 1,1 % dans les pays de l\u2019UEMOA en juin - challenges economiques","isPartOf":{"@id":"https:\/\/challengeseconomiques.com\/#website"},"primaryImageOfPage":{"@id":"https:\/\/challengeseconomiques.com\/?p=5096#primaryimage"},"image":{"@id":"https:\/\/challengeseconomiques.com\/?p=5096#primaryimage"},"thumbnailUrl":"https:\/\/challengeseconomiques.com\/wp-content\/uploads\/2022\/05\/inflation.jpg","datePublished":"2023-08-09T20:03:03+00:00","dateModified":"2023-08-14T14:14:39+00:00","author":{"@id":"https:\/\/challengeseconomiques.com\/#\/schema\/person\/b4568c9afebc5a9238a771873801e349"},"breadcrumb":{"@id":"https:\/\/challengeseconomiques.com\/?p=5096#breadcrumb"},"inLanguage":"fr-FR","potentialAction":[{"@type":"ReadAction","target":["https:\/\/challengeseconomiques.com\/?p=5096"]}]},{"@type":"ImageObject","inLanguage":"fr-FR","@id":"https:\/\/challengeseconomiques.com\/?p=5096#primaryimage","url":"https:\/\/challengeseconomiques.com\/wp-content\/uploads\/2022\/05\/inflation.jpg","contentUrl":"https:\/\/challengeseconomiques.com\/wp-content\/uploads\/2022\/05\/inflation.jpg","width":612,"height":405,"caption":"Word Inflation on up trend arrow, with financial data visible on the background."},{"@type":"BreadcrumbList","@id":"https:\/\/challengeseconomiques.com\/?p=5096#breadcrumb","itemListElement":[{"@type":"ListItem","position":1,"name":"Home","item":"https:\/\/challengeseconomiques.com\/"},{"@type":"ListItem","position":2,"name":"SENEGAL-AFRIQUE-COMMERCE \/ Les prix en hausse de 1,1 % dans les pays de l\u2019UEMOA en juin"}]},{"@type":"WebSite","@id":"https:\/\/challengeseconomiques.com\/#website","url":"https:\/\/challengeseconomiques.com\/","name":"challenges economiques","description":"","potentialAction":[{"@type":"SearchAction","target":{"@type":"EntryPoint","urlTemplate":"https:\/\/challengeseconomiques.com\/?s={search_term_string}"},"query-input":{"@type":"PropertyValueSpecification","valueRequired":true,"valueName":"search_term_string"}}],"inLanguage":"fr-FR"},{"@type":"Person","@id":"https:\/\/challengeseconomiques.com\/#\/schema\/person\/b4568c9afebc5a9238a771873801e349","name":"admin","image":{"@type":"ImageObject","inLanguage":"fr-FR","@id":"https:\/\/challengeseconomiques.com\/#\/schema\/person\/image\/","url":"https:\/\/secure.gravatar.com\/avatar\/099e42240b5eea11acdb72751fcce0dd918603f0749d24974b7984ea47ed9fd9?s=96&d=mm&r=g","contentUrl":"https:\/\/secure.gravatar.com\/avatar\/099e42240b5eea11acdb72751fcce0dd918603f0749d24974b7984ea47ed9fd9?s=96&d=mm&r=g","caption":"admin"},"sameAs":["https:\/\/challengeseconomiques.com"],"url":"https:\/\/challengeseconomiques.com\/?author=1"}]}},"jetpack_featured_media_url":"https:\/\/challengeseconomiques.com\/wp-content\/uploads\/2022\/05\/inflation.jpg","jetpack_sharing_enabled":true,"_links":{"self":[{"href":"https:\/\/challengeseconomiques.com\/index.php?rest_route=\/wp\/v2\/posts\/5096","targetHints":{"allow":["GET"]}}],"collection":[{"href":"https:\/\/challengeseconomiques.com\/index.php?rest_route=\/wp\/v2\/posts"}],"about":[{"href":"https:\/\/challengeseconomiques.com\/index.php?rest_route=\/wp\/v2\/types\/post"}],"author":[{"embeddable":true,"href":"https:\/\/challengeseconomiques.com\/index.php?rest_route=\/wp\/v2\/users\/1"}],"replies":[{"embeddable":true,"href":"https:\/\/challengeseconomiques.com\/index.php?rest_route=%2Fwp%2Fv2%2Fcomments&post=5096"}],"version-history":[{"count":1,"href":"https:\/\/challengeseconomiques.com\/index.php?rest_route=\/wp\/v2\/posts\/5096\/revisions"}],"predecessor-version":[{"id":5097,"href":"https:\/\/challengeseconomiques.com\/index.php?rest_route=\/wp\/v2\/posts\/5096\/revisions\/5097"}],"wp:featuredmedia":[{"embeddable":true,"href":"https:\/\/challengeseconomiques.com\/index.php?rest_route=\/wp\/v2\/media\/3284"}],"wp:attachment":[{"href":"https:\/\/challengeseconomiques.com\/index.php?rest_route=%2Fwp%2Fv2%2Fmedia&parent=5096"}],"wp:term":[{"taxonomy":"category","embeddable":true,"href":"https:\/\/challengeseconomiques.com\/index.php?rest_route=%2Fwp%2Fv2%2Fcategories&post=5096"},{"taxonomy":"post_tag","embeddable":true,"href":"https:\/\/challengeseconomiques.com\/index.php?rest_route=%2Fwp%2Fv2%2Ftags&post=5096"}],"curies":[{"name":"wp","href":"https:\/\/api.w.org\/{rel}","templated":true}]}}