{"id":5083,"date":"2023-08-04T11:28:13","date_gmt":"2023-08-04T11:28:13","guid":{"rendered":"https:\/\/challengeseconomiques.com\/?p=5083"},"modified":"2023-08-04T11:28:37","modified_gmt":"2023-08-04T11:28:37","slug":"mali-une-resilience-economique-a-confirmer","status":"publish","type":"post","link":"https:\/\/challengeseconomiques.com\/?p=5083","title":{"rendered":"Mali : une r\u00e9silience \u00e9conomique \u00e0 confirmer"},"content":{"rendered":"<p><strong>La croissance \u00e9conomique du Mali sera inf\u00e9rieure \u00e0 son potentiel, ces prochaines ann\u00e9es, pr\u00e9voit la Banque mondiale. Qui constate pourtant des facteurs de r\u00e9silience et de progr\u00e8s, tandis que l\u2019\u00e9levage peut b\u00e9n\u00e9ficier de m\u00e9canismes financiers innovants.<\/strong><\/p>\n<p>&nbsp;<\/p>\n<p>L\u2019\u00e9conomie malienne montre des signes de r\u00e9silience malgr\u00e9 les sanctions de la CEDEAO, l\u2019inflation alimentaire \u00e9lev\u00e9e et les infestations parasitaires qui ont affect\u00e9 la production de coton. Tel est le constat de la Banque mondiale qui publie la mise \u00e0 jour de ses estimations, dans un rapport intitul\u00e9 <em>Renforcer la r\u00e9silience financi\u00e8re des \u00e9leveurs face \u00e0 la s\u00e9cheresse.<\/em><\/p>\n<blockquote><p>Les zones susceptibles d\u2019accueillir ces m\u00e9canismes innovants de financement abritent 63%&nbsp;du cheptel malien. D\u00e9j\u00e0, la partie centrale du pays est caract\u00e9ris\u00e9e par des unit\u00e9s totalement adapt\u00e9es.<\/p><\/blockquote>\n<p>Selon des donn\u00e9es encore provisoires, le PIB r\u00e9el n\u2019a augment\u00e9 que de 18% en 2022, tandis que le PIB par habitant a recul\u00e9 de 0,9%. L\u2019agriculture vivri\u00e8re a repris, tandis que les secteurs aurif\u00e8res et des t\u00e9l\u00e9communications ont fait preuve de r\u00e9silience. En revanche, l\u2019agriculture d\u2019exportation (la production de coton) a diminu\u00e9 de pr\u00e8s de 30 %, en raison d\u2019infestations parasitaires et des chocs affectant les co\u00fbts et la disponibilit\u00e9 des engrais. De plus, l\u2019inflation a atteint 9,7 % en 2022, principalement en raison de la hausse des prix des denr\u00e9es alimentaires.<\/p>\n<p><img fetchpriority=\"high\" decoding=\"async\" class=\"size-full wp-image-76121 alignleft lazyloaded\" src=\"https:\/\/magazinedelafrique.com\/wp-content\/uploads\/2023\/07\/Mali-elevage_2.jpg\" alt=\"\" data-src=\"https:\/\/magazinedelafrique.com\/wp-content\/uploads\/2023\/07\/Mali-elevage_2.jpg\" width=\"276\" height=\"183\">La croissance devrait rebondir \u00e0 4 % en 2023 et atteindre une moyenne de 4,5 % en 2024-2025, soutenue par une reprise continue de l\u2019agriculture et des services, jugent les \u00e9conomistes. Qui regrettent&nbsp;: \u00ab <em>La croissance du PIB devrait rester inf\u00e9rieure au potentiel du pays (5 %) en raison de l\u2019incertitude entourant la transition politique, de l\u2019ins\u00e9curit\u00e9 et de la r\u00e9duction de la marge de man\u0153uvre budg\u00e9taire pour les investissements publics destin\u00e9s \u00e0 stimuler la croissance.<\/em>&nbsp;\u00bb La hausse des co\u00fbts de financement en UEMOA, compte tenu de l\u2019importance des besoins de financement du Mali, constitue un risque important qui est apparu au cours des douze derniers mois.<\/p>\n<p>En effet, le resserrement de la politique mon\u00e9taire a entra\u00een\u00e9 une hausse des taux d\u2019int\u00e9r\u00eat \u00e0 court et moyen terme, pour tous les pays ouest-africains. \u00ab&nbsp;<em>Les risques de liquidit\u00e9 et de refinancement et les difficult\u00e9s des finances publiques qui en d\u00e9coulent pourraient peser sur l\u2019\u00e9conomie au sens large et sur la soci\u00e9t\u00e9 en r\u00e9duisant les d\u00e9penses sociales et les investissements et en augmentant potentiellement l\u2019accumulation des arri\u00e9r\u00e9s<\/em> \u00bb, pr\u00e9vient la Banque mondiale.<\/p>\n<p>&nbsp;<\/p>\n<p><strong>Fournir un financement opportun<\/strong><\/p>\n<p>Un important chapitre du rapport se concentre sur le financement des risques de catastrophe et les instruments d\u2019assurance con\u00e7us pour r\u00e9duire les impacts sociaux et \u00e9conomiques des chocs climatiques. Il note que le Mali a subi au moins 40 chocs climatiques majeurs entre 1970 et 2020 et que chaque ann\u00e9e, les s\u00e9cheresses auraient affect\u00e9 environ 400 000 personnes et r\u00e9duit les revenus des r\u00e9coltes de 9,5 millions de dollars. Toutefois, le pays a les moyens de renforcer sa r\u00e9silience financi\u00e8re face \u00e0 la s\u00e9cheresse, en se dotant d\u2019instruments visant \u00e0 prot\u00e9ger des secteurs cl\u00e9s tels que le pastoralisme et l\u2019agriculture.<\/p>\n<p>Le financement des risques de catastrophe et l\u2019assurance constituent des m\u00e9canismes visant \u00e0 r\u00e9duire les effets socio-\u00e9conomiques n\u00e9gatifs des chocs climatiques. \u00ab&nbsp;<em>Ces m\u00e9canismes peuvent fournir un financement opportun et cibl\u00e9 en r\u00e9ponse \u00e0 un choc ou en pr\u00e9vision de celui-ci.&nbsp;Environ 15 % de la superficie du Mali se pr\u00eate id\u00e9alement au financement et \u00e0 l\u2019assurance index\u00e9s des risques de catastrophe pour les \u00e9leveurs, tandis que 10 % suppl\u00e9mentaires pourraient \u00eatre jug\u00e9s appropri\u00e9s apr\u00e8s une analyse approfondie<\/em>&nbsp;\u00bb, r\u00e9sume Daniel Pajank, \u00e9conomiste principal de la Banque mondiale.<\/p>\n<p><img decoding=\"async\" class=\"wp-image-76120 alignright lazyloaded\" src=\"https:\/\/magazinedelafrique.com\/wp-content\/uploads\/2023\/07\/Mali-elevage_3.jpg\" sizes=\"(max-width: 419px) 100vw, 419px\" srcset=\"https:\/\/magazinedelafrique.com\/wp-content\/uploads\/2023\/07\/Mali-elevage_3.jpg 640w, https:\/\/magazinedelafrique.com\/wp-content\/uploads\/2023\/07\/Mali-elevage_3-300x225.jpg 300w\" alt=\"\" data-srcset=\"https:\/\/magazinedelafrique.com\/wp-content\/uploads\/2023\/07\/Mali-elevage_3.jpg 640w, https:\/\/magazinedelafrique.com\/wp-content\/uploads\/2023\/07\/Mali-elevage_3-300x225.jpg 300w\" data-src=\"https:\/\/magazinedelafrique.com\/wp-content\/uploads\/2023\/07\/Mali-elevage_3.jpg\" data-sizes=\"(max-width: 419px) 100vw, 419px\" width=\"419\" height=\"314\">En effet, ces derni\u00e8res ann\u00e9es, la s\u00e9cheresse associ\u00e9e au surp\u00e2turage a entra\u00een\u00e9 des pertes dans la structure des savanes, la couverture v\u00e9g\u00e9tale et la productivit\u00e9. Alors qu\u2019il existe des initiatives de gestion des risques et de financement ax\u00e9es sur les agriculteurs, les pasteurs et les agro-pasteurs constituent un groupe souvent n\u00e9glig\u00e9 qui est extr\u00eamement vuln\u00e9rable \u00e0 l\u2019impact des chocs climatiques. Les \u00e9leveurs se trouvent g\u00e9n\u00e9ralement dans les zones arides et semi-arides du nord, o\u00f9 les pr\u00e9cipitations sont inf\u00e9rieures \u00e0 400 mm par an. Les agropasteurs sont concentr\u00e9s dans le sud, o\u00f9 les pr\u00e9cipitations sont sup\u00e9rieures \u00e0 400 mm par an. Les pasteurs (et les agro-pasteurs) font partie des groupes les plus pauvres et les plus vuln\u00e9rables de la population. Leur vuln\u00e9rabilit\u00e9 r\u00e9sulte d\u2019une surexposition et d\u2019une moindre capacit\u00e9 \u00e0 faire face aux chocs qu\u2019ils subissent et \u00e0 s\u2019en remettre.<\/p>\n<p>Dans ce contexte, le financement et l\u2019assurance des risques de catastrophes (DRFI) fournissent des m\u00e9canismes qui visent \u00e0 r\u00e9duire les impacts socio-\u00e9conomiques n\u00e9gatifs des chocs climatiques. Ces m\u00e9canismes peuvent fournir un financement opportun et cibl\u00e9 en r\u00e9ponse \u00e0 un choc ou en pr\u00e9vision de celui-ci.<\/p>\n<p>&nbsp;<\/p>\n<p><strong>Des analyses plus fouill\u00e9es sont n\u00e9cessaires<\/strong><\/p>\n<p><img decoding=\"async\" class=\"alignleft wp-image-76123 lazyloaded\" src=\"https:\/\/magazinedelafrique.com\/wp-content\/uploads\/2023\/07\/Mali-Banque-mondiale-couv.jpg\" sizes=\"(max-width: 300px) 100vw, 300px\" srcset=\"https:\/\/magazinedelafrique.com\/wp-content\/uploads\/2023\/07\/Mali-Banque-mondiale-couv.jpg 595w, https:\/\/magazinedelafrique.com\/wp-content\/uploads\/2023\/07\/Mali-Banque-mondiale-couv-245x300.jpg 245w\" alt=\"\" data-srcset=\"https:\/\/magazinedelafrique.com\/wp-content\/uploads\/2023\/07\/Mali-Banque-mondiale-couv.jpg 595w, https:\/\/magazinedelafrique.com\/wp-content\/uploads\/2023\/07\/Mali-Banque-mondiale-couv-245x300.jpg 245w\" data-src=\"https:\/\/magazinedelafrique.com\/wp-content\/uploads\/2023\/07\/Mali-Banque-mondiale-couv.jpg\" data-sizes=\"(max-width: 300px) 100vw, 300px\" width=\"300\" height=\"368\">Les approches de DRFI comprennent des instruments bas\u00e9s sur le march\u00e9 (par exemple, les r\u00e9gimes d\u2019assurance, les obligations et les <em>swaps<\/em> de catastrophe), le financement contingent (par exemple, le cr\u00e9dit) et les outils budg\u00e9taires (par exemple, un fonds de r\u00e9serve d\u00e9di\u00e9 ou un budget de contingence).<\/p>\n<p>Les zones susceptibles d\u2019accueillir ces m\u00e9canismes abritent 63%&nbsp;du cheptel national. D\u00e9j\u00e0, la partie centrale du pays est caract\u00e9ris\u00e9e par des unit\u00e9s totalement adapt\u00e9es. Les zones o\u00f9 coexistent des cultures arables et des productions animales, sont principalement situ\u00e9es dans les r\u00e9gions du centre ouest et n\u00e9cessiteraient une \u00e9valuation plus pouss\u00e9e. De plus, les zones de r\u00e9vision des fourrages, principalement situ\u00e9es dans le Nord, devraient faire l\u2019objet d\u2019une analyse plus approfondie afin d\u2019\u00e9valuer l\u2019\u00e9tendue des zones de p\u00e2turage pour la production animale. Les terres de parcours et les zones fourrag\u00e8res r\u00e9pondent \u00e0 tous les crit\u00e8res techniques et doivent \u00eatre examin\u00e9es plus en d\u00e9tail pour confirmer leur aptitude \u00e0 l\u2019\u00e9levage extensif de b\u00e9tail.<\/p>\n<p><strong>Le Magazine de l&rsquo;Afrique<\/strong><\/p>\n<p>&nbsp;<\/p>\n","protected":false},"excerpt":{"rendered":"<p>La croissance \u00e9conomique du Mali sera inf\u00e9rieure \u00e0 son potentiel, ces prochaines ann\u00e9es, pr\u00e9voit la Banque mondiale. Qui constate pourtant des facteurs de r\u00e9silience et&#8230;<\/p>\n","protected":false},"author":1,"featured_media":5084,"comment_status":"closed","ping_status":"open","sticky":false,"template":"","format":"standard","meta":{"_jetpack_memberships_contains_paid_content":false,"footnotes":""},"categories":[8],"tags":[],"class_list":["post-5083","post","type-post","status-publish","format-standard","has-post-thumbnail","hentry","category-actualite-economique","wpcat-8-id"],"yoast_head":"<!-- This site is optimized with the Yoast SEO plugin v27.1.1 - https:\/\/yoast.com\/product\/yoast-seo-wordpress\/ -->\n<title>Mali : une r\u00e9silience \u00e9conomique \u00e0 confirmer - challenges economiques<\/title>\n<meta name=\"robots\" content=\"index, follow, max-snippet:-1, max-image-preview:large, max-video-preview:-1\" \/>\n<link rel=\"canonical\" href=\"https:\/\/challengeseconomiques.com\/?p=5083\" \/>\n<meta property=\"og:locale\" content=\"fr_FR\" \/>\n<meta property=\"og:type\" content=\"article\" \/>\n<meta property=\"og:title\" content=\"Mali : une r\u00e9silience \u00e9conomique \u00e0 confirmer - challenges economiques\" \/>\n<meta property=\"og:description\" content=\"La croissance \u00e9conomique du Mali sera inf\u00e9rieure \u00e0 son potentiel, ces prochaines ann\u00e9es, pr\u00e9voit la Banque mondiale. Qui constate pourtant des facteurs de r\u00e9silience et...\" \/>\n<meta property=\"og:url\" content=\"https:\/\/challengeseconomiques.com\/?p=5083\" \/>\n<meta property=\"og:site_name\" content=\"challenges economiques\" \/>\n<meta property=\"article:published_time\" content=\"2023-08-04T11:28:13+00:00\" \/>\n<meta property=\"article:modified_time\" content=\"2023-08-04T11:28:37+00:00\" \/>\n<meta property=\"og:image\" content=\"https:\/\/challengeseconomiques.com\/wp-content\/uploads\/2023\/08\/Mali-elevage_une-770x450-1.webp\" \/>\n\t<meta property=\"og:image:width\" content=\"770\" \/>\n\t<meta property=\"og:image:height\" content=\"450\" \/>\n\t<meta property=\"og:image:type\" content=\"image\/webp\" \/>\n<meta name=\"author\" content=\"admin\" \/>\n<meta name=\"twitter:card\" content=\"summary_large_image\" \/>\n<meta name=\"twitter:label1\" content=\"\u00c9crit par\" \/>\n\t<meta name=\"twitter:data1\" content=\"admin\" \/>\n\t<meta name=\"twitter:label2\" content=\"Dur\u00e9e de lecture estim\u00e9e\" \/>\n\t<meta name=\"twitter:data2\" content=\"5 minutes\" \/>\n<script type=\"application\/ld+json\" class=\"yoast-schema-graph\">{\"@context\":\"https:\/\/schema.org\",\"@graph\":[{\"@type\":\"Article\",\"@id\":\"https:\/\/challengeseconomiques.com\/?p=5083#article\",\"isPartOf\":{\"@id\":\"https:\/\/challengeseconomiques.com\/?p=5083\"},\"author\":{\"name\":\"admin\",\"@id\":\"https:\/\/challengeseconomiques.com\/#\/schema\/person\/b4568c9afebc5a9238a771873801e349\"},\"headline\":\"Mali : une r\u00e9silience \u00e9conomique \u00e0 confirmer\",\"datePublished\":\"2023-08-04T11:28:13+00:00\",\"dateModified\":\"2023-08-04T11:28:37+00:00\",\"mainEntityOfPage\":{\"@id\":\"https:\/\/challengeseconomiques.com\/?p=5083\"},\"wordCount\":1067,\"image\":{\"@id\":\"https:\/\/challengeseconomiques.com\/?p=5083#primaryimage\"},\"thumbnailUrl\":\"https:\/\/challengeseconomiques.com\/wp-content\/uploads\/2023\/08\/Mali-elevage_une-770x450-1.webp\",\"articleSection\":[\"Actualit\u00e9 \u00e9conomique\"],\"inLanguage\":\"fr-FR\"},{\"@type\":\"WebPage\",\"@id\":\"https:\/\/challengeseconomiques.com\/?p=5083\",\"url\":\"https:\/\/challengeseconomiques.com\/?p=5083\",\"name\":\"Mali : une r\u00e9silience \u00e9conomique \u00e0 confirmer - challenges economiques\",\"isPartOf\":{\"@id\":\"https:\/\/challengeseconomiques.com\/#website\"},\"primaryImageOfPage\":{\"@id\":\"https:\/\/challengeseconomiques.com\/?p=5083#primaryimage\"},\"image\":{\"@id\":\"https:\/\/challengeseconomiques.com\/?p=5083#primaryimage\"},\"thumbnailUrl\":\"https:\/\/challengeseconomiques.com\/wp-content\/uploads\/2023\/08\/Mali-elevage_une-770x450-1.webp\",\"datePublished\":\"2023-08-04T11:28:13+00:00\",\"dateModified\":\"2023-08-04T11:28:37+00:00\",\"author\":{\"@id\":\"https:\/\/challengeseconomiques.com\/#\/schema\/person\/b4568c9afebc5a9238a771873801e349\"},\"breadcrumb\":{\"@id\":\"https:\/\/challengeseconomiques.com\/?p=5083#breadcrumb\"},\"inLanguage\":\"fr-FR\",\"potentialAction\":[{\"@type\":\"ReadAction\",\"target\":[\"https:\/\/challengeseconomiques.com\/?p=5083\"]}]},{\"@type\":\"ImageObject\",\"inLanguage\":\"fr-FR\",\"@id\":\"https:\/\/challengeseconomiques.com\/?p=5083#primaryimage\",\"url\":\"https:\/\/challengeseconomiques.com\/wp-content\/uploads\/2023\/08\/Mali-elevage_une-770x450-1.webp\",\"contentUrl\":\"https:\/\/challengeseconomiques.com\/wp-content\/uploads\/2023\/08\/Mali-elevage_une-770x450-1.webp\",\"width\":770,\"height\":450},{\"@type\":\"BreadcrumbList\",\"@id\":\"https:\/\/challengeseconomiques.com\/?p=5083#breadcrumb\",\"itemListElement\":[{\"@type\":\"ListItem\",\"position\":1,\"name\":\"Home\",\"item\":\"https:\/\/challengeseconomiques.com\/\"},{\"@type\":\"ListItem\",\"position\":2,\"name\":\"Mali : une r\u00e9silience \u00e9conomique \u00e0 confirmer\"}]},{\"@type\":\"WebSite\",\"@id\":\"https:\/\/challengeseconomiques.com\/#website\",\"url\":\"https:\/\/challengeseconomiques.com\/\",\"name\":\"challenges economiques\",\"description\":\"\",\"potentialAction\":[{\"@type\":\"SearchAction\",\"target\":{\"@type\":\"EntryPoint\",\"urlTemplate\":\"https:\/\/challengeseconomiques.com\/?s={search_term_string}\"},\"query-input\":{\"@type\":\"PropertyValueSpecification\",\"valueRequired\":true,\"valueName\":\"search_term_string\"}}],\"inLanguage\":\"fr-FR\"},{\"@type\":\"Person\",\"@id\":\"https:\/\/challengeseconomiques.com\/#\/schema\/person\/b4568c9afebc5a9238a771873801e349\",\"name\":\"admin\",\"image\":{\"@type\":\"ImageObject\",\"inLanguage\":\"fr-FR\",\"@id\":\"https:\/\/challengeseconomiques.com\/#\/schema\/person\/image\/\",\"url\":\"https:\/\/secure.gravatar.com\/avatar\/099e42240b5eea11acdb72751fcce0dd918603f0749d24974b7984ea47ed9fd9?s=96&d=mm&r=g\",\"contentUrl\":\"https:\/\/secure.gravatar.com\/avatar\/099e42240b5eea11acdb72751fcce0dd918603f0749d24974b7984ea47ed9fd9?s=96&d=mm&r=g\",\"caption\":\"admin\"},\"sameAs\":[\"https:\/\/challengeseconomiques.com\"],\"url\":\"https:\/\/challengeseconomiques.com\/?author=1\"}]}<\/script>\n<!-- \/ Yoast SEO plugin. -->","yoast_head_json":{"title":"Mali : une r\u00e9silience \u00e9conomique \u00e0 confirmer - challenges economiques","robots":{"index":"index","follow":"follow","max-snippet":"max-snippet:-1","max-image-preview":"max-image-preview:large","max-video-preview":"max-video-preview:-1"},"canonical":"https:\/\/challengeseconomiques.com\/?p=5083","og_locale":"fr_FR","og_type":"article","og_title":"Mali : une r\u00e9silience \u00e9conomique \u00e0 confirmer - challenges economiques","og_description":"La croissance \u00e9conomique du Mali sera inf\u00e9rieure \u00e0 son potentiel, ces prochaines ann\u00e9es, pr\u00e9voit la Banque mondiale. Qui constate pourtant des facteurs de r\u00e9silience et...","og_url":"https:\/\/challengeseconomiques.com\/?p=5083","og_site_name":"challenges economiques","article_published_time":"2023-08-04T11:28:13+00:00","article_modified_time":"2023-08-04T11:28:37+00:00","og_image":[{"width":770,"height":450,"url":"https:\/\/challengeseconomiques.com\/wp-content\/uploads\/2023\/08\/Mali-elevage_une-770x450-1.webp","type":"image\/webp"}],"author":"admin","twitter_card":"summary_large_image","twitter_misc":{"\u00c9crit par":"admin","Dur\u00e9e de lecture estim\u00e9e":"5 minutes"},"schema":{"@context":"https:\/\/schema.org","@graph":[{"@type":"Article","@id":"https:\/\/challengeseconomiques.com\/?p=5083#article","isPartOf":{"@id":"https:\/\/challengeseconomiques.com\/?p=5083"},"author":{"name":"admin","@id":"https:\/\/challengeseconomiques.com\/#\/schema\/person\/b4568c9afebc5a9238a771873801e349"},"headline":"Mali : une r\u00e9silience \u00e9conomique \u00e0 confirmer","datePublished":"2023-08-04T11:28:13+00:00","dateModified":"2023-08-04T11:28:37+00:00","mainEntityOfPage":{"@id":"https:\/\/challengeseconomiques.com\/?p=5083"},"wordCount":1067,"image":{"@id":"https:\/\/challengeseconomiques.com\/?p=5083#primaryimage"},"thumbnailUrl":"https:\/\/challengeseconomiques.com\/wp-content\/uploads\/2023\/08\/Mali-elevage_une-770x450-1.webp","articleSection":["Actualit\u00e9 \u00e9conomique"],"inLanguage":"fr-FR"},{"@type":"WebPage","@id":"https:\/\/challengeseconomiques.com\/?p=5083","url":"https:\/\/challengeseconomiques.com\/?p=5083","name":"Mali : une r\u00e9silience \u00e9conomique \u00e0 confirmer - challenges economiques","isPartOf":{"@id":"https:\/\/challengeseconomiques.com\/#website"},"primaryImageOfPage":{"@id":"https:\/\/challengeseconomiques.com\/?p=5083#primaryimage"},"image":{"@id":"https:\/\/challengeseconomiques.com\/?p=5083#primaryimage"},"thumbnailUrl":"https:\/\/challengeseconomiques.com\/wp-content\/uploads\/2023\/08\/Mali-elevage_une-770x450-1.webp","datePublished":"2023-08-04T11:28:13+00:00","dateModified":"2023-08-04T11:28:37+00:00","author":{"@id":"https:\/\/challengeseconomiques.com\/#\/schema\/person\/b4568c9afebc5a9238a771873801e349"},"breadcrumb":{"@id":"https:\/\/challengeseconomiques.com\/?p=5083#breadcrumb"},"inLanguage":"fr-FR","potentialAction":[{"@type":"ReadAction","target":["https:\/\/challengeseconomiques.com\/?p=5083"]}]},{"@type":"ImageObject","inLanguage":"fr-FR","@id":"https:\/\/challengeseconomiques.com\/?p=5083#primaryimage","url":"https:\/\/challengeseconomiques.com\/wp-content\/uploads\/2023\/08\/Mali-elevage_une-770x450-1.webp","contentUrl":"https:\/\/challengeseconomiques.com\/wp-content\/uploads\/2023\/08\/Mali-elevage_une-770x450-1.webp","width":770,"height":450},{"@type":"BreadcrumbList","@id":"https:\/\/challengeseconomiques.com\/?p=5083#breadcrumb","itemListElement":[{"@type":"ListItem","position":1,"name":"Home","item":"https:\/\/challengeseconomiques.com\/"},{"@type":"ListItem","position":2,"name":"Mali : une r\u00e9silience \u00e9conomique \u00e0 confirmer"}]},{"@type":"WebSite","@id":"https:\/\/challengeseconomiques.com\/#website","url":"https:\/\/challengeseconomiques.com\/","name":"challenges economiques","description":"","potentialAction":[{"@type":"SearchAction","target":{"@type":"EntryPoint","urlTemplate":"https:\/\/challengeseconomiques.com\/?s={search_term_string}"},"query-input":{"@type":"PropertyValueSpecification","valueRequired":true,"valueName":"search_term_string"}}],"inLanguage":"fr-FR"},{"@type":"Person","@id":"https:\/\/challengeseconomiques.com\/#\/schema\/person\/b4568c9afebc5a9238a771873801e349","name":"admin","image":{"@type":"ImageObject","inLanguage":"fr-FR","@id":"https:\/\/challengeseconomiques.com\/#\/schema\/person\/image\/","url":"https:\/\/secure.gravatar.com\/avatar\/099e42240b5eea11acdb72751fcce0dd918603f0749d24974b7984ea47ed9fd9?s=96&d=mm&r=g","contentUrl":"https:\/\/secure.gravatar.com\/avatar\/099e42240b5eea11acdb72751fcce0dd918603f0749d24974b7984ea47ed9fd9?s=96&d=mm&r=g","caption":"admin"},"sameAs":["https:\/\/challengeseconomiques.com"],"url":"https:\/\/challengeseconomiques.com\/?author=1"}]}},"jetpack_featured_media_url":"https:\/\/challengeseconomiques.com\/wp-content\/uploads\/2023\/08\/Mali-elevage_une-770x450-1.webp","jetpack_sharing_enabled":true,"_links":{"self":[{"href":"https:\/\/challengeseconomiques.com\/index.php?rest_route=\/wp\/v2\/posts\/5083","targetHints":{"allow":["GET"]}}],"collection":[{"href":"https:\/\/challengeseconomiques.com\/index.php?rest_route=\/wp\/v2\/posts"}],"about":[{"href":"https:\/\/challengeseconomiques.com\/index.php?rest_route=\/wp\/v2\/types\/post"}],"author":[{"embeddable":true,"href":"https:\/\/challengeseconomiques.com\/index.php?rest_route=\/wp\/v2\/users\/1"}],"replies":[{"embeddable":true,"href":"https:\/\/challengeseconomiques.com\/index.php?rest_route=%2Fwp%2Fv2%2Fcomments&post=5083"}],"version-history":[{"count":2,"href":"https:\/\/challengeseconomiques.com\/index.php?rest_route=\/wp\/v2\/posts\/5083\/revisions"}],"predecessor-version":[{"id":5086,"href":"https:\/\/challengeseconomiques.com\/index.php?rest_route=\/wp\/v2\/posts\/5083\/revisions\/5086"}],"wp:featuredmedia":[{"embeddable":true,"href":"https:\/\/challengeseconomiques.com\/index.php?rest_route=\/wp\/v2\/media\/5084"}],"wp:attachment":[{"href":"https:\/\/challengeseconomiques.com\/index.php?rest_route=%2Fwp%2Fv2%2Fmedia&parent=5083"}],"wp:term":[{"taxonomy":"category","embeddable":true,"href":"https:\/\/challengeseconomiques.com\/index.php?rest_route=%2Fwp%2Fv2%2Fcategories&post=5083"},{"taxonomy":"post_tag","embeddable":true,"href":"https:\/\/challengeseconomiques.com\/index.php?rest_route=%2Fwp%2Fv2%2Ftags&post=5083"}],"curies":[{"name":"wp","href":"https:\/\/api.w.org\/{rel}","templated":true}]}}