{"id":5067,"date":"2023-08-02T13:05:32","date_gmt":"2023-08-02T13:05:32","guid":{"rendered":"https:\/\/challengeseconomiques.com\/?p=5067"},"modified":"2023-08-02T13:05:57","modified_gmt":"2023-08-02T13:05:57","slug":"lassureur-panafricain-atidi-lance-ses-activites-au-senegal","status":"publish","type":"post","link":"https:\/\/challengeseconomiques.com\/?p=5067","title":{"rendered":"L\u2019assureur panafricain ATIDI lance ses activit\u00e9s au S\u00e9n\u00e9gal"},"content":{"rendered":"<p>L\u2019Assurance pour le d\u00e9veloppement du commerce et de l\u2019investissement en Afrique (ATIDI), un assureur multilat\u00e9ral panafricain, a officiellement lanc\u00e9 ses activit\u00e9s au S\u00e9n\u00e9gal, a constat\u00e9 l\u2019APS, mardi, \u00e0 Dakar.<\/p>\n<p>Selon Manuel Moses, son directeur g\u00e9n\u00e9ral, ATIDI a un portefeuille de 390 milliards de francs CFA pour ses op\u00e9rations au S\u00e9n\u00e9gal.<\/p>\n<p>\u2018\u2019Nous faisons en sorte que les risques soient assur\u00e9s en faveur des investisseurs, en guise de protection\u2019\u2019, a dit M. Moses lors d\u2019un atelier organis\u00e9 par l\u2019assureur multilat\u00e9ral, sur le th\u00e8me : \u2018\u2019Att\u00e9nuer les risques li\u00e9s au commerce et aux investissements en Afrique\u2019\u2019.<\/p>\n<p>Vingt et un pays africains sont membres d\u2019ATIDI. Le S\u00e9n\u00e9gal en est devenu le 20<sup>e<\/sup> Etat membre en d\u00e9cembre 2021, avec un apport en capital de 15 millions d\u2019euros, soit 9,8 milliards de francs CFA.<\/p>\n<p>L\u2019assureur panafricain intervient dans les secteurs de l\u2019\u00e9nergie, du gaz, des finances, du commerce et des transports.<\/p>\n<p>Il a \u00e9t\u00e9 cr\u00e9\u00e9 il y a vingt-deux ans par des pays d\u2019Afrique de l\u2019Est pour fournir des solutions en termes de s\u00e9curit\u00e9 pour les investisseurs priv\u00e9s et \u00e9trangers, pour le commerce intra-africain \u00e9galement, selon son directeur g\u00e9n\u00e9ral.<\/p>\n<p>Certains investisseurs h\u00e9sitent \u00e0 s\u2019installer en Afrique en raison des risques que leur engagement dans le continent pourrait leur co\u00fbter, a-t-il signal\u00e9, ajoutant que l\u2019assureur s\u2019engage \u00e0 leur fournir une assurance-cr\u00e9dit et une assurance contre les risques politiques.<\/p>\n<p>\u2018\u2019ATIDI offre des solutions [\u2026] pour att\u00e9nuer les risques ou perceptions de risques encourus par les investisseurs\u2019\u2019, a insist\u00e9 son directeur g\u00e9n\u00e9ral.<\/p>\n<p>Au S\u00e9n\u00e9gal, elle \u2018\u2019encourage le commerce intra-africain, soutient la mise en \u0153uvre du PSE\u2019\u2019, le Plan S\u00e9n\u00e9gal \u00e9mergent, que d\u00e9roule l\u2019\u00c9tat s\u00e9n\u00e9galais depuis 2014.<\/p>\n<p>\u2018\u2019La promesse faite par ATIDI est d\u2019aider \u00e0 g\u00e9rer la perception des risques en Afrique\u2019\u2019, a affirm\u00e9 Manuel Moses.<\/p>\n<p>&nbsp;<\/p>\n<p>\u2018\u2019Cette rencontre est l\u2019occasion pour le secteur priv\u00e9 et les investisseurs de saisir toutes les opportunit\u00e9s qu\u2019offre une institution comme ATIDI\u2019\u2019, a dit Abdoulaye Samb, le secr\u00e9taire g\u00e9n\u00e9ral du minist\u00e8re s\u00e9n\u00e9galais des Finances et du Budget.<\/p>\n<p>Le S\u00e9n\u00e9gal, comme d\u2019autres pays africains, est confront\u00e9 \u00e0 de \u2018\u2019grands d\u00e9fis\u2019\u2019 li\u00e9s \u00e0 l\u2019assurance, selon M. Samb.<\/p>\n<p>\u2018\u2019Ces d\u00e9fis sont li\u00e9s \u00e0 l\u2019int\u00e9grit\u00e9 physique de nos territoires face au terrorisme et aux groupes extr\u00e9mistes violents, \u00e0 la s\u00e9curit\u00e9 \u00e9nerg\u00e9tique, alimentaire, sociale\u2026\u2019\u2019 a expliqu\u00e9 M. Samb.<\/p>\n<p>Selon lui, ATIDI est devenu un acteur incontournable du financement de l\u2019\u00e9conomie en Afrique.<\/p>\n<p>\u2018\u2019Les institutions panafricaines de financement [\u2026] doivent contribuer \u00e0 la densification de ces investissements en mobilisant les capitaux fiscaux pour cr\u00e9er ces emplois\u2019\u2019, a ajout\u00e9 le secr\u00e9taire g\u00e9n\u00e9ral du minist\u00e8re des Finances et du Budget.<\/p>\n<p>Il affirme que \u2018\u2019l\u2019ambition du S\u00e9n\u00e9gal est de faire en sorte qu\u2019ATIDI joue un r\u00f4le de catalyseur et de facilitateur dans le financement des projets inscrits dans le PSE\u2019\u2019.<\/p>\n<p>M. Samb encourage le secteur priv\u00e9 s\u00e9n\u00e9galais \u00e0 se familiariser avec les offres propos\u00e9es par ATIDI, les banques et les compagnies d\u2019assurances.<\/p>\n<p>L\u2019Agence pour l\u2019assurance du commerce en Afrique a chang\u00e9 de nom en devenant l\u2019Assurance pour le d\u00e9veloppement du commerce et de l\u2019investissement en Afrique.<\/p>\n<p><strong>(APS)<\/strong><\/p>\n<p>&nbsp;<\/p>\n","protected":false},"excerpt":{"rendered":"<p>L\u2019Assurance pour le d\u00e9veloppement du commerce et de l\u2019investissement en Afrique (ATIDI), un assureur multilat\u00e9ral panafricain, a officiellement lanc\u00e9 ses activit\u00e9s au S\u00e9n\u00e9gal, a constat\u00e9&#8230;<\/p>\n","protected":false},"author":1,"featured_media":5068,"comment_status":"closed","ping_status":"open","sticky":false,"template":"","format":"standard","meta":{"_jetpack_memberships_contains_paid_content":false,"footnotes":""},"categories":[23,10],"tags":[],"class_list":["post-5067","post","type-post","status-publish","format-standard","has-post-thumbnail","hentry","category-a-la-une","category-infos-eco","wpcat-23-id","wpcat-10-id"],"yoast_head":"<!-- This site is optimized with the Yoast SEO plugin v27.1.1 - https:\/\/yoast.com\/product\/yoast-seo-wordpress\/ -->\n<title>L\u2019assureur panafricain ATIDI lance ses activit\u00e9s au S\u00e9n\u00e9gal - challenges economiques<\/title>\n<meta name=\"robots\" content=\"index, follow, max-snippet:-1, max-image-preview:large, max-video-preview:-1\" \/>\n<link rel=\"canonical\" href=\"https:\/\/challengeseconomiques.com\/?p=5067\" \/>\n<meta property=\"og:locale\" content=\"fr_FR\" \/>\n<meta property=\"og:type\" content=\"article\" \/>\n<meta property=\"og:title\" content=\"L\u2019assureur panafricain ATIDI lance ses activit\u00e9s au S\u00e9n\u00e9gal - challenges economiques\" \/>\n<meta property=\"og:description\" content=\"L\u2019Assurance pour le d\u00e9veloppement du commerce et de l\u2019investissement en Afrique (ATIDI), un assureur multilat\u00e9ral panafricain, a officiellement lanc\u00e9 ses activit\u00e9s au S\u00e9n\u00e9gal, a constat\u00e9...\" \/>\n<meta property=\"og:url\" content=\"https:\/\/challengeseconomiques.com\/?p=5067\" \/>\n<meta property=\"og:site_name\" content=\"challenges economiques\" \/>\n<meta property=\"article:published_time\" content=\"2023-08-02T13:05:32+00:00\" \/>\n<meta property=\"article:modified_time\" content=\"2023-08-02T13:05:57+00:00\" \/>\n<meta property=\"og:image\" content=\"https:\/\/challengeseconomiques.com\/wp-content\/uploads\/2023\/08\/atidi.jpg\" \/>\n\t<meta property=\"og:image:width\" content=\"620\" \/>\n\t<meta property=\"og:image:height\" content=\"465\" \/>\n\t<meta property=\"og:image:type\" content=\"image\/jpeg\" \/>\n<meta name=\"author\" content=\"admin\" \/>\n<meta name=\"twitter:card\" content=\"summary_large_image\" \/>\n<meta name=\"twitter:label1\" content=\"\u00c9crit par\" \/>\n\t<meta name=\"twitter:data1\" content=\"admin\" \/>\n\t<meta name=\"twitter:label2\" content=\"Dur\u00e9e de lecture estim\u00e9e\" \/>\n\t<meta name=\"twitter:data2\" content=\"3 minutes\" \/>\n<script type=\"application\/ld+json\" class=\"yoast-schema-graph\">{\"@context\":\"https:\/\/schema.org\",\"@graph\":[{\"@type\":\"Article\",\"@id\":\"https:\/\/challengeseconomiques.com\/?p=5067#article\",\"isPartOf\":{\"@id\":\"https:\/\/challengeseconomiques.com\/?p=5067\"},\"author\":{\"name\":\"admin\",\"@id\":\"https:\/\/challengeseconomiques.com\/#\/schema\/person\/b4568c9afebc5a9238a771873801e349\"},\"headline\":\"L\u2019assureur panafricain ATIDI lance ses activit\u00e9s au S\u00e9n\u00e9gal\",\"datePublished\":\"2023-08-02T13:05:32+00:00\",\"dateModified\":\"2023-08-02T13:05:57+00:00\",\"mainEntityOfPage\":{\"@id\":\"https:\/\/challengeseconomiques.com\/?p=5067\"},\"wordCount\":583,\"image\":{\"@id\":\"https:\/\/challengeseconomiques.com\/?p=5067#primaryimage\"},\"thumbnailUrl\":\"https:\/\/challengeseconomiques.com\/wp-content\/uploads\/2023\/08\/atidi.jpg\",\"articleSection\":[\"A la une\",\"Infos \u00e9co\"],\"inLanguage\":\"fr-FR\"},{\"@type\":\"WebPage\",\"@id\":\"https:\/\/challengeseconomiques.com\/?p=5067\",\"url\":\"https:\/\/challengeseconomiques.com\/?p=5067\",\"name\":\"L\u2019assureur panafricain ATIDI lance ses activit\u00e9s au S\u00e9n\u00e9gal - challenges economiques\",\"isPartOf\":{\"@id\":\"https:\/\/challengeseconomiques.com\/#website\"},\"primaryImageOfPage\":{\"@id\":\"https:\/\/challengeseconomiques.com\/?p=5067#primaryimage\"},\"image\":{\"@id\":\"https:\/\/challengeseconomiques.com\/?p=5067#primaryimage\"},\"thumbnailUrl\":\"https:\/\/challengeseconomiques.com\/wp-content\/uploads\/2023\/08\/atidi.jpg\",\"datePublished\":\"2023-08-02T13:05:32+00:00\",\"dateModified\":\"2023-08-02T13:05:57+00:00\",\"author\":{\"@id\":\"https:\/\/challengeseconomiques.com\/#\/schema\/person\/b4568c9afebc5a9238a771873801e349\"},\"breadcrumb\":{\"@id\":\"https:\/\/challengeseconomiques.com\/?p=5067#breadcrumb\"},\"inLanguage\":\"fr-FR\",\"potentialAction\":[{\"@type\":\"ReadAction\",\"target\":[\"https:\/\/challengeseconomiques.com\/?p=5067\"]}]},{\"@type\":\"ImageObject\",\"inLanguage\":\"fr-FR\",\"@id\":\"https:\/\/challengeseconomiques.com\/?p=5067#primaryimage\",\"url\":\"https:\/\/challengeseconomiques.com\/wp-content\/uploads\/2023\/08\/atidi.jpg\",\"contentUrl\":\"https:\/\/challengeseconomiques.com\/wp-content\/uploads\/2023\/08\/atidi.jpg\",\"width\":620,\"height\":465},{\"@type\":\"BreadcrumbList\",\"@id\":\"https:\/\/challengeseconomiques.com\/?p=5067#breadcrumb\",\"itemListElement\":[{\"@type\":\"ListItem\",\"position\":1,\"name\":\"Home\",\"item\":\"https:\/\/challengeseconomiques.com\/\"},{\"@type\":\"ListItem\",\"position\":2,\"name\":\"L\u2019assureur panafricain ATIDI lance ses activit\u00e9s au S\u00e9n\u00e9gal\"}]},{\"@type\":\"WebSite\",\"@id\":\"https:\/\/challengeseconomiques.com\/#website\",\"url\":\"https:\/\/challengeseconomiques.com\/\",\"name\":\"challenges economiques\",\"description\":\"\",\"potentialAction\":[{\"@type\":\"SearchAction\",\"target\":{\"@type\":\"EntryPoint\",\"urlTemplate\":\"https:\/\/challengeseconomiques.com\/?s={search_term_string}\"},\"query-input\":{\"@type\":\"PropertyValueSpecification\",\"valueRequired\":true,\"valueName\":\"search_term_string\"}}],\"inLanguage\":\"fr-FR\"},{\"@type\":\"Person\",\"@id\":\"https:\/\/challengeseconomiques.com\/#\/schema\/person\/b4568c9afebc5a9238a771873801e349\",\"name\":\"admin\",\"image\":{\"@type\":\"ImageObject\",\"inLanguage\":\"fr-FR\",\"@id\":\"https:\/\/challengeseconomiques.com\/#\/schema\/person\/image\/\",\"url\":\"https:\/\/secure.gravatar.com\/avatar\/099e42240b5eea11acdb72751fcce0dd918603f0749d24974b7984ea47ed9fd9?s=96&d=mm&r=g\",\"contentUrl\":\"https:\/\/secure.gravatar.com\/avatar\/099e42240b5eea11acdb72751fcce0dd918603f0749d24974b7984ea47ed9fd9?s=96&d=mm&r=g\",\"caption\":\"admin\"},\"sameAs\":[\"https:\/\/challengeseconomiques.com\"],\"url\":\"https:\/\/challengeseconomiques.com\/?author=1\"}]}<\/script>\n<!-- \/ Yoast SEO plugin. -->","yoast_head_json":{"title":"L\u2019assureur panafricain ATIDI lance ses activit\u00e9s au S\u00e9n\u00e9gal - challenges economiques","robots":{"index":"index","follow":"follow","max-snippet":"max-snippet:-1","max-image-preview":"max-image-preview:large","max-video-preview":"max-video-preview:-1"},"canonical":"https:\/\/challengeseconomiques.com\/?p=5067","og_locale":"fr_FR","og_type":"article","og_title":"L\u2019assureur panafricain ATIDI lance ses activit\u00e9s au S\u00e9n\u00e9gal - challenges economiques","og_description":"L\u2019Assurance pour le d\u00e9veloppement du commerce et de l\u2019investissement en Afrique (ATIDI), un assureur multilat\u00e9ral panafricain, a officiellement lanc\u00e9 ses activit\u00e9s au S\u00e9n\u00e9gal, a constat\u00e9...","og_url":"https:\/\/challengeseconomiques.com\/?p=5067","og_site_name":"challenges economiques","article_published_time":"2023-08-02T13:05:32+00:00","article_modified_time":"2023-08-02T13:05:57+00:00","og_image":[{"width":620,"height":465,"url":"https:\/\/challengeseconomiques.com\/wp-content\/uploads\/2023\/08\/atidi.jpg","type":"image\/jpeg"}],"author":"admin","twitter_card":"summary_large_image","twitter_misc":{"\u00c9crit par":"admin","Dur\u00e9e de lecture estim\u00e9e":"3 minutes"},"schema":{"@context":"https:\/\/schema.org","@graph":[{"@type":"Article","@id":"https:\/\/challengeseconomiques.com\/?p=5067#article","isPartOf":{"@id":"https:\/\/challengeseconomiques.com\/?p=5067"},"author":{"name":"admin","@id":"https:\/\/challengeseconomiques.com\/#\/schema\/person\/b4568c9afebc5a9238a771873801e349"},"headline":"L\u2019assureur panafricain ATIDI lance ses activit\u00e9s au S\u00e9n\u00e9gal","datePublished":"2023-08-02T13:05:32+00:00","dateModified":"2023-08-02T13:05:57+00:00","mainEntityOfPage":{"@id":"https:\/\/challengeseconomiques.com\/?p=5067"},"wordCount":583,"image":{"@id":"https:\/\/challengeseconomiques.com\/?p=5067#primaryimage"},"thumbnailUrl":"https:\/\/challengeseconomiques.com\/wp-content\/uploads\/2023\/08\/atidi.jpg","articleSection":["A la une","Infos \u00e9co"],"inLanguage":"fr-FR"},{"@type":"WebPage","@id":"https:\/\/challengeseconomiques.com\/?p=5067","url":"https:\/\/challengeseconomiques.com\/?p=5067","name":"L\u2019assureur panafricain ATIDI lance ses activit\u00e9s au S\u00e9n\u00e9gal - challenges economiques","isPartOf":{"@id":"https:\/\/challengeseconomiques.com\/#website"},"primaryImageOfPage":{"@id":"https:\/\/challengeseconomiques.com\/?p=5067#primaryimage"},"image":{"@id":"https:\/\/challengeseconomiques.com\/?p=5067#primaryimage"},"thumbnailUrl":"https:\/\/challengeseconomiques.com\/wp-content\/uploads\/2023\/08\/atidi.jpg","datePublished":"2023-08-02T13:05:32+00:00","dateModified":"2023-08-02T13:05:57+00:00","author":{"@id":"https:\/\/challengeseconomiques.com\/#\/schema\/person\/b4568c9afebc5a9238a771873801e349"},"breadcrumb":{"@id":"https:\/\/challengeseconomiques.com\/?p=5067#breadcrumb"},"inLanguage":"fr-FR","potentialAction":[{"@type":"ReadAction","target":["https:\/\/challengeseconomiques.com\/?p=5067"]}]},{"@type":"ImageObject","inLanguage":"fr-FR","@id":"https:\/\/challengeseconomiques.com\/?p=5067#primaryimage","url":"https:\/\/challengeseconomiques.com\/wp-content\/uploads\/2023\/08\/atidi.jpg","contentUrl":"https:\/\/challengeseconomiques.com\/wp-content\/uploads\/2023\/08\/atidi.jpg","width":620,"height":465},{"@type":"BreadcrumbList","@id":"https:\/\/challengeseconomiques.com\/?p=5067#breadcrumb","itemListElement":[{"@type":"ListItem","position":1,"name":"Home","item":"https:\/\/challengeseconomiques.com\/"},{"@type":"ListItem","position":2,"name":"L\u2019assureur panafricain ATIDI lance ses activit\u00e9s au S\u00e9n\u00e9gal"}]},{"@type":"WebSite","@id":"https:\/\/challengeseconomiques.com\/#website","url":"https:\/\/challengeseconomiques.com\/","name":"challenges economiques","description":"","potentialAction":[{"@type":"SearchAction","target":{"@type":"EntryPoint","urlTemplate":"https:\/\/challengeseconomiques.com\/?s={search_term_string}"},"query-input":{"@type":"PropertyValueSpecification","valueRequired":true,"valueName":"search_term_string"}}],"inLanguage":"fr-FR"},{"@type":"Person","@id":"https:\/\/challengeseconomiques.com\/#\/schema\/person\/b4568c9afebc5a9238a771873801e349","name":"admin","image":{"@type":"ImageObject","inLanguage":"fr-FR","@id":"https:\/\/challengeseconomiques.com\/#\/schema\/person\/image\/","url":"https:\/\/secure.gravatar.com\/avatar\/099e42240b5eea11acdb72751fcce0dd918603f0749d24974b7984ea47ed9fd9?s=96&d=mm&r=g","contentUrl":"https:\/\/secure.gravatar.com\/avatar\/099e42240b5eea11acdb72751fcce0dd918603f0749d24974b7984ea47ed9fd9?s=96&d=mm&r=g","caption":"admin"},"sameAs":["https:\/\/challengeseconomiques.com"],"url":"https:\/\/challengeseconomiques.com\/?author=1"}]}},"jetpack_featured_media_url":"https:\/\/challengeseconomiques.com\/wp-content\/uploads\/2023\/08\/atidi.jpg","jetpack_sharing_enabled":true,"_links":{"self":[{"href":"https:\/\/challengeseconomiques.com\/index.php?rest_route=\/wp\/v2\/posts\/5067","targetHints":{"allow":["GET"]}}],"collection":[{"href":"https:\/\/challengeseconomiques.com\/index.php?rest_route=\/wp\/v2\/posts"}],"about":[{"href":"https:\/\/challengeseconomiques.com\/index.php?rest_route=\/wp\/v2\/types\/post"}],"author":[{"embeddable":true,"href":"https:\/\/challengeseconomiques.com\/index.php?rest_route=\/wp\/v2\/users\/1"}],"replies":[{"embeddable":true,"href":"https:\/\/challengeseconomiques.com\/index.php?rest_route=%2Fwp%2Fv2%2Fcomments&post=5067"}],"version-history":[{"count":1,"href":"https:\/\/challengeseconomiques.com\/index.php?rest_route=\/wp\/v2\/posts\/5067\/revisions"}],"predecessor-version":[{"id":5069,"href":"https:\/\/challengeseconomiques.com\/index.php?rest_route=\/wp\/v2\/posts\/5067\/revisions\/5069"}],"wp:featuredmedia":[{"embeddable":true,"href":"https:\/\/challengeseconomiques.com\/index.php?rest_route=\/wp\/v2\/media\/5068"}],"wp:attachment":[{"href":"https:\/\/challengeseconomiques.com\/index.php?rest_route=%2Fwp%2Fv2%2Fmedia&parent=5067"}],"wp:term":[{"taxonomy":"category","embeddable":true,"href":"https:\/\/challengeseconomiques.com\/index.php?rest_route=%2Fwp%2Fv2%2Fcategories&post=5067"},{"taxonomy":"post_tag","embeddable":true,"href":"https:\/\/challengeseconomiques.com\/index.php?rest_route=%2Fwp%2Fv2%2Ftags&post=5067"}],"curies":[{"name":"wp","href":"https:\/\/api.w.org\/{rel}","templated":true}]}}