{"id":5060,"date":"2023-07-31T11:19:25","date_gmt":"2023-07-31T11:19:25","guid":{"rendered":"https:\/\/challengeseconomiques.com\/?p=5060"},"modified":"2023-07-31T11:19:57","modified_gmt":"2023-07-31T11:19:57","slug":"moodys-maintient-la-note-de-credit-dafreximbank","status":"publish","type":"post","link":"https:\/\/challengeseconomiques.com\/?p=5060","title":{"rendered":"Moody\u2019s maintient la note de cr\u00e9dit d\u2019Afreximbank"},"content":{"rendered":"<p><strong>L\u2019agence am\u00e9ricaine Moody\u2019s cite les atouts de Afreximbank en tant qu\u2019institution africaine sp\u00e9cialis\u00e9e dans le financement du commerce disposant d\u2019une niche de march\u00e9. La banque se f\u00e9licite de cet avis renouvel\u00e9.<\/strong><\/p>\n<p>&nbsp;<\/p>\n<p>Dans son analyse annuelle de cr\u00e9dit relative \u00e0 Afreximbank, l\u2019agence de notation Moody\u2019s maintient sa note \u00e0 Baa1, avec des perspectives stables. L\u2019agence d\u00e9termine la notation des institutions supranationales sur la base de trois crit\u00e8res : l\u2019ad\u00e9quation des fonds propres, la liquidit\u00e9, le financement et la solidit\u00e9 du soutien des membres.<\/p>\n<blockquote><p><strong><em>\u00ab&nbsp;Cette note de cr\u00e9dit positive de Moody\u2019s refl\u00e8te l\u2019approche disciplin\u00e9e de la banque concernant son bilan et sa sant\u00e9 financi\u00e8re, ainsi que sa capacit\u00e9 \u00e0 remplir son mandat.&nbsp;\u00bb<\/em><\/strong><\/p><\/blockquote>\n<p>Moody\u2019s note que le profil de cr\u00e9dit d\u2019Afreximbank est \u00ab&nbsp;<em>soutenu par son r\u00f4le essentiel sous l\u2019\u00e9gide de l\u2019Union africaine, qui lui permet d\u2019obtenir des injections de capitaux r\u00e9currentes, parall\u00e8lement \u00e0 la mise en \u0153uvre de l\u2019accord de libre-\u00e9change continental africain<\/em>&nbsp;\u00bb. En outre, l\u2019apport continu de nouveaux capitaux par les \u00c9tats membres de la Banque \u00ab&nbsp;<em>donne \u00e0 Afreximbank une flexibilit\u00e9 accrue sur son bilan pour naviguer dans l\u2019environnement op\u00e9rationnel difficile au milieu des r\u00e9percussions \u00e9conomiques et financi\u00e8res d\u2019une inflation plus \u00e9lev\u00e9e et de conditions mon\u00e9taires plus strictes \u00e0 l\u2019\u00e9chelle mondiale&nbsp;<\/em>\u00bb.<\/p>\n<p>Dans ce contexte, \u00ab&nbsp;<em>la banque s\u2019efforce de fournir des solutions aux diff\u00e9rents d\u00e9fis qui affectent le commerce en Afrique tout en g\u00e9rant activement les risques inh\u00e9rents<\/em>&nbsp;\u00bb, rel\u00e8ve l\u2019agence. L\u2019octroi de pr\u00eats li\u00e9s au commerce sur des dur\u00e9es relativement courtes est un facteur cl\u00e9 qui soutient la performance des actifs et permet \u00e0 Afreximbank de surmonter des environnements op\u00e9rationnels difficiles.<\/p>\n<p>Certes, ses r\u00e9serves de liquidit\u00e9s sont plus faibles que celles de ses homologues, \u00ab&nbsp;<em>mais ses exigences sont \u00e9galement plus faibles en raison de la courte dur\u00e9e de ses pr\u00eats<\/em>&nbsp;\u00bb, tandis qu\u2019Afreximbank maintient \u00ab&nbsp;<em>un acc\u00e8s facile \u00e0 diverses sources de financement, un soutien essentiel au cr\u00e9dit&nbsp;<\/em>\u00bb. Bien s\u00fbr, la capacit\u00e9 des pays membres \u00e0 fournir des capitaux de mani\u00e8re exceptionnelle reste limit\u00e9e par \u00ab&nbsp;<em>leur faible solvabilit\u00e9<\/em>&nbsp;\u00bb, nuance Moody\u2019s.<\/p>\n<p>L\u2019agence pr\u00e9vient qu\u2019elle pourrait relever sa note si elle constatait un volant de fonds propres pond\u00e9r\u00e9s plus \u00e9lev\u00e9 ou d\u2019un profil de liquidit\u00e9 renforc\u00e9 en raison d\u2019un profil de liquidit\u00e9 plus solide. \u00ab&nbsp;<em>Une am\u00e9lioration constante de la qualit\u00e9 des actifs vers des niveaux plus proches des pairs mieux not\u00e9s pourrait \u00e9galement soutenir un niveau de notation plus \u00e9lev\u00e9.<\/em>&nbsp;\u00bb<\/p>\n<p>\u00c0 l\u2019inverse, quelques facteurs n\u00e9gatifs seraient susceptibles d\u2019entra\u00eener une r\u00e9vision \u00e0 la baisse : une d\u00e9t\u00e9rioration du ratio d\u2019ad\u00e9quation des fonds propres vers ou en dessous du seuil minimum de 20 % fix\u00e9 par Afreximbank ; un affaiblissement durable de la qualit\u00e9 des actifs ; et des pressions sur les liquidit\u00e9s affectant l\u2019acc\u00e8s de la banque \u00e0 des sources de financement. Rien ne pr\u00e9sage que ces risques se pr\u00e9sentent, d\u2019o\u00f9 l\u2019avis de \u00ab&nbsp;<em>stable<\/em>&nbsp;\u00bb qui accompagne la notation.<\/p>\n<p><strong>Une approche \u00ab&nbsp;<em>cr\u00e9ative et prudente<\/em><\/strong>&nbsp;\u00bb<\/p>\n<p>Les notations de Moody\u2019s et de Fitch sont un t\u00e9moignage fort du mandat de d\u00e9veloppement d\u2019Afreximbank sur le continent, souligne la banque du commerce dans un communiqu\u00e9.<\/p>\n<p>Moody\u2019s cite les atouts d\u2019Afreximbank en tant qu\u2019institution africaine sp\u00e9cialis\u00e9e dans le financement du commerce, qui occupe une niche et soutient la performance des actifs, ainsi qu\u2019une rentabilit\u00e9 saine et un acc\u00e8s au march\u00e9 \u00e0 des taux favorables.<\/p>\n<figure id=\"attachment_76054\" class=\"wp-caption aligncenter\" aria-describedby=\"caption-attachment-76054\"><img fetchpriority=\"high\" decoding=\"async\" class=\"wp-image-76054 lazyloaded\" src=\"https:\/\/magazinedelafrique.com\/wp-content\/uploads\/2023\/07\/Afreeximbank-exposition-Moodys.jpg\" sizes=\"(max-width: 732px) 100vw, 732px\" srcset=\"https:\/\/magazinedelafrique.com\/wp-content\/uploads\/2023\/07\/Afreeximbank-exposition-Moodys.jpg 954w, https:\/\/magazinedelafrique.com\/wp-content\/uploads\/2023\/07\/Afreeximbank-exposition-Moodys-300x178.jpg 300w, https:\/\/magazinedelafrique.com\/wp-content\/uploads\/2023\/07\/Afreeximbank-exposition-Moodys-768x456.jpg 768w\" alt=\"Afreximbank est fortement expos\u00e9e \u00e0 plusieurs \u00c9tats souverains mal not\u00e9s, juge Moody\u2019s. Exposition pays, en % du portefeuille (d\u00e9cembre 2022).\" data-srcset=\"https:\/\/magazinedelafrique.com\/wp-content\/uploads\/2023\/07\/Afreeximbank-exposition-Moodys.jpg 954w, https:\/\/magazinedelafrique.com\/wp-content\/uploads\/2023\/07\/Afreeximbank-exposition-Moodys-300x178.jpg 300w, https:\/\/magazinedelafrique.com\/wp-content\/uploads\/2023\/07\/Afreeximbank-exposition-Moodys-768x456.jpg 768w\" data-src=\"https:\/\/magazinedelafrique.com\/wp-content\/uploads\/2023\/07\/Afreeximbank-exposition-Moodys.jpg\" data-sizes=\"(max-width: 732px) 100vw, 732px\" width=\"732\" height=\"434\"><figcaption id=\"caption-attachment-76054\" class=\"wp-caption-text\">Afreximbank est fortement expos\u00e9e \u00e0 plusieurs \u00c9tats souverains mal not\u00e9s, juge Moody\u2019s. Exposition de chaque pays, en pourcentages au sein du portefeuille (d\u00e9cembre 2022).<\/figcaption><\/figure>\n<p>&nbsp;<\/p>\n<p>Benedict Oramah, pr\u00e9sident d\u2019Afreximbank, a comment\u00e9 : \u00ab&nbsp;<em>Cette note de cr\u00e9dit positive de Moody\u2019s refl\u00e8te l\u2019approche disciplin\u00e9e de la banque concernant son bilan et sa sant\u00e9 financi\u00e8re, ainsi que sa capacit\u00e9 \u00e0 remplir son mandat m\u00eame en p\u00e9riode d\u2019incertitude et d\u2019instabilit\u00e9 macro\u00e9conomiques.&nbsp;<\/em>\u00bb Selon le professeur Oramah, l\u2019\u00ab&nbsp;<em>approche cr\u00e9ative et prudente d\u2019Afreximbank \u00e0 l\u2019\u00e9gard de son propre financement ainsi que sa solide base de capital lui ont permis d\u2019intervenir pour aider les \u00e9conomies des \u00c9tats membres alors que la combinaison de conflits mondiaux, les effets persistants de la pand\u00e9mie et les perturbations croissantes de la cha\u00eene d\u2019approvisionnement mondiale menacent le rythme et l\u2019ampleur du d\u00e9veloppement en Afrique<\/em>&nbsp;\u00bb.<\/p>\n<p>En juin 2023, Fitch Ratings avait \u00e9galement confirm\u00e9 la note de d\u00e9faut d\u2019\u00e9metteur (IDR) \u00e0 long terme d\u2019Afreximbank \u00e0 BBB, avec une perspective stable et sa note de d\u00e9faut d\u2019\u00e9metteur \u00e0 court terme \u00e0 F2, ainsi que les notes \u00e0 long terme sur le programme mondial de billets \u00e0 moyen terme et les \u00e9missions de dette de la banque \u00e0 BBB.<\/p>\n<p>L\u2019agence reconnaissait la solidit\u00e9 du capital et de la position de liquidit\u00e9 d\u2019Afreximbank, notant que la banque avait un profil de liquidit\u00e9 solide, qu\u2019elle avait renforc\u00e9 son r\u00f4le institutionnel et rehauss\u00e9 son profil en tant que principale banque multilat\u00e9rale de d\u00e9veloppement ax\u00e9e sur le soutien aux secteurs public et priv\u00e9 en Afrique.<\/p>\n<p>Chandi Mwenebungu, tr\u00e9sorier du groupe Afreximbank et directeur de la tr\u00e9sorerie et des march\u00e9s, voit dans ces notations \u00ab&nbsp;<em>un t\u00e9moignage fort du mandat de d\u00e9veloppement d\u2019Afreximbank sur le continent&nbsp;<\/em>\u00bb. La banque s\u2019engage, poursuit-il, \u00ab&nbsp;<em>\u00e0 continuer de construire une plateforme solide pour approfondir notre partenariat avec les clients et les \u00c9tats membres, afin d\u2019assurer une croissance et un d\u00e9veloppement durables&nbsp;<\/em>\u00bb. Ces notations \u00ab&nbsp;<em>prouvent notre discipline en mati\u00e8re de risques et continue de montrer que notre capital et nos liquidit\u00e9s sont solides<\/em>&nbsp;\u00bb.<\/p>\n<p><strong>Le Magazine de l&rsquo;Afrique<\/strong><\/p>\n","protected":false},"excerpt":{"rendered":"<p>L\u2019agence am\u00e9ricaine Moody\u2019s cite les atouts de Afreximbank en tant qu\u2019institution africaine sp\u00e9cialis\u00e9e dans le financement du commerce disposant d\u2019une niche de march\u00e9. La banque&#8230;<\/p>\n","protected":false},"author":1,"featured_media":5061,"comment_status":"closed","ping_status":"open","sticky":false,"template":"","format":"standard","meta":{"_jetpack_memberships_contains_paid_content":false,"footnotes":""},"categories":[8,10],"tags":[],"class_list":["post-5060","post","type-post","status-publish","format-standard","has-post-thumbnail","hentry","category-actualite-economique","category-infos-eco","wpcat-8-id","wpcat-10-id"],"yoast_head":"<!-- This site is optimized with the Yoast SEO plugin v27.1.1 - https:\/\/yoast.com\/product\/yoast-seo-wordpress\/ -->\n<title>Moody\u2019s maintient la note de cr\u00e9dit d\u2019Afreximbank - challenges economiques<\/title>\n<meta name=\"robots\" content=\"index, follow, max-snippet:-1, max-image-preview:large, max-video-preview:-1\" \/>\n<link rel=\"canonical\" href=\"https:\/\/challengeseconomiques.com\/?p=5060\" \/>\n<meta property=\"og:locale\" content=\"fr_FR\" \/>\n<meta property=\"og:type\" content=\"article\" \/>\n<meta property=\"og:title\" content=\"Moody\u2019s maintient la note de cr\u00e9dit d\u2019Afreximbank - challenges economiques\" \/>\n<meta property=\"og:description\" content=\"L\u2019agence am\u00e9ricaine Moody\u2019s cite les atouts de Afreximbank en tant qu\u2019institution africaine sp\u00e9cialis\u00e9e dans le financement du commerce disposant d\u2019une niche de march\u00e9. La banque...\" \/>\n<meta property=\"og:url\" content=\"https:\/\/challengeseconomiques.com\/?p=5060\" \/>\n<meta property=\"og:site_name\" content=\"challenges economiques\" \/>\n<meta property=\"article:published_time\" content=\"2023-07-31T11:19:25+00:00\" \/>\n<meta property=\"article:modified_time\" content=\"2023-07-31T11:19:57+00:00\" \/>\n<meta property=\"og:image\" content=\"https:\/\/challengeseconomiques.com\/wp-content\/uploads\/2023\/07\/Commerce-illustration-770x450-1.webp\" \/>\n\t<meta property=\"og:image:width\" content=\"770\" \/>\n\t<meta property=\"og:image:height\" content=\"450\" \/>\n\t<meta property=\"og:image:type\" content=\"image\/webp\" \/>\n<meta name=\"author\" content=\"admin\" \/>\n<meta name=\"twitter:card\" content=\"summary_large_image\" \/>\n<meta name=\"twitter:label1\" content=\"\u00c9crit par\" \/>\n\t<meta name=\"twitter:data1\" content=\"admin\" \/>\n\t<meta name=\"twitter:label2\" content=\"Dur\u00e9e de lecture estim\u00e9e\" \/>\n\t<meta name=\"twitter:data2\" content=\"5 minutes\" \/>\n<script type=\"application\/ld+json\" class=\"yoast-schema-graph\">{\"@context\":\"https:\/\/schema.org\",\"@graph\":[{\"@type\":\"Article\",\"@id\":\"https:\/\/challengeseconomiques.com\/?p=5060#article\",\"isPartOf\":{\"@id\":\"https:\/\/challengeseconomiques.com\/?p=5060\"},\"author\":{\"name\":\"admin\",\"@id\":\"https:\/\/challengeseconomiques.com\/#\/schema\/person\/b4568c9afebc5a9238a771873801e349\"},\"headline\":\"Moody\u2019s maintient la note de cr\u00e9dit d\u2019Afreximbank\",\"datePublished\":\"2023-07-31T11:19:25+00:00\",\"dateModified\":\"2023-07-31T11:19:57+00:00\",\"mainEntityOfPage\":{\"@id\":\"https:\/\/challengeseconomiques.com\/?p=5060\"},\"wordCount\":1019,\"image\":{\"@id\":\"https:\/\/challengeseconomiques.com\/?p=5060#primaryimage\"},\"thumbnailUrl\":\"https:\/\/challengeseconomiques.com\/wp-content\/uploads\/2023\/07\/Commerce-illustration-770x450-1.webp\",\"articleSection\":[\"Actualit\u00e9 \u00e9conomique\",\"Infos \u00e9co\"],\"inLanguage\":\"fr-FR\"},{\"@type\":\"WebPage\",\"@id\":\"https:\/\/challengeseconomiques.com\/?p=5060\",\"url\":\"https:\/\/challengeseconomiques.com\/?p=5060\",\"name\":\"Moody\u2019s maintient la note de cr\u00e9dit d\u2019Afreximbank - challenges economiques\",\"isPartOf\":{\"@id\":\"https:\/\/challengeseconomiques.com\/#website\"},\"primaryImageOfPage\":{\"@id\":\"https:\/\/challengeseconomiques.com\/?p=5060#primaryimage\"},\"image\":{\"@id\":\"https:\/\/challengeseconomiques.com\/?p=5060#primaryimage\"},\"thumbnailUrl\":\"https:\/\/challengeseconomiques.com\/wp-content\/uploads\/2023\/07\/Commerce-illustration-770x450-1.webp\",\"datePublished\":\"2023-07-31T11:19:25+00:00\",\"dateModified\":\"2023-07-31T11:19:57+00:00\",\"author\":{\"@id\":\"https:\/\/challengeseconomiques.com\/#\/schema\/person\/b4568c9afebc5a9238a771873801e349\"},\"breadcrumb\":{\"@id\":\"https:\/\/challengeseconomiques.com\/?p=5060#breadcrumb\"},\"inLanguage\":\"fr-FR\",\"potentialAction\":[{\"@type\":\"ReadAction\",\"target\":[\"https:\/\/challengeseconomiques.com\/?p=5060\"]}]},{\"@type\":\"ImageObject\",\"inLanguage\":\"fr-FR\",\"@id\":\"https:\/\/challengeseconomiques.com\/?p=5060#primaryimage\",\"url\":\"https:\/\/challengeseconomiques.com\/wp-content\/uploads\/2023\/07\/Commerce-illustration-770x450-1.webp\",\"contentUrl\":\"https:\/\/challengeseconomiques.com\/wp-content\/uploads\/2023\/07\/Commerce-illustration-770x450-1.webp\",\"width\":770,\"height\":450},{\"@type\":\"BreadcrumbList\",\"@id\":\"https:\/\/challengeseconomiques.com\/?p=5060#breadcrumb\",\"itemListElement\":[{\"@type\":\"ListItem\",\"position\":1,\"name\":\"Home\",\"item\":\"https:\/\/challengeseconomiques.com\/\"},{\"@type\":\"ListItem\",\"position\":2,\"name\":\"Moody\u2019s maintient la note de cr\u00e9dit d\u2019Afreximbank\"}]},{\"@type\":\"WebSite\",\"@id\":\"https:\/\/challengeseconomiques.com\/#website\",\"url\":\"https:\/\/challengeseconomiques.com\/\",\"name\":\"challenges economiques\",\"description\":\"\",\"potentialAction\":[{\"@type\":\"SearchAction\",\"target\":{\"@type\":\"EntryPoint\",\"urlTemplate\":\"https:\/\/challengeseconomiques.com\/?s={search_term_string}\"},\"query-input\":{\"@type\":\"PropertyValueSpecification\",\"valueRequired\":true,\"valueName\":\"search_term_string\"}}],\"inLanguage\":\"fr-FR\"},{\"@type\":\"Person\",\"@id\":\"https:\/\/challengeseconomiques.com\/#\/schema\/person\/b4568c9afebc5a9238a771873801e349\",\"name\":\"admin\",\"image\":{\"@type\":\"ImageObject\",\"inLanguage\":\"fr-FR\",\"@id\":\"https:\/\/challengeseconomiques.com\/#\/schema\/person\/image\/\",\"url\":\"https:\/\/secure.gravatar.com\/avatar\/099e42240b5eea11acdb72751fcce0dd918603f0749d24974b7984ea47ed9fd9?s=96&d=mm&r=g\",\"contentUrl\":\"https:\/\/secure.gravatar.com\/avatar\/099e42240b5eea11acdb72751fcce0dd918603f0749d24974b7984ea47ed9fd9?s=96&d=mm&r=g\",\"caption\":\"admin\"},\"sameAs\":[\"https:\/\/challengeseconomiques.com\"],\"url\":\"https:\/\/challengeseconomiques.com\/?author=1\"}]}<\/script>\n<!-- \/ Yoast SEO plugin. -->","yoast_head_json":{"title":"Moody\u2019s maintient la note de cr\u00e9dit d\u2019Afreximbank - challenges economiques","robots":{"index":"index","follow":"follow","max-snippet":"max-snippet:-1","max-image-preview":"max-image-preview:large","max-video-preview":"max-video-preview:-1"},"canonical":"https:\/\/challengeseconomiques.com\/?p=5060","og_locale":"fr_FR","og_type":"article","og_title":"Moody\u2019s maintient la note de cr\u00e9dit d\u2019Afreximbank - challenges economiques","og_description":"L\u2019agence am\u00e9ricaine Moody\u2019s cite les atouts de Afreximbank en tant qu\u2019institution africaine sp\u00e9cialis\u00e9e dans le financement du commerce disposant d\u2019une niche de march\u00e9. La banque...","og_url":"https:\/\/challengeseconomiques.com\/?p=5060","og_site_name":"challenges economiques","article_published_time":"2023-07-31T11:19:25+00:00","article_modified_time":"2023-07-31T11:19:57+00:00","og_image":[{"width":770,"height":450,"url":"https:\/\/challengeseconomiques.com\/wp-content\/uploads\/2023\/07\/Commerce-illustration-770x450-1.webp","type":"image\/webp"}],"author":"admin","twitter_card":"summary_large_image","twitter_misc":{"\u00c9crit par":"admin","Dur\u00e9e de lecture estim\u00e9e":"5 minutes"},"schema":{"@context":"https:\/\/schema.org","@graph":[{"@type":"Article","@id":"https:\/\/challengeseconomiques.com\/?p=5060#article","isPartOf":{"@id":"https:\/\/challengeseconomiques.com\/?p=5060"},"author":{"name":"admin","@id":"https:\/\/challengeseconomiques.com\/#\/schema\/person\/b4568c9afebc5a9238a771873801e349"},"headline":"Moody\u2019s maintient la note de cr\u00e9dit d\u2019Afreximbank","datePublished":"2023-07-31T11:19:25+00:00","dateModified":"2023-07-31T11:19:57+00:00","mainEntityOfPage":{"@id":"https:\/\/challengeseconomiques.com\/?p=5060"},"wordCount":1019,"image":{"@id":"https:\/\/challengeseconomiques.com\/?p=5060#primaryimage"},"thumbnailUrl":"https:\/\/challengeseconomiques.com\/wp-content\/uploads\/2023\/07\/Commerce-illustration-770x450-1.webp","articleSection":["Actualit\u00e9 \u00e9conomique","Infos \u00e9co"],"inLanguage":"fr-FR"},{"@type":"WebPage","@id":"https:\/\/challengeseconomiques.com\/?p=5060","url":"https:\/\/challengeseconomiques.com\/?p=5060","name":"Moody\u2019s maintient la note de cr\u00e9dit d\u2019Afreximbank - challenges economiques","isPartOf":{"@id":"https:\/\/challengeseconomiques.com\/#website"},"primaryImageOfPage":{"@id":"https:\/\/challengeseconomiques.com\/?p=5060#primaryimage"},"image":{"@id":"https:\/\/challengeseconomiques.com\/?p=5060#primaryimage"},"thumbnailUrl":"https:\/\/challengeseconomiques.com\/wp-content\/uploads\/2023\/07\/Commerce-illustration-770x450-1.webp","datePublished":"2023-07-31T11:19:25+00:00","dateModified":"2023-07-31T11:19:57+00:00","author":{"@id":"https:\/\/challengeseconomiques.com\/#\/schema\/person\/b4568c9afebc5a9238a771873801e349"},"breadcrumb":{"@id":"https:\/\/challengeseconomiques.com\/?p=5060#breadcrumb"},"inLanguage":"fr-FR","potentialAction":[{"@type":"ReadAction","target":["https:\/\/challengeseconomiques.com\/?p=5060"]}]},{"@type":"ImageObject","inLanguage":"fr-FR","@id":"https:\/\/challengeseconomiques.com\/?p=5060#primaryimage","url":"https:\/\/challengeseconomiques.com\/wp-content\/uploads\/2023\/07\/Commerce-illustration-770x450-1.webp","contentUrl":"https:\/\/challengeseconomiques.com\/wp-content\/uploads\/2023\/07\/Commerce-illustration-770x450-1.webp","width":770,"height":450},{"@type":"BreadcrumbList","@id":"https:\/\/challengeseconomiques.com\/?p=5060#breadcrumb","itemListElement":[{"@type":"ListItem","position":1,"name":"Home","item":"https:\/\/challengeseconomiques.com\/"},{"@type":"ListItem","position":2,"name":"Moody\u2019s maintient la note de cr\u00e9dit d\u2019Afreximbank"}]},{"@type":"WebSite","@id":"https:\/\/challengeseconomiques.com\/#website","url":"https:\/\/challengeseconomiques.com\/","name":"challenges economiques","description":"","potentialAction":[{"@type":"SearchAction","target":{"@type":"EntryPoint","urlTemplate":"https:\/\/challengeseconomiques.com\/?s={search_term_string}"},"query-input":{"@type":"PropertyValueSpecification","valueRequired":true,"valueName":"search_term_string"}}],"inLanguage":"fr-FR"},{"@type":"Person","@id":"https:\/\/challengeseconomiques.com\/#\/schema\/person\/b4568c9afebc5a9238a771873801e349","name":"admin","image":{"@type":"ImageObject","inLanguage":"fr-FR","@id":"https:\/\/challengeseconomiques.com\/#\/schema\/person\/image\/","url":"https:\/\/secure.gravatar.com\/avatar\/099e42240b5eea11acdb72751fcce0dd918603f0749d24974b7984ea47ed9fd9?s=96&d=mm&r=g","contentUrl":"https:\/\/secure.gravatar.com\/avatar\/099e42240b5eea11acdb72751fcce0dd918603f0749d24974b7984ea47ed9fd9?s=96&d=mm&r=g","caption":"admin"},"sameAs":["https:\/\/challengeseconomiques.com"],"url":"https:\/\/challengeseconomiques.com\/?author=1"}]}},"jetpack_featured_media_url":"https:\/\/challengeseconomiques.com\/wp-content\/uploads\/2023\/07\/Commerce-illustration-770x450-1.webp","jetpack_sharing_enabled":true,"_links":{"self":[{"href":"https:\/\/challengeseconomiques.com\/index.php?rest_route=\/wp\/v2\/posts\/5060","targetHints":{"allow":["GET"]}}],"collection":[{"href":"https:\/\/challengeseconomiques.com\/index.php?rest_route=\/wp\/v2\/posts"}],"about":[{"href":"https:\/\/challengeseconomiques.com\/index.php?rest_route=\/wp\/v2\/types\/post"}],"author":[{"embeddable":true,"href":"https:\/\/challengeseconomiques.com\/index.php?rest_route=\/wp\/v2\/users\/1"}],"replies":[{"embeddable":true,"href":"https:\/\/challengeseconomiques.com\/index.php?rest_route=%2Fwp%2Fv2%2Fcomments&post=5060"}],"version-history":[{"count":2,"href":"https:\/\/challengeseconomiques.com\/index.php?rest_route=\/wp\/v2\/posts\/5060\/revisions"}],"predecessor-version":[{"id":5063,"href":"https:\/\/challengeseconomiques.com\/index.php?rest_route=\/wp\/v2\/posts\/5060\/revisions\/5063"}],"wp:featuredmedia":[{"embeddable":true,"href":"https:\/\/challengeseconomiques.com\/index.php?rest_route=\/wp\/v2\/media\/5061"}],"wp:attachment":[{"href":"https:\/\/challengeseconomiques.com\/index.php?rest_route=%2Fwp%2Fv2%2Fmedia&parent=5060"}],"wp:term":[{"taxonomy":"category","embeddable":true,"href":"https:\/\/challengeseconomiques.com\/index.php?rest_route=%2Fwp%2Fv2%2Fcategories&post=5060"},{"taxonomy":"post_tag","embeddable":true,"href":"https:\/\/challengeseconomiques.com\/index.php?rest_route=%2Fwp%2Fv2%2Ftags&post=5060"}],"curies":[{"name":"wp","href":"https:\/\/api.w.org\/{rel}","templated":true}]}}