{"id":5056,"date":"2023-07-31T11:11:07","date_gmt":"2023-07-31T11:11:07","guid":{"rendered":"https:\/\/challengeseconomiques.com\/?p=5056"},"modified":"2023-07-31T11:11:23","modified_gmt":"2023-07-31T11:11:23","slug":"conjoncture-resilience-a-court-terme-et-difficultes-persistantes-conjoncture-resilience-a-court-terme-et-difficultes-persistantes","status":"publish","type":"post","link":"https:\/\/challengeseconomiques.com\/?p=5056","title":{"rendered":"Conjoncture : R\u00e9silience \u00e0 court terme et difficult\u00e9s persistantes Conjoncture : R\u00e9silience \u00e0 court terme et difficult\u00e9s persistantes"},"content":{"rendered":"<p><strong>Le FMI a l\u00e9g\u00e8rement ajust\u00e9 en hausse ses pr\u00e9visions de croissance pour l\u2019\u00e9conomie mondiale, pr\u00e9venant que les incertitudes restent \u00e9lev\u00e9es. Les tensions inflationnistes restent vives, mais l\u2019assagissement des prix pourrait, cette fois, \u00eatre plus rapide que redout\u00e9.<\/strong><\/p>\n<p>&nbsp;<\/p>\n<p>La croissance mondiale devrait passer de 3,5% en 2022 \u00e0 3% en 2023 et 2024, pronostique d\u00e9sormais le FMI. L\u2019institution, qui actualise ce 25 juillet ses <em>Perspectives de l\u2019\u00e9conomie mondiale<\/em> publi\u00e9es en avril, rel\u00e8ve donc l\u00e9g\u00e8rement ses pr\u00e9visions pour l\u2019ann\u00e9e en cours. Toutefois, les \u00e9conomistes ne t\u00e9moignent pas un enthousiasme excessif. Ils rappellent que ces pr\u00e9visions restent bien en de\u00e7\u00e0 de la croissance potentielle pr\u00e9vue historiquement. Si les nouvelles sont plut\u00f4t rassurantes du c\u00f4t\u00e9 de la pand\u00e9mie de la Covid-19, la hausse des taux directeurs appliqu\u00e9e par les banques centrales pour lutter contre l\u2019inflation continue de peser sur l\u2019activit\u00e9 \u00e9conomique.<\/p>\n<blockquote><p><strong><em>\u00ab\u00a0De son c\u00f4t\u00e9, la croissance en Afrique subsaharienne est attendue \u00e0 3,5% en 2023 et 4,1% en 2024, un glissement de 0,1 point par rapport aux pr\u00e9visions d\u2019avril. Les pr\u00e9visions pour le Nigeria (+3,2% et +3,0%) sont pourtant inchang\u00e9es.\u00a0\u00bb<\/em><\/strong><\/p><\/blockquote>\n<p>Sur ce point, le FMI pronostique un modeste ralentissement de l\u2019inflation en 2023, \u00e0 6,8% (contre 8,7% en 2022), puis 5,2% en 2024. Hors \u00e9nergie et alimentation, le ralentissement de l\u2019inflation serait plus graduel. Sur le plan de l\u2019\u00e9quilibre du syst\u00e8me financier mondial, en revanche, le FMI fait part de sa s\u00e9r\u00e9nit\u00e9, apr\u00e8s les turbulences du d\u00e9but d\u2019ann\u00e9e autour des banques am\u00e9ricaines et suisses.<\/p>\n<p>Bien s\u00fbr, ces pronostics sont assortis de commentaires plus n\u00e9gatifs sur les facteurs de risque qui menacent \u00e0 l\u2019horizon, y compris pour la sph\u00e8re financi\u00e8re&nbsp;: le premier \u00e9tant li\u00e9 \u00e0 l\u2019intensification de la guerre en Ukraine. Le deuxi\u00e8me est l\u2019acc\u00e9l\u00e9ration des ph\u00e9nom\u00e8nes m\u00e9t\u00e9orologiques extr\u00eames.<\/p>\n<p>En Chine, la reprise pourrait ralentir, \u00e0 cause de probl\u00e8mes non r\u00e9solus dans le secteur immobilier, ce qui engendrerait des effets de contagion en dehors du pays. \u00c0 l\u2019inverse, le FMI n\u2019exclut pas un ralentissement plus rapide que pr\u00e9vu de l\u2019inflation. De quoi permettre aux banques centrales de ne pas peser exag\u00e9r\u00e9ment sur le loyer de l\u2019argent.<\/p>\n<p>Pour 2023, le FMI pr\u00e9voit une croissance de 1,5% aux \u00c9tats-Unis, de 0,9% seulement dans la zone euro, l\u2019Allemagne pouvant enregistrer une l\u00e9g\u00e8re r\u00e9cession (-0,3%). De leur c\u00f4t\u00e9, les pays dits \u00e9mergents, ou en d\u00e9veloppement devraient afficher une croissance 4% cette ann\u00e9e et de 4,1% l\u2019an prochain, pronostique le FMI qui n\u2019a que faiblement ajust\u00e9 ses pronostics, ici.<\/p>\n<p>De son c\u00f4t\u00e9, la croissance en Afrique subsaharienne est attendue \u00e0 3,5% en 2023 et 4,1% en 2024, un glissement de 0,1 point par rapport aux pr\u00e9visions d\u2019avril. Les pr\u00e9visions pour le Nigeria (+3,2% et +3,0%) sont pourtant inchang\u00e9es. Le pays reste sous la menace \u00ab&nbsp;<em>de probl\u00e8mes de s\u00e9curit\u00e9 dans le secteur p\u00e9trolier<\/em>&nbsp;\u00bb.<\/p>\n<p><strong>Une difficile \u00e9quation<\/strong><\/p>\n<p>De son c\u00f4t\u00e9, l\u2019Afrique du Sud devrait n\u2019afficher qu\u2019une modeste de croissance de 0,3% cette ann\u00e9e, en raison des p\u00e9nuries d\u2019\u00e9lectricit\u00e9. Toutefois, le FMI salue \u00ab&nbsp;<em>la r\u00e9silience de l\u2019activit\u00e9 dans le secteur des services au premier trimestre&nbsp;<\/em>\u00bb.<\/p>\n<p><img fetchpriority=\"high\" decoding=\"async\" class=\"alignleft wp-image-76043 lazyloaded\" src=\"https:\/\/magazinedelafrique.com\/wp-content\/uploads\/2023\/07\/FMI-previsions-juillet-2023.jpg\" sizes=\"(max-width: 300px) 100vw, 300px\" srcset=\"https:\/\/magazinedelafrique.com\/wp-content\/uploads\/2023\/07\/FMI-previsions-juillet-2023.jpg 593w, https:\/\/magazinedelafrique.com\/wp-content\/uploads\/2023\/07\/FMI-previsions-juillet-2023-232x300.jpg 232w\" alt=\"\" data-srcset=\"https:\/\/magazinedelafrique.com\/wp-content\/uploads\/2023\/07\/FMI-previsions-juillet-2023.jpg 593w, https:\/\/magazinedelafrique.com\/wp-content\/uploads\/2023\/07\/FMI-previsions-juillet-2023-232x300.jpg 232w\" data-src=\"https:\/\/magazinedelafrique.com\/wp-content\/uploads\/2023\/07\/FMI-previsions-juillet-2023.jpg\" data-sizes=\"(max-width: 300px) 100vw, 300px\" width=\"300\" height=\"389\">Les r\u00e9visions en baisse sont un peu plus sensibles pour la zone Moyen-Orient et Afrique du Nord&nbsp;: 2,6% en 2022 (-0.5 point) et 3,1% en 2024 (-0,3 point)&nbsp;; le FMI a notamment revu en forte baisse la croissance de l\u2019Arabie saoudite, en raison des r\u00e9ductions de production de p\u00e9trole annonc\u00e9es par l\u2019OPEP.<\/p>\n<p>Pour le FMI, donc, priorit\u00e9 doit \u00eatre donn\u00e9e \u00e0 la ma\u00eetrise de l\u2019inflation&nbsp;; ce, par l\u2019action des banques centrales, bien s\u00fbr, mais \u00e9galement par la ma\u00eetrise budg\u00e9taire des \u00c9tats, \u2013 r\u00e9duction des d\u00e9penses ou hausses d\u2019imp\u00f4ts&nbsp;\u2013 qui renforce la cr\u00e9dibilit\u00e9 des politiques d\u00e9sinflationnistes et all\u00e8ge la dette. \u00c9quation difficile, sans doute, car les pays doivent aussi reconstituer leurs r\u00e9serves budg\u00e9taires et prot\u00e9ger les populations vuln\u00e9rables. Il semble juste au FMI d\u2019am\u00e9liorer l\u2019offre de travail et d\u2019accro\u00eetre la r\u00e9silience face au changement climatique. Enfin, il est n\u00e9cessaire d\u2019enrayer la p\u00e9nurie de financement pour les pays en d\u00e9veloppement et les pays \u00e0 faible revenu, reconna\u00eet le FMI, qui constate d\u2019importants \u00e9carts de taux d\u2019int\u00e9r\u00eat avec les pays d\u00e9velopp\u00e9s. Les \u00e9conomistes distinguent 18 pays pour lesquels les \u00e9carts de taux se situent \u00ab&nbsp;<em>\u00e0 des niveaux pr\u00e9occupants<\/em>&nbsp;\u00bb. En 2023, ces \u00e9carts \u00e9lev\u00e9s ont rendu tr\u00e8s difficile jusqu\u2019\u00e0 pr\u00e9sent l\u2019\u00e9mission de nouveaux titres de cr\u00e9ance en monnaie forte pour les pays pr\u00e9\u00e9mergents.<\/p>\n<p><strong>Le Magazine de l&rsquo;Afrique<\/strong><\/p>\n","protected":false},"excerpt":{"rendered":"<p>Le FMI a l\u00e9g\u00e8rement ajust\u00e9 en hausse ses pr\u00e9visions de croissance pour l\u2019\u00e9conomie mondiale, pr\u00e9venant que les incertitudes restent \u00e9lev\u00e9es. Les tensions inflationnistes restent vives,&#8230;<\/p>\n","protected":false},"author":1,"featured_media":5057,"comment_status":"closed","ping_status":"open","sticky":false,"template":"","format":"standard","meta":{"_jetpack_memberships_contains_paid_content":false,"footnotes":""},"categories":[15],"tags":[],"class_list":["post-5056","post","type-post","status-publish","format-standard","has-post-thumbnail","hentry","category-analyse","wpcat-15-id"],"yoast_head":"<!-- This site is optimized with the Yoast SEO plugin v27.1.1 - https:\/\/yoast.com\/product\/yoast-seo-wordpress\/ -->\n<title>Conjoncture : R\u00e9silience \u00e0 court terme et difficult\u00e9s persistantes Conjoncture : R\u00e9silience \u00e0 court terme et difficult\u00e9s persistantes - challenges economiques<\/title>\n<meta name=\"robots\" content=\"index, follow, max-snippet:-1, max-image-preview:large, max-video-preview:-1\" \/>\n<link rel=\"canonical\" href=\"https:\/\/challengeseconomiques.com\/?p=5056\" \/>\n<meta property=\"og:locale\" content=\"fr_FR\" \/>\n<meta property=\"og:type\" content=\"article\" \/>\n<meta property=\"og:title\" content=\"Conjoncture : R\u00e9silience \u00e0 court terme et difficult\u00e9s persistantes Conjoncture : R\u00e9silience \u00e0 court terme et difficult\u00e9s persistantes - challenges economiques\" \/>\n<meta property=\"og:description\" content=\"Le FMI a l\u00e9g\u00e8rement ajust\u00e9 en hausse ses pr\u00e9visions de croissance pour l\u2019\u00e9conomie mondiale, pr\u00e9venant que les incertitudes restent \u00e9lev\u00e9es. Les tensions inflationnistes restent vives,...\" \/>\n<meta property=\"og:url\" content=\"https:\/\/challengeseconomiques.com\/?p=5056\" \/>\n<meta property=\"og:site_name\" content=\"challenges economiques\" \/>\n<meta property=\"article:published_time\" content=\"2023-07-31T11:11:07+00:00\" \/>\n<meta property=\"article:modified_time\" content=\"2023-07-31T11:11:23+00:00\" \/>\n<meta property=\"og:image\" content=\"https:\/\/challengeseconomiques.com\/wp-content\/uploads\/2023\/07\/Conjoncture-previsions.webp\" \/>\n\t<meta property=\"og:image:width\" content=\"800\" \/>\n\t<meta property=\"og:image:height\" content=\"500\" \/>\n\t<meta property=\"og:image:type\" content=\"image\/webp\" \/>\n<meta name=\"author\" content=\"admin\" \/>\n<meta name=\"twitter:card\" content=\"summary_large_image\" \/>\n<meta name=\"twitter:label1\" content=\"\u00c9crit par\" \/>\n\t<meta name=\"twitter:data1\" content=\"admin\" \/>\n\t<meta name=\"twitter:label2\" content=\"Dur\u00e9e de lecture estim\u00e9e\" \/>\n\t<meta name=\"twitter:data2\" content=\"4 minutes\" \/>\n<script type=\"application\/ld+json\" class=\"yoast-schema-graph\">{\"@context\":\"https:\/\/schema.org\",\"@graph\":[{\"@type\":\"Article\",\"@id\":\"https:\/\/challengeseconomiques.com\/?p=5056#article\",\"isPartOf\":{\"@id\":\"https:\/\/challengeseconomiques.com\/?p=5056\"},\"author\":{\"name\":\"admin\",\"@id\":\"https:\/\/challengeseconomiques.com\/#\/schema\/person\/b4568c9afebc5a9238a771873801e349\"},\"headline\":\"Conjoncture : R\u00e9silience \u00e0 court terme et difficult\u00e9s persistantes Conjoncture : R\u00e9silience \u00e0 court terme et difficult\u00e9s persistantes\",\"datePublished\":\"2023-07-31T11:11:07+00:00\",\"dateModified\":\"2023-07-31T11:11:23+00:00\",\"mainEntityOfPage\":{\"@id\":\"https:\/\/challengeseconomiques.com\/?p=5056\"},\"wordCount\":827,\"image\":{\"@id\":\"https:\/\/challengeseconomiques.com\/?p=5056#primaryimage\"},\"thumbnailUrl\":\"https:\/\/challengeseconomiques.com\/wp-content\/uploads\/2023\/07\/Conjoncture-previsions.webp\",\"articleSection\":[\"Analyse\"],\"inLanguage\":\"fr-FR\"},{\"@type\":\"WebPage\",\"@id\":\"https:\/\/challengeseconomiques.com\/?p=5056\",\"url\":\"https:\/\/challengeseconomiques.com\/?p=5056\",\"name\":\"Conjoncture : R\u00e9silience \u00e0 court terme et difficult\u00e9s persistantes Conjoncture : R\u00e9silience \u00e0 court terme et difficult\u00e9s persistantes - challenges economiques\",\"isPartOf\":{\"@id\":\"https:\/\/challengeseconomiques.com\/#website\"},\"primaryImageOfPage\":{\"@id\":\"https:\/\/challengeseconomiques.com\/?p=5056#primaryimage\"},\"image\":{\"@id\":\"https:\/\/challengeseconomiques.com\/?p=5056#primaryimage\"},\"thumbnailUrl\":\"https:\/\/challengeseconomiques.com\/wp-content\/uploads\/2023\/07\/Conjoncture-previsions.webp\",\"datePublished\":\"2023-07-31T11:11:07+00:00\",\"dateModified\":\"2023-07-31T11:11:23+00:00\",\"author\":{\"@id\":\"https:\/\/challengeseconomiques.com\/#\/schema\/person\/b4568c9afebc5a9238a771873801e349\"},\"breadcrumb\":{\"@id\":\"https:\/\/challengeseconomiques.com\/?p=5056#breadcrumb\"},\"inLanguage\":\"fr-FR\",\"potentialAction\":[{\"@type\":\"ReadAction\",\"target\":[\"https:\/\/challengeseconomiques.com\/?p=5056\"]}]},{\"@type\":\"ImageObject\",\"inLanguage\":\"fr-FR\",\"@id\":\"https:\/\/challengeseconomiques.com\/?p=5056#primaryimage\",\"url\":\"https:\/\/challengeseconomiques.com\/wp-content\/uploads\/2023\/07\/Conjoncture-previsions.webp\",\"contentUrl\":\"https:\/\/challengeseconomiques.com\/wp-content\/uploads\/2023\/07\/Conjoncture-previsions.webp\",\"width\":800,\"height\":500},{\"@type\":\"BreadcrumbList\",\"@id\":\"https:\/\/challengeseconomiques.com\/?p=5056#breadcrumb\",\"itemListElement\":[{\"@type\":\"ListItem\",\"position\":1,\"name\":\"Home\",\"item\":\"https:\/\/challengeseconomiques.com\/\"},{\"@type\":\"ListItem\",\"position\":2,\"name\":\"Conjoncture : R\u00e9silience \u00e0 court terme et difficult\u00e9s persistantes Conjoncture : R\u00e9silience \u00e0 court terme et difficult\u00e9s persistantes\"}]},{\"@type\":\"WebSite\",\"@id\":\"https:\/\/challengeseconomiques.com\/#website\",\"url\":\"https:\/\/challengeseconomiques.com\/\",\"name\":\"challenges economiques\",\"description\":\"\",\"potentialAction\":[{\"@type\":\"SearchAction\",\"target\":{\"@type\":\"EntryPoint\",\"urlTemplate\":\"https:\/\/challengeseconomiques.com\/?s={search_term_string}\"},\"query-input\":{\"@type\":\"PropertyValueSpecification\",\"valueRequired\":true,\"valueName\":\"search_term_string\"}}],\"inLanguage\":\"fr-FR\"},{\"@type\":\"Person\",\"@id\":\"https:\/\/challengeseconomiques.com\/#\/schema\/person\/b4568c9afebc5a9238a771873801e349\",\"name\":\"admin\",\"image\":{\"@type\":\"ImageObject\",\"inLanguage\":\"fr-FR\",\"@id\":\"https:\/\/challengeseconomiques.com\/#\/schema\/person\/image\/\",\"url\":\"https:\/\/secure.gravatar.com\/avatar\/099e42240b5eea11acdb72751fcce0dd918603f0749d24974b7984ea47ed9fd9?s=96&d=mm&r=g\",\"contentUrl\":\"https:\/\/secure.gravatar.com\/avatar\/099e42240b5eea11acdb72751fcce0dd918603f0749d24974b7984ea47ed9fd9?s=96&d=mm&r=g\",\"caption\":\"admin\"},\"sameAs\":[\"https:\/\/challengeseconomiques.com\"],\"url\":\"https:\/\/challengeseconomiques.com\/?author=1\"}]}<\/script>\n<!-- \/ Yoast SEO plugin. -->","yoast_head_json":{"title":"Conjoncture : R\u00e9silience \u00e0 court terme et difficult\u00e9s persistantes Conjoncture : R\u00e9silience \u00e0 court terme et difficult\u00e9s persistantes - challenges economiques","robots":{"index":"index","follow":"follow","max-snippet":"max-snippet:-1","max-image-preview":"max-image-preview:large","max-video-preview":"max-video-preview:-1"},"canonical":"https:\/\/challengeseconomiques.com\/?p=5056","og_locale":"fr_FR","og_type":"article","og_title":"Conjoncture : R\u00e9silience \u00e0 court terme et difficult\u00e9s persistantes Conjoncture : R\u00e9silience \u00e0 court terme et difficult\u00e9s persistantes - challenges economiques","og_description":"Le FMI a l\u00e9g\u00e8rement ajust\u00e9 en hausse ses pr\u00e9visions de croissance pour l\u2019\u00e9conomie mondiale, pr\u00e9venant que les incertitudes restent \u00e9lev\u00e9es. Les tensions inflationnistes restent vives,...","og_url":"https:\/\/challengeseconomiques.com\/?p=5056","og_site_name":"challenges economiques","article_published_time":"2023-07-31T11:11:07+00:00","article_modified_time":"2023-07-31T11:11:23+00:00","og_image":[{"width":800,"height":500,"url":"https:\/\/challengeseconomiques.com\/wp-content\/uploads\/2023\/07\/Conjoncture-previsions.webp","type":"image\/webp"}],"author":"admin","twitter_card":"summary_large_image","twitter_misc":{"\u00c9crit par":"admin","Dur\u00e9e de lecture estim\u00e9e":"4 minutes"},"schema":{"@context":"https:\/\/schema.org","@graph":[{"@type":"Article","@id":"https:\/\/challengeseconomiques.com\/?p=5056#article","isPartOf":{"@id":"https:\/\/challengeseconomiques.com\/?p=5056"},"author":{"name":"admin","@id":"https:\/\/challengeseconomiques.com\/#\/schema\/person\/b4568c9afebc5a9238a771873801e349"},"headline":"Conjoncture : R\u00e9silience \u00e0 court terme et difficult\u00e9s persistantes Conjoncture : R\u00e9silience \u00e0 court terme et difficult\u00e9s persistantes","datePublished":"2023-07-31T11:11:07+00:00","dateModified":"2023-07-31T11:11:23+00:00","mainEntityOfPage":{"@id":"https:\/\/challengeseconomiques.com\/?p=5056"},"wordCount":827,"image":{"@id":"https:\/\/challengeseconomiques.com\/?p=5056#primaryimage"},"thumbnailUrl":"https:\/\/challengeseconomiques.com\/wp-content\/uploads\/2023\/07\/Conjoncture-previsions.webp","articleSection":["Analyse"],"inLanguage":"fr-FR"},{"@type":"WebPage","@id":"https:\/\/challengeseconomiques.com\/?p=5056","url":"https:\/\/challengeseconomiques.com\/?p=5056","name":"Conjoncture : R\u00e9silience \u00e0 court terme et difficult\u00e9s persistantes Conjoncture : R\u00e9silience \u00e0 court terme et difficult\u00e9s persistantes - challenges economiques","isPartOf":{"@id":"https:\/\/challengeseconomiques.com\/#website"},"primaryImageOfPage":{"@id":"https:\/\/challengeseconomiques.com\/?p=5056#primaryimage"},"image":{"@id":"https:\/\/challengeseconomiques.com\/?p=5056#primaryimage"},"thumbnailUrl":"https:\/\/challengeseconomiques.com\/wp-content\/uploads\/2023\/07\/Conjoncture-previsions.webp","datePublished":"2023-07-31T11:11:07+00:00","dateModified":"2023-07-31T11:11:23+00:00","author":{"@id":"https:\/\/challengeseconomiques.com\/#\/schema\/person\/b4568c9afebc5a9238a771873801e349"},"breadcrumb":{"@id":"https:\/\/challengeseconomiques.com\/?p=5056#breadcrumb"},"inLanguage":"fr-FR","potentialAction":[{"@type":"ReadAction","target":["https:\/\/challengeseconomiques.com\/?p=5056"]}]},{"@type":"ImageObject","inLanguage":"fr-FR","@id":"https:\/\/challengeseconomiques.com\/?p=5056#primaryimage","url":"https:\/\/challengeseconomiques.com\/wp-content\/uploads\/2023\/07\/Conjoncture-previsions.webp","contentUrl":"https:\/\/challengeseconomiques.com\/wp-content\/uploads\/2023\/07\/Conjoncture-previsions.webp","width":800,"height":500},{"@type":"BreadcrumbList","@id":"https:\/\/challengeseconomiques.com\/?p=5056#breadcrumb","itemListElement":[{"@type":"ListItem","position":1,"name":"Home","item":"https:\/\/challengeseconomiques.com\/"},{"@type":"ListItem","position":2,"name":"Conjoncture : R\u00e9silience \u00e0 court terme et difficult\u00e9s persistantes Conjoncture : R\u00e9silience \u00e0 court terme et difficult\u00e9s persistantes"}]},{"@type":"WebSite","@id":"https:\/\/challengeseconomiques.com\/#website","url":"https:\/\/challengeseconomiques.com\/","name":"challenges economiques","description":"","potentialAction":[{"@type":"SearchAction","target":{"@type":"EntryPoint","urlTemplate":"https:\/\/challengeseconomiques.com\/?s={search_term_string}"},"query-input":{"@type":"PropertyValueSpecification","valueRequired":true,"valueName":"search_term_string"}}],"inLanguage":"fr-FR"},{"@type":"Person","@id":"https:\/\/challengeseconomiques.com\/#\/schema\/person\/b4568c9afebc5a9238a771873801e349","name":"admin","image":{"@type":"ImageObject","inLanguage":"fr-FR","@id":"https:\/\/challengeseconomiques.com\/#\/schema\/person\/image\/","url":"https:\/\/secure.gravatar.com\/avatar\/099e42240b5eea11acdb72751fcce0dd918603f0749d24974b7984ea47ed9fd9?s=96&d=mm&r=g","contentUrl":"https:\/\/secure.gravatar.com\/avatar\/099e42240b5eea11acdb72751fcce0dd918603f0749d24974b7984ea47ed9fd9?s=96&d=mm&r=g","caption":"admin"},"sameAs":["https:\/\/challengeseconomiques.com"],"url":"https:\/\/challengeseconomiques.com\/?author=1"}]}},"jetpack_featured_media_url":"https:\/\/challengeseconomiques.com\/wp-content\/uploads\/2023\/07\/Conjoncture-previsions.webp","jetpack_sharing_enabled":true,"_links":{"self":[{"href":"https:\/\/challengeseconomiques.com\/index.php?rest_route=\/wp\/v2\/posts\/5056","targetHints":{"allow":["GET"]}}],"collection":[{"href":"https:\/\/challengeseconomiques.com\/index.php?rest_route=\/wp\/v2\/posts"}],"about":[{"href":"https:\/\/challengeseconomiques.com\/index.php?rest_route=\/wp\/v2\/types\/post"}],"author":[{"embeddable":true,"href":"https:\/\/challengeseconomiques.com\/index.php?rest_route=\/wp\/v2\/users\/1"}],"replies":[{"embeddable":true,"href":"https:\/\/challengeseconomiques.com\/index.php?rest_route=%2Fwp%2Fv2%2Fcomments&post=5056"}],"version-history":[{"count":2,"href":"https:\/\/challengeseconomiques.com\/index.php?rest_route=\/wp\/v2\/posts\/5056\/revisions"}],"predecessor-version":[{"id":5059,"href":"https:\/\/challengeseconomiques.com\/index.php?rest_route=\/wp\/v2\/posts\/5056\/revisions\/5059"}],"wp:featuredmedia":[{"embeddable":true,"href":"https:\/\/challengeseconomiques.com\/index.php?rest_route=\/wp\/v2\/media\/5057"}],"wp:attachment":[{"href":"https:\/\/challengeseconomiques.com\/index.php?rest_route=%2Fwp%2Fv2%2Fmedia&parent=5056"}],"wp:term":[{"taxonomy":"category","embeddable":true,"href":"https:\/\/challengeseconomiques.com\/index.php?rest_route=%2Fwp%2Fv2%2Fcategories&post=5056"},{"taxonomy":"post_tag","embeddable":true,"href":"https:\/\/challengeseconomiques.com\/index.php?rest_route=%2Fwp%2Fv2%2Ftags&post=5056"}],"curies":[{"name":"wp","href":"https:\/\/api.w.org\/{rel}","templated":true}]}}