{"id":5049,"date":"2023-07-26T12:40:22","date_gmt":"2023-07-26T12:40:22","guid":{"rendered":"https:\/\/challengeseconomiques.com\/?p=5049"},"modified":"2023-07-26T12:40:37","modified_gmt":"2023-07-26T12:40:37","slug":"umoa-titres-le-senegal-leve-32-milliards-fcfa-sur-le-marche-deja-plus-de-1-milliard-mobilises-en-2023","status":"publish","type":"post","link":"https:\/\/challengeseconomiques.com\/?p=5049","title":{"rendered":"Umoa-titres : le S\u00e9n\u00e9gal l\u00e8ve 32 milliards FCFA sur le march\u00e9, d\u00e9j\u00e0 plus de 1 milliard $ mobilis\u00e9s en 2023"},"content":{"rendered":"<p class=\"texte textearticle\"><strong>&nbsp;Le montant lev\u00e9 servira \u00e0 couvrir les d\u00e9penses au titre du budget national. Cette ann\u00e9e, le pays a d\u00e9j\u00e0 lev\u00e9 au moins 707 milliards FCFA sur ce compartiment de march\u00e9 g\u00e9r\u00e9 par Umoa-titres.&nbsp;<\/strong><\/p>\n<p class=\"texte textearticle\">En qu\u00eate initiale de 30 milliards FCFA (50,6 millions&nbsp;$) sur le march\u00e9 des titres publics par adjudication, organis\u00e9 par Umoa-titres, le S\u00e9n\u00e9gal a concr\u00e9tis\u00e9 une lev\u00e9e de 32,96 milliards FCFA le 21 juillet. La demande vigoureuse a totalis\u00e9 45,7 milliards FCFA, surpassant largement l&rsquo;offre initiale,&nbsp;soit un taux de couverture de 152,43%.<\/p>\n<p class=\"texte textearticle\">L&rsquo;essentiel de cette demande \u00e9mane d&rsquo;investisseurs hors fronti\u00e8res, illustrant la confiance accord\u00e9e aux titres s\u00e9n\u00e9galais. Au rang de ces investisseurs, ceux bas\u00e9s en C\u00f4te d&rsquo;Ivoire ont \u00e9t\u00e9 les plus actifs, suivis de pr\u00e8s par le Burkina Faso.<\/p>\n<p class=\"texte textearticle\">Cette op\u00e9ration concernait trois titres sp\u00e9cifiques du Tr\u00e9sor s\u00e9n\u00e9galais&nbsp;: un Bon assimilable du Tr\u00e9sor (BAT) d&rsquo;un an, et deux variantes d&rsquo;Obligations assimilables du Tr\u00e9sor (OAT). La premi\u00e8re, sur une maturit\u00e9 de 3 ans avec un taux d&rsquo;int\u00e9r\u00eat de 6,00%, pr\u00e9sente un rendement moyen pond\u00e9r\u00e9 de 7,34%. Quant \u00e0 la seconde, d&rsquo;une dur\u00e9e de 5 ans et dot\u00e9e d&rsquo;un taux de 6,15%, son rendement moyen pond\u00e9r\u00e9 s&rsquo;\u00e9tablit \u00e0 7,24%.<\/p>\n<p class=\"texte textearticle\">A noter que le S\u00e9n\u00e9gal, depuis le d\u00e9but de cette ann\u00e9e, a introduit 38 titres sur le march\u00e9 des titres publics par adjudication, comprenant 20 BAT et 15 OAT. L&rsquo;ensemble de ces sorties a abouti \u00e0 une lev\u00e9e cumul\u00e9e de 707 milliards FCFA (1,1 milliard&nbsp;$).<\/p>\n<p><strong>(Agence Ecofin)<br \/>\n<\/strong><\/p>\n","protected":false},"excerpt":{"rendered":"<p>&nbsp;Le montant lev\u00e9 servira \u00e0 couvrir les d\u00e9penses au titre du budget national. Cette ann\u00e9e, le pays a d\u00e9j\u00e0 lev\u00e9 au moins 707 milliards FCFA&#8230;<\/p>\n","protected":false},"author":1,"featured_media":2711,"comment_status":"closed","ping_status":"open","sticky":false,"template":"","format":"standard","meta":{"_jetpack_memberships_contains_paid_content":false,"footnotes":""},"categories":[8,10],"tags":[],"class_list":["post-5049","post","type-post","status-publish","format-standard","has-post-thumbnail","hentry","category-actualite-economique","category-infos-eco","wpcat-8-id","wpcat-10-id"],"yoast_head":"<!-- This site is optimized with the Yoast SEO plugin v27.1.1 - https:\/\/yoast.com\/product\/yoast-seo-wordpress\/ -->\n<title>Umoa-titres : le S\u00e9n\u00e9gal l\u00e8ve 32 milliards FCFA sur le march\u00e9, d\u00e9j\u00e0 plus de 1 milliard $ mobilis\u00e9s en 2023 - challenges economiques<\/title>\n<meta name=\"robots\" content=\"index, follow, max-snippet:-1, max-image-preview:large, max-video-preview:-1\" \/>\n<link rel=\"canonical\" href=\"https:\/\/challengeseconomiques.com\/?p=5049\" \/>\n<meta property=\"og:locale\" content=\"fr_FR\" \/>\n<meta property=\"og:type\" content=\"article\" \/>\n<meta property=\"og:title\" content=\"Umoa-titres : le S\u00e9n\u00e9gal l\u00e8ve 32 milliards FCFA sur le march\u00e9, d\u00e9j\u00e0 plus de 1 milliard $ mobilis\u00e9s en 2023 - challenges economiques\" \/>\n<meta property=\"og:description\" content=\"&nbsp;Le montant lev\u00e9 servira \u00e0 couvrir les d\u00e9penses au titre du budget national. Cette ann\u00e9e, le pays a d\u00e9j\u00e0 lev\u00e9 au moins 707 milliards FCFA...\" \/>\n<meta property=\"og:url\" content=\"https:\/\/challengeseconomiques.com\/?p=5049\" \/>\n<meta property=\"og:site_name\" content=\"challenges economiques\" \/>\n<meta property=\"article:published_time\" content=\"2023-07-26T12:40:22+00:00\" \/>\n<meta property=\"article:modified_time\" content=\"2023-07-26T12:40:37+00:00\" \/>\n<meta property=\"og:image\" content=\"https:\/\/challengeseconomiques.com\/wp-content\/uploads\/2022\/02\/Tresor-Public-du-Senegal.jpg\" \/>\n\t<meta property=\"og:image:width\" content=\"600\" \/>\n\t<meta property=\"og:image:height\" content=\"400\" \/>\n\t<meta property=\"og:image:type\" content=\"image\/jpeg\" \/>\n<meta name=\"author\" content=\"admin\" \/>\n<meta name=\"twitter:card\" content=\"summary_large_image\" \/>\n<meta name=\"twitter:label1\" content=\"\u00c9crit par\" \/>\n\t<meta name=\"twitter:data1\" content=\"admin\" \/>\n\t<meta name=\"twitter:label2\" content=\"Dur\u00e9e de lecture estim\u00e9e\" \/>\n\t<meta name=\"twitter:data2\" content=\"1 minute\" \/>\n<script type=\"application\/ld+json\" class=\"yoast-schema-graph\">{\"@context\":\"https:\/\/schema.org\",\"@graph\":[{\"@type\":\"Article\",\"@id\":\"https:\/\/challengeseconomiques.com\/?p=5049#article\",\"isPartOf\":{\"@id\":\"https:\/\/challengeseconomiques.com\/?p=5049\"},\"author\":{\"name\":\"admin\",\"@id\":\"https:\/\/challengeseconomiques.com\/#\/schema\/person\/b4568c9afebc5a9238a771873801e349\"},\"headline\":\"Umoa-titres : le S\u00e9n\u00e9gal l\u00e8ve 32 milliards FCFA sur le march\u00e9, d\u00e9j\u00e0 plus de 1 milliard $ mobilis\u00e9s en 2023\",\"datePublished\":\"2023-07-26T12:40:22+00:00\",\"dateModified\":\"2023-07-26T12:40:37+00:00\",\"mainEntityOfPage\":{\"@id\":\"https:\/\/challengeseconomiques.com\/?p=5049\"},\"wordCount\":289,\"image\":{\"@id\":\"https:\/\/challengeseconomiques.com\/?p=5049#primaryimage\"},\"thumbnailUrl\":\"https:\/\/challengeseconomiques.com\/wp-content\/uploads\/2022\/02\/Tresor-Public-du-Senegal.jpg\",\"articleSection\":[\"Actualit\u00e9 \u00e9conomique\",\"Infos \u00e9co\"],\"inLanguage\":\"fr-FR\"},{\"@type\":\"WebPage\",\"@id\":\"https:\/\/challengeseconomiques.com\/?p=5049\",\"url\":\"https:\/\/challengeseconomiques.com\/?p=5049\",\"name\":\"Umoa-titres : le S\u00e9n\u00e9gal l\u00e8ve 32 milliards FCFA sur le march\u00e9, d\u00e9j\u00e0 plus de 1 milliard $ mobilis\u00e9s en 2023 - challenges economiques\",\"isPartOf\":{\"@id\":\"https:\/\/challengeseconomiques.com\/#website\"},\"primaryImageOfPage\":{\"@id\":\"https:\/\/challengeseconomiques.com\/?p=5049#primaryimage\"},\"image\":{\"@id\":\"https:\/\/challengeseconomiques.com\/?p=5049#primaryimage\"},\"thumbnailUrl\":\"https:\/\/challengeseconomiques.com\/wp-content\/uploads\/2022\/02\/Tresor-Public-du-Senegal.jpg\",\"datePublished\":\"2023-07-26T12:40:22+00:00\",\"dateModified\":\"2023-07-26T12:40:37+00:00\",\"author\":{\"@id\":\"https:\/\/challengeseconomiques.com\/#\/schema\/person\/b4568c9afebc5a9238a771873801e349\"},\"breadcrumb\":{\"@id\":\"https:\/\/challengeseconomiques.com\/?p=5049#breadcrumb\"},\"inLanguage\":\"fr-FR\",\"potentialAction\":[{\"@type\":\"ReadAction\",\"target\":[\"https:\/\/challengeseconomiques.com\/?p=5049\"]}]},{\"@type\":\"ImageObject\",\"inLanguage\":\"fr-FR\",\"@id\":\"https:\/\/challengeseconomiques.com\/?p=5049#primaryimage\",\"url\":\"https:\/\/challengeseconomiques.com\/wp-content\/uploads\/2022\/02\/Tresor-Public-du-Senegal.jpg\",\"contentUrl\":\"https:\/\/challengeseconomiques.com\/wp-content\/uploads\/2022\/02\/Tresor-Public-du-Senegal.jpg\",\"width\":600,\"height\":400},{\"@type\":\"BreadcrumbList\",\"@id\":\"https:\/\/challengeseconomiques.com\/?p=5049#breadcrumb\",\"itemListElement\":[{\"@type\":\"ListItem\",\"position\":1,\"name\":\"Home\",\"item\":\"https:\/\/challengeseconomiques.com\/\"},{\"@type\":\"ListItem\",\"position\":2,\"name\":\"Umoa-titres : le S\u00e9n\u00e9gal l\u00e8ve 32 milliards FCFA sur le march\u00e9, d\u00e9j\u00e0 plus de 1 milliard $ mobilis\u00e9s en 2023\"}]},{\"@type\":\"WebSite\",\"@id\":\"https:\/\/challengeseconomiques.com\/#website\",\"url\":\"https:\/\/challengeseconomiques.com\/\",\"name\":\"challenges economiques\",\"description\":\"\",\"potentialAction\":[{\"@type\":\"SearchAction\",\"target\":{\"@type\":\"EntryPoint\",\"urlTemplate\":\"https:\/\/challengeseconomiques.com\/?s={search_term_string}\"},\"query-input\":{\"@type\":\"PropertyValueSpecification\",\"valueRequired\":true,\"valueName\":\"search_term_string\"}}],\"inLanguage\":\"fr-FR\"},{\"@type\":\"Person\",\"@id\":\"https:\/\/challengeseconomiques.com\/#\/schema\/person\/b4568c9afebc5a9238a771873801e349\",\"name\":\"admin\",\"image\":{\"@type\":\"ImageObject\",\"inLanguage\":\"fr-FR\",\"@id\":\"https:\/\/challengeseconomiques.com\/#\/schema\/person\/image\/\",\"url\":\"https:\/\/secure.gravatar.com\/avatar\/099e42240b5eea11acdb72751fcce0dd918603f0749d24974b7984ea47ed9fd9?s=96&d=mm&r=g\",\"contentUrl\":\"https:\/\/secure.gravatar.com\/avatar\/099e42240b5eea11acdb72751fcce0dd918603f0749d24974b7984ea47ed9fd9?s=96&d=mm&r=g\",\"caption\":\"admin\"},\"sameAs\":[\"https:\/\/challengeseconomiques.com\"],\"url\":\"https:\/\/challengeseconomiques.com\/?author=1\"}]}<\/script>\n<!-- \/ Yoast SEO plugin. -->","yoast_head_json":{"title":"Umoa-titres : le S\u00e9n\u00e9gal l\u00e8ve 32 milliards FCFA sur le march\u00e9, d\u00e9j\u00e0 plus de 1 milliard $ mobilis\u00e9s en 2023 - challenges economiques","robots":{"index":"index","follow":"follow","max-snippet":"max-snippet:-1","max-image-preview":"max-image-preview:large","max-video-preview":"max-video-preview:-1"},"canonical":"https:\/\/challengeseconomiques.com\/?p=5049","og_locale":"fr_FR","og_type":"article","og_title":"Umoa-titres : le S\u00e9n\u00e9gal l\u00e8ve 32 milliards FCFA sur le march\u00e9, d\u00e9j\u00e0 plus de 1 milliard $ mobilis\u00e9s en 2023 - challenges economiques","og_description":"&nbsp;Le montant lev\u00e9 servira \u00e0 couvrir les d\u00e9penses au titre du budget national. Cette ann\u00e9e, le pays a d\u00e9j\u00e0 lev\u00e9 au moins 707 milliards FCFA...","og_url":"https:\/\/challengeseconomiques.com\/?p=5049","og_site_name":"challenges economiques","article_published_time":"2023-07-26T12:40:22+00:00","article_modified_time":"2023-07-26T12:40:37+00:00","og_image":[{"width":600,"height":400,"url":"https:\/\/challengeseconomiques.com\/wp-content\/uploads\/2022\/02\/Tresor-Public-du-Senegal.jpg","type":"image\/jpeg"}],"author":"admin","twitter_card":"summary_large_image","twitter_misc":{"\u00c9crit par":"admin","Dur\u00e9e de lecture estim\u00e9e":"1 minute"},"schema":{"@context":"https:\/\/schema.org","@graph":[{"@type":"Article","@id":"https:\/\/challengeseconomiques.com\/?p=5049#article","isPartOf":{"@id":"https:\/\/challengeseconomiques.com\/?p=5049"},"author":{"name":"admin","@id":"https:\/\/challengeseconomiques.com\/#\/schema\/person\/b4568c9afebc5a9238a771873801e349"},"headline":"Umoa-titres : le S\u00e9n\u00e9gal l\u00e8ve 32 milliards FCFA sur le march\u00e9, d\u00e9j\u00e0 plus de 1 milliard $ mobilis\u00e9s en 2023","datePublished":"2023-07-26T12:40:22+00:00","dateModified":"2023-07-26T12:40:37+00:00","mainEntityOfPage":{"@id":"https:\/\/challengeseconomiques.com\/?p=5049"},"wordCount":289,"image":{"@id":"https:\/\/challengeseconomiques.com\/?p=5049#primaryimage"},"thumbnailUrl":"https:\/\/challengeseconomiques.com\/wp-content\/uploads\/2022\/02\/Tresor-Public-du-Senegal.jpg","articleSection":["Actualit\u00e9 \u00e9conomique","Infos \u00e9co"],"inLanguage":"fr-FR"},{"@type":"WebPage","@id":"https:\/\/challengeseconomiques.com\/?p=5049","url":"https:\/\/challengeseconomiques.com\/?p=5049","name":"Umoa-titres : le S\u00e9n\u00e9gal l\u00e8ve 32 milliards FCFA sur le march\u00e9, d\u00e9j\u00e0 plus de 1 milliard $ mobilis\u00e9s en 2023 - challenges economiques","isPartOf":{"@id":"https:\/\/challengeseconomiques.com\/#website"},"primaryImageOfPage":{"@id":"https:\/\/challengeseconomiques.com\/?p=5049#primaryimage"},"image":{"@id":"https:\/\/challengeseconomiques.com\/?p=5049#primaryimage"},"thumbnailUrl":"https:\/\/challengeseconomiques.com\/wp-content\/uploads\/2022\/02\/Tresor-Public-du-Senegal.jpg","datePublished":"2023-07-26T12:40:22+00:00","dateModified":"2023-07-26T12:40:37+00:00","author":{"@id":"https:\/\/challengeseconomiques.com\/#\/schema\/person\/b4568c9afebc5a9238a771873801e349"},"breadcrumb":{"@id":"https:\/\/challengeseconomiques.com\/?p=5049#breadcrumb"},"inLanguage":"fr-FR","potentialAction":[{"@type":"ReadAction","target":["https:\/\/challengeseconomiques.com\/?p=5049"]}]},{"@type":"ImageObject","inLanguage":"fr-FR","@id":"https:\/\/challengeseconomiques.com\/?p=5049#primaryimage","url":"https:\/\/challengeseconomiques.com\/wp-content\/uploads\/2022\/02\/Tresor-Public-du-Senegal.jpg","contentUrl":"https:\/\/challengeseconomiques.com\/wp-content\/uploads\/2022\/02\/Tresor-Public-du-Senegal.jpg","width":600,"height":400},{"@type":"BreadcrumbList","@id":"https:\/\/challengeseconomiques.com\/?p=5049#breadcrumb","itemListElement":[{"@type":"ListItem","position":1,"name":"Home","item":"https:\/\/challengeseconomiques.com\/"},{"@type":"ListItem","position":2,"name":"Umoa-titres : le S\u00e9n\u00e9gal l\u00e8ve 32 milliards FCFA sur le march\u00e9, d\u00e9j\u00e0 plus de 1 milliard $ mobilis\u00e9s en 2023"}]},{"@type":"WebSite","@id":"https:\/\/challengeseconomiques.com\/#website","url":"https:\/\/challengeseconomiques.com\/","name":"challenges economiques","description":"","potentialAction":[{"@type":"SearchAction","target":{"@type":"EntryPoint","urlTemplate":"https:\/\/challengeseconomiques.com\/?s={search_term_string}"},"query-input":{"@type":"PropertyValueSpecification","valueRequired":true,"valueName":"search_term_string"}}],"inLanguage":"fr-FR"},{"@type":"Person","@id":"https:\/\/challengeseconomiques.com\/#\/schema\/person\/b4568c9afebc5a9238a771873801e349","name":"admin","image":{"@type":"ImageObject","inLanguage":"fr-FR","@id":"https:\/\/challengeseconomiques.com\/#\/schema\/person\/image\/","url":"https:\/\/secure.gravatar.com\/avatar\/099e42240b5eea11acdb72751fcce0dd918603f0749d24974b7984ea47ed9fd9?s=96&d=mm&r=g","contentUrl":"https:\/\/secure.gravatar.com\/avatar\/099e42240b5eea11acdb72751fcce0dd918603f0749d24974b7984ea47ed9fd9?s=96&d=mm&r=g","caption":"admin"},"sameAs":["https:\/\/challengeseconomiques.com"],"url":"https:\/\/challengeseconomiques.com\/?author=1"}]}},"jetpack_featured_media_url":"https:\/\/challengeseconomiques.com\/wp-content\/uploads\/2022\/02\/Tresor-Public-du-Senegal.jpg","jetpack_sharing_enabled":true,"_links":{"self":[{"href":"https:\/\/challengeseconomiques.com\/index.php?rest_route=\/wp\/v2\/posts\/5049","targetHints":{"allow":["GET"]}}],"collection":[{"href":"https:\/\/challengeseconomiques.com\/index.php?rest_route=\/wp\/v2\/posts"}],"about":[{"href":"https:\/\/challengeseconomiques.com\/index.php?rest_route=\/wp\/v2\/types\/post"}],"author":[{"embeddable":true,"href":"https:\/\/challengeseconomiques.com\/index.php?rest_route=\/wp\/v2\/users\/1"}],"replies":[{"embeddable":true,"href":"https:\/\/challengeseconomiques.com\/index.php?rest_route=%2Fwp%2Fv2%2Fcomments&post=5049"}],"version-history":[{"count":2,"href":"https:\/\/challengeseconomiques.com\/index.php?rest_route=\/wp\/v2\/posts\/5049\/revisions"}],"predecessor-version":[{"id":5051,"href":"https:\/\/challengeseconomiques.com\/index.php?rest_route=\/wp\/v2\/posts\/5049\/revisions\/5051"}],"wp:featuredmedia":[{"embeddable":true,"href":"https:\/\/challengeseconomiques.com\/index.php?rest_route=\/wp\/v2\/media\/2711"}],"wp:attachment":[{"href":"https:\/\/challengeseconomiques.com\/index.php?rest_route=%2Fwp%2Fv2%2Fmedia&parent=5049"}],"wp:term":[{"taxonomy":"category","embeddable":true,"href":"https:\/\/challengeseconomiques.com\/index.php?rest_route=%2Fwp%2Fv2%2Fcategories&post=5049"},{"taxonomy":"post_tag","embeddable":true,"href":"https:\/\/challengeseconomiques.com\/index.php?rest_route=%2Fwp%2Fv2%2Ftags&post=5049"}],"curies":[{"name":"wp","href":"https:\/\/api.w.org\/{rel}","templated":true}]}}