{"id":5022,"date":"2023-07-24T22:58:24","date_gmt":"2023-07-24T22:58:24","guid":{"rendered":"https:\/\/challengeseconomiques.com\/?p=5022"},"modified":"2023-07-24T23:08:04","modified_gmt":"2023-07-24T23:08:04","slug":"ousmane-mbaye-elu-president-de-la-chambre-des-mines-du-senegal","status":"publish","type":"post","link":"https:\/\/challengeseconomiques.com\/?p=5022","title":{"rendered":"Ousmane MBAYE nouveau Pr\u00e8sident   de la  Chambre des Mines du S\u00e9n\u00e9gal"},"content":{"rendered":"<p><strong>\u00a0<\/strong><\/p>\n<p>Le Directeur G\u00e9n\u00e9ral de Dangote Cement Senegal, Ousmane Mbaye, a \u00e9t\u00e9 \u00e9lu Pr\u00e9sident de la Chambre des Mines du S\u00e9n\u00e9gal (CDMS). L\u2019\u00e9lection a eu lieu vendredi dernier, 21 juillet 2023, \u00e0 Dakar, lors de l\u2019Assembl\u00e9e G\u00e9n\u00e9rale de l\u2019organisation. Son mandat est de deux ans renouvelables.\u00a0 Ousmane Mbaye succ\u00e8de \u00e0 Daour Dieng, Pr\u00e9sident du Conseil d&rsquo;Administration, et Directeur Communaut\u00e9s, Environnement &amp; Affaires Publiques de Grande C\u00f4te Operations (GCO), qui exploite le zircon \u00e0 Diogo, dans le nord-ouest du S\u00e9n\u00e9gal.\u00a0\u00a0 Institu\u00e9e en 2013, la CDMS est une association priv\u00e9e du secteur minier S\u00e9n\u00e9galais. Ses missions principales sont de faire la promotion du secteur minier s\u00e9n\u00e9galais et de servir d&rsquo;interlocuteur entre le gouvernement, la soci\u00e9t\u00e9 civile et le secteur priv\u00e9 minier au S\u00e9n\u00e9gal.<\/p>\n<p><strong>Source: Dangote Cement Senegal<\/strong><\/p>\n","protected":false},"excerpt":{"rendered":"<p>\u00a0 Le Directeur G\u00e9n\u00e9ral de Dangote Cement Senegal, Ousmane Mbaye, a \u00e9t\u00e9 \u00e9lu Pr\u00e9sident de la Chambre des Mines du S\u00e9n\u00e9gal (CDMS). L\u2019\u00e9lection a eu&#8230;<\/p>\n","protected":false},"author":1,"featured_media":5033,"comment_status":"closed","ping_status":"open","sticky":false,"template":"","format":"standard","meta":{"_jetpack_memberships_contains_paid_content":false,"footnotes":""},"categories":[23,8],"tags":[],"class_list":["post-5022","post","type-post","status-publish","format-standard","has-post-thumbnail","hentry","category-a-la-une","category-actualite-economique","wpcat-23-id","wpcat-8-id"],"yoast_head":"<!-- This site is optimized with the Yoast SEO plugin v27.1.1 - https:\/\/yoast.com\/product\/yoast-seo-wordpress\/ -->\n<title>Ousmane MBAYE nouveau Pr\u00e8sident  de la Chambre des Mines du S\u00e9n\u00e9gal - challenges economiques<\/title>\n<meta name=\"robots\" content=\"index, follow, max-snippet:-1, max-image-preview:large, max-video-preview:-1\" \/>\n<link rel=\"canonical\" href=\"https:\/\/challengeseconomiques.com\/?p=5022\" \/>\n<meta property=\"og:locale\" content=\"fr_FR\" \/>\n<meta property=\"og:type\" content=\"article\" \/>\n<meta property=\"og:title\" content=\"Ousmane MBAYE nouveau Pr\u00e8sident  de la Chambre des Mines du S\u00e9n\u00e9gal - challenges economiques\" \/>\n<meta property=\"og:description\" content=\"\u00a0 Le Directeur G\u00e9n\u00e9ral de Dangote Cement Senegal, Ousmane Mbaye, a \u00e9t\u00e9 \u00e9lu Pr\u00e9sident de la Chambre des Mines du S\u00e9n\u00e9gal (CDMS). L\u2019\u00e9lection a eu...\" \/>\n<meta property=\"og:url\" content=\"https:\/\/challengeseconomiques.com\/?p=5022\" \/>\n<meta property=\"og:site_name\" content=\"challenges economiques\" \/>\n<meta property=\"article:published_time\" content=\"2023-07-24T22:58:24+00:00\" \/>\n<meta property=\"article:modified_time\" content=\"2023-07-24T23:08:04+00:00\" \/>\n<meta property=\"og:image\" content=\"https:\/\/challengeseconomiques.com\/wp-content\/uploads\/2023\/07\/bon.png\" \/>\n\t<meta property=\"og:image:width\" content=\"612\" \/>\n\t<meta property=\"og:image:height\" content=\"298\" \/>\n\t<meta property=\"og:image:type\" content=\"image\/png\" \/>\n<meta name=\"author\" content=\"admin\" \/>\n<meta name=\"twitter:card\" content=\"summary_large_image\" \/>\n<meta name=\"twitter:label1\" content=\"\u00c9crit par\" \/>\n\t<meta name=\"twitter:data1\" content=\"admin\" \/>\n\t<meta name=\"twitter:label2\" content=\"Dur\u00e9e de lecture estim\u00e9e\" \/>\n\t<meta name=\"twitter:data2\" content=\"1 minute\" \/>\n<script type=\"application\/ld+json\" class=\"yoast-schema-graph\">{\"@context\":\"https:\/\/schema.org\",\"@graph\":[{\"@type\":\"Article\",\"@id\":\"https:\/\/challengeseconomiques.com\/?p=5022#article\",\"isPartOf\":{\"@id\":\"https:\/\/challengeseconomiques.com\/?p=5022\"},\"author\":{\"name\":\"admin\",\"@id\":\"https:\/\/challengeseconomiques.com\/#\/schema\/person\/b4568c9afebc5a9238a771873801e349\"},\"headline\":\"Ousmane MBAYE nouveau Pr\u00e8sident de la Chambre des Mines du S\u00e9n\u00e9gal\",\"datePublished\":\"2023-07-24T22:58:24+00:00\",\"dateModified\":\"2023-07-24T23:08:04+00:00\",\"mainEntityOfPage\":{\"@id\":\"https:\/\/challengeseconomiques.com\/?p=5022\"},\"wordCount\":160,\"image\":{\"@id\":\"https:\/\/challengeseconomiques.com\/?p=5022#primaryimage\"},\"thumbnailUrl\":\"https:\/\/challengeseconomiques.com\/wp-content\/uploads\/2023\/07\/bon.png\",\"articleSection\":[\"A la une\",\"Actualit\u00e9 \u00e9conomique\"],\"inLanguage\":\"fr-FR\"},{\"@type\":\"WebPage\",\"@id\":\"https:\/\/challengeseconomiques.com\/?p=5022\",\"url\":\"https:\/\/challengeseconomiques.com\/?p=5022\",\"name\":\"Ousmane MBAYE nouveau Pr\u00e8sident de la Chambre des Mines du S\u00e9n\u00e9gal - challenges economiques\",\"isPartOf\":{\"@id\":\"https:\/\/challengeseconomiques.com\/#website\"},\"primaryImageOfPage\":{\"@id\":\"https:\/\/challengeseconomiques.com\/?p=5022#primaryimage\"},\"image\":{\"@id\":\"https:\/\/challengeseconomiques.com\/?p=5022#primaryimage\"},\"thumbnailUrl\":\"https:\/\/challengeseconomiques.com\/wp-content\/uploads\/2023\/07\/bon.png\",\"datePublished\":\"2023-07-24T22:58:24+00:00\",\"dateModified\":\"2023-07-24T23:08:04+00:00\",\"author\":{\"@id\":\"https:\/\/challengeseconomiques.com\/#\/schema\/person\/b4568c9afebc5a9238a771873801e349\"},\"breadcrumb\":{\"@id\":\"https:\/\/challengeseconomiques.com\/?p=5022#breadcrumb\"},\"inLanguage\":\"fr-FR\",\"potentialAction\":[{\"@type\":\"ReadAction\",\"target\":[\"https:\/\/challengeseconomiques.com\/?p=5022\"]}]},{\"@type\":\"ImageObject\",\"inLanguage\":\"fr-FR\",\"@id\":\"https:\/\/challengeseconomiques.com\/?p=5022#primaryimage\",\"url\":\"https:\/\/challengeseconomiques.com\/wp-content\/uploads\/2023\/07\/bon.png\",\"contentUrl\":\"https:\/\/challengeseconomiques.com\/wp-content\/uploads\/2023\/07\/bon.png\",\"width\":612,\"height\":298},{\"@type\":\"BreadcrumbList\",\"@id\":\"https:\/\/challengeseconomiques.com\/?p=5022#breadcrumb\",\"itemListElement\":[{\"@type\":\"ListItem\",\"position\":1,\"name\":\"Home\",\"item\":\"https:\/\/challengeseconomiques.com\/\"},{\"@type\":\"ListItem\",\"position\":2,\"name\":\"Ousmane MBAYE nouveau Pr\u00e8sident de la Chambre des Mines du S\u00e9n\u00e9gal\"}]},{\"@type\":\"WebSite\",\"@id\":\"https:\/\/challengeseconomiques.com\/#website\",\"url\":\"https:\/\/challengeseconomiques.com\/\",\"name\":\"challenges economiques\",\"description\":\"\",\"potentialAction\":[{\"@type\":\"SearchAction\",\"target\":{\"@type\":\"EntryPoint\",\"urlTemplate\":\"https:\/\/challengeseconomiques.com\/?s={search_term_string}\"},\"query-input\":{\"@type\":\"PropertyValueSpecification\",\"valueRequired\":true,\"valueName\":\"search_term_string\"}}],\"inLanguage\":\"fr-FR\"},{\"@type\":\"Person\",\"@id\":\"https:\/\/challengeseconomiques.com\/#\/schema\/person\/b4568c9afebc5a9238a771873801e349\",\"name\":\"admin\",\"image\":{\"@type\":\"ImageObject\",\"inLanguage\":\"fr-FR\",\"@id\":\"https:\/\/challengeseconomiques.com\/#\/schema\/person\/image\/\",\"url\":\"https:\/\/secure.gravatar.com\/avatar\/099e42240b5eea11acdb72751fcce0dd918603f0749d24974b7984ea47ed9fd9?s=96&d=mm&r=g\",\"contentUrl\":\"https:\/\/secure.gravatar.com\/avatar\/099e42240b5eea11acdb72751fcce0dd918603f0749d24974b7984ea47ed9fd9?s=96&d=mm&r=g\",\"caption\":\"admin\"},\"sameAs\":[\"https:\/\/challengeseconomiques.com\"],\"url\":\"https:\/\/challengeseconomiques.com\/?author=1\"}]}<\/script>\n<!-- \/ Yoast SEO plugin. -->","yoast_head_json":{"title":"Ousmane MBAYE nouveau Pr\u00e8sident  de la Chambre des Mines du S\u00e9n\u00e9gal - challenges economiques","robots":{"index":"index","follow":"follow","max-snippet":"max-snippet:-1","max-image-preview":"max-image-preview:large","max-video-preview":"max-video-preview:-1"},"canonical":"https:\/\/challengeseconomiques.com\/?p=5022","og_locale":"fr_FR","og_type":"article","og_title":"Ousmane MBAYE nouveau Pr\u00e8sident  de la Chambre des Mines du S\u00e9n\u00e9gal - challenges economiques","og_description":"\u00a0 Le Directeur G\u00e9n\u00e9ral de Dangote Cement Senegal, Ousmane Mbaye, a \u00e9t\u00e9 \u00e9lu Pr\u00e9sident de la Chambre des Mines du S\u00e9n\u00e9gal (CDMS). L\u2019\u00e9lection a eu...","og_url":"https:\/\/challengeseconomiques.com\/?p=5022","og_site_name":"challenges economiques","article_published_time":"2023-07-24T22:58:24+00:00","article_modified_time":"2023-07-24T23:08:04+00:00","og_image":[{"width":612,"height":298,"url":"https:\/\/challengeseconomiques.com\/wp-content\/uploads\/2023\/07\/bon.png","type":"image\/png"}],"author":"admin","twitter_card":"summary_large_image","twitter_misc":{"\u00c9crit par":"admin","Dur\u00e9e de lecture estim\u00e9e":"1 minute"},"schema":{"@context":"https:\/\/schema.org","@graph":[{"@type":"Article","@id":"https:\/\/challengeseconomiques.com\/?p=5022#article","isPartOf":{"@id":"https:\/\/challengeseconomiques.com\/?p=5022"},"author":{"name":"admin","@id":"https:\/\/challengeseconomiques.com\/#\/schema\/person\/b4568c9afebc5a9238a771873801e349"},"headline":"Ousmane MBAYE nouveau Pr\u00e8sident de la Chambre des Mines du S\u00e9n\u00e9gal","datePublished":"2023-07-24T22:58:24+00:00","dateModified":"2023-07-24T23:08:04+00:00","mainEntityOfPage":{"@id":"https:\/\/challengeseconomiques.com\/?p=5022"},"wordCount":160,"image":{"@id":"https:\/\/challengeseconomiques.com\/?p=5022#primaryimage"},"thumbnailUrl":"https:\/\/challengeseconomiques.com\/wp-content\/uploads\/2023\/07\/bon.png","articleSection":["A la une","Actualit\u00e9 \u00e9conomique"],"inLanguage":"fr-FR"},{"@type":"WebPage","@id":"https:\/\/challengeseconomiques.com\/?p=5022","url":"https:\/\/challengeseconomiques.com\/?p=5022","name":"Ousmane MBAYE nouveau Pr\u00e8sident de la Chambre des Mines du S\u00e9n\u00e9gal - challenges economiques","isPartOf":{"@id":"https:\/\/challengeseconomiques.com\/#website"},"primaryImageOfPage":{"@id":"https:\/\/challengeseconomiques.com\/?p=5022#primaryimage"},"image":{"@id":"https:\/\/challengeseconomiques.com\/?p=5022#primaryimage"},"thumbnailUrl":"https:\/\/challengeseconomiques.com\/wp-content\/uploads\/2023\/07\/bon.png","datePublished":"2023-07-24T22:58:24+00:00","dateModified":"2023-07-24T23:08:04+00:00","author":{"@id":"https:\/\/challengeseconomiques.com\/#\/schema\/person\/b4568c9afebc5a9238a771873801e349"},"breadcrumb":{"@id":"https:\/\/challengeseconomiques.com\/?p=5022#breadcrumb"},"inLanguage":"fr-FR","potentialAction":[{"@type":"ReadAction","target":["https:\/\/challengeseconomiques.com\/?p=5022"]}]},{"@type":"ImageObject","inLanguage":"fr-FR","@id":"https:\/\/challengeseconomiques.com\/?p=5022#primaryimage","url":"https:\/\/challengeseconomiques.com\/wp-content\/uploads\/2023\/07\/bon.png","contentUrl":"https:\/\/challengeseconomiques.com\/wp-content\/uploads\/2023\/07\/bon.png","width":612,"height":298},{"@type":"BreadcrumbList","@id":"https:\/\/challengeseconomiques.com\/?p=5022#breadcrumb","itemListElement":[{"@type":"ListItem","position":1,"name":"Home","item":"https:\/\/challengeseconomiques.com\/"},{"@type":"ListItem","position":2,"name":"Ousmane MBAYE nouveau Pr\u00e8sident de la Chambre des Mines du S\u00e9n\u00e9gal"}]},{"@type":"WebSite","@id":"https:\/\/challengeseconomiques.com\/#website","url":"https:\/\/challengeseconomiques.com\/","name":"challenges economiques","description":"","potentialAction":[{"@type":"SearchAction","target":{"@type":"EntryPoint","urlTemplate":"https:\/\/challengeseconomiques.com\/?s={search_term_string}"},"query-input":{"@type":"PropertyValueSpecification","valueRequired":true,"valueName":"search_term_string"}}],"inLanguage":"fr-FR"},{"@type":"Person","@id":"https:\/\/challengeseconomiques.com\/#\/schema\/person\/b4568c9afebc5a9238a771873801e349","name":"admin","image":{"@type":"ImageObject","inLanguage":"fr-FR","@id":"https:\/\/challengeseconomiques.com\/#\/schema\/person\/image\/","url":"https:\/\/secure.gravatar.com\/avatar\/099e42240b5eea11acdb72751fcce0dd918603f0749d24974b7984ea47ed9fd9?s=96&d=mm&r=g","contentUrl":"https:\/\/secure.gravatar.com\/avatar\/099e42240b5eea11acdb72751fcce0dd918603f0749d24974b7984ea47ed9fd9?s=96&d=mm&r=g","caption":"admin"},"sameAs":["https:\/\/challengeseconomiques.com"],"url":"https:\/\/challengeseconomiques.com\/?author=1"}]}},"jetpack_featured_media_url":"https:\/\/challengeseconomiques.com\/wp-content\/uploads\/2023\/07\/bon.png","jetpack_sharing_enabled":true,"_links":{"self":[{"href":"https:\/\/challengeseconomiques.com\/index.php?rest_route=\/wp\/v2\/posts\/5022","targetHints":{"allow":["GET"]}}],"collection":[{"href":"https:\/\/challengeseconomiques.com\/index.php?rest_route=\/wp\/v2\/posts"}],"about":[{"href":"https:\/\/challengeseconomiques.com\/index.php?rest_route=\/wp\/v2\/types\/post"}],"author":[{"embeddable":true,"href":"https:\/\/challengeseconomiques.com\/index.php?rest_route=\/wp\/v2\/users\/1"}],"replies":[{"embeddable":true,"href":"https:\/\/challengeseconomiques.com\/index.php?rest_route=%2Fwp%2Fv2%2Fcomments&post=5022"}],"version-history":[{"count":6,"href":"https:\/\/challengeseconomiques.com\/index.php?rest_route=\/wp\/v2\/posts\/5022\/revisions"}],"predecessor-version":[{"id":5034,"href":"https:\/\/challengeseconomiques.com\/index.php?rest_route=\/wp\/v2\/posts\/5022\/revisions\/5034"}],"wp:featuredmedia":[{"embeddable":true,"href":"https:\/\/challengeseconomiques.com\/index.php?rest_route=\/wp\/v2\/media\/5033"}],"wp:attachment":[{"href":"https:\/\/challengeseconomiques.com\/index.php?rest_route=%2Fwp%2Fv2%2Fmedia&parent=5022"}],"wp:term":[{"taxonomy":"category","embeddable":true,"href":"https:\/\/challengeseconomiques.com\/index.php?rest_route=%2Fwp%2Fv2%2Fcategories&post=5022"},{"taxonomy":"post_tag","embeddable":true,"href":"https:\/\/challengeseconomiques.com\/index.php?rest_route=%2Fwp%2Fv2%2Ftags&post=5022"}],"curies":[{"name":"wp","href":"https:\/\/api.w.org\/{rel}","templated":true}]}}