{"id":5008,"date":"2023-07-23T10:46:05","date_gmt":"2023-07-23T10:46:05","guid":{"rendered":"https:\/\/challengeseconomiques.com\/?p=5008"},"modified":"2023-07-23T10:46:25","modified_gmt":"2023-07-23T10:46:25","slug":"la-cedeao-veut-stimuler-le-commerce-electronique","status":"publish","type":"post","link":"https:\/\/challengeseconomiques.com\/?p=5008","title":{"rendered":"La CEDEAO veut stimuler le commerce \u00e9lectronique"},"content":{"rendered":"<p><strong>Le Conseil des ministres de la Communaut\u00e9 \u00e9conomique des \u00c9tats de l\u2019Afrique de l\u2019Ouest a adopt\u00e9 une strat\u00e9gie visant \u00e0 stimuler le commerce \u00e9lectronique dans la r\u00e9gion gr\u00e2ce \u00e0 des mesures sp\u00e9cifiques r\u00e9pondant aux besoins.<\/strong><\/p>\n<p>Le Conseil des ministres de la CEDEAO a approuv\u00e9 la strat\u00e9gie pour les quinze pays membres de l\u2019organisation, le 7 juillet 2023. Cette strat\u00e9gie vise \u00e0 stimuler le commerce \u00e9lectronique en Afrique de l\u2019Ouest par des mesures sp\u00e9cifiques r\u00e9pondant aux besoins, tels qu\u2019ils ont \u00e9t\u00e9 identifi\u00e9s par une r\u00e9cente \u00e9valuation de l\u2019\u00e9tat de pr\u00e9paration au commerce \u00e9lectronique r\u00e9alis\u00e9e par la Cnuced (Conf\u00e9rence des Nations unies sur le commerce et le d\u00e9veloppement).<\/p>\n<blockquote><p><strong><em>\u00ab\u00a0Les pays membres dirigeront la mise en \u0153uvre au niveau national, tandis que les acteurs de la soci\u00e9t\u00e9 civile et du secteur priv\u00e9 participeront \u00e9galement par l\u2019interm\u00e9diaire d\u2019un forum communautaire sur le commerce \u00e9lectronique et de groupes d\u2019experts.\u00a0\u00bb<\/em><\/strong><\/p><\/blockquote>\n<p>Cette initiative s\u2019inscrit dans le contexte d\u2019une croissance rapide du march\u00e9 africain du commerce \u00e9lectronique, le nombre d\u2019utilisateurs devant augmenter de plus de 40 % et le revenu moyen par utilisateur de 17 % entre 2023 et 2027.<\/p>\n<p>Onze des quinze membres de la CEDEAO sont des pays moins avanc\u00e9s et, selon l\u2019\u00e9valuation de la Cnuced, la r\u00e9gion souffre d\u2019une double fracture num\u00e9rique. D\u2019une part, certains pays de la CEDEAO en sont d\u00e9j\u00e0 aux premi\u00e8res phases de la mise en \u0153uvre de la 5G, tandis que d\u2019autres luttent encore pour assurer l\u2019acc\u00e8s au haut d\u00e9bit.<\/p>\n<p>D\u2019autre part, il existe une fracture au sein des pays qui luttent pour surmonter les in\u00e9galit\u00e9s en mati\u00e8re d\u2019acc\u00e8s aux services num\u00e9riques, voire d\u2019acc\u00e8s \u00e0 l\u2019\u00e9lectricit\u00e9 pour les populations rurales.<\/p>\n<p>La strat\u00e9gie vise \u00e0 instaurer la confiance tout au long de la cha\u00eene d\u2019approvisionnement du commerce \u00e9lectronique gr\u00e2ce \u00e0 un cadre juridique et r\u00e9glementaire harmonis\u00e9 et actualis\u00e9, \u00e0 des m\u00e9thodes de paiement num\u00e9rique fiables, \u00e0 des places de march\u00e9 ou des sites web s\u00e9curis\u00e9s, et \u00e0 la mise en relation des acheteurs et des vendeurs du commerce \u00e9lectronique avec des produits de haute qualit\u00e9 gr\u00e2ce \u00e0 des services de logistique et de livraison s\u00e9curis\u00e9s.<\/p>\n<p>Elle vise \u00e9galement \u00e0 fournir des donn\u00e9es fiables sur le commerce \u00e9lectronique en cr\u00e9ant un observatoire r\u00e9gional du commerce \u00e9lectronique et en am\u00e9liorant la capacit\u00e9 des pays membres de la CEDEAO \u00e0 collecter et \u00e0 analyser les donn\u00e9es.<\/p>\n<p>Cela devrait permettre \u00e0 terme d\u2019\u00e9laborer des politiques mieux inform\u00e9es et fond\u00e9es sur des donn\u00e9es probantes dans la r\u00e9gion et de b\u00e9n\u00e9ficier d\u2019un soutien cibl\u00e9 de la part des partenaires de d\u00e9veloppement.<\/p>\n<p><strong>Acc\u00e9l\u00e9rer le changement structurel<\/strong><\/p>\n<p>La strat\u00e9gie tient particuli\u00e8rement compte des groupes num\u00e9riquement vuln\u00e9rables, notamment les femmes, les jeunes, les personnes handicap\u00e9es et les commer\u00e7ants transfrontaliers informels dans le domaine du commerce \u00e9lectronique. Elle vise non seulement \u00e0 rendre le commerce \u00e9lectronique plus accessible \u00e0 ces groupes, mais aussi \u00e0 les impliquer activement en tant qu\u2019entrepreneurs et dirigeants afin de contribuer \u00e0 la cr\u00e9ation d\u2019emplois.<\/p>\n<p>\u00c9labor\u00e9e dans le cadre d\u2019un processus multipartite et participatif, la strat\u00e9gie vise \u00e0 acc\u00e9l\u00e9rer le changement structurel et le d\u00e9veloppement et \u00e0 favoriser l\u2019int\u00e9gration r\u00e9gionale par la diversification \u00e9conomique et la cr\u00e9ation d\u2019emplois.<\/p>\n<p><img fetchpriority=\"high\" decoding=\"async\" class=\"wp-image-75843 alignleft lazyloaded\" src=\"https:\/\/magazinedelafrique.com\/wp-content\/uploads\/2023\/07\/Massandje-Toure-Litse.jpg\" sizes=\"(max-width: 215px) 100vw, 215px\" srcset=\"https:\/\/magazinedelafrique.com\/wp-content\/uploads\/2023\/07\/Massandje-Toure-Litse.jpg 800w, https:\/\/magazinedelafrique.com\/wp-content\/uploads\/2023\/07\/Massandje-Toure-Litse-240x300.jpg 240w, https:\/\/magazinedelafrique.com\/wp-content\/uploads\/2023\/07\/Massandje-Toure-Litse-768x960.jpg 768w\" alt=\"\" data-srcset=\"https:\/\/magazinedelafrique.com\/wp-content\/uploads\/2023\/07\/Massandje-Toure-Litse.jpg 800w, https:\/\/magazinedelafrique.com\/wp-content\/uploads\/2023\/07\/Massandje-Toure-Litse-240x300.jpg 240w, https:\/\/magazinedelafrique.com\/wp-content\/uploads\/2023\/07\/Massandje-Toure-Litse-768x960.jpg 768w\" data-src=\"https:\/\/magazinedelafrique.com\/wp-content\/uploads\/2023\/07\/Massandje-Toure-Litse.jpg\" data-sizes=\"(max-width: 215px) 100vw, 215px\" width=\"215\" height=\"269\">\u00ab&nbsp;<em>La CEDEAO s\u2019est engag\u00e9e \u00e0 accro\u00eetre l\u2019adoption et l\u2019utilisation du commerce \u00e9lectronique afin de promouvoir la mise en \u0153uvre de sa Vision 2050 pour un d\u00e9veloppement inclusif et durable de la r\u00e9gion<\/em> \u00bb, a comment\u00e9 Massandj\u00e9 Toure-Litse (<em>photo<\/em>), commissaire charg\u00e9 des Affaires \u00e9conomiques et de l\u2019agriculture \u00e0 la Commission de la CEDEAO. \u00ab <em>La strat\u00e9gie de commerce \u00e9lectronique soutiendra la transformation structurelle des \u00e9conomies des \u00c9tats membres ax\u00e9e sur le num\u00e9rique et approfondira l\u2019int\u00e9gration commerciale r\u00e9gionale.<\/em>&nbsp;\u00bb<\/p>\n<p>La strat\u00e9gie permettra \u00e0 la Commission de la CEDEAO de mieux soutenir les minist\u00e8res du commerce dans la r\u00e9gion et d\u2019aider les nations membres \u00e0 diversifier leurs \u00e9conomies et \u00e0 tirer parti de nouvelles opportunit\u00e9s \u00e9conomiques et commerciales gr\u00e2ce au commerce \u00e9lectronique. Toutefois, les pays membres dirigeront la mise en \u0153uvre au niveau national, tandis que les acteurs de la soci\u00e9t\u00e9 civile et du secteur priv\u00e9 participeront \u00e9galement par l\u2019interm\u00e9diaire d\u2019un forum communautaire sur le commerce \u00e9lectronique et de groupes d\u2019experts.<\/p>\n<p>La CEDEAO est la quatri\u00e8me communaut\u00e9 \u00e9conomique r\u00e9gionale africaine \u00e0 \u00e9laborer une strat\u00e9gie collective en mati\u00e8re de commerce \u00e9lectronique. Elle fait suite \u00e0 l\u2019\u00e9laboration d\u2019une strat\u00e9gie de commerce \u00e9lectronique par l\u2019Union africaine et pr\u00e9c\u00e8de le protocole sur le commerce num\u00e9rique de la Zone de libre-\u00e9change continentale africaine, en cours de n\u00e9gociation.<\/p>\n<p><strong>Le Magazine de l&rsquo;Afrique<\/strong><\/p>\n","protected":false},"excerpt":{"rendered":"<p>Le Conseil des ministres de la Communaut\u00e9 \u00e9conomique des \u00c9tats de l\u2019Afrique de l\u2019Ouest a adopt\u00e9 une strat\u00e9gie visant \u00e0 stimuler le commerce \u00e9lectronique dans&#8230;<\/p>\n","protected":false},"author":1,"featured_media":1397,"comment_status":"closed","ping_status":"open","sticky":false,"template":"","format":"standard","meta":{"_jetpack_memberships_contains_paid_content":false,"footnotes":""},"categories":[8,10],"tags":[],"class_list":["post-5008","post","type-post","status-publish","format-standard","has-post-thumbnail","hentry","category-actualite-economique","category-infos-eco","wpcat-8-id","wpcat-10-id"],"yoast_head":"<!-- This site is optimized with the Yoast SEO plugin v27.1.1 - https:\/\/yoast.com\/product\/yoast-seo-wordpress\/ -->\n<title>La CEDEAO veut stimuler le commerce \u00e9lectronique - challenges economiques<\/title>\n<meta name=\"robots\" content=\"index, follow, max-snippet:-1, max-image-preview:large, max-video-preview:-1\" \/>\n<link rel=\"canonical\" href=\"https:\/\/challengeseconomiques.com\/?p=5008\" \/>\n<meta property=\"og:locale\" content=\"fr_FR\" \/>\n<meta property=\"og:type\" content=\"article\" \/>\n<meta property=\"og:title\" content=\"La CEDEAO veut stimuler le commerce \u00e9lectronique - challenges economiques\" \/>\n<meta property=\"og:description\" content=\"Le Conseil des ministres de la Communaut\u00e9 \u00e9conomique des \u00c9tats de l\u2019Afrique de l\u2019Ouest a adopt\u00e9 une strat\u00e9gie visant \u00e0 stimuler le commerce \u00e9lectronique dans...\" \/>\n<meta property=\"og:url\" content=\"https:\/\/challengeseconomiques.com\/?p=5008\" \/>\n<meta property=\"og:site_name\" content=\"challenges economiques\" \/>\n<meta property=\"article:published_time\" content=\"2023-07-23T10:46:05+00:00\" \/>\n<meta property=\"article:modified_time\" content=\"2023-07-23T10:46:25+00:00\" \/>\n<meta property=\"og:image\" content=\"https:\/\/challengeseconomiques.com\/wp-content\/uploads\/2021\/06\/cedeao2.jpg\" \/>\n\t<meta property=\"og:image:width\" content=\"633\" \/>\n\t<meta property=\"og:image:height\" content=\"384\" \/>\n\t<meta property=\"og:image:type\" content=\"image\/jpeg\" \/>\n<meta name=\"author\" content=\"admin\" \/>\n<meta name=\"twitter:card\" content=\"summary_large_image\" \/>\n<meta name=\"twitter:label1\" content=\"\u00c9crit par\" \/>\n\t<meta name=\"twitter:data1\" content=\"admin\" \/>\n\t<meta name=\"twitter:label2\" content=\"Dur\u00e9e de lecture estim\u00e9e\" \/>\n\t<meta name=\"twitter:data2\" content=\"4 minutes\" \/>\n<script type=\"application\/ld+json\" class=\"yoast-schema-graph\">{\"@context\":\"https:\/\/schema.org\",\"@graph\":[{\"@type\":\"Article\",\"@id\":\"https:\/\/challengeseconomiques.com\/?p=5008#article\",\"isPartOf\":{\"@id\":\"https:\/\/challengeseconomiques.com\/?p=5008\"},\"author\":{\"name\":\"admin\",\"@id\":\"https:\/\/challengeseconomiques.com\/#\/schema\/person\/b4568c9afebc5a9238a771873801e349\"},\"headline\":\"La CEDEAO veut stimuler le commerce \u00e9lectronique\",\"datePublished\":\"2023-07-23T10:46:05+00:00\",\"dateModified\":\"2023-07-23T10:46:25+00:00\",\"mainEntityOfPage\":{\"@id\":\"https:\/\/challengeseconomiques.com\/?p=5008\"},\"wordCount\":832,\"image\":{\"@id\":\"https:\/\/challengeseconomiques.com\/?p=5008#primaryimage\"},\"thumbnailUrl\":\"https:\/\/challengeseconomiques.com\/wp-content\/uploads\/2021\/06\/cedeao2.jpg\",\"articleSection\":[\"Actualit\u00e9 \u00e9conomique\",\"Infos \u00e9co\"],\"inLanguage\":\"fr-FR\"},{\"@type\":\"WebPage\",\"@id\":\"https:\/\/challengeseconomiques.com\/?p=5008\",\"url\":\"https:\/\/challengeseconomiques.com\/?p=5008\",\"name\":\"La CEDEAO veut stimuler le commerce \u00e9lectronique - challenges economiques\",\"isPartOf\":{\"@id\":\"https:\/\/challengeseconomiques.com\/#website\"},\"primaryImageOfPage\":{\"@id\":\"https:\/\/challengeseconomiques.com\/?p=5008#primaryimage\"},\"image\":{\"@id\":\"https:\/\/challengeseconomiques.com\/?p=5008#primaryimage\"},\"thumbnailUrl\":\"https:\/\/challengeseconomiques.com\/wp-content\/uploads\/2021\/06\/cedeao2.jpg\",\"datePublished\":\"2023-07-23T10:46:05+00:00\",\"dateModified\":\"2023-07-23T10:46:25+00:00\",\"author\":{\"@id\":\"https:\/\/challengeseconomiques.com\/#\/schema\/person\/b4568c9afebc5a9238a771873801e349\"},\"breadcrumb\":{\"@id\":\"https:\/\/challengeseconomiques.com\/?p=5008#breadcrumb\"},\"inLanguage\":\"fr-FR\",\"potentialAction\":[{\"@type\":\"ReadAction\",\"target\":[\"https:\/\/challengeseconomiques.com\/?p=5008\"]}]},{\"@type\":\"ImageObject\",\"inLanguage\":\"fr-FR\",\"@id\":\"https:\/\/challengeseconomiques.com\/?p=5008#primaryimage\",\"url\":\"https:\/\/challengeseconomiques.com\/wp-content\/uploads\/2021\/06\/cedeao2.jpg\",\"contentUrl\":\"https:\/\/challengeseconomiques.com\/wp-content\/uploads\/2021\/06\/cedeao2.jpg\",\"width\":633,\"height\":384},{\"@type\":\"BreadcrumbList\",\"@id\":\"https:\/\/challengeseconomiques.com\/?p=5008#breadcrumb\",\"itemListElement\":[{\"@type\":\"ListItem\",\"position\":1,\"name\":\"Home\",\"item\":\"https:\/\/challengeseconomiques.com\/\"},{\"@type\":\"ListItem\",\"position\":2,\"name\":\"La CEDEAO veut stimuler le commerce \u00e9lectronique\"}]},{\"@type\":\"WebSite\",\"@id\":\"https:\/\/challengeseconomiques.com\/#website\",\"url\":\"https:\/\/challengeseconomiques.com\/\",\"name\":\"challenges economiques\",\"description\":\"\",\"potentialAction\":[{\"@type\":\"SearchAction\",\"target\":{\"@type\":\"EntryPoint\",\"urlTemplate\":\"https:\/\/challengeseconomiques.com\/?s={search_term_string}\"},\"query-input\":{\"@type\":\"PropertyValueSpecification\",\"valueRequired\":true,\"valueName\":\"search_term_string\"}}],\"inLanguage\":\"fr-FR\"},{\"@type\":\"Person\",\"@id\":\"https:\/\/challengeseconomiques.com\/#\/schema\/person\/b4568c9afebc5a9238a771873801e349\",\"name\":\"admin\",\"image\":{\"@type\":\"ImageObject\",\"inLanguage\":\"fr-FR\",\"@id\":\"https:\/\/challengeseconomiques.com\/#\/schema\/person\/image\/\",\"url\":\"https:\/\/secure.gravatar.com\/avatar\/099e42240b5eea11acdb72751fcce0dd918603f0749d24974b7984ea47ed9fd9?s=96&d=mm&r=g\",\"contentUrl\":\"https:\/\/secure.gravatar.com\/avatar\/099e42240b5eea11acdb72751fcce0dd918603f0749d24974b7984ea47ed9fd9?s=96&d=mm&r=g\",\"caption\":\"admin\"},\"sameAs\":[\"https:\/\/challengeseconomiques.com\"],\"url\":\"https:\/\/challengeseconomiques.com\/?author=1\"}]}<\/script>\n<!-- \/ Yoast SEO plugin. -->","yoast_head_json":{"title":"La CEDEAO veut stimuler le commerce \u00e9lectronique - challenges economiques","robots":{"index":"index","follow":"follow","max-snippet":"max-snippet:-1","max-image-preview":"max-image-preview:large","max-video-preview":"max-video-preview:-1"},"canonical":"https:\/\/challengeseconomiques.com\/?p=5008","og_locale":"fr_FR","og_type":"article","og_title":"La CEDEAO veut stimuler le commerce \u00e9lectronique - challenges economiques","og_description":"Le Conseil des ministres de la Communaut\u00e9 \u00e9conomique des \u00c9tats de l\u2019Afrique de l\u2019Ouest a adopt\u00e9 une strat\u00e9gie visant \u00e0 stimuler le commerce \u00e9lectronique dans...","og_url":"https:\/\/challengeseconomiques.com\/?p=5008","og_site_name":"challenges economiques","article_published_time":"2023-07-23T10:46:05+00:00","article_modified_time":"2023-07-23T10:46:25+00:00","og_image":[{"width":633,"height":384,"url":"https:\/\/challengeseconomiques.com\/wp-content\/uploads\/2021\/06\/cedeao2.jpg","type":"image\/jpeg"}],"author":"admin","twitter_card":"summary_large_image","twitter_misc":{"\u00c9crit par":"admin","Dur\u00e9e de lecture estim\u00e9e":"4 minutes"},"schema":{"@context":"https:\/\/schema.org","@graph":[{"@type":"Article","@id":"https:\/\/challengeseconomiques.com\/?p=5008#article","isPartOf":{"@id":"https:\/\/challengeseconomiques.com\/?p=5008"},"author":{"name":"admin","@id":"https:\/\/challengeseconomiques.com\/#\/schema\/person\/b4568c9afebc5a9238a771873801e349"},"headline":"La CEDEAO veut stimuler le commerce \u00e9lectronique","datePublished":"2023-07-23T10:46:05+00:00","dateModified":"2023-07-23T10:46:25+00:00","mainEntityOfPage":{"@id":"https:\/\/challengeseconomiques.com\/?p=5008"},"wordCount":832,"image":{"@id":"https:\/\/challengeseconomiques.com\/?p=5008#primaryimage"},"thumbnailUrl":"https:\/\/challengeseconomiques.com\/wp-content\/uploads\/2021\/06\/cedeao2.jpg","articleSection":["Actualit\u00e9 \u00e9conomique","Infos \u00e9co"],"inLanguage":"fr-FR"},{"@type":"WebPage","@id":"https:\/\/challengeseconomiques.com\/?p=5008","url":"https:\/\/challengeseconomiques.com\/?p=5008","name":"La CEDEAO veut stimuler le commerce \u00e9lectronique - challenges economiques","isPartOf":{"@id":"https:\/\/challengeseconomiques.com\/#website"},"primaryImageOfPage":{"@id":"https:\/\/challengeseconomiques.com\/?p=5008#primaryimage"},"image":{"@id":"https:\/\/challengeseconomiques.com\/?p=5008#primaryimage"},"thumbnailUrl":"https:\/\/challengeseconomiques.com\/wp-content\/uploads\/2021\/06\/cedeao2.jpg","datePublished":"2023-07-23T10:46:05+00:00","dateModified":"2023-07-23T10:46:25+00:00","author":{"@id":"https:\/\/challengeseconomiques.com\/#\/schema\/person\/b4568c9afebc5a9238a771873801e349"},"breadcrumb":{"@id":"https:\/\/challengeseconomiques.com\/?p=5008#breadcrumb"},"inLanguage":"fr-FR","potentialAction":[{"@type":"ReadAction","target":["https:\/\/challengeseconomiques.com\/?p=5008"]}]},{"@type":"ImageObject","inLanguage":"fr-FR","@id":"https:\/\/challengeseconomiques.com\/?p=5008#primaryimage","url":"https:\/\/challengeseconomiques.com\/wp-content\/uploads\/2021\/06\/cedeao2.jpg","contentUrl":"https:\/\/challengeseconomiques.com\/wp-content\/uploads\/2021\/06\/cedeao2.jpg","width":633,"height":384},{"@type":"BreadcrumbList","@id":"https:\/\/challengeseconomiques.com\/?p=5008#breadcrumb","itemListElement":[{"@type":"ListItem","position":1,"name":"Home","item":"https:\/\/challengeseconomiques.com\/"},{"@type":"ListItem","position":2,"name":"La CEDEAO veut stimuler le commerce \u00e9lectronique"}]},{"@type":"WebSite","@id":"https:\/\/challengeseconomiques.com\/#website","url":"https:\/\/challengeseconomiques.com\/","name":"challenges economiques","description":"","potentialAction":[{"@type":"SearchAction","target":{"@type":"EntryPoint","urlTemplate":"https:\/\/challengeseconomiques.com\/?s={search_term_string}"},"query-input":{"@type":"PropertyValueSpecification","valueRequired":true,"valueName":"search_term_string"}}],"inLanguage":"fr-FR"},{"@type":"Person","@id":"https:\/\/challengeseconomiques.com\/#\/schema\/person\/b4568c9afebc5a9238a771873801e349","name":"admin","image":{"@type":"ImageObject","inLanguage":"fr-FR","@id":"https:\/\/challengeseconomiques.com\/#\/schema\/person\/image\/","url":"https:\/\/secure.gravatar.com\/avatar\/099e42240b5eea11acdb72751fcce0dd918603f0749d24974b7984ea47ed9fd9?s=96&d=mm&r=g","contentUrl":"https:\/\/secure.gravatar.com\/avatar\/099e42240b5eea11acdb72751fcce0dd918603f0749d24974b7984ea47ed9fd9?s=96&d=mm&r=g","caption":"admin"},"sameAs":["https:\/\/challengeseconomiques.com"],"url":"https:\/\/challengeseconomiques.com\/?author=1"}]}},"jetpack_featured_media_url":"https:\/\/challengeseconomiques.com\/wp-content\/uploads\/2021\/06\/cedeao2.jpg","jetpack_sharing_enabled":true,"_links":{"self":[{"href":"https:\/\/challengeseconomiques.com\/index.php?rest_route=\/wp\/v2\/posts\/5008","targetHints":{"allow":["GET"]}}],"collection":[{"href":"https:\/\/challengeseconomiques.com\/index.php?rest_route=\/wp\/v2\/posts"}],"about":[{"href":"https:\/\/challengeseconomiques.com\/index.php?rest_route=\/wp\/v2\/types\/post"}],"author":[{"embeddable":true,"href":"https:\/\/challengeseconomiques.com\/index.php?rest_route=\/wp\/v2\/users\/1"}],"replies":[{"embeddable":true,"href":"https:\/\/challengeseconomiques.com\/index.php?rest_route=%2Fwp%2Fv2%2Fcomments&post=5008"}],"version-history":[{"count":2,"href":"https:\/\/challengeseconomiques.com\/index.php?rest_route=\/wp\/v2\/posts\/5008\/revisions"}],"predecessor-version":[{"id":5010,"href":"https:\/\/challengeseconomiques.com\/index.php?rest_route=\/wp\/v2\/posts\/5008\/revisions\/5010"}],"wp:featuredmedia":[{"embeddable":true,"href":"https:\/\/challengeseconomiques.com\/index.php?rest_route=\/wp\/v2\/media\/1397"}],"wp:attachment":[{"href":"https:\/\/challengeseconomiques.com\/index.php?rest_route=%2Fwp%2Fv2%2Fmedia&parent=5008"}],"wp:term":[{"taxonomy":"category","embeddable":true,"href":"https:\/\/challengeseconomiques.com\/index.php?rest_route=%2Fwp%2Fv2%2Fcategories&post=5008"},{"taxonomy":"post_tag","embeddable":true,"href":"https:\/\/challengeseconomiques.com\/index.php?rest_route=%2Fwp%2Fv2%2Ftags&post=5008"}],"curies":[{"name":"wp","href":"https:\/\/api.w.org\/{rel}","templated":true}]}}