{"id":5005,"date":"2023-07-20T10:40:27","date_gmt":"2023-07-20T10:40:27","guid":{"rendered":"https:\/\/challengeseconomiques.com\/?p=5005"},"modified":"2023-07-20T10:40:59","modified_gmt":"2023-07-20T10:40:59","slug":"ousmane-fall-nouveau-directeur-des-operations-non-souveraines-et-de-lappui-au-secteur-prive-de-la-bad","status":"publish","type":"post","link":"https:\/\/challengeseconomiques.com\/?p=5005","title":{"rendered":"Ousmane Fall , nouveau directeur des op\u00e9rations non souveraines et de l\u2019appui au secteur priv\u00e9 de la BAD"},"content":{"rendered":"<p><strong>Le Groupe de la Banque africaine de d\u00e9veloppement a nomm\u00e9 Ousmane Fall, de nationalit\u00e9 s\u00e9n\u00e9galaise, au poste de directeur des op\u00e9rations non souveraines et de l\u2019appui au secteur priv\u00e9, \u00e0 compter du 1er ao\u00fbt 2023.<\/strong><\/p>\n<p>Ousmane Fall prend ses nouvelles fonctions fort de 17 ans d\u2019exp\u00e9rience. Il a pass\u00e9 les quatre derni\u00e8res ann\u00e9es \u00e0 la Soci\u00e9t\u00e9 financi\u00e8re internationale (SFI, filiale du Groupe de la Banque mondiale), o\u00f9 il a assur\u00e9 la direction strat\u00e9gique de la planification nationale et du dialogue minist\u00e9riel dans le domaine des infrastructures en Afrique.<\/p>\n<p>\u00c0 la Soci\u00e9t\u00e9 financi\u00e8re internationale, M. Fall s\u2019est occup\u00e9 de divers secteurs, \u00e0 savoir l\u2019eau, le traitement des d\u00e9chets et l\u2019assainissement, les transports et l\u2019\u00e9nergie, la logistique et les t\u00e9l\u00e9communications. Il a \u00e9galement supervis\u00e9 la mise en place de la plateforme de financement municipal pour l\u2019Afrique subsaharienne.<\/p>\n<p>M. Fall a d\u00e9velopp\u00e9 et ex\u00e9cut\u00e9 le premier investissement en titres adoss\u00e9s \u00e0 des actifs pour l\u2019acc\u00e8s \u00e0 l\u2019\u00e9nergie en Afrique, ainsi que les premiers investissements du secteur priv\u00e9 dans l\u2019hydro\u00e9lectricit\u00e9 et l\u2019\u00e9nergie solaire au Gabon et au B\u00e9nin. Il a \u00e9galement mis en place une strat\u00e9gie de conversion du gaz \u00e0 l\u2019\u00e9lectricit\u00e9 pour le gouvernement s\u00e9n\u00e9galais, ainsi que la premi\u00e8re strat\u00e9gie de financement municipal pour les villes de Dakar, Cotonou, Abidjan et Douala.<\/p>\n<p>Il a \u00e9galement men\u00e9 des efforts de d\u00e9veloppement commercial dans toute l\u2019Afrique, \u00e9tablissant de solides relations avec des clients du secteur priv\u00e9, des gouvernements centraux et locaux, des villes et des entit\u00e9s souveraines s\u00e9lectionn\u00e9es sur le terrain.<\/p>\n<p>M. Fall a travaill\u00e9 pendant 10 ans au sein du Groupe de la Banque africaine de d\u00e9veloppement. Il a occup\u00e9 plusieurs postes, notamment ceux de chef de division par int\u00e9rim de la Division charg\u00e9e de la strat\u00e9gie et du soutien transactionnel, et de responsable de la Division des infrastructures non souveraines, fournissant d\u2019importants services de conseil et un soutien transactionnel aux d\u00e9partements des op\u00e9rations non souveraines. Il supervisait les responsables de projet dans des domaines tels que la conception de transactions li\u00e9es \u00e0 la dette et aux garanties, l\u2019\u00e9valuation de la bancabilit\u00e9 des projets, la structuration du capital, le rehaussement de cr\u00e9dit des projets, l\u2019effet de levier financier et la mod\u00e9lisation financi\u00e8re.<\/p>\n<p>Il a \u00e9galement \u00e9t\u00e9 le fer de lance de la gestion des connaissances et de la formation sur les op\u00e9rations non souveraines. Il a mis en place des modules sur les op\u00e9rations non souveraines ax\u00e9s sur le financement de projets, les pr\u00eats aux entreprises, la mod\u00e9lisation financi\u00e8re, l\u2019assistance technique, la gestion des relations avec les clients et les prises de participation. M. Fall a occup\u00e9 avec succ\u00e8s le poste de charg\u00e9 d\u2019investissement, menant \u00e0 bien des transactions historiques dans le secteur priv\u00e9 au sein de la Banque.<\/p>\n<p>Il a acquis une connaissance approfondie des march\u00e9s africains de la dette et des actions, des produits de garantie, des produits d\u00e9riv\u00e9s et des instruments de rehaussement de cr\u00e9dit. M. Fall a dirig\u00e9 l\u2019ex\u00e9cution des premi\u00e8res op\u00e9rations non souveraines du Groupe de la Banque africaine de d\u00e9veloppement dans les domaines de l\u2019agriculture, de la sant\u00e9 et de l\u2019\u00e9ducation, ainsi que les premiers projets de dragage portuaire et de production d\u2019\u00e9lectricit\u00e9 \u00e0 partir du gaz. Il a \u00e9galement travaill\u00e9 au sein du d\u00e9partement du secteur public de la Banque, sur des projets solaires au Maroc, des projets hydro\u00e9lectriques en R\u00e9publique d\u00e9mocratique du Congo, en Sierra Leone, au Cameroun et en Guin\u00e9e, ainsi que sur d\u2019autres projets de transport d\u2019\u00e9lectricit\u00e9 au Nig\u00e9ria et en Zambie. Il a \u00e9galement travaill\u00e9 au sein du d\u00e9partement des risques, o\u00f9 il a contribu\u00e9 \u00e0 la d\u00e9finition et \u00e0 la mise en \u0153uvre du cadre d\u2019ad\u00e9quation des fonds propres et de la politique de gestion des risques de la Banque.<\/p>\n<p>Avant de rejoindre la Banque africaine de d\u00e9veloppement, M. Fall \u00e9tait banquier d\u2019affaires au sein de la division des financements structur\u00e9s de la Soci\u00e9t\u00e9 G\u00e9n\u00e9rale \u00e0 Paris.<\/p>\n<p>Il est titulaire d\u2019un Master of Science in Finance de l\u2019INSEEC Business and Management School en France (2005).<\/p>\n<p>Commentant sa nomination, M. Fall a d\u00e9clar\u00e9 : \u00ab\u2009Je suis honor\u00e9 et reconnaissant envers le pr\u00e9sident [Akinwumi] Adesina de m\u2019avoir nomm\u00e9 \u00e0 ce poste. Je me r\u00e9jouis de travailler sous sa direction pour servir la premi\u00e8re institution financi\u00e8re du continent dans sa vision ambitieuse de transformer le continent africain par le biais du secteur priv\u00e9\u2009\u00bb.<\/p>\n<p>Le pr\u00e9sident de la Banque africaine de d\u00e9veloppement, M. Akinwumi A. Adesina, a d\u00e9clar\u00e9 : \u00ab\u2009Ousmane a fait ses preuves en mati\u00e8re de r\u00e9sultats dans les transactions du secteur priv\u00e9. Il veillera \u00e0 l\u2019efficacit\u00e9 globale des op\u00e9rations de la Banque dans le secteur priv\u00e9, \u00e0 travers la gestion efficace du portefeuille de projets et du portefeuille institutionnel dans le cadre des op\u00e9rations non souveraines, ainsi que de l\u2019appui aux d\u00e9partements initiateurs d\u2019op\u00e9rations non souveraines\u2009\u00bb.<\/p>\n<p><strong>Source: BAD<\/strong><\/p>\n","protected":false},"excerpt":{"rendered":"<p>Le Groupe de la Banque africaine de d\u00e9veloppement a nomm\u00e9 Ousmane Fall, de nationalit\u00e9 s\u00e9n\u00e9galaise, au poste de directeur des op\u00e9rations non souveraines et de&#8230;<\/p>\n","protected":false},"author":1,"featured_media":5006,"comment_status":"closed","ping_status":"open","sticky":false,"template":"","format":"standard","meta":{"_jetpack_memberships_contains_paid_content":false,"footnotes":""},"categories":[23,8,10],"tags":[],"class_list":["post-5005","post","type-post","status-publish","format-standard","has-post-thumbnail","hentry","category-a-la-une","category-actualite-economique","category-infos-eco","wpcat-23-id","wpcat-8-id","wpcat-10-id"],"yoast_head":"<!-- This site is optimized with the Yoast SEO plugin v27.1.1 - https:\/\/yoast.com\/product\/yoast-seo-wordpress\/ -->\n<title>Ousmane Fall , nouveau directeur des op\u00e9rations non souveraines et de l\u2019appui au secteur priv\u00e9 de la BAD - challenges economiques<\/title>\n<meta name=\"robots\" content=\"index, follow, max-snippet:-1, max-image-preview:large, max-video-preview:-1\" \/>\n<link rel=\"canonical\" href=\"https:\/\/challengeseconomiques.com\/?p=5005\" \/>\n<meta property=\"og:locale\" content=\"fr_FR\" \/>\n<meta property=\"og:type\" content=\"article\" \/>\n<meta property=\"og:title\" content=\"Ousmane Fall , nouveau directeur des op\u00e9rations non souveraines et de l\u2019appui au secteur priv\u00e9 de la BAD - challenges economiques\" \/>\n<meta property=\"og:description\" content=\"Le Groupe de la Banque africaine de d\u00e9veloppement a nomm\u00e9 Ousmane Fall, de nationalit\u00e9 s\u00e9n\u00e9galaise, au poste de directeur des op\u00e9rations non souveraines et de...\" \/>\n<meta property=\"og:url\" content=\"https:\/\/challengeseconomiques.com\/?p=5005\" \/>\n<meta property=\"og:site_name\" content=\"challenges economiques\" \/>\n<meta property=\"article:published_time\" content=\"2023-07-20T10:40:27+00:00\" \/>\n<meta property=\"article:modified_time\" content=\"2023-07-20T10:40:59+00:00\" \/>\n<meta property=\"og:image\" content=\"https:\/\/challengeseconomiques.com\/wp-content\/uploads\/2023\/07\/ousmane-Fall.jpg\" \/>\n\t<meta property=\"og:image:width\" content=\"600\" \/>\n\t<meta property=\"og:image:height\" content=\"381\" \/>\n\t<meta property=\"og:image:type\" content=\"image\/jpeg\" \/>\n<meta name=\"author\" content=\"admin\" \/>\n<meta name=\"twitter:card\" content=\"summary_large_image\" \/>\n<meta name=\"twitter:label1\" content=\"\u00c9crit par\" \/>\n\t<meta name=\"twitter:data1\" content=\"admin\" \/>\n\t<meta name=\"twitter:label2\" content=\"Dur\u00e9e de lecture estim\u00e9e\" \/>\n\t<meta name=\"twitter:data2\" content=\"4 minutes\" \/>\n<script type=\"application\/ld+json\" class=\"yoast-schema-graph\">{\"@context\":\"https:\/\/schema.org\",\"@graph\":[{\"@type\":\"Article\",\"@id\":\"https:\/\/challengeseconomiques.com\/?p=5005#article\",\"isPartOf\":{\"@id\":\"https:\/\/challengeseconomiques.com\/?p=5005\"},\"author\":{\"name\":\"admin\",\"@id\":\"https:\/\/challengeseconomiques.com\/#\/schema\/person\/b4568c9afebc5a9238a771873801e349\"},\"headline\":\"Ousmane Fall , nouveau directeur des op\u00e9rations non souveraines et de l\u2019appui au secteur priv\u00e9 de la BAD\",\"datePublished\":\"2023-07-20T10:40:27+00:00\",\"dateModified\":\"2023-07-20T10:40:59+00:00\",\"mainEntityOfPage\":{\"@id\":\"https:\/\/challengeseconomiques.com\/?p=5005\"},\"wordCount\":898,\"image\":{\"@id\":\"https:\/\/challengeseconomiques.com\/?p=5005#primaryimage\"},\"thumbnailUrl\":\"https:\/\/challengeseconomiques.com\/wp-content\/uploads\/2023\/07\/ousmane-Fall.jpg\",\"articleSection\":[\"A la une\",\"Actualit\u00e9 \u00e9conomique\",\"Infos \u00e9co\"],\"inLanguage\":\"fr-FR\"},{\"@type\":\"WebPage\",\"@id\":\"https:\/\/challengeseconomiques.com\/?p=5005\",\"url\":\"https:\/\/challengeseconomiques.com\/?p=5005\",\"name\":\"Ousmane Fall , nouveau directeur des op\u00e9rations non souveraines et de l\u2019appui au secteur priv\u00e9 de la BAD - challenges economiques\",\"isPartOf\":{\"@id\":\"https:\/\/challengeseconomiques.com\/#website\"},\"primaryImageOfPage\":{\"@id\":\"https:\/\/challengeseconomiques.com\/?p=5005#primaryimage\"},\"image\":{\"@id\":\"https:\/\/challengeseconomiques.com\/?p=5005#primaryimage\"},\"thumbnailUrl\":\"https:\/\/challengeseconomiques.com\/wp-content\/uploads\/2023\/07\/ousmane-Fall.jpg\",\"datePublished\":\"2023-07-20T10:40:27+00:00\",\"dateModified\":\"2023-07-20T10:40:59+00:00\",\"author\":{\"@id\":\"https:\/\/challengeseconomiques.com\/#\/schema\/person\/b4568c9afebc5a9238a771873801e349\"},\"breadcrumb\":{\"@id\":\"https:\/\/challengeseconomiques.com\/?p=5005#breadcrumb\"},\"inLanguage\":\"fr-FR\",\"potentialAction\":[{\"@type\":\"ReadAction\",\"target\":[\"https:\/\/challengeseconomiques.com\/?p=5005\"]}]},{\"@type\":\"ImageObject\",\"inLanguage\":\"fr-FR\",\"@id\":\"https:\/\/challengeseconomiques.com\/?p=5005#primaryimage\",\"url\":\"https:\/\/challengeseconomiques.com\/wp-content\/uploads\/2023\/07\/ousmane-Fall.jpg\",\"contentUrl\":\"https:\/\/challengeseconomiques.com\/wp-content\/uploads\/2023\/07\/ousmane-Fall.jpg\",\"width\":600,\"height\":381},{\"@type\":\"BreadcrumbList\",\"@id\":\"https:\/\/challengeseconomiques.com\/?p=5005#breadcrumb\",\"itemListElement\":[{\"@type\":\"ListItem\",\"position\":1,\"name\":\"Home\",\"item\":\"https:\/\/challengeseconomiques.com\/\"},{\"@type\":\"ListItem\",\"position\":2,\"name\":\"Ousmane Fall , nouveau directeur des op\u00e9rations non souveraines et de l\u2019appui au secteur priv\u00e9 de la BAD\"}]},{\"@type\":\"WebSite\",\"@id\":\"https:\/\/challengeseconomiques.com\/#website\",\"url\":\"https:\/\/challengeseconomiques.com\/\",\"name\":\"challenges economiques\",\"description\":\"\",\"potentialAction\":[{\"@type\":\"SearchAction\",\"target\":{\"@type\":\"EntryPoint\",\"urlTemplate\":\"https:\/\/challengeseconomiques.com\/?s={search_term_string}\"},\"query-input\":{\"@type\":\"PropertyValueSpecification\",\"valueRequired\":true,\"valueName\":\"search_term_string\"}}],\"inLanguage\":\"fr-FR\"},{\"@type\":\"Person\",\"@id\":\"https:\/\/challengeseconomiques.com\/#\/schema\/person\/b4568c9afebc5a9238a771873801e349\",\"name\":\"admin\",\"image\":{\"@type\":\"ImageObject\",\"inLanguage\":\"fr-FR\",\"@id\":\"https:\/\/challengeseconomiques.com\/#\/schema\/person\/image\/\",\"url\":\"https:\/\/secure.gravatar.com\/avatar\/099e42240b5eea11acdb72751fcce0dd918603f0749d24974b7984ea47ed9fd9?s=96&d=mm&r=g\",\"contentUrl\":\"https:\/\/secure.gravatar.com\/avatar\/099e42240b5eea11acdb72751fcce0dd918603f0749d24974b7984ea47ed9fd9?s=96&d=mm&r=g\",\"caption\":\"admin\"},\"sameAs\":[\"https:\/\/challengeseconomiques.com\"],\"url\":\"https:\/\/challengeseconomiques.com\/?author=1\"}]}<\/script>\n<!-- \/ Yoast SEO plugin. -->","yoast_head_json":{"title":"Ousmane Fall , nouveau directeur des op\u00e9rations non souveraines et de l\u2019appui au secteur priv\u00e9 de la BAD - challenges economiques","robots":{"index":"index","follow":"follow","max-snippet":"max-snippet:-1","max-image-preview":"max-image-preview:large","max-video-preview":"max-video-preview:-1"},"canonical":"https:\/\/challengeseconomiques.com\/?p=5005","og_locale":"fr_FR","og_type":"article","og_title":"Ousmane Fall , nouveau directeur des op\u00e9rations non souveraines et de l\u2019appui au secteur priv\u00e9 de la BAD - challenges economiques","og_description":"Le Groupe de la Banque africaine de d\u00e9veloppement a nomm\u00e9 Ousmane Fall, de nationalit\u00e9 s\u00e9n\u00e9galaise, au poste de directeur des op\u00e9rations non souveraines et de...","og_url":"https:\/\/challengeseconomiques.com\/?p=5005","og_site_name":"challenges economiques","article_published_time":"2023-07-20T10:40:27+00:00","article_modified_time":"2023-07-20T10:40:59+00:00","og_image":[{"width":600,"height":381,"url":"https:\/\/challengeseconomiques.com\/wp-content\/uploads\/2023\/07\/ousmane-Fall.jpg","type":"image\/jpeg"}],"author":"admin","twitter_card":"summary_large_image","twitter_misc":{"\u00c9crit par":"admin","Dur\u00e9e de lecture estim\u00e9e":"4 minutes"},"schema":{"@context":"https:\/\/schema.org","@graph":[{"@type":"Article","@id":"https:\/\/challengeseconomiques.com\/?p=5005#article","isPartOf":{"@id":"https:\/\/challengeseconomiques.com\/?p=5005"},"author":{"name":"admin","@id":"https:\/\/challengeseconomiques.com\/#\/schema\/person\/b4568c9afebc5a9238a771873801e349"},"headline":"Ousmane Fall , nouveau directeur des op\u00e9rations non souveraines et de l\u2019appui au secteur priv\u00e9 de la BAD","datePublished":"2023-07-20T10:40:27+00:00","dateModified":"2023-07-20T10:40:59+00:00","mainEntityOfPage":{"@id":"https:\/\/challengeseconomiques.com\/?p=5005"},"wordCount":898,"image":{"@id":"https:\/\/challengeseconomiques.com\/?p=5005#primaryimage"},"thumbnailUrl":"https:\/\/challengeseconomiques.com\/wp-content\/uploads\/2023\/07\/ousmane-Fall.jpg","articleSection":["A la une","Actualit\u00e9 \u00e9conomique","Infos \u00e9co"],"inLanguage":"fr-FR"},{"@type":"WebPage","@id":"https:\/\/challengeseconomiques.com\/?p=5005","url":"https:\/\/challengeseconomiques.com\/?p=5005","name":"Ousmane Fall , nouveau directeur des op\u00e9rations non souveraines et de l\u2019appui au secteur priv\u00e9 de la BAD - challenges economiques","isPartOf":{"@id":"https:\/\/challengeseconomiques.com\/#website"},"primaryImageOfPage":{"@id":"https:\/\/challengeseconomiques.com\/?p=5005#primaryimage"},"image":{"@id":"https:\/\/challengeseconomiques.com\/?p=5005#primaryimage"},"thumbnailUrl":"https:\/\/challengeseconomiques.com\/wp-content\/uploads\/2023\/07\/ousmane-Fall.jpg","datePublished":"2023-07-20T10:40:27+00:00","dateModified":"2023-07-20T10:40:59+00:00","author":{"@id":"https:\/\/challengeseconomiques.com\/#\/schema\/person\/b4568c9afebc5a9238a771873801e349"},"breadcrumb":{"@id":"https:\/\/challengeseconomiques.com\/?p=5005#breadcrumb"},"inLanguage":"fr-FR","potentialAction":[{"@type":"ReadAction","target":["https:\/\/challengeseconomiques.com\/?p=5005"]}]},{"@type":"ImageObject","inLanguage":"fr-FR","@id":"https:\/\/challengeseconomiques.com\/?p=5005#primaryimage","url":"https:\/\/challengeseconomiques.com\/wp-content\/uploads\/2023\/07\/ousmane-Fall.jpg","contentUrl":"https:\/\/challengeseconomiques.com\/wp-content\/uploads\/2023\/07\/ousmane-Fall.jpg","width":600,"height":381},{"@type":"BreadcrumbList","@id":"https:\/\/challengeseconomiques.com\/?p=5005#breadcrumb","itemListElement":[{"@type":"ListItem","position":1,"name":"Home","item":"https:\/\/challengeseconomiques.com\/"},{"@type":"ListItem","position":2,"name":"Ousmane Fall , nouveau directeur des op\u00e9rations non souveraines et de l\u2019appui au secteur priv\u00e9 de la BAD"}]},{"@type":"WebSite","@id":"https:\/\/challengeseconomiques.com\/#website","url":"https:\/\/challengeseconomiques.com\/","name":"challenges economiques","description":"","potentialAction":[{"@type":"SearchAction","target":{"@type":"EntryPoint","urlTemplate":"https:\/\/challengeseconomiques.com\/?s={search_term_string}"},"query-input":{"@type":"PropertyValueSpecification","valueRequired":true,"valueName":"search_term_string"}}],"inLanguage":"fr-FR"},{"@type":"Person","@id":"https:\/\/challengeseconomiques.com\/#\/schema\/person\/b4568c9afebc5a9238a771873801e349","name":"admin","image":{"@type":"ImageObject","inLanguage":"fr-FR","@id":"https:\/\/challengeseconomiques.com\/#\/schema\/person\/image\/","url":"https:\/\/secure.gravatar.com\/avatar\/099e42240b5eea11acdb72751fcce0dd918603f0749d24974b7984ea47ed9fd9?s=96&d=mm&r=g","contentUrl":"https:\/\/secure.gravatar.com\/avatar\/099e42240b5eea11acdb72751fcce0dd918603f0749d24974b7984ea47ed9fd9?s=96&d=mm&r=g","caption":"admin"},"sameAs":["https:\/\/challengeseconomiques.com"],"url":"https:\/\/challengeseconomiques.com\/?author=1"}]}},"jetpack_featured_media_url":"https:\/\/challengeseconomiques.com\/wp-content\/uploads\/2023\/07\/ousmane-Fall.jpg","jetpack_sharing_enabled":true,"_links":{"self":[{"href":"https:\/\/challengeseconomiques.com\/index.php?rest_route=\/wp\/v2\/posts\/5005","targetHints":{"allow":["GET"]}}],"collection":[{"href":"https:\/\/challengeseconomiques.com\/index.php?rest_route=\/wp\/v2\/posts"}],"about":[{"href":"https:\/\/challengeseconomiques.com\/index.php?rest_route=\/wp\/v2\/types\/post"}],"author":[{"embeddable":true,"href":"https:\/\/challengeseconomiques.com\/index.php?rest_route=\/wp\/v2\/users\/1"}],"replies":[{"embeddable":true,"href":"https:\/\/challengeseconomiques.com\/index.php?rest_route=%2Fwp%2Fv2%2Fcomments&post=5005"}],"version-history":[{"count":1,"href":"https:\/\/challengeseconomiques.com\/index.php?rest_route=\/wp\/v2\/posts\/5005\/revisions"}],"predecessor-version":[{"id":5007,"href":"https:\/\/challengeseconomiques.com\/index.php?rest_route=\/wp\/v2\/posts\/5005\/revisions\/5007"}],"wp:featuredmedia":[{"embeddable":true,"href":"https:\/\/challengeseconomiques.com\/index.php?rest_route=\/wp\/v2\/media\/5006"}],"wp:attachment":[{"href":"https:\/\/challengeseconomiques.com\/index.php?rest_route=%2Fwp%2Fv2%2Fmedia&parent=5005"}],"wp:term":[{"taxonomy":"category","embeddable":true,"href":"https:\/\/challengeseconomiques.com\/index.php?rest_route=%2Fwp%2Fv2%2Fcategories&post=5005"},{"taxonomy":"post_tag","embeddable":true,"href":"https:\/\/challengeseconomiques.com\/index.php?rest_route=%2Fwp%2Fv2%2Ftags&post=5005"}],"curies":[{"name":"wp","href":"https:\/\/api.w.org\/{rel}","templated":true}]}}