{"id":4992,"date":"2023-07-19T11:35:33","date_gmt":"2023-07-19T11:35:33","guid":{"rendered":"https:\/\/challengeseconomiques.com\/?p=4992"},"modified":"2023-07-19T11:40:57","modified_gmt":"2023-07-19T11:40:57","slug":"la-der-fj-declare-avoir-octroye-38-milliards-de-francs-cfa-a-155-000-beneficiaires","status":"publish","type":"post","link":"https:\/\/challengeseconomiques.com\/?p=4992","title":{"rendered":"La DER\/FJ d\u00e9clare avoir octroy\u00e9 38 milliards de francs CFA \u00e0 155.000 b\u00e9n\u00e9ficiaires"},"content":{"rendered":"<p><strong>Mame Aby Seye, D\u00e8l\u00e8gu\u00e8 g\u00e8n\u00e8ral \u00e0 l&rsquo;entreprenariat<\/strong><\/p>\n<p>La D\u00e9l\u00e9gation \u00e0 l\u2019entrepreneuriat rapide des femmes et des jeunes (DER\/FJ) a d\u00e9clar\u00e9, mardi, \u00e0 Dakar, avoir octroy\u00e9 38 milliards de francs CFA \u00e0 quelque 155.000 b\u00e9n\u00e9ficiaires en trois ans.<\/p>\n<p>Le nano-cr\u00e9dit, \u2018\u2019un produit financier de proximit\u00e9\u2019\u2019, a \u00e9t\u00e9 utilis\u00e9 comme outil d\u2019inclusion financi\u00e8re par la DER\/FJ pour octroyer autant de financements, selon Fatou Niasse, cheffe de la division charg\u00e9e de l\u2019autonomisation et du nano-cr\u00e9dit de cet organisme public.<\/p>\n<p>Soixante-dix-neuf guichets ont \u00e9t\u00e9 ouverts dans les 46 d\u00e9partements du pays pour financer les acteurs \u00e9conomiques b\u00e9n\u00e9ficiaires des pr\u00eats de la DER\/FJ, a-t-elle dit.<\/p>\n<p>\u2018\u2019Nous avons jug\u00e9 n\u00e9cessaire de c\u00e9l\u00e9brer ces trois ans d\u2019existence avec nos partenaires, notamment les organisations fa\u00eeti\u00e8res d\u00e9partementales\u2019\u2019, a soulign\u00e9 Mme Niasse.<\/p>\n<p>Selon elle, les \u2018\u2019couches vuln\u00e9rables\u2019\u2019, qui n\u2019ont pas acc\u00e8s au syst\u00e8me financier classique et n\u2019\u00e9tant pas en mesure de fournir une garantie bancaire, sont les principaux b\u00e9n\u00e9ficiaires des financements de la DER\/FJ.<\/p>\n<p>\u2018\u2019Nous sommes \u00e0 l\u2019\u00e9coute des populations, en ce qui concerne les facilit\u00e9s de paiement et la dur\u00e9e de remboursement\u2019\u2019, a ajout\u00e9 la cheffe de la division charg\u00e9e de l\u2019autonomisation et du nano-cr\u00e9dit au sein de l\u2019organisme public de financement destin\u00e9 aux jeunes et aux femmes.<\/p>\n<p>\u2018\u2019Il y a un travail de sensibilisation tr\u00e8s important \u00e0 faire, qui consiste \u00e0 faire savoir aux b\u00e9n\u00e9ficiaires que le cr\u00e9dit rembours\u00e9 permet \u00e0 d\u2019autres personnes de b\u00e9n\u00e9ficier \u00e0 leur tour d\u2019un financement\u2019\u2019, a soulign\u00e9 Fatou Niasse.<\/p>\n<p><strong>APS<\/strong><\/p>\n","protected":false},"excerpt":{"rendered":"<p>Mame Aby Seye, D\u00e8l\u00e8gu\u00e8 g\u00e8n\u00e8ral \u00e0 l&rsquo;entreprenariat La D\u00e9l\u00e9gation \u00e0 l\u2019entrepreneuriat rapide des femmes et des jeunes (DER\/FJ) a d\u00e9clar\u00e9, mardi, \u00e0 Dakar, avoir octroy\u00e9&#8230;<\/p>\n","protected":false},"author":1,"featured_media":4995,"comment_status":"closed","ping_status":"open","sticky":false,"template":"","format":"standard","meta":{"_jetpack_memberships_contains_paid_content":false,"footnotes":""},"categories":[23,8],"tags":[],"class_list":["post-4992","post","type-post","status-publish","format-standard","has-post-thumbnail","hentry","category-a-la-une","category-actualite-economique","wpcat-23-id","wpcat-8-id"],"yoast_head":"<!-- This site is optimized with the Yoast SEO plugin v27.1.1 - https:\/\/yoast.com\/product\/yoast-seo-wordpress\/ -->\n<title>La DER\/FJ d\u00e9clare avoir octroy\u00e9 38 milliards de francs CFA \u00e0 155.000 b\u00e9n\u00e9ficiaires - challenges economiques<\/title>\n<meta name=\"robots\" content=\"index, follow, max-snippet:-1, max-image-preview:large, max-video-preview:-1\" \/>\n<link rel=\"canonical\" href=\"https:\/\/challengeseconomiques.com\/?p=4992\" \/>\n<meta property=\"og:locale\" content=\"fr_FR\" \/>\n<meta property=\"og:type\" content=\"article\" \/>\n<meta property=\"og:title\" content=\"La DER\/FJ d\u00e9clare avoir octroy\u00e9 38 milliards de francs CFA \u00e0 155.000 b\u00e9n\u00e9ficiaires - challenges economiques\" \/>\n<meta property=\"og:description\" content=\"Mame Aby Seye, D\u00e8l\u00e8gu\u00e8 g\u00e8n\u00e8ral \u00e0 l&rsquo;entreprenariat La D\u00e9l\u00e9gation \u00e0 l\u2019entrepreneuriat rapide des femmes et des jeunes (DER\/FJ) a d\u00e9clar\u00e9, mardi, \u00e0 Dakar, avoir octroy\u00e9...\" \/>\n<meta property=\"og:url\" content=\"https:\/\/challengeseconomiques.com\/?p=4992\" \/>\n<meta property=\"og:site_name\" content=\"challenges economiques\" \/>\n<meta property=\"article:published_time\" content=\"2023-07-19T11:35:33+00:00\" \/>\n<meta property=\"article:modified_time\" content=\"2023-07-19T11:40:57+00:00\" \/>\n<meta property=\"og:image\" content=\"https:\/\/challengeseconomiques.com\/wp-content\/uploads\/2023\/07\/aby-seye.webp\" \/>\n\t<meta property=\"og:image:width\" content=\"720\" \/>\n\t<meta property=\"og:image:height\" content=\"547\" \/>\n\t<meta property=\"og:image:type\" content=\"image\/webp\" \/>\n<meta name=\"author\" content=\"admin\" \/>\n<meta name=\"twitter:card\" content=\"summary_large_image\" \/>\n<meta name=\"twitter:label1\" content=\"\u00c9crit par\" \/>\n\t<meta name=\"twitter:data1\" content=\"admin\" \/>\n\t<meta name=\"twitter:label2\" content=\"Dur\u00e9e de lecture estim\u00e9e\" \/>\n\t<meta name=\"twitter:data2\" content=\"1 minute\" \/>\n<script type=\"application\/ld+json\" class=\"yoast-schema-graph\">{\"@context\":\"https:\/\/schema.org\",\"@graph\":[{\"@type\":\"Article\",\"@id\":\"https:\/\/challengeseconomiques.com\/?p=4992#article\",\"isPartOf\":{\"@id\":\"https:\/\/challengeseconomiques.com\/?p=4992\"},\"author\":{\"name\":\"admin\",\"@id\":\"https:\/\/challengeseconomiques.com\/#\/schema\/person\/b4568c9afebc5a9238a771873801e349\"},\"headline\":\"La DER\/FJ d\u00e9clare avoir octroy\u00e9 38 milliards de francs CFA \u00e0 155.000 b\u00e9n\u00e9ficiaires\",\"datePublished\":\"2023-07-19T11:35:33+00:00\",\"dateModified\":\"2023-07-19T11:40:57+00:00\",\"mainEntityOfPage\":{\"@id\":\"https:\/\/challengeseconomiques.com\/?p=4992\"},\"wordCount\":293,\"image\":{\"@id\":\"https:\/\/challengeseconomiques.com\/?p=4992#primaryimage\"},\"thumbnailUrl\":\"https:\/\/challengeseconomiques.com\/wp-content\/uploads\/2023\/07\/aby-seye.webp\",\"articleSection\":[\"A la une\",\"Actualit\u00e9 \u00e9conomique\"],\"inLanguage\":\"fr-FR\"},{\"@type\":\"WebPage\",\"@id\":\"https:\/\/challengeseconomiques.com\/?p=4992\",\"url\":\"https:\/\/challengeseconomiques.com\/?p=4992\",\"name\":\"La DER\/FJ d\u00e9clare avoir octroy\u00e9 38 milliards de francs CFA \u00e0 155.000 b\u00e9n\u00e9ficiaires - challenges economiques\",\"isPartOf\":{\"@id\":\"https:\/\/challengeseconomiques.com\/#website\"},\"primaryImageOfPage\":{\"@id\":\"https:\/\/challengeseconomiques.com\/?p=4992#primaryimage\"},\"image\":{\"@id\":\"https:\/\/challengeseconomiques.com\/?p=4992#primaryimage\"},\"thumbnailUrl\":\"https:\/\/challengeseconomiques.com\/wp-content\/uploads\/2023\/07\/aby-seye.webp\",\"datePublished\":\"2023-07-19T11:35:33+00:00\",\"dateModified\":\"2023-07-19T11:40:57+00:00\",\"author\":{\"@id\":\"https:\/\/challengeseconomiques.com\/#\/schema\/person\/b4568c9afebc5a9238a771873801e349\"},\"breadcrumb\":{\"@id\":\"https:\/\/challengeseconomiques.com\/?p=4992#breadcrumb\"},\"inLanguage\":\"fr-FR\",\"potentialAction\":[{\"@type\":\"ReadAction\",\"target\":[\"https:\/\/challengeseconomiques.com\/?p=4992\"]}]},{\"@type\":\"ImageObject\",\"inLanguage\":\"fr-FR\",\"@id\":\"https:\/\/challengeseconomiques.com\/?p=4992#primaryimage\",\"url\":\"https:\/\/challengeseconomiques.com\/wp-content\/uploads\/2023\/07\/aby-seye.webp\",\"contentUrl\":\"https:\/\/challengeseconomiques.com\/wp-content\/uploads\/2023\/07\/aby-seye.webp\",\"width\":720,\"height\":547},{\"@type\":\"BreadcrumbList\",\"@id\":\"https:\/\/challengeseconomiques.com\/?p=4992#breadcrumb\",\"itemListElement\":[{\"@type\":\"ListItem\",\"position\":1,\"name\":\"Home\",\"item\":\"https:\/\/challengeseconomiques.com\/\"},{\"@type\":\"ListItem\",\"position\":2,\"name\":\"La DER\/FJ d\u00e9clare avoir octroy\u00e9 38 milliards de francs CFA \u00e0 155.000 b\u00e9n\u00e9ficiaires\"}]},{\"@type\":\"WebSite\",\"@id\":\"https:\/\/challengeseconomiques.com\/#website\",\"url\":\"https:\/\/challengeseconomiques.com\/\",\"name\":\"challenges economiques\",\"description\":\"\",\"potentialAction\":[{\"@type\":\"SearchAction\",\"target\":{\"@type\":\"EntryPoint\",\"urlTemplate\":\"https:\/\/challengeseconomiques.com\/?s={search_term_string}\"},\"query-input\":{\"@type\":\"PropertyValueSpecification\",\"valueRequired\":true,\"valueName\":\"search_term_string\"}}],\"inLanguage\":\"fr-FR\"},{\"@type\":\"Person\",\"@id\":\"https:\/\/challengeseconomiques.com\/#\/schema\/person\/b4568c9afebc5a9238a771873801e349\",\"name\":\"admin\",\"image\":{\"@type\":\"ImageObject\",\"inLanguage\":\"fr-FR\",\"@id\":\"https:\/\/challengeseconomiques.com\/#\/schema\/person\/image\/\",\"url\":\"https:\/\/secure.gravatar.com\/avatar\/099e42240b5eea11acdb72751fcce0dd918603f0749d24974b7984ea47ed9fd9?s=96&d=mm&r=g\",\"contentUrl\":\"https:\/\/secure.gravatar.com\/avatar\/099e42240b5eea11acdb72751fcce0dd918603f0749d24974b7984ea47ed9fd9?s=96&d=mm&r=g\",\"caption\":\"admin\"},\"sameAs\":[\"https:\/\/challengeseconomiques.com\"],\"url\":\"https:\/\/challengeseconomiques.com\/?author=1\"}]}<\/script>\n<!-- \/ Yoast SEO plugin. -->","yoast_head_json":{"title":"La DER\/FJ d\u00e9clare avoir octroy\u00e9 38 milliards de francs CFA \u00e0 155.000 b\u00e9n\u00e9ficiaires - challenges economiques","robots":{"index":"index","follow":"follow","max-snippet":"max-snippet:-1","max-image-preview":"max-image-preview:large","max-video-preview":"max-video-preview:-1"},"canonical":"https:\/\/challengeseconomiques.com\/?p=4992","og_locale":"fr_FR","og_type":"article","og_title":"La DER\/FJ d\u00e9clare avoir octroy\u00e9 38 milliards de francs CFA \u00e0 155.000 b\u00e9n\u00e9ficiaires - challenges economiques","og_description":"Mame Aby Seye, D\u00e8l\u00e8gu\u00e8 g\u00e8n\u00e8ral \u00e0 l&rsquo;entreprenariat La D\u00e9l\u00e9gation \u00e0 l\u2019entrepreneuriat rapide des femmes et des jeunes (DER\/FJ) a d\u00e9clar\u00e9, mardi, \u00e0 Dakar, avoir octroy\u00e9...","og_url":"https:\/\/challengeseconomiques.com\/?p=4992","og_site_name":"challenges economiques","article_published_time":"2023-07-19T11:35:33+00:00","article_modified_time":"2023-07-19T11:40:57+00:00","og_image":[{"width":720,"height":547,"url":"https:\/\/challengeseconomiques.com\/wp-content\/uploads\/2023\/07\/aby-seye.webp","type":"image\/webp"}],"author":"admin","twitter_card":"summary_large_image","twitter_misc":{"\u00c9crit par":"admin","Dur\u00e9e de lecture estim\u00e9e":"1 minute"},"schema":{"@context":"https:\/\/schema.org","@graph":[{"@type":"Article","@id":"https:\/\/challengeseconomiques.com\/?p=4992#article","isPartOf":{"@id":"https:\/\/challengeseconomiques.com\/?p=4992"},"author":{"name":"admin","@id":"https:\/\/challengeseconomiques.com\/#\/schema\/person\/b4568c9afebc5a9238a771873801e349"},"headline":"La DER\/FJ d\u00e9clare avoir octroy\u00e9 38 milliards de francs CFA \u00e0 155.000 b\u00e9n\u00e9ficiaires","datePublished":"2023-07-19T11:35:33+00:00","dateModified":"2023-07-19T11:40:57+00:00","mainEntityOfPage":{"@id":"https:\/\/challengeseconomiques.com\/?p=4992"},"wordCount":293,"image":{"@id":"https:\/\/challengeseconomiques.com\/?p=4992#primaryimage"},"thumbnailUrl":"https:\/\/challengeseconomiques.com\/wp-content\/uploads\/2023\/07\/aby-seye.webp","articleSection":["A la une","Actualit\u00e9 \u00e9conomique"],"inLanguage":"fr-FR"},{"@type":"WebPage","@id":"https:\/\/challengeseconomiques.com\/?p=4992","url":"https:\/\/challengeseconomiques.com\/?p=4992","name":"La DER\/FJ d\u00e9clare avoir octroy\u00e9 38 milliards de francs CFA \u00e0 155.000 b\u00e9n\u00e9ficiaires - challenges economiques","isPartOf":{"@id":"https:\/\/challengeseconomiques.com\/#website"},"primaryImageOfPage":{"@id":"https:\/\/challengeseconomiques.com\/?p=4992#primaryimage"},"image":{"@id":"https:\/\/challengeseconomiques.com\/?p=4992#primaryimage"},"thumbnailUrl":"https:\/\/challengeseconomiques.com\/wp-content\/uploads\/2023\/07\/aby-seye.webp","datePublished":"2023-07-19T11:35:33+00:00","dateModified":"2023-07-19T11:40:57+00:00","author":{"@id":"https:\/\/challengeseconomiques.com\/#\/schema\/person\/b4568c9afebc5a9238a771873801e349"},"breadcrumb":{"@id":"https:\/\/challengeseconomiques.com\/?p=4992#breadcrumb"},"inLanguage":"fr-FR","potentialAction":[{"@type":"ReadAction","target":["https:\/\/challengeseconomiques.com\/?p=4992"]}]},{"@type":"ImageObject","inLanguage":"fr-FR","@id":"https:\/\/challengeseconomiques.com\/?p=4992#primaryimage","url":"https:\/\/challengeseconomiques.com\/wp-content\/uploads\/2023\/07\/aby-seye.webp","contentUrl":"https:\/\/challengeseconomiques.com\/wp-content\/uploads\/2023\/07\/aby-seye.webp","width":720,"height":547},{"@type":"BreadcrumbList","@id":"https:\/\/challengeseconomiques.com\/?p=4992#breadcrumb","itemListElement":[{"@type":"ListItem","position":1,"name":"Home","item":"https:\/\/challengeseconomiques.com\/"},{"@type":"ListItem","position":2,"name":"La DER\/FJ d\u00e9clare avoir octroy\u00e9 38 milliards de francs CFA \u00e0 155.000 b\u00e9n\u00e9ficiaires"}]},{"@type":"WebSite","@id":"https:\/\/challengeseconomiques.com\/#website","url":"https:\/\/challengeseconomiques.com\/","name":"challenges economiques","description":"","potentialAction":[{"@type":"SearchAction","target":{"@type":"EntryPoint","urlTemplate":"https:\/\/challengeseconomiques.com\/?s={search_term_string}"},"query-input":{"@type":"PropertyValueSpecification","valueRequired":true,"valueName":"search_term_string"}}],"inLanguage":"fr-FR"},{"@type":"Person","@id":"https:\/\/challengeseconomiques.com\/#\/schema\/person\/b4568c9afebc5a9238a771873801e349","name":"admin","image":{"@type":"ImageObject","inLanguage":"fr-FR","@id":"https:\/\/challengeseconomiques.com\/#\/schema\/person\/image\/","url":"https:\/\/secure.gravatar.com\/avatar\/099e42240b5eea11acdb72751fcce0dd918603f0749d24974b7984ea47ed9fd9?s=96&d=mm&r=g","contentUrl":"https:\/\/secure.gravatar.com\/avatar\/099e42240b5eea11acdb72751fcce0dd918603f0749d24974b7984ea47ed9fd9?s=96&d=mm&r=g","caption":"admin"},"sameAs":["https:\/\/challengeseconomiques.com"],"url":"https:\/\/challengeseconomiques.com\/?author=1"}]}},"jetpack_featured_media_url":"https:\/\/challengeseconomiques.com\/wp-content\/uploads\/2023\/07\/aby-seye.webp","jetpack_sharing_enabled":true,"_links":{"self":[{"href":"https:\/\/challengeseconomiques.com\/index.php?rest_route=\/wp\/v2\/posts\/4992","targetHints":{"allow":["GET"]}}],"collection":[{"href":"https:\/\/challengeseconomiques.com\/index.php?rest_route=\/wp\/v2\/posts"}],"about":[{"href":"https:\/\/challengeseconomiques.com\/index.php?rest_route=\/wp\/v2\/types\/post"}],"author":[{"embeddable":true,"href":"https:\/\/challengeseconomiques.com\/index.php?rest_route=\/wp\/v2\/users\/1"}],"replies":[{"embeddable":true,"href":"https:\/\/challengeseconomiques.com\/index.php?rest_route=%2Fwp%2Fv2%2Fcomments&post=4992"}],"version-history":[{"count":2,"href":"https:\/\/challengeseconomiques.com\/index.php?rest_route=\/wp\/v2\/posts\/4992\/revisions"}],"predecessor-version":[{"id":4997,"href":"https:\/\/challengeseconomiques.com\/index.php?rest_route=\/wp\/v2\/posts\/4992\/revisions\/4997"}],"wp:featuredmedia":[{"embeddable":true,"href":"https:\/\/challengeseconomiques.com\/index.php?rest_route=\/wp\/v2\/media\/4995"}],"wp:attachment":[{"href":"https:\/\/challengeseconomiques.com\/index.php?rest_route=%2Fwp%2Fv2%2Fmedia&parent=4992"}],"wp:term":[{"taxonomy":"category","embeddable":true,"href":"https:\/\/challengeseconomiques.com\/index.php?rest_route=%2Fwp%2Fv2%2Fcategories&post=4992"},{"taxonomy":"post_tag","embeddable":true,"href":"https:\/\/challengeseconomiques.com\/index.php?rest_route=%2Fwp%2Fv2%2Ftags&post=4992"}],"curies":[{"name":"wp","href":"https:\/\/api.w.org\/{rel}","templated":true}]}}