{"id":4978,"date":"2023-07-17T22:39:38","date_gmt":"2023-07-17T22:39:38","guid":{"rendered":"https:\/\/challengeseconomiques.com\/?p=4978"},"modified":"2023-07-17T22:40:33","modified_gmt":"2023-07-17T22:40:33","slug":"senegal-le-deficit-commercial-a-augmente-de-225-entre-avril-et-mai-2023-dpee","status":"publish","type":"post","link":"https:\/\/challengeseconomiques.com\/?p=4978","title":{"rendered":"Le d\u00e9ficit commercial a augment\u00e9 de 22,5% au S\u00e8n\u00e8gal entre avril et mai 2023 (DPEE)"},"content":{"rendered":"<p class=\"texte textearticle\"><strong>L\u2019activit\u00e9 \u00e9conomique au S\u00e9n\u00e9gal affiche une r\u00e9elle progression au cours de cette ann\u00e9e. Au niveau des \u00e9changes ext\u00e9rieurs, une hausse du d\u00e9ficit commercial a n\u00e9anmoins \u00e9t\u00e9 enregistr\u00e9e, affichant 356,2 millions&nbsp;$ en mai contre 290,6 millions&nbsp;$ en avril 2023.<\/strong><\/p>\n<p class=\"texte textearticle\">Le d\u00e9ficit commercial du S\u00e9n\u00e9gal&nbsp;a augment\u00e9 de 22,5% entre avril et mai 2023, c\u2019est ce qui ressort de la note de conjoncture mensuelle de la Direction des pr\u00e9visions et des \u00e9tudes \u00e9conomiques (DPEE).<\/p>\n<p class=\"texte textearticle\">Selon la note de conjoncture, en mai 2023, le d\u00e9ficit commercial s\u2019est \u00e9lev\u00e9 \u00e0 208,1 milliards FCFA (356,2 millions&nbsp;$) contre 169,8 milliards FCFA (290,6 millions&nbsp;$) au mois pr\u00e9c\u00e9dent. La DPEE explique cette tendance par une augmentation plus importante des importations de biens (+102,9 milliards FCFA), par rapport \u00e0 celle des exportations (+52,3 milliards FCFA).<\/p>\n<p class=\"texte textearticle\">La hausse des importations est tir\u00e9e principalement par une augmentation des achats d\u2019autres produits p\u00e9troliers et d\u2019huiles brutes, tandis que celle des exportations est principalement soutenue par une am\u00e9lioration des exp\u00e9ditions d\u2019or brut. \u00ab&nbsp;<em>Ainsi, le taux de couverture des importations par les exportations est ressorti \u00e0 59,2% durant le mois sous revue, soit un repli de 0,3 point de pourcentage compar\u00e9 \u00e0 avril 2023&nbsp;<\/em>\u00bb, a-t-elle ajout\u00e9.<\/p>\n<p class=\"texte textearticle\">Au niveau de l\u2019espace UEMOA, la C\u00f4te d\u2019Ivoire demeure le premier fournisseur du S\u00e9n\u00e9gal, avec une part estim\u00e9e \u00e0 86,8%. \u00ab&nbsp;<em>Les importations en provenance de ce pays sont, essentiellement, les mati\u00e8res plastiques et artificielles (38,9%), les fruits et l\u00e9gumes comestibles (8,8%) et les produits des industries parachimiques (8,1%)<\/em>&nbsp;\u00bb, a soulign\u00e9 la note.<\/p>\n<p class=\"texte textearticle\">Les exportations s\u00e9n\u00e9galaises vers l\u2019Uemoa ont atteint, quant \u00e0 elles, 85 milliards FCFA en mai contre 84,2 milliards FCFA, le mois pr\u00e9c\u00e9dent, repr\u00e9sentant ainsi 28,2% de la valeur totale des exportations de biens contre 33,7% en avril. Le Mali reste le premier client du S\u00e9n\u00e9gal dans l\u2019Union et la part des produits achemin\u00e9s vers ce pays est de 69%. \u00ab&nbsp;<em>Les produits p\u00e9troliers demeurent les principaux export\u00e9s vers le Mali avec une part estim\u00e9e \u00e0 52,0%, soit un repli de 14,8 points de pourcentage compar\u00e9 au mois pr\u00e9c\u00e9dent <\/em>\u00bb, a pr\u00e9cis\u00e9 la DPEE.<\/p>\n<p class=\"texte textearticle\">Notons qu\u2019au mois de mai, l\u2019activit\u00e9 \u00e9conomique interne (hors agriculture et sylviculture) du S\u00e9n\u00e9gal a affich\u00e9 5,6% d\u2019apr\u00e8s les chiffres de la DPEE.<\/p>\n<p><strong>(Agence Ecofin)<br \/>\n<\/strong><\/p>\n","protected":false},"excerpt":{"rendered":"<p>L\u2019activit\u00e9 \u00e9conomique au S\u00e9n\u00e9gal affiche une r\u00e9elle progression au cours de cette ann\u00e9e. Au niveau des \u00e9changes ext\u00e9rieurs, une hausse du d\u00e9ficit commercial a n\u00e9anmoins&#8230;<\/p>\n","protected":false},"author":1,"featured_media":4979,"comment_status":"closed","ping_status":"open","sticky":false,"template":"","format":"standard","meta":{"_jetpack_memberships_contains_paid_content":false,"footnotes":""},"categories":[23,10],"tags":[],"class_list":["post-4978","post","type-post","status-publish","format-standard","has-post-thumbnail","hentry","category-a-la-une","category-infos-eco","wpcat-23-id","wpcat-10-id"],"yoast_head":"<!-- This site is optimized with the Yoast SEO plugin v27.1.1 - https:\/\/yoast.com\/product\/yoast-seo-wordpress\/ -->\n<title>Le d\u00e9ficit commercial a augment\u00e9 de 22,5% au S\u00e8n\u00e8gal entre avril et mai 2023 (DPEE) - challenges economiques<\/title>\n<meta name=\"robots\" content=\"index, follow, max-snippet:-1, max-image-preview:large, max-video-preview:-1\" \/>\n<link rel=\"canonical\" href=\"https:\/\/challengeseconomiques.com\/?p=4978\" \/>\n<meta property=\"og:locale\" content=\"fr_FR\" \/>\n<meta property=\"og:type\" content=\"article\" \/>\n<meta property=\"og:title\" content=\"Le d\u00e9ficit commercial a augment\u00e9 de 22,5% au S\u00e8n\u00e8gal entre avril et mai 2023 (DPEE) - challenges economiques\" \/>\n<meta property=\"og:description\" content=\"L\u2019activit\u00e9 \u00e9conomique au S\u00e9n\u00e9gal affiche une r\u00e9elle progression au cours de cette ann\u00e9e. Au niveau des \u00e9changes ext\u00e9rieurs, une hausse du d\u00e9ficit commercial a n\u00e9anmoins...\" \/>\n<meta property=\"og:url\" content=\"https:\/\/challengeseconomiques.com\/?p=4978\" \/>\n<meta property=\"og:site_name\" content=\"challenges economiques\" \/>\n<meta property=\"article:published_time\" content=\"2023-07-17T22:39:38+00:00\" \/>\n<meta property=\"article:modified_time\" content=\"2023-07-17T22:40:33+00:00\" \/>\n<meta property=\"og:image\" content=\"https:\/\/challengeseconomiques.com\/wp-content\/uploads\/2023\/07\/1707-110374-senegal-le-deficit-commercial-a-augmente-de-22-5-entre-avril-et-mai-2023-dpee_M.jpg\" \/>\n\t<meta property=\"og:image:width\" content=\"450\" \/>\n\t<meta property=\"og:image:height\" content=\"272\" \/>\n\t<meta property=\"og:image:type\" content=\"image\/jpeg\" \/>\n<meta name=\"author\" content=\"admin\" \/>\n<meta name=\"twitter:card\" content=\"summary_large_image\" \/>\n<meta name=\"twitter:label1\" content=\"\u00c9crit par\" \/>\n\t<meta name=\"twitter:data1\" content=\"admin\" \/>\n\t<meta name=\"twitter:label2\" content=\"Dur\u00e9e de lecture estim\u00e9e\" \/>\n\t<meta name=\"twitter:data2\" content=\"2 minutes\" \/>\n<script type=\"application\/ld+json\" class=\"yoast-schema-graph\">{\"@context\":\"https:\/\/schema.org\",\"@graph\":[{\"@type\":\"Article\",\"@id\":\"https:\/\/challengeseconomiques.com\/?p=4978#article\",\"isPartOf\":{\"@id\":\"https:\/\/challengeseconomiques.com\/?p=4978\"},\"author\":{\"name\":\"admin\",\"@id\":\"https:\/\/challengeseconomiques.com\/#\/schema\/person\/b4568c9afebc5a9238a771873801e349\"},\"headline\":\"Le d\u00e9ficit commercial a augment\u00e9 de 22,5% au S\u00e8n\u00e8gal entre avril et mai 2023 (DPEE)\",\"datePublished\":\"2023-07-17T22:39:38+00:00\",\"dateModified\":\"2023-07-17T22:40:33+00:00\",\"mainEntityOfPage\":{\"@id\":\"https:\/\/challengeseconomiques.com\/?p=4978\"},\"wordCount\":407,\"image\":{\"@id\":\"https:\/\/challengeseconomiques.com\/?p=4978#primaryimage\"},\"thumbnailUrl\":\"https:\/\/challengeseconomiques.com\/wp-content\/uploads\/2023\/07\/1707-110374-senegal-le-deficit-commercial-a-augmente-de-22-5-entre-avril-et-mai-2023-dpee_M.jpg\",\"articleSection\":[\"A la une\",\"Infos \u00e9co\"],\"inLanguage\":\"fr-FR\"},{\"@type\":\"WebPage\",\"@id\":\"https:\/\/challengeseconomiques.com\/?p=4978\",\"url\":\"https:\/\/challengeseconomiques.com\/?p=4978\",\"name\":\"Le d\u00e9ficit commercial a augment\u00e9 de 22,5% au S\u00e8n\u00e8gal entre avril et mai 2023 (DPEE) - challenges economiques\",\"isPartOf\":{\"@id\":\"https:\/\/challengeseconomiques.com\/#website\"},\"primaryImageOfPage\":{\"@id\":\"https:\/\/challengeseconomiques.com\/?p=4978#primaryimage\"},\"image\":{\"@id\":\"https:\/\/challengeseconomiques.com\/?p=4978#primaryimage\"},\"thumbnailUrl\":\"https:\/\/challengeseconomiques.com\/wp-content\/uploads\/2023\/07\/1707-110374-senegal-le-deficit-commercial-a-augmente-de-22-5-entre-avril-et-mai-2023-dpee_M.jpg\",\"datePublished\":\"2023-07-17T22:39:38+00:00\",\"dateModified\":\"2023-07-17T22:40:33+00:00\",\"author\":{\"@id\":\"https:\/\/challengeseconomiques.com\/#\/schema\/person\/b4568c9afebc5a9238a771873801e349\"},\"breadcrumb\":{\"@id\":\"https:\/\/challengeseconomiques.com\/?p=4978#breadcrumb\"},\"inLanguage\":\"fr-FR\",\"potentialAction\":[{\"@type\":\"ReadAction\",\"target\":[\"https:\/\/challengeseconomiques.com\/?p=4978\"]}]},{\"@type\":\"ImageObject\",\"inLanguage\":\"fr-FR\",\"@id\":\"https:\/\/challengeseconomiques.com\/?p=4978#primaryimage\",\"url\":\"https:\/\/challengeseconomiques.com\/wp-content\/uploads\/2023\/07\/1707-110374-senegal-le-deficit-commercial-a-augmente-de-22-5-entre-avril-et-mai-2023-dpee_M.jpg\",\"contentUrl\":\"https:\/\/challengeseconomiques.com\/wp-content\/uploads\/2023\/07\/1707-110374-senegal-le-deficit-commercial-a-augmente-de-22-5-entre-avril-et-mai-2023-dpee_M.jpg\",\"width\":450,\"height\":272},{\"@type\":\"BreadcrumbList\",\"@id\":\"https:\/\/challengeseconomiques.com\/?p=4978#breadcrumb\",\"itemListElement\":[{\"@type\":\"ListItem\",\"position\":1,\"name\":\"Home\",\"item\":\"https:\/\/challengeseconomiques.com\/\"},{\"@type\":\"ListItem\",\"position\":2,\"name\":\"Le d\u00e9ficit commercial a augment\u00e9 de 22,5% au S\u00e8n\u00e8gal entre avril et mai 2023 (DPEE)\"}]},{\"@type\":\"WebSite\",\"@id\":\"https:\/\/challengeseconomiques.com\/#website\",\"url\":\"https:\/\/challengeseconomiques.com\/\",\"name\":\"challenges economiques\",\"description\":\"\",\"potentialAction\":[{\"@type\":\"SearchAction\",\"target\":{\"@type\":\"EntryPoint\",\"urlTemplate\":\"https:\/\/challengeseconomiques.com\/?s={search_term_string}\"},\"query-input\":{\"@type\":\"PropertyValueSpecification\",\"valueRequired\":true,\"valueName\":\"search_term_string\"}}],\"inLanguage\":\"fr-FR\"},{\"@type\":\"Person\",\"@id\":\"https:\/\/challengeseconomiques.com\/#\/schema\/person\/b4568c9afebc5a9238a771873801e349\",\"name\":\"admin\",\"image\":{\"@type\":\"ImageObject\",\"inLanguage\":\"fr-FR\",\"@id\":\"https:\/\/challengeseconomiques.com\/#\/schema\/person\/image\/\",\"url\":\"https:\/\/secure.gravatar.com\/avatar\/099e42240b5eea11acdb72751fcce0dd918603f0749d24974b7984ea47ed9fd9?s=96&d=mm&r=g\",\"contentUrl\":\"https:\/\/secure.gravatar.com\/avatar\/099e42240b5eea11acdb72751fcce0dd918603f0749d24974b7984ea47ed9fd9?s=96&d=mm&r=g\",\"caption\":\"admin\"},\"sameAs\":[\"https:\/\/challengeseconomiques.com\"],\"url\":\"https:\/\/challengeseconomiques.com\/?author=1\"}]}<\/script>\n<!-- \/ Yoast SEO plugin. -->","yoast_head_json":{"title":"Le d\u00e9ficit commercial a augment\u00e9 de 22,5% au S\u00e8n\u00e8gal entre avril et mai 2023 (DPEE) - challenges economiques","robots":{"index":"index","follow":"follow","max-snippet":"max-snippet:-1","max-image-preview":"max-image-preview:large","max-video-preview":"max-video-preview:-1"},"canonical":"https:\/\/challengeseconomiques.com\/?p=4978","og_locale":"fr_FR","og_type":"article","og_title":"Le d\u00e9ficit commercial a augment\u00e9 de 22,5% au S\u00e8n\u00e8gal entre avril et mai 2023 (DPEE) - challenges economiques","og_description":"L\u2019activit\u00e9 \u00e9conomique au S\u00e9n\u00e9gal affiche une r\u00e9elle progression au cours de cette ann\u00e9e. Au niveau des \u00e9changes ext\u00e9rieurs, une hausse du d\u00e9ficit commercial a n\u00e9anmoins...","og_url":"https:\/\/challengeseconomiques.com\/?p=4978","og_site_name":"challenges economiques","article_published_time":"2023-07-17T22:39:38+00:00","article_modified_time":"2023-07-17T22:40:33+00:00","og_image":[{"width":450,"height":272,"url":"https:\/\/challengeseconomiques.com\/wp-content\/uploads\/2023\/07\/1707-110374-senegal-le-deficit-commercial-a-augmente-de-22-5-entre-avril-et-mai-2023-dpee_M.jpg","type":"image\/jpeg"}],"author":"admin","twitter_card":"summary_large_image","twitter_misc":{"\u00c9crit par":"admin","Dur\u00e9e de lecture estim\u00e9e":"2 minutes"},"schema":{"@context":"https:\/\/schema.org","@graph":[{"@type":"Article","@id":"https:\/\/challengeseconomiques.com\/?p=4978#article","isPartOf":{"@id":"https:\/\/challengeseconomiques.com\/?p=4978"},"author":{"name":"admin","@id":"https:\/\/challengeseconomiques.com\/#\/schema\/person\/b4568c9afebc5a9238a771873801e349"},"headline":"Le d\u00e9ficit commercial a augment\u00e9 de 22,5% au S\u00e8n\u00e8gal entre avril et mai 2023 (DPEE)","datePublished":"2023-07-17T22:39:38+00:00","dateModified":"2023-07-17T22:40:33+00:00","mainEntityOfPage":{"@id":"https:\/\/challengeseconomiques.com\/?p=4978"},"wordCount":407,"image":{"@id":"https:\/\/challengeseconomiques.com\/?p=4978#primaryimage"},"thumbnailUrl":"https:\/\/challengeseconomiques.com\/wp-content\/uploads\/2023\/07\/1707-110374-senegal-le-deficit-commercial-a-augmente-de-22-5-entre-avril-et-mai-2023-dpee_M.jpg","articleSection":["A la une","Infos \u00e9co"],"inLanguage":"fr-FR"},{"@type":"WebPage","@id":"https:\/\/challengeseconomiques.com\/?p=4978","url":"https:\/\/challengeseconomiques.com\/?p=4978","name":"Le d\u00e9ficit commercial a augment\u00e9 de 22,5% au S\u00e8n\u00e8gal entre avril et mai 2023 (DPEE) - challenges economiques","isPartOf":{"@id":"https:\/\/challengeseconomiques.com\/#website"},"primaryImageOfPage":{"@id":"https:\/\/challengeseconomiques.com\/?p=4978#primaryimage"},"image":{"@id":"https:\/\/challengeseconomiques.com\/?p=4978#primaryimage"},"thumbnailUrl":"https:\/\/challengeseconomiques.com\/wp-content\/uploads\/2023\/07\/1707-110374-senegal-le-deficit-commercial-a-augmente-de-22-5-entre-avril-et-mai-2023-dpee_M.jpg","datePublished":"2023-07-17T22:39:38+00:00","dateModified":"2023-07-17T22:40:33+00:00","author":{"@id":"https:\/\/challengeseconomiques.com\/#\/schema\/person\/b4568c9afebc5a9238a771873801e349"},"breadcrumb":{"@id":"https:\/\/challengeseconomiques.com\/?p=4978#breadcrumb"},"inLanguage":"fr-FR","potentialAction":[{"@type":"ReadAction","target":["https:\/\/challengeseconomiques.com\/?p=4978"]}]},{"@type":"ImageObject","inLanguage":"fr-FR","@id":"https:\/\/challengeseconomiques.com\/?p=4978#primaryimage","url":"https:\/\/challengeseconomiques.com\/wp-content\/uploads\/2023\/07\/1707-110374-senegal-le-deficit-commercial-a-augmente-de-22-5-entre-avril-et-mai-2023-dpee_M.jpg","contentUrl":"https:\/\/challengeseconomiques.com\/wp-content\/uploads\/2023\/07\/1707-110374-senegal-le-deficit-commercial-a-augmente-de-22-5-entre-avril-et-mai-2023-dpee_M.jpg","width":450,"height":272},{"@type":"BreadcrumbList","@id":"https:\/\/challengeseconomiques.com\/?p=4978#breadcrumb","itemListElement":[{"@type":"ListItem","position":1,"name":"Home","item":"https:\/\/challengeseconomiques.com\/"},{"@type":"ListItem","position":2,"name":"Le d\u00e9ficit commercial a augment\u00e9 de 22,5% au S\u00e8n\u00e8gal entre avril et mai 2023 (DPEE)"}]},{"@type":"WebSite","@id":"https:\/\/challengeseconomiques.com\/#website","url":"https:\/\/challengeseconomiques.com\/","name":"challenges economiques","description":"","potentialAction":[{"@type":"SearchAction","target":{"@type":"EntryPoint","urlTemplate":"https:\/\/challengeseconomiques.com\/?s={search_term_string}"},"query-input":{"@type":"PropertyValueSpecification","valueRequired":true,"valueName":"search_term_string"}}],"inLanguage":"fr-FR"},{"@type":"Person","@id":"https:\/\/challengeseconomiques.com\/#\/schema\/person\/b4568c9afebc5a9238a771873801e349","name":"admin","image":{"@type":"ImageObject","inLanguage":"fr-FR","@id":"https:\/\/challengeseconomiques.com\/#\/schema\/person\/image\/","url":"https:\/\/secure.gravatar.com\/avatar\/099e42240b5eea11acdb72751fcce0dd918603f0749d24974b7984ea47ed9fd9?s=96&d=mm&r=g","contentUrl":"https:\/\/secure.gravatar.com\/avatar\/099e42240b5eea11acdb72751fcce0dd918603f0749d24974b7984ea47ed9fd9?s=96&d=mm&r=g","caption":"admin"},"sameAs":["https:\/\/challengeseconomiques.com"],"url":"https:\/\/challengeseconomiques.com\/?author=1"}]}},"jetpack_featured_media_url":"https:\/\/challengeseconomiques.com\/wp-content\/uploads\/2023\/07\/1707-110374-senegal-le-deficit-commercial-a-augmente-de-22-5-entre-avril-et-mai-2023-dpee_M.jpg","jetpack_sharing_enabled":true,"_links":{"self":[{"href":"https:\/\/challengeseconomiques.com\/index.php?rest_route=\/wp\/v2\/posts\/4978","targetHints":{"allow":["GET"]}}],"collection":[{"href":"https:\/\/challengeseconomiques.com\/index.php?rest_route=\/wp\/v2\/posts"}],"about":[{"href":"https:\/\/challengeseconomiques.com\/index.php?rest_route=\/wp\/v2\/types\/post"}],"author":[{"embeddable":true,"href":"https:\/\/challengeseconomiques.com\/index.php?rest_route=\/wp\/v2\/users\/1"}],"replies":[{"embeddable":true,"href":"https:\/\/challengeseconomiques.com\/index.php?rest_route=%2Fwp%2Fv2%2Fcomments&post=4978"}],"version-history":[{"count":2,"href":"https:\/\/challengeseconomiques.com\/index.php?rest_route=\/wp\/v2\/posts\/4978\/revisions"}],"predecessor-version":[{"id":4981,"href":"https:\/\/challengeseconomiques.com\/index.php?rest_route=\/wp\/v2\/posts\/4978\/revisions\/4981"}],"wp:featuredmedia":[{"embeddable":true,"href":"https:\/\/challengeseconomiques.com\/index.php?rest_route=\/wp\/v2\/media\/4979"}],"wp:attachment":[{"href":"https:\/\/challengeseconomiques.com\/index.php?rest_route=%2Fwp%2Fv2%2Fmedia&parent=4978"}],"wp:term":[{"taxonomy":"category","embeddable":true,"href":"https:\/\/challengeseconomiques.com\/index.php?rest_route=%2Fwp%2Fv2%2Fcategories&post=4978"},{"taxonomy":"post_tag","embeddable":true,"href":"https:\/\/challengeseconomiques.com\/index.php?rest_route=%2Fwp%2Fv2%2Ftags&post=4978"}],"curies":[{"name":"wp","href":"https:\/\/api.w.org\/{rel}","templated":true}]}}