{"id":4974,"date":"2023-07-17T22:29:21","date_gmt":"2023-07-17T22:29:21","guid":{"rendered":"https:\/\/challengeseconomiques.com\/?p=4974"},"modified":"2023-07-17T22:29:59","modified_gmt":"2023-07-17T22:29:59","slug":"une-croissance-vigoureuse-en-afrique-de-louest","status":"publish","type":"post","link":"https:\/\/challengeseconomiques.com\/?p=4974","title":{"rendered":"Une croissance vigoureuse en Afrique de l\u2019Ouest"},"content":{"rendered":"<p><strong>Peu d\u00e9pendante des soubresauts du p\u00e9trole et ayant su r\u00e9agir aux chocs \u00e9conomiques, l\u2019Afrique de l\u2019Ouest affiche des perspectives de croissance prometteuses pour 2023 et 2024. Le tout dans un contexte de ralentissement de l\u2019inflation.<\/strong><\/p>\n<p>&nbsp;<\/p>\n<p>Une relative s\u00e9r\u00e9nit\u00e9 gagne l\u2019Afrique de l\u2019Ouest. Lors de la Conf\u00e9rence des chefs d\u2019\u00c9tat et de gouvernement de l\u2019UEMOA (Union \u00e9conomique et mon\u00e9taire ouest-africaine), le week-end du 8 juillet 2023, les dirigeants ont salu\u00e9 \u00ab&nbsp;<em>la r\u00e9silience des \u00e9conomies de la zone<\/em>&nbsp;\u00bb. Ils ont fait \u00e9tat d\u2019une croissance attendue de 7,0% en 2023, apr\u00e8s 5,9% en 2022, \u00ab&nbsp;<em>malgr\u00e9 les chocs enregistr\u00e9s sur le plan international et au sein de l\u2019espace communautaire&nbsp;<\/em>\u00bb.<\/p>\n<p>Les pays ouest-africains ont d\u00e9ploy\u00e9 \u00ab&nbsp;<em>de multiples efforts<\/em>&nbsp;\u00bb en vue de pr\u00e9server le pouvoir d\u2019achat des populations, face au rench\u00e9rissement des co\u00fbts des produits alimentaires et \u00e9nerg\u00e9tiques.<\/p>\n<p>\u00c0 ce propos, les dirigeants de l\u2019Union attendent une d\u00e9c\u00e9l\u00e9ration de l\u2019inflation en 2023, \u00e0 4,4% contre 7,4% l\u2019an dernier.<\/p>\n<p>Les pr\u00e9visions des dirigeants africains se basent sur celles du FMI et de la BCEAO, la Banque centrale de l\u2019Union. Dont le dernier bulletin de conjoncture se montrait optimiste, mais pr\u00e9venait de risques possibles. Ainsi, le ralentissement de l\u2019inflation, qui se poursuivrait en 2024 (3,2% attendus) est-elle entour\u00e9e \u00ab&nbsp;<em>de risques globalement haussiers li\u00e9s \u00e0 l\u2019extension des zones d\u2019ins\u00e9curit\u00e9 dans l\u2019Union, des conditions climatiques d\u00e9favorables et l\u2019\u00e9volution des prix des produits alimentaires sur les march\u00e9s internationaux<\/em>&nbsp;\u00bb. La conjoncture devenant un peu moins tendue qu\u2019au printemps, sur ce dernier point. La BCEAO pr\u00e9voyait une croissance de 7,0% en 2024, un chiffre qui pourrait \u00eatre ajust\u00e9 en hausse.<\/p>\n<p><img fetchpriority=\"high\" decoding=\"async\" class=\"wp-image-75673 alignright lazyloaded\" src=\"https:\/\/magazinedelafrique.com\/wp-content\/uploads\/2023\/07\/UEMOA-CEMAC.jpg\" sizes=\"(max-width: 310px) 100vw, 310px\" srcset=\"https:\/\/magazinedelafrique.com\/wp-content\/uploads\/2023\/07\/UEMOA-CEMAC.jpg 726w, https:\/\/magazinedelafrique.com\/wp-content\/uploads\/2023\/07\/UEMOA-CEMAC-300x167.jpg 300w\" alt=\"\" data-srcset=\"https:\/\/magazinedelafrique.com\/wp-content\/uploads\/2023\/07\/UEMOA-CEMAC.jpg 726w, https:\/\/magazinedelafrique.com\/wp-content\/uploads\/2023\/07\/UEMOA-CEMAC-300x167.jpg 300w\" data-src=\"https:\/\/magazinedelafrique.com\/wp-content\/uploads\/2023\/07\/UEMOA-CEMAC.jpg\" data-sizes=\"(max-width: 310px) 100vw, 310px\" width=\"310\" height=\"173\">L\u2019accroissement des risques propres \u00e0 la zone \u00e9conomique ont trait notamment \u00e0 l\u2019extension des zones d\u2019ins\u00e9curit\u00e9 qui pourrait affecter davantage les capacit\u00e9s de production, avec notamment l\u2019accroissement des d\u00e9placements des populations dans les zones concern\u00e9es et une accentuation des difficult\u00e9s d\u2019approvisionnement des march\u00e9s.<\/p>\n<p>&nbsp;<\/p>\n<p><strong>Faible croissance en Afrique centrale<\/strong><\/p>\n<p>De plus, souligne la BCEAO, une d\u00e9t\u00e9rioration des conditions climatiques dans les pays de l\u2019Union serait susceptible de peser sur les performances de la production agricole lors de la campagne 2023\/2024.<\/p>\n<p>Ainsi, l\u2019Afrique de l\u2019Ouest pourrait-elle bien constituer le moteur de la croissance africaine, ces prochains mois, alors que les augures sont moins optimistes pour les autres r\u00e9gions. En effet, la BEAC (Banque des \u00c9tats d\u2019Afrique centrale) ne pr\u00e9voit-elle, pour la r\u00e9gion CEMAC, qu\u2019une croissance de 2,4% seulement cette ann\u00e9e, contre 3,0% en 2022. Il est vrai que la r\u00e9gion serait p\u00e9nalis\u00e9e par sa d\u00e9pendance \u00e0 l\u2019industrie p\u00e9troli\u00e8re, moins porteuse que ces deux derni\u00e8res ann\u00e9es. La BEAC pr\u00e9voit une croissance de 2,6% en 2024 et 4% en 2025, \u00e0 la faveur d\u2019une \u00ab bonne tenue \u00bb des activit\u00e9s dans les secteurs non p\u00e9troliers.<\/p>\n<p><strong>Le Magazine de l&rsquo;Afrique<\/strong><\/p>\n","protected":false},"excerpt":{"rendered":"<p>Peu d\u00e9pendante des soubresauts du p\u00e9trole et ayant su r\u00e9agir aux chocs \u00e9conomiques, l\u2019Afrique de l\u2019Ouest affiche des perspectives de croissance prometteuses pour 2023 et&#8230;<\/p>\n","protected":false},"author":1,"featured_media":4975,"comment_status":"closed","ping_status":"open","sticky":false,"template":"","format":"standard","meta":{"_jetpack_memberships_contains_paid_content":false,"footnotes":""},"categories":[8,10],"tags":[],"class_list":["post-4974","post","type-post","status-publish","format-standard","has-post-thumbnail","hentry","category-actualite-economique","category-infos-eco","wpcat-8-id","wpcat-10-id"],"yoast_head":"<!-- This site is optimized with the Yoast SEO plugin v27.1.1 - https:\/\/yoast.com\/product\/yoast-seo-wordpress\/ -->\n<title>Une croissance vigoureuse en Afrique de l\u2019Ouest - challenges economiques<\/title>\n<meta name=\"robots\" content=\"index, follow, max-snippet:-1, max-image-preview:large, max-video-preview:-1\" \/>\n<link rel=\"canonical\" href=\"https:\/\/challengeseconomiques.com\/?p=4974\" \/>\n<meta property=\"og:locale\" content=\"fr_FR\" \/>\n<meta property=\"og:type\" content=\"article\" \/>\n<meta property=\"og:title\" content=\"Une croissance vigoureuse en Afrique de l\u2019Ouest - challenges economiques\" \/>\n<meta property=\"og:description\" content=\"Peu d\u00e9pendante des soubresauts du p\u00e9trole et ayant su r\u00e9agir aux chocs \u00e9conomiques, l\u2019Afrique de l\u2019Ouest affiche des perspectives de croissance prometteuses pour 2023 et...\" \/>\n<meta property=\"og:url\" content=\"https:\/\/challengeseconomiques.com\/?p=4974\" \/>\n<meta property=\"og:site_name\" content=\"challenges economiques\" \/>\n<meta property=\"article:published_time\" content=\"2023-07-17T22:29:21+00:00\" \/>\n<meta property=\"article:modified_time\" content=\"2023-07-17T22:29:59+00:00\" \/>\n<meta property=\"og:image\" content=\"https:\/\/challengeseconomiques.com\/wp-content\/uploads\/2023\/07\/Conference-UEMOA-770x470-1.webp\" \/>\n\t<meta property=\"og:image:width\" content=\"770\" \/>\n\t<meta property=\"og:image:height\" content=\"470\" \/>\n\t<meta property=\"og:image:type\" content=\"image\/webp\" \/>\n<meta name=\"author\" content=\"admin\" \/>\n<meta name=\"twitter:card\" content=\"summary_large_image\" \/>\n<meta name=\"twitter:label1\" content=\"\u00c9crit par\" \/>\n\t<meta name=\"twitter:data1\" content=\"admin\" \/>\n\t<meta name=\"twitter:label2\" content=\"Dur\u00e9e de lecture estim\u00e9e\" \/>\n\t<meta name=\"twitter:data2\" content=\"3 minutes\" \/>\n<script type=\"application\/ld+json\" class=\"yoast-schema-graph\">{\"@context\":\"https:\/\/schema.org\",\"@graph\":[{\"@type\":\"Article\",\"@id\":\"https:\/\/challengeseconomiques.com\/?p=4974#article\",\"isPartOf\":{\"@id\":\"https:\/\/challengeseconomiques.com\/?p=4974\"},\"author\":{\"name\":\"admin\",\"@id\":\"https:\/\/challengeseconomiques.com\/#\/schema\/person\/b4568c9afebc5a9238a771873801e349\"},\"headline\":\"Une croissance vigoureuse en Afrique de l\u2019Ouest\",\"datePublished\":\"2023-07-17T22:29:21+00:00\",\"dateModified\":\"2023-07-17T22:29:59+00:00\",\"mainEntityOfPage\":{\"@id\":\"https:\/\/challengeseconomiques.com\/?p=4974\"},\"wordCount\":510,\"image\":{\"@id\":\"https:\/\/challengeseconomiques.com\/?p=4974#primaryimage\"},\"thumbnailUrl\":\"https:\/\/challengeseconomiques.com\/wp-content\/uploads\/2023\/07\/Conference-UEMOA-770x470-1.webp\",\"articleSection\":[\"Actualit\u00e9 \u00e9conomique\",\"Infos \u00e9co\"],\"inLanguage\":\"fr-FR\"},{\"@type\":\"WebPage\",\"@id\":\"https:\/\/challengeseconomiques.com\/?p=4974\",\"url\":\"https:\/\/challengeseconomiques.com\/?p=4974\",\"name\":\"Une croissance vigoureuse en Afrique de l\u2019Ouest - challenges economiques\",\"isPartOf\":{\"@id\":\"https:\/\/challengeseconomiques.com\/#website\"},\"primaryImageOfPage\":{\"@id\":\"https:\/\/challengeseconomiques.com\/?p=4974#primaryimage\"},\"image\":{\"@id\":\"https:\/\/challengeseconomiques.com\/?p=4974#primaryimage\"},\"thumbnailUrl\":\"https:\/\/challengeseconomiques.com\/wp-content\/uploads\/2023\/07\/Conference-UEMOA-770x470-1.webp\",\"datePublished\":\"2023-07-17T22:29:21+00:00\",\"dateModified\":\"2023-07-17T22:29:59+00:00\",\"author\":{\"@id\":\"https:\/\/challengeseconomiques.com\/#\/schema\/person\/b4568c9afebc5a9238a771873801e349\"},\"breadcrumb\":{\"@id\":\"https:\/\/challengeseconomiques.com\/?p=4974#breadcrumb\"},\"inLanguage\":\"fr-FR\",\"potentialAction\":[{\"@type\":\"ReadAction\",\"target\":[\"https:\/\/challengeseconomiques.com\/?p=4974\"]}]},{\"@type\":\"ImageObject\",\"inLanguage\":\"fr-FR\",\"@id\":\"https:\/\/challengeseconomiques.com\/?p=4974#primaryimage\",\"url\":\"https:\/\/challengeseconomiques.com\/wp-content\/uploads\/2023\/07\/Conference-UEMOA-770x470-1.webp\",\"contentUrl\":\"https:\/\/challengeseconomiques.com\/wp-content\/uploads\/2023\/07\/Conference-UEMOA-770x470-1.webp\",\"width\":770,\"height\":470},{\"@type\":\"BreadcrumbList\",\"@id\":\"https:\/\/challengeseconomiques.com\/?p=4974#breadcrumb\",\"itemListElement\":[{\"@type\":\"ListItem\",\"position\":1,\"name\":\"Home\",\"item\":\"https:\/\/challengeseconomiques.com\/\"},{\"@type\":\"ListItem\",\"position\":2,\"name\":\"Une croissance vigoureuse en Afrique de l\u2019Ouest\"}]},{\"@type\":\"WebSite\",\"@id\":\"https:\/\/challengeseconomiques.com\/#website\",\"url\":\"https:\/\/challengeseconomiques.com\/\",\"name\":\"challenges economiques\",\"description\":\"\",\"potentialAction\":[{\"@type\":\"SearchAction\",\"target\":{\"@type\":\"EntryPoint\",\"urlTemplate\":\"https:\/\/challengeseconomiques.com\/?s={search_term_string}\"},\"query-input\":{\"@type\":\"PropertyValueSpecification\",\"valueRequired\":true,\"valueName\":\"search_term_string\"}}],\"inLanguage\":\"fr-FR\"},{\"@type\":\"Person\",\"@id\":\"https:\/\/challengeseconomiques.com\/#\/schema\/person\/b4568c9afebc5a9238a771873801e349\",\"name\":\"admin\",\"image\":{\"@type\":\"ImageObject\",\"inLanguage\":\"fr-FR\",\"@id\":\"https:\/\/challengeseconomiques.com\/#\/schema\/person\/image\/\",\"url\":\"https:\/\/secure.gravatar.com\/avatar\/099e42240b5eea11acdb72751fcce0dd918603f0749d24974b7984ea47ed9fd9?s=96&d=mm&r=g\",\"contentUrl\":\"https:\/\/secure.gravatar.com\/avatar\/099e42240b5eea11acdb72751fcce0dd918603f0749d24974b7984ea47ed9fd9?s=96&d=mm&r=g\",\"caption\":\"admin\"},\"sameAs\":[\"https:\/\/challengeseconomiques.com\"],\"url\":\"https:\/\/challengeseconomiques.com\/?author=1\"}]}<\/script>\n<!-- \/ Yoast SEO plugin. -->","yoast_head_json":{"title":"Une croissance vigoureuse en Afrique de l\u2019Ouest - challenges economiques","robots":{"index":"index","follow":"follow","max-snippet":"max-snippet:-1","max-image-preview":"max-image-preview:large","max-video-preview":"max-video-preview:-1"},"canonical":"https:\/\/challengeseconomiques.com\/?p=4974","og_locale":"fr_FR","og_type":"article","og_title":"Une croissance vigoureuse en Afrique de l\u2019Ouest - challenges economiques","og_description":"Peu d\u00e9pendante des soubresauts du p\u00e9trole et ayant su r\u00e9agir aux chocs \u00e9conomiques, l\u2019Afrique de l\u2019Ouest affiche des perspectives de croissance prometteuses pour 2023 et...","og_url":"https:\/\/challengeseconomiques.com\/?p=4974","og_site_name":"challenges economiques","article_published_time":"2023-07-17T22:29:21+00:00","article_modified_time":"2023-07-17T22:29:59+00:00","og_image":[{"width":770,"height":470,"url":"https:\/\/challengeseconomiques.com\/wp-content\/uploads\/2023\/07\/Conference-UEMOA-770x470-1.webp","type":"image\/webp"}],"author":"admin","twitter_card":"summary_large_image","twitter_misc":{"\u00c9crit par":"admin","Dur\u00e9e de lecture estim\u00e9e":"3 minutes"},"schema":{"@context":"https:\/\/schema.org","@graph":[{"@type":"Article","@id":"https:\/\/challengeseconomiques.com\/?p=4974#article","isPartOf":{"@id":"https:\/\/challengeseconomiques.com\/?p=4974"},"author":{"name":"admin","@id":"https:\/\/challengeseconomiques.com\/#\/schema\/person\/b4568c9afebc5a9238a771873801e349"},"headline":"Une croissance vigoureuse en Afrique de l\u2019Ouest","datePublished":"2023-07-17T22:29:21+00:00","dateModified":"2023-07-17T22:29:59+00:00","mainEntityOfPage":{"@id":"https:\/\/challengeseconomiques.com\/?p=4974"},"wordCount":510,"image":{"@id":"https:\/\/challengeseconomiques.com\/?p=4974#primaryimage"},"thumbnailUrl":"https:\/\/challengeseconomiques.com\/wp-content\/uploads\/2023\/07\/Conference-UEMOA-770x470-1.webp","articleSection":["Actualit\u00e9 \u00e9conomique","Infos \u00e9co"],"inLanguage":"fr-FR"},{"@type":"WebPage","@id":"https:\/\/challengeseconomiques.com\/?p=4974","url":"https:\/\/challengeseconomiques.com\/?p=4974","name":"Une croissance vigoureuse en Afrique de l\u2019Ouest - challenges economiques","isPartOf":{"@id":"https:\/\/challengeseconomiques.com\/#website"},"primaryImageOfPage":{"@id":"https:\/\/challengeseconomiques.com\/?p=4974#primaryimage"},"image":{"@id":"https:\/\/challengeseconomiques.com\/?p=4974#primaryimage"},"thumbnailUrl":"https:\/\/challengeseconomiques.com\/wp-content\/uploads\/2023\/07\/Conference-UEMOA-770x470-1.webp","datePublished":"2023-07-17T22:29:21+00:00","dateModified":"2023-07-17T22:29:59+00:00","author":{"@id":"https:\/\/challengeseconomiques.com\/#\/schema\/person\/b4568c9afebc5a9238a771873801e349"},"breadcrumb":{"@id":"https:\/\/challengeseconomiques.com\/?p=4974#breadcrumb"},"inLanguage":"fr-FR","potentialAction":[{"@type":"ReadAction","target":["https:\/\/challengeseconomiques.com\/?p=4974"]}]},{"@type":"ImageObject","inLanguage":"fr-FR","@id":"https:\/\/challengeseconomiques.com\/?p=4974#primaryimage","url":"https:\/\/challengeseconomiques.com\/wp-content\/uploads\/2023\/07\/Conference-UEMOA-770x470-1.webp","contentUrl":"https:\/\/challengeseconomiques.com\/wp-content\/uploads\/2023\/07\/Conference-UEMOA-770x470-1.webp","width":770,"height":470},{"@type":"BreadcrumbList","@id":"https:\/\/challengeseconomiques.com\/?p=4974#breadcrumb","itemListElement":[{"@type":"ListItem","position":1,"name":"Home","item":"https:\/\/challengeseconomiques.com\/"},{"@type":"ListItem","position":2,"name":"Une croissance vigoureuse en Afrique de l\u2019Ouest"}]},{"@type":"WebSite","@id":"https:\/\/challengeseconomiques.com\/#website","url":"https:\/\/challengeseconomiques.com\/","name":"challenges economiques","description":"","potentialAction":[{"@type":"SearchAction","target":{"@type":"EntryPoint","urlTemplate":"https:\/\/challengeseconomiques.com\/?s={search_term_string}"},"query-input":{"@type":"PropertyValueSpecification","valueRequired":true,"valueName":"search_term_string"}}],"inLanguage":"fr-FR"},{"@type":"Person","@id":"https:\/\/challengeseconomiques.com\/#\/schema\/person\/b4568c9afebc5a9238a771873801e349","name":"admin","image":{"@type":"ImageObject","inLanguage":"fr-FR","@id":"https:\/\/challengeseconomiques.com\/#\/schema\/person\/image\/","url":"https:\/\/secure.gravatar.com\/avatar\/099e42240b5eea11acdb72751fcce0dd918603f0749d24974b7984ea47ed9fd9?s=96&d=mm&r=g","contentUrl":"https:\/\/secure.gravatar.com\/avatar\/099e42240b5eea11acdb72751fcce0dd918603f0749d24974b7984ea47ed9fd9?s=96&d=mm&r=g","caption":"admin"},"sameAs":["https:\/\/challengeseconomiques.com"],"url":"https:\/\/challengeseconomiques.com\/?author=1"}]}},"jetpack_featured_media_url":"https:\/\/challengeseconomiques.com\/wp-content\/uploads\/2023\/07\/Conference-UEMOA-770x470-1.webp","jetpack_sharing_enabled":true,"_links":{"self":[{"href":"https:\/\/challengeseconomiques.com\/index.php?rest_route=\/wp\/v2\/posts\/4974","targetHints":{"allow":["GET"]}}],"collection":[{"href":"https:\/\/challengeseconomiques.com\/index.php?rest_route=\/wp\/v2\/posts"}],"about":[{"href":"https:\/\/challengeseconomiques.com\/index.php?rest_route=\/wp\/v2\/types\/post"}],"author":[{"embeddable":true,"href":"https:\/\/challengeseconomiques.com\/index.php?rest_route=\/wp\/v2\/users\/1"}],"replies":[{"embeddable":true,"href":"https:\/\/challengeseconomiques.com\/index.php?rest_route=%2Fwp%2Fv2%2Fcomments&post=4974"}],"version-history":[{"count":2,"href":"https:\/\/challengeseconomiques.com\/index.php?rest_route=\/wp\/v2\/posts\/4974\/revisions"}],"predecessor-version":[{"id":4977,"href":"https:\/\/challengeseconomiques.com\/index.php?rest_route=\/wp\/v2\/posts\/4974\/revisions\/4977"}],"wp:featuredmedia":[{"embeddable":true,"href":"https:\/\/challengeseconomiques.com\/index.php?rest_route=\/wp\/v2\/media\/4975"}],"wp:attachment":[{"href":"https:\/\/challengeseconomiques.com\/index.php?rest_route=%2Fwp%2Fv2%2Fmedia&parent=4974"}],"wp:term":[{"taxonomy":"category","embeddable":true,"href":"https:\/\/challengeseconomiques.com\/index.php?rest_route=%2Fwp%2Fv2%2Fcategories&post=4974"},{"taxonomy":"post_tag","embeddable":true,"href":"https:\/\/challengeseconomiques.com\/index.php?rest_route=%2Fwp%2Fv2%2Ftags&post=4974"}],"curies":[{"name":"wp","href":"https:\/\/api.w.org\/{rel}","templated":true}]}}