{"id":4969,"date":"2023-07-17T22:16:47","date_gmt":"2023-07-17T22:16:47","guid":{"rendered":"https:\/\/challengeseconomiques.com\/?p=4969"},"modified":"2023-07-17T22:17:07","modified_gmt":"2023-07-17T22:17:07","slug":"africa-sovereign-investors-forum-tient-sa-deuxieme-reunion-annuelle-a-kigali","status":"publish","type":"post","link":"https:\/\/challengeseconomiques.com\/?p=4969","title":{"rendered":"AFRICA SOVEREIGN INVESTORS FORUM TIENT  SA DEUXI\u0112ME R\u00c9UNION ANNUELLE \u00c0 KIGALI"},"content":{"rendered":"<p>Le Forum Africain des Investisseurs Souverains (ASIF) a tenu sa deuxi\u00e8me r\u00e9union annuelle \u00e0 Kigali, au Rwanda, les 6 et 7 juillet, une ann\u00e9e apr\u00e8s son lancement, \u00e0 Rabat, sous le Haut Patronage de Sa Majest\u00e9 le Roi Mohammed VI, que Dieu L\u2019assiste. L\u2019\u00e9dition de cette ann\u00e9e, qui a \u00e9t\u00e9 accueillie par le fonds souverain rwandais, Agaciro Development Fund, a trait\u00e9 du th\u00e8me&nbsp;: \u00ab&nbsp;Partenariats Strat\u00e9giques : Moteur de la R\u00e9silience et du D\u00e9veloppement Durable de l&rsquo;Afrique&nbsp;\u00bb.<\/p>\n<p>En plus des dirigeants des fonds souverains membres d\u2019ASIF, cette seconde rencontre a connu la participation du Premier Ministre de la R\u00e9publique du Rwanda, Dr. Edouard Ngirente, ainsi que des membres de son gouvernement, Monsieur Eric Rwigamba, Ministre des Investissements publics et de la privatisation, et Monsieur Uzziel Ndagijimana, Ministre des Finances et de la programmation \u00e9conomique. Ont pris \u00e9galement part \u00e0 cet \u00e9v\u00e9nement, le Directeur g\u00e9n\u00e9ral de la Commission de l\u2019Union Africaine, et le Vice-pr\u00e9sident de la Banque africaine de d\u00e9veloppement en charge du Secteur priv\u00e9, des infrastructures et de l\u2019industrialisation, ainsi que des repr\u00e9sentants de haut niveau d&rsquo;investisseurs souverains et d\u2019institutions financi\u00e8res multilat\u00e9rales, r\u00e9gionales et locales.<\/p>\n<p>Cette session a \u00e9t\u00e9 \u00e9galement marqu\u00e9e par la c\u00e9r\u00e9monie de signature de l\u2019adh\u00e9sion de nouveaux fonds souverains africains&nbsp;; il s\u2019agit du fonds \u00e9thiopien, Ethiopian Investment Holdings, et du fonds mauricien, Mauritius Investment Corporation (MIC) Ltd qui viennent rejoindre les membres fondateurs, consacrant ainsi une dynamique positive de croissance sur l\u2019ensemble de la g\u00e9ographie du continent, confirm\u00e9e par les adh\u00e9sions en cours de plusieurs autres fonds souverains ou d\u2019investissement strat\u00e9giques.<\/p>\n<p>Les membres d\u2019ASIF et les diff\u00e9rents participants ont pu \u00e9changer sur les perspectives de d\u00e9veloppement et d&rsquo;investissement en Afrique, entre autres sujets d\u2019int\u00e9r\u00eat commun, tels que les opportunit\u00e9s et d\u00e9fis de croissance du continent, les partenariats souverains et strat\u00e9giques ou encore le d\u00e9veloppement durable. Il \u00e9tait \u00e9galement question des Objectifs de D\u00e9veloppement Durable (ODD) et de l\u2019importance de la collaboration entre les parties prenantes locales pour les atteindre. En outre, cette deuxi\u00e8me \u00e9dition a \u00e9galement marqu\u00e9 les 10 ans du fonds souverain du Rwanda, membre signataire d\u2019ASIF.<\/p>\n<p>Par le biais d\u2019ASIF, Ithmar Capital consolide ainsi son engagement en faveur du continent et la contribution du Royaume pour une Afrique prosp\u00e8re et durable en application des Hautes Orientations Royales, notamment celles stipul\u00e9es dans le Message Royal que Sa Majest\u00e9 le Roi Mohammed VI, que Dieu L\u2019assiste, a bien voulu adresser aux participants \u00e0 la c\u00e9r\u00e9monie de lancement d\u2019ASIF en 2022.<\/p>\n<p><strong>Ithmar Capital<\/strong><\/p>\n<p>&nbsp;<\/p>\n<p>&nbsp;<\/p>\n<p>&nbsp;<\/p>\n","protected":false},"excerpt":{"rendered":"<p>Le Forum Africain des Investisseurs Souverains (ASIF) a tenu sa deuxi\u00e8me r\u00e9union annuelle \u00e0 Kigali, au Rwanda, les 6 et 7 juillet, une ann\u00e9e apr\u00e8s&#8230;<\/p>\n","protected":false},"author":1,"featured_media":4970,"comment_status":"closed","ping_status":"open","sticky":false,"template":"","format":"standard","meta":{"_jetpack_memberships_contains_paid_content":false,"footnotes":""},"categories":[23,8],"tags":[],"class_list":["post-4969","post","type-post","status-publish","format-standard","has-post-thumbnail","hentry","category-a-la-une","category-actualite-economique","wpcat-23-id","wpcat-8-id"],"yoast_head":"<!-- This site is optimized with the Yoast SEO plugin v27.1.1 - https:\/\/yoast.com\/product\/yoast-seo-wordpress\/ -->\n<title>AFRICA SOVEREIGN INVESTORS FORUM TIENT SA DEUXI\u0112ME R\u00c9UNION ANNUELLE \u00c0 KIGALI - challenges economiques<\/title>\n<meta name=\"robots\" content=\"index, follow, max-snippet:-1, max-image-preview:large, max-video-preview:-1\" \/>\n<link rel=\"canonical\" href=\"https:\/\/challengeseconomiques.com\/?p=4969\" \/>\n<meta property=\"og:locale\" content=\"fr_FR\" \/>\n<meta property=\"og:type\" content=\"article\" \/>\n<meta property=\"og:title\" content=\"AFRICA SOVEREIGN INVESTORS FORUM TIENT SA DEUXI\u0112ME R\u00c9UNION ANNUELLE \u00c0 KIGALI - challenges economiques\" \/>\n<meta property=\"og:description\" content=\"Le Forum Africain des Investisseurs Souverains (ASIF) a tenu sa deuxi\u00e8me r\u00e9union annuelle \u00e0 Kigali, au Rwanda, les 6 et 7 juillet, une ann\u00e9e apr\u00e8s...\" \/>\n<meta property=\"og:url\" content=\"https:\/\/challengeseconomiques.com\/?p=4969\" \/>\n<meta property=\"og:site_name\" content=\"challenges economiques\" \/>\n<meta property=\"article:published_time\" content=\"2023-07-17T22:16:47+00:00\" \/>\n<meta property=\"article:modified_time\" content=\"2023-07-17T22:17:07+00:00\" \/>\n<meta property=\"og:image\" content=\"https:\/\/challengeseconomiques.com\/wp-content\/uploads\/2023\/07\/ithmar.jpg\" \/>\n\t<meta property=\"og:image:width\" content=\"1600\" \/>\n\t<meta property=\"og:image:height\" content=\"1066\" \/>\n\t<meta property=\"og:image:type\" content=\"image\/jpeg\" \/>\n<meta name=\"author\" content=\"admin\" \/>\n<meta name=\"twitter:card\" content=\"summary_large_image\" \/>\n<meta name=\"twitter:label1\" content=\"\u00c9crit par\" \/>\n\t<meta name=\"twitter:data1\" content=\"admin\" \/>\n\t<meta name=\"twitter:label2\" content=\"Dur\u00e9e de lecture estim\u00e9e\" \/>\n\t<meta name=\"twitter:data2\" content=\"2 minutes\" \/>\n<script type=\"application\/ld+json\" class=\"yoast-schema-graph\">{\"@context\":\"https:\/\/schema.org\",\"@graph\":[{\"@type\":\"Article\",\"@id\":\"https:\/\/challengeseconomiques.com\/?p=4969#article\",\"isPartOf\":{\"@id\":\"https:\/\/challengeseconomiques.com\/?p=4969\"},\"author\":{\"name\":\"admin\",\"@id\":\"https:\/\/challengeseconomiques.com\/#\/schema\/person\/b4568c9afebc5a9238a771873801e349\"},\"headline\":\"AFRICA SOVEREIGN INVESTORS FORUM TIENT SA DEUXI\u0112ME R\u00c9UNION ANNUELLE \u00c0 KIGALI\",\"datePublished\":\"2023-07-17T22:16:47+00:00\",\"dateModified\":\"2023-07-17T22:17:07+00:00\",\"mainEntityOfPage\":{\"@id\":\"https:\/\/challengeseconomiques.com\/?p=4969\"},\"wordCount\":475,\"image\":{\"@id\":\"https:\/\/challengeseconomiques.com\/?p=4969#primaryimage\"},\"thumbnailUrl\":\"https:\/\/challengeseconomiques.com\/wp-content\/uploads\/2023\/07\/ithmar.jpg\",\"articleSection\":[\"A la une\",\"Actualit\u00e9 \u00e9conomique\"],\"inLanguage\":\"fr-FR\"},{\"@type\":\"WebPage\",\"@id\":\"https:\/\/challengeseconomiques.com\/?p=4969\",\"url\":\"https:\/\/challengeseconomiques.com\/?p=4969\",\"name\":\"AFRICA SOVEREIGN INVESTORS FORUM TIENT SA DEUXI\u0112ME R\u00c9UNION ANNUELLE \u00c0 KIGALI - challenges economiques\",\"isPartOf\":{\"@id\":\"https:\/\/challengeseconomiques.com\/#website\"},\"primaryImageOfPage\":{\"@id\":\"https:\/\/challengeseconomiques.com\/?p=4969#primaryimage\"},\"image\":{\"@id\":\"https:\/\/challengeseconomiques.com\/?p=4969#primaryimage\"},\"thumbnailUrl\":\"https:\/\/challengeseconomiques.com\/wp-content\/uploads\/2023\/07\/ithmar.jpg\",\"datePublished\":\"2023-07-17T22:16:47+00:00\",\"dateModified\":\"2023-07-17T22:17:07+00:00\",\"author\":{\"@id\":\"https:\/\/challengeseconomiques.com\/#\/schema\/person\/b4568c9afebc5a9238a771873801e349\"},\"breadcrumb\":{\"@id\":\"https:\/\/challengeseconomiques.com\/?p=4969#breadcrumb\"},\"inLanguage\":\"fr-FR\",\"potentialAction\":[{\"@type\":\"ReadAction\",\"target\":[\"https:\/\/challengeseconomiques.com\/?p=4969\"]}]},{\"@type\":\"ImageObject\",\"inLanguage\":\"fr-FR\",\"@id\":\"https:\/\/challengeseconomiques.com\/?p=4969#primaryimage\",\"url\":\"https:\/\/challengeseconomiques.com\/wp-content\/uploads\/2023\/07\/ithmar.jpg\",\"contentUrl\":\"https:\/\/challengeseconomiques.com\/wp-content\/uploads\/2023\/07\/ithmar.jpg\",\"width\":1600,\"height\":1066},{\"@type\":\"BreadcrumbList\",\"@id\":\"https:\/\/challengeseconomiques.com\/?p=4969#breadcrumb\",\"itemListElement\":[{\"@type\":\"ListItem\",\"position\":1,\"name\":\"Home\",\"item\":\"https:\/\/challengeseconomiques.com\/\"},{\"@type\":\"ListItem\",\"position\":2,\"name\":\"AFRICA SOVEREIGN INVESTORS FORUM TIENT SA DEUXI\u0112ME R\u00c9UNION ANNUELLE \u00c0 KIGALI\"}]},{\"@type\":\"WebSite\",\"@id\":\"https:\/\/challengeseconomiques.com\/#website\",\"url\":\"https:\/\/challengeseconomiques.com\/\",\"name\":\"challenges economiques\",\"description\":\"\",\"potentialAction\":[{\"@type\":\"SearchAction\",\"target\":{\"@type\":\"EntryPoint\",\"urlTemplate\":\"https:\/\/challengeseconomiques.com\/?s={search_term_string}\"},\"query-input\":{\"@type\":\"PropertyValueSpecification\",\"valueRequired\":true,\"valueName\":\"search_term_string\"}}],\"inLanguage\":\"fr-FR\"},{\"@type\":\"Person\",\"@id\":\"https:\/\/challengeseconomiques.com\/#\/schema\/person\/b4568c9afebc5a9238a771873801e349\",\"name\":\"admin\",\"image\":{\"@type\":\"ImageObject\",\"inLanguage\":\"fr-FR\",\"@id\":\"https:\/\/challengeseconomiques.com\/#\/schema\/person\/image\/\",\"url\":\"https:\/\/secure.gravatar.com\/avatar\/099e42240b5eea11acdb72751fcce0dd918603f0749d24974b7984ea47ed9fd9?s=96&d=mm&r=g\",\"contentUrl\":\"https:\/\/secure.gravatar.com\/avatar\/099e42240b5eea11acdb72751fcce0dd918603f0749d24974b7984ea47ed9fd9?s=96&d=mm&r=g\",\"caption\":\"admin\"},\"sameAs\":[\"https:\/\/challengeseconomiques.com\"],\"url\":\"https:\/\/challengeseconomiques.com\/?author=1\"}]}<\/script>\n<!-- \/ Yoast SEO plugin. -->","yoast_head_json":{"title":"AFRICA SOVEREIGN INVESTORS FORUM TIENT SA DEUXI\u0112ME R\u00c9UNION ANNUELLE \u00c0 KIGALI - challenges economiques","robots":{"index":"index","follow":"follow","max-snippet":"max-snippet:-1","max-image-preview":"max-image-preview:large","max-video-preview":"max-video-preview:-1"},"canonical":"https:\/\/challengeseconomiques.com\/?p=4969","og_locale":"fr_FR","og_type":"article","og_title":"AFRICA SOVEREIGN INVESTORS FORUM TIENT SA DEUXI\u0112ME R\u00c9UNION ANNUELLE \u00c0 KIGALI - challenges economiques","og_description":"Le Forum Africain des Investisseurs Souverains (ASIF) a tenu sa deuxi\u00e8me r\u00e9union annuelle \u00e0 Kigali, au Rwanda, les 6 et 7 juillet, une ann\u00e9e apr\u00e8s...","og_url":"https:\/\/challengeseconomiques.com\/?p=4969","og_site_name":"challenges economiques","article_published_time":"2023-07-17T22:16:47+00:00","article_modified_time":"2023-07-17T22:17:07+00:00","og_image":[{"width":1600,"height":1066,"url":"https:\/\/challengeseconomiques.com\/wp-content\/uploads\/2023\/07\/ithmar.jpg","type":"image\/jpeg"}],"author":"admin","twitter_card":"summary_large_image","twitter_misc":{"\u00c9crit par":"admin","Dur\u00e9e de lecture estim\u00e9e":"2 minutes"},"schema":{"@context":"https:\/\/schema.org","@graph":[{"@type":"Article","@id":"https:\/\/challengeseconomiques.com\/?p=4969#article","isPartOf":{"@id":"https:\/\/challengeseconomiques.com\/?p=4969"},"author":{"name":"admin","@id":"https:\/\/challengeseconomiques.com\/#\/schema\/person\/b4568c9afebc5a9238a771873801e349"},"headline":"AFRICA SOVEREIGN INVESTORS FORUM TIENT SA DEUXI\u0112ME R\u00c9UNION ANNUELLE \u00c0 KIGALI","datePublished":"2023-07-17T22:16:47+00:00","dateModified":"2023-07-17T22:17:07+00:00","mainEntityOfPage":{"@id":"https:\/\/challengeseconomiques.com\/?p=4969"},"wordCount":475,"image":{"@id":"https:\/\/challengeseconomiques.com\/?p=4969#primaryimage"},"thumbnailUrl":"https:\/\/challengeseconomiques.com\/wp-content\/uploads\/2023\/07\/ithmar.jpg","articleSection":["A la une","Actualit\u00e9 \u00e9conomique"],"inLanguage":"fr-FR"},{"@type":"WebPage","@id":"https:\/\/challengeseconomiques.com\/?p=4969","url":"https:\/\/challengeseconomiques.com\/?p=4969","name":"AFRICA SOVEREIGN INVESTORS FORUM TIENT SA DEUXI\u0112ME R\u00c9UNION ANNUELLE \u00c0 KIGALI - challenges economiques","isPartOf":{"@id":"https:\/\/challengeseconomiques.com\/#website"},"primaryImageOfPage":{"@id":"https:\/\/challengeseconomiques.com\/?p=4969#primaryimage"},"image":{"@id":"https:\/\/challengeseconomiques.com\/?p=4969#primaryimage"},"thumbnailUrl":"https:\/\/challengeseconomiques.com\/wp-content\/uploads\/2023\/07\/ithmar.jpg","datePublished":"2023-07-17T22:16:47+00:00","dateModified":"2023-07-17T22:17:07+00:00","author":{"@id":"https:\/\/challengeseconomiques.com\/#\/schema\/person\/b4568c9afebc5a9238a771873801e349"},"breadcrumb":{"@id":"https:\/\/challengeseconomiques.com\/?p=4969#breadcrumb"},"inLanguage":"fr-FR","potentialAction":[{"@type":"ReadAction","target":["https:\/\/challengeseconomiques.com\/?p=4969"]}]},{"@type":"ImageObject","inLanguage":"fr-FR","@id":"https:\/\/challengeseconomiques.com\/?p=4969#primaryimage","url":"https:\/\/challengeseconomiques.com\/wp-content\/uploads\/2023\/07\/ithmar.jpg","contentUrl":"https:\/\/challengeseconomiques.com\/wp-content\/uploads\/2023\/07\/ithmar.jpg","width":1600,"height":1066},{"@type":"BreadcrumbList","@id":"https:\/\/challengeseconomiques.com\/?p=4969#breadcrumb","itemListElement":[{"@type":"ListItem","position":1,"name":"Home","item":"https:\/\/challengeseconomiques.com\/"},{"@type":"ListItem","position":2,"name":"AFRICA SOVEREIGN INVESTORS FORUM TIENT SA DEUXI\u0112ME R\u00c9UNION ANNUELLE \u00c0 KIGALI"}]},{"@type":"WebSite","@id":"https:\/\/challengeseconomiques.com\/#website","url":"https:\/\/challengeseconomiques.com\/","name":"challenges economiques","description":"","potentialAction":[{"@type":"SearchAction","target":{"@type":"EntryPoint","urlTemplate":"https:\/\/challengeseconomiques.com\/?s={search_term_string}"},"query-input":{"@type":"PropertyValueSpecification","valueRequired":true,"valueName":"search_term_string"}}],"inLanguage":"fr-FR"},{"@type":"Person","@id":"https:\/\/challengeseconomiques.com\/#\/schema\/person\/b4568c9afebc5a9238a771873801e349","name":"admin","image":{"@type":"ImageObject","inLanguage":"fr-FR","@id":"https:\/\/challengeseconomiques.com\/#\/schema\/person\/image\/","url":"https:\/\/secure.gravatar.com\/avatar\/099e42240b5eea11acdb72751fcce0dd918603f0749d24974b7984ea47ed9fd9?s=96&d=mm&r=g","contentUrl":"https:\/\/secure.gravatar.com\/avatar\/099e42240b5eea11acdb72751fcce0dd918603f0749d24974b7984ea47ed9fd9?s=96&d=mm&r=g","caption":"admin"},"sameAs":["https:\/\/challengeseconomiques.com"],"url":"https:\/\/challengeseconomiques.com\/?author=1"}]}},"jetpack_featured_media_url":"https:\/\/challengeseconomiques.com\/wp-content\/uploads\/2023\/07\/ithmar.jpg","jetpack_sharing_enabled":true,"_links":{"self":[{"href":"https:\/\/challengeseconomiques.com\/index.php?rest_route=\/wp\/v2\/posts\/4969","targetHints":{"allow":["GET"]}}],"collection":[{"href":"https:\/\/challengeseconomiques.com\/index.php?rest_route=\/wp\/v2\/posts"}],"about":[{"href":"https:\/\/challengeseconomiques.com\/index.php?rest_route=\/wp\/v2\/types\/post"}],"author":[{"embeddable":true,"href":"https:\/\/challengeseconomiques.com\/index.php?rest_route=\/wp\/v2\/users\/1"}],"replies":[{"embeddable":true,"href":"https:\/\/challengeseconomiques.com\/index.php?rest_route=%2Fwp%2Fv2%2Fcomments&post=4969"}],"version-history":[{"count":2,"href":"https:\/\/challengeseconomiques.com\/index.php?rest_route=\/wp\/v2\/posts\/4969\/revisions"}],"predecessor-version":[{"id":4972,"href":"https:\/\/challengeseconomiques.com\/index.php?rest_route=\/wp\/v2\/posts\/4969\/revisions\/4972"}],"wp:featuredmedia":[{"embeddable":true,"href":"https:\/\/challengeseconomiques.com\/index.php?rest_route=\/wp\/v2\/media\/4970"}],"wp:attachment":[{"href":"https:\/\/challengeseconomiques.com\/index.php?rest_route=%2Fwp%2Fv2%2Fmedia&parent=4969"}],"wp:term":[{"taxonomy":"category","embeddable":true,"href":"https:\/\/challengeseconomiques.com\/index.php?rest_route=%2Fwp%2Fv2%2Fcategories&post=4969"},{"taxonomy":"post_tag","embeddable":true,"href":"https:\/\/challengeseconomiques.com\/index.php?rest_route=%2Fwp%2Fv2%2Ftags&post=4969"}],"curies":[{"name":"wp","href":"https:\/\/api.w.org\/{rel}","templated":true}]}}