{"id":4961,"date":"2023-07-13T12:30:13","date_gmt":"2023-07-13T12:30:13","guid":{"rendered":"https:\/\/challengeseconomiques.com\/?p=4961"},"modified":"2023-07-13T12:30:38","modified_gmt":"2023-07-13T12:30:38","slug":"cooperation-senegalo-marocaine-la-cciad-et-ccis-de-casablanca-misent-sur-le-renforcement-des-echanges-economiques","status":"publish","type":"post","link":"https:\/\/challengeseconomiques.com\/?p=4961","title":{"rendered":"Coop\u00e9ration s\u00e9n\u00e9galo-marocaine : La CCIAD et CCIS de Casablanca misent sur le renforcement des \u00e9changes \u00e9conomiques"},"content":{"rendered":"<p><strong>Des ind\u00e9pendances \u00e0 nos jours, le S\u00e9n\u00e9gal et le Maroc entretiennent des relations exemplaires. Sur le plan \u00e9conomique, les Chambres de Commerce traduisent la volont\u00e9 des Chefs d\u2019Etat en facilitant la mise en relation des chefs d\u2019entreprise. <\/strong><\/p>\n<p>La Chambre de Commerce, d\u2019Industrie et d\u2019Agriculture de Dakar (CCIAD) a re\u00e7u le pr\u00e9sident de la Chambre de Commerce, d\u2019Industrie et des Services (CCIS) de Casablanca-Settat, Hassane Berkani, le vendredi 7 juillet 2023 au si\u00e8ge de l\u2019Institution Consulaire de Dakar.<br \/>\nLes \u00e9quipes dirigeantes des deux Institutions ont \u00e9chang\u00e9 sur la mani\u00e8re de booster la coop\u00e9ration bilat\u00e9rale entre le S\u00e9n\u00e9gal et le Maroc. Des vice-pr\u00e9sidents et des pr\u00e9sidents de Commissions de la CCIAD ont pris part \u00e0 la rencontre.<\/p>\n<p><em><strong>Organisation d\u2019un forum \u00e9conomique<\/strong><\/em><\/p>\n<p>Le Pr\u00e9sident de la CCIAD, Abdoulaye Sow a rappel\u00e9 les relations s\u00e9culaires entre le S\u00e9n\u00e9gal et le Royaume ch\u00e9rifien. N\u00e9anmoins, il trouve que le volume des \u00e9changes commerciaux entre les deux pays ne refl\u00e8te pas les relations bilat\u00e9rales entre Dakar et Casablanca. M. Sow propose d\u2019explorer les perspectives en vue d\u2019une collaboration dans divers domaines.<br \/>\nAbdoulaye Sow salue l\u2019initiative visant \u00e0 organiser un forum \u00e9conomique regroupant les chefs d\u2019entreprise s\u00e9n\u00e9galais et marocains. Pour lui, Casablanca est une ville dynamique et constitue la porte d\u2019entr\u00e9e de l\u2019Afrique du Nord. Dakar, de par sa position g\u00e9ographique jouit d\u2019une ouverture sur le monde et a une bonne accessibilit\u00e9 sur le plan \u00e9conomique, corrobore-t-il.<br \/>\nAbdoulaye Sow a termin\u00e9 en magnifiant les efforts diplomatiques de part et d\u2019autre dans la lign\u00e9e de la vision commune du Pr\u00e9sident Macky Sall et du Roi Mohamed VI.<\/p>\n<p><em><strong>Partenariat gagnant-gagnant<\/strong><\/em><\/p>\n<p>Dans la m\u00eame veine, le pr\u00e9sident de la CCIS de Casablanca-Settat, Hassane Berkani a soulign\u00e9 la n\u00e9cessit\u00e9 de parfaire le volet \u00e9conomique entre Dakar et Casablanca. Il souhaite la p\u00e9rennisation des excellentes relations par la mise en place de projets communs.<br \/>\nD\u2019apr\u00e8s M. Berkani les op\u00e9rateurs \u00e9conomiques s\u00e9n\u00e9galais et marocains doivent nouer des partenariats gagnant-gagnant.<br \/>\nDe leur c\u00f4t\u00e9, les collaborateurs du pr\u00e9sident de la CCIAD ont \u00e9voqu\u00e9 la n\u00e9cessit\u00e9 de mettre l\u2019accent sur les domaines de l\u2019industrie, de l\u2019agrobusiness, du BTP, du transport maritime, du p\u00e9trole et du gaz, etc.<\/p>\n<p><img fetchpriority=\"high\" decoding=\"async\" class=\"alignnone size-full wp-image-6808\" src=\"https:\/\/bie.cciad.sn\/wp-content\/uploads\/2023\/07\/CCIAD_Casa_9.jpeg\" sizes=\"(max-width: 1600px) 100vw, 1600px\" srcset=\"https:\/\/bie.cciad.sn\/wp-content\/uploads\/2023\/07\/CCIAD_Casa_9.jpeg 1600w, https:\/\/bie.cciad.sn\/wp-content\/uploads\/2023\/07\/CCIAD_Casa_9-300x200.jpeg 300w, https:\/\/bie.cciad.sn\/wp-content\/uploads\/2023\/07\/CCIAD_Casa_9-1024x682.jpeg 1024w, https:\/\/bie.cciad.sn\/wp-content\/uploads\/2023\/07\/CCIAD_Casa_9-768x512.jpeg 768w, https:\/\/bie.cciad.sn\/wp-content\/uploads\/2023\/07\/CCIAD_Casa_9-1536x1023.jpeg 1536w\" alt=\"\" width=\"1600\" height=\"1066\"><\/p>\n<div class=\"post-footer clearfix\">\n<div class=\"post-tag-container\">\n<div class=\"tag-lists\"><strong>(BIE)<\/strong><\/div>\n<\/div>\n<\/div>\n","protected":false},"excerpt":{"rendered":"<p>Des ind\u00e9pendances \u00e0 nos jours, le S\u00e9n\u00e9gal et le Maroc entretiennent des relations exemplaires. Sur le plan \u00e9conomique, les Chambres de Commerce traduisent la volont\u00e9&#8230;<\/p>\n","protected":false},"author":1,"featured_media":4962,"comment_status":"closed","ping_status":"open","sticky":false,"template":"","format":"standard","meta":{"_jetpack_memberships_contains_paid_content":false,"footnotes":""},"categories":[23],"tags":[],"class_list":["post-4961","post","type-post","status-publish","format-standard","has-post-thumbnail","hentry","category-a-la-une","wpcat-23-id"],"yoast_head":"<!-- This site is optimized with the Yoast SEO plugin v27.1.1 - https:\/\/yoast.com\/product\/yoast-seo-wordpress\/ -->\n<title>Coop\u00e9ration s\u00e9n\u00e9galo-marocaine : La CCIAD et CCIS de Casablanca misent sur le renforcement des \u00e9changes \u00e9conomiques - challenges economiques<\/title>\n<meta name=\"robots\" content=\"index, follow, max-snippet:-1, max-image-preview:large, max-video-preview:-1\" \/>\n<link rel=\"canonical\" href=\"https:\/\/challengeseconomiques.com\/?p=4961\" \/>\n<meta property=\"og:locale\" content=\"fr_FR\" \/>\n<meta property=\"og:type\" content=\"article\" \/>\n<meta property=\"og:title\" content=\"Coop\u00e9ration s\u00e9n\u00e9galo-marocaine : La CCIAD et CCIS de Casablanca misent sur le renforcement des \u00e9changes \u00e9conomiques - challenges economiques\" \/>\n<meta property=\"og:description\" content=\"Des ind\u00e9pendances \u00e0 nos jours, le S\u00e9n\u00e9gal et le Maroc entretiennent des relations exemplaires. Sur le plan \u00e9conomique, les Chambres de Commerce traduisent la volont\u00e9...\" \/>\n<meta property=\"og:url\" content=\"https:\/\/challengeseconomiques.com\/?p=4961\" \/>\n<meta property=\"og:site_name\" content=\"challenges economiques\" \/>\n<meta property=\"article:published_time\" content=\"2023-07-13T12:30:13+00:00\" \/>\n<meta property=\"article:modified_time\" content=\"2023-07-13T12:30:38+00:00\" \/>\n<meta property=\"og:image\" content=\"https:\/\/challengeseconomiques.com\/wp-content\/uploads\/2023\/07\/CCIAD_Casa_4-1536x1017-1.jpeg\" \/>\n\t<meta property=\"og:image:width\" content=\"1536\" \/>\n\t<meta property=\"og:image:height\" content=\"1017\" \/>\n\t<meta property=\"og:image:type\" content=\"image\/jpeg\" \/>\n<meta name=\"author\" content=\"admin\" \/>\n<meta name=\"twitter:card\" content=\"summary_large_image\" \/>\n<meta name=\"twitter:label1\" content=\"\u00c9crit par\" \/>\n\t<meta name=\"twitter:data1\" content=\"admin\" \/>\n\t<meta name=\"twitter:label2\" content=\"Dur\u00e9e de lecture estim\u00e9e\" \/>\n\t<meta name=\"twitter:data2\" content=\"2 minutes\" \/>\n<script type=\"application\/ld+json\" class=\"yoast-schema-graph\">{\"@context\":\"https:\/\/schema.org\",\"@graph\":[{\"@type\":\"Article\",\"@id\":\"https:\/\/challengeseconomiques.com\/?p=4961#article\",\"isPartOf\":{\"@id\":\"https:\/\/challengeseconomiques.com\/?p=4961\"},\"author\":{\"name\":\"admin\",\"@id\":\"https:\/\/challengeseconomiques.com\/#\/schema\/person\/b4568c9afebc5a9238a771873801e349\"},\"headline\":\"Coop\u00e9ration s\u00e9n\u00e9galo-marocaine : La CCIAD et CCIS de Casablanca misent sur le renforcement des \u00e9changes \u00e9conomiques\",\"datePublished\":\"2023-07-13T12:30:13+00:00\",\"dateModified\":\"2023-07-13T12:30:38+00:00\",\"mainEntityOfPage\":{\"@id\":\"https:\/\/challengeseconomiques.com\/?p=4961\"},\"wordCount\":422,\"image\":{\"@id\":\"https:\/\/challengeseconomiques.com\/?p=4961#primaryimage\"},\"thumbnailUrl\":\"https:\/\/challengeseconomiques.com\/wp-content\/uploads\/2023\/07\/CCIAD_Casa_4-1536x1017-1.jpeg\",\"articleSection\":[\"A la une\"],\"inLanguage\":\"fr-FR\"},{\"@type\":\"WebPage\",\"@id\":\"https:\/\/challengeseconomiques.com\/?p=4961\",\"url\":\"https:\/\/challengeseconomiques.com\/?p=4961\",\"name\":\"Coop\u00e9ration s\u00e9n\u00e9galo-marocaine : La CCIAD et CCIS de Casablanca misent sur le renforcement des \u00e9changes \u00e9conomiques - challenges economiques\",\"isPartOf\":{\"@id\":\"https:\/\/challengeseconomiques.com\/#website\"},\"primaryImageOfPage\":{\"@id\":\"https:\/\/challengeseconomiques.com\/?p=4961#primaryimage\"},\"image\":{\"@id\":\"https:\/\/challengeseconomiques.com\/?p=4961#primaryimage\"},\"thumbnailUrl\":\"https:\/\/challengeseconomiques.com\/wp-content\/uploads\/2023\/07\/CCIAD_Casa_4-1536x1017-1.jpeg\",\"datePublished\":\"2023-07-13T12:30:13+00:00\",\"dateModified\":\"2023-07-13T12:30:38+00:00\",\"author\":{\"@id\":\"https:\/\/challengeseconomiques.com\/#\/schema\/person\/b4568c9afebc5a9238a771873801e349\"},\"breadcrumb\":{\"@id\":\"https:\/\/challengeseconomiques.com\/?p=4961#breadcrumb\"},\"inLanguage\":\"fr-FR\",\"potentialAction\":[{\"@type\":\"ReadAction\",\"target\":[\"https:\/\/challengeseconomiques.com\/?p=4961\"]}]},{\"@type\":\"ImageObject\",\"inLanguage\":\"fr-FR\",\"@id\":\"https:\/\/challengeseconomiques.com\/?p=4961#primaryimage\",\"url\":\"https:\/\/challengeseconomiques.com\/wp-content\/uploads\/2023\/07\/CCIAD_Casa_4-1536x1017-1.jpeg\",\"contentUrl\":\"https:\/\/challengeseconomiques.com\/wp-content\/uploads\/2023\/07\/CCIAD_Casa_4-1536x1017-1.jpeg\",\"width\":1536,\"height\":1017},{\"@type\":\"BreadcrumbList\",\"@id\":\"https:\/\/challengeseconomiques.com\/?p=4961#breadcrumb\",\"itemListElement\":[{\"@type\":\"ListItem\",\"position\":1,\"name\":\"Home\",\"item\":\"https:\/\/challengeseconomiques.com\/\"},{\"@type\":\"ListItem\",\"position\":2,\"name\":\"Coop\u00e9ration s\u00e9n\u00e9galo-marocaine : La CCIAD et CCIS de Casablanca misent sur le renforcement des \u00e9changes \u00e9conomiques\"}]},{\"@type\":\"WebSite\",\"@id\":\"https:\/\/challengeseconomiques.com\/#website\",\"url\":\"https:\/\/challengeseconomiques.com\/\",\"name\":\"challenges economiques\",\"description\":\"\",\"potentialAction\":[{\"@type\":\"SearchAction\",\"target\":{\"@type\":\"EntryPoint\",\"urlTemplate\":\"https:\/\/challengeseconomiques.com\/?s={search_term_string}\"},\"query-input\":{\"@type\":\"PropertyValueSpecification\",\"valueRequired\":true,\"valueName\":\"search_term_string\"}}],\"inLanguage\":\"fr-FR\"},{\"@type\":\"Person\",\"@id\":\"https:\/\/challengeseconomiques.com\/#\/schema\/person\/b4568c9afebc5a9238a771873801e349\",\"name\":\"admin\",\"image\":{\"@type\":\"ImageObject\",\"inLanguage\":\"fr-FR\",\"@id\":\"https:\/\/challengeseconomiques.com\/#\/schema\/person\/image\/\",\"url\":\"https:\/\/secure.gravatar.com\/avatar\/099e42240b5eea11acdb72751fcce0dd918603f0749d24974b7984ea47ed9fd9?s=96&d=mm&r=g\",\"contentUrl\":\"https:\/\/secure.gravatar.com\/avatar\/099e42240b5eea11acdb72751fcce0dd918603f0749d24974b7984ea47ed9fd9?s=96&d=mm&r=g\",\"caption\":\"admin\"},\"sameAs\":[\"https:\/\/challengeseconomiques.com\"],\"url\":\"https:\/\/challengeseconomiques.com\/?author=1\"}]}<\/script>\n<!-- \/ Yoast SEO plugin. -->","yoast_head_json":{"title":"Coop\u00e9ration s\u00e9n\u00e9galo-marocaine : La CCIAD et CCIS de Casablanca misent sur le renforcement des \u00e9changes \u00e9conomiques - challenges economiques","robots":{"index":"index","follow":"follow","max-snippet":"max-snippet:-1","max-image-preview":"max-image-preview:large","max-video-preview":"max-video-preview:-1"},"canonical":"https:\/\/challengeseconomiques.com\/?p=4961","og_locale":"fr_FR","og_type":"article","og_title":"Coop\u00e9ration s\u00e9n\u00e9galo-marocaine : La CCIAD et CCIS de Casablanca misent sur le renforcement des \u00e9changes \u00e9conomiques - challenges economiques","og_description":"Des ind\u00e9pendances \u00e0 nos jours, le S\u00e9n\u00e9gal et le Maroc entretiennent des relations exemplaires. Sur le plan \u00e9conomique, les Chambres de Commerce traduisent la volont\u00e9...","og_url":"https:\/\/challengeseconomiques.com\/?p=4961","og_site_name":"challenges economiques","article_published_time":"2023-07-13T12:30:13+00:00","article_modified_time":"2023-07-13T12:30:38+00:00","og_image":[{"width":1536,"height":1017,"url":"https:\/\/challengeseconomiques.com\/wp-content\/uploads\/2023\/07\/CCIAD_Casa_4-1536x1017-1.jpeg","type":"image\/jpeg"}],"author":"admin","twitter_card":"summary_large_image","twitter_misc":{"\u00c9crit par":"admin","Dur\u00e9e de lecture estim\u00e9e":"2 minutes"},"schema":{"@context":"https:\/\/schema.org","@graph":[{"@type":"Article","@id":"https:\/\/challengeseconomiques.com\/?p=4961#article","isPartOf":{"@id":"https:\/\/challengeseconomiques.com\/?p=4961"},"author":{"name":"admin","@id":"https:\/\/challengeseconomiques.com\/#\/schema\/person\/b4568c9afebc5a9238a771873801e349"},"headline":"Coop\u00e9ration s\u00e9n\u00e9galo-marocaine : La CCIAD et CCIS de Casablanca misent sur le renforcement des \u00e9changes \u00e9conomiques","datePublished":"2023-07-13T12:30:13+00:00","dateModified":"2023-07-13T12:30:38+00:00","mainEntityOfPage":{"@id":"https:\/\/challengeseconomiques.com\/?p=4961"},"wordCount":422,"image":{"@id":"https:\/\/challengeseconomiques.com\/?p=4961#primaryimage"},"thumbnailUrl":"https:\/\/challengeseconomiques.com\/wp-content\/uploads\/2023\/07\/CCIAD_Casa_4-1536x1017-1.jpeg","articleSection":["A la une"],"inLanguage":"fr-FR"},{"@type":"WebPage","@id":"https:\/\/challengeseconomiques.com\/?p=4961","url":"https:\/\/challengeseconomiques.com\/?p=4961","name":"Coop\u00e9ration s\u00e9n\u00e9galo-marocaine : La CCIAD et CCIS de Casablanca misent sur le renforcement des \u00e9changes \u00e9conomiques - challenges economiques","isPartOf":{"@id":"https:\/\/challengeseconomiques.com\/#website"},"primaryImageOfPage":{"@id":"https:\/\/challengeseconomiques.com\/?p=4961#primaryimage"},"image":{"@id":"https:\/\/challengeseconomiques.com\/?p=4961#primaryimage"},"thumbnailUrl":"https:\/\/challengeseconomiques.com\/wp-content\/uploads\/2023\/07\/CCIAD_Casa_4-1536x1017-1.jpeg","datePublished":"2023-07-13T12:30:13+00:00","dateModified":"2023-07-13T12:30:38+00:00","author":{"@id":"https:\/\/challengeseconomiques.com\/#\/schema\/person\/b4568c9afebc5a9238a771873801e349"},"breadcrumb":{"@id":"https:\/\/challengeseconomiques.com\/?p=4961#breadcrumb"},"inLanguage":"fr-FR","potentialAction":[{"@type":"ReadAction","target":["https:\/\/challengeseconomiques.com\/?p=4961"]}]},{"@type":"ImageObject","inLanguage":"fr-FR","@id":"https:\/\/challengeseconomiques.com\/?p=4961#primaryimage","url":"https:\/\/challengeseconomiques.com\/wp-content\/uploads\/2023\/07\/CCIAD_Casa_4-1536x1017-1.jpeg","contentUrl":"https:\/\/challengeseconomiques.com\/wp-content\/uploads\/2023\/07\/CCIAD_Casa_4-1536x1017-1.jpeg","width":1536,"height":1017},{"@type":"BreadcrumbList","@id":"https:\/\/challengeseconomiques.com\/?p=4961#breadcrumb","itemListElement":[{"@type":"ListItem","position":1,"name":"Home","item":"https:\/\/challengeseconomiques.com\/"},{"@type":"ListItem","position":2,"name":"Coop\u00e9ration s\u00e9n\u00e9galo-marocaine : La CCIAD et CCIS de Casablanca misent sur le renforcement des \u00e9changes \u00e9conomiques"}]},{"@type":"WebSite","@id":"https:\/\/challengeseconomiques.com\/#website","url":"https:\/\/challengeseconomiques.com\/","name":"challenges economiques","description":"","potentialAction":[{"@type":"SearchAction","target":{"@type":"EntryPoint","urlTemplate":"https:\/\/challengeseconomiques.com\/?s={search_term_string}"},"query-input":{"@type":"PropertyValueSpecification","valueRequired":true,"valueName":"search_term_string"}}],"inLanguage":"fr-FR"},{"@type":"Person","@id":"https:\/\/challengeseconomiques.com\/#\/schema\/person\/b4568c9afebc5a9238a771873801e349","name":"admin","image":{"@type":"ImageObject","inLanguage":"fr-FR","@id":"https:\/\/challengeseconomiques.com\/#\/schema\/person\/image\/","url":"https:\/\/secure.gravatar.com\/avatar\/099e42240b5eea11acdb72751fcce0dd918603f0749d24974b7984ea47ed9fd9?s=96&d=mm&r=g","contentUrl":"https:\/\/secure.gravatar.com\/avatar\/099e42240b5eea11acdb72751fcce0dd918603f0749d24974b7984ea47ed9fd9?s=96&d=mm&r=g","caption":"admin"},"sameAs":["https:\/\/challengeseconomiques.com"],"url":"https:\/\/challengeseconomiques.com\/?author=1"}]}},"jetpack_featured_media_url":"https:\/\/challengeseconomiques.com\/wp-content\/uploads\/2023\/07\/CCIAD_Casa_4-1536x1017-1.jpeg","jetpack_sharing_enabled":true,"_links":{"self":[{"href":"https:\/\/challengeseconomiques.com\/index.php?rest_route=\/wp\/v2\/posts\/4961","targetHints":{"allow":["GET"]}}],"collection":[{"href":"https:\/\/challengeseconomiques.com\/index.php?rest_route=\/wp\/v2\/posts"}],"about":[{"href":"https:\/\/challengeseconomiques.com\/index.php?rest_route=\/wp\/v2\/types\/post"}],"author":[{"embeddable":true,"href":"https:\/\/challengeseconomiques.com\/index.php?rest_route=\/wp\/v2\/users\/1"}],"replies":[{"embeddable":true,"href":"https:\/\/challengeseconomiques.com\/index.php?rest_route=%2Fwp%2Fv2%2Fcomments&post=4961"}],"version-history":[{"count":2,"href":"https:\/\/challengeseconomiques.com\/index.php?rest_route=\/wp\/v2\/posts\/4961\/revisions"}],"predecessor-version":[{"id":4964,"href":"https:\/\/challengeseconomiques.com\/index.php?rest_route=\/wp\/v2\/posts\/4961\/revisions\/4964"}],"wp:featuredmedia":[{"embeddable":true,"href":"https:\/\/challengeseconomiques.com\/index.php?rest_route=\/wp\/v2\/media\/4962"}],"wp:attachment":[{"href":"https:\/\/challengeseconomiques.com\/index.php?rest_route=%2Fwp%2Fv2%2Fmedia&parent=4961"}],"wp:term":[{"taxonomy":"category","embeddable":true,"href":"https:\/\/challengeseconomiques.com\/index.php?rest_route=%2Fwp%2Fv2%2Fcategories&post=4961"},{"taxonomy":"post_tag","embeddable":true,"href":"https:\/\/challengeseconomiques.com\/index.php?rest_route=%2Fwp%2Fv2%2Ftags&post=4961"}],"curies":[{"name":"wp","href":"https:\/\/api.w.org\/{rel}","templated":true}]}}