{"id":4954,"date":"2023-07-13T12:14:02","date_gmt":"2023-07-13T12:14:02","guid":{"rendered":"https:\/\/challengeseconomiques.com\/?p=4954"},"modified":"2023-07-13T12:15:05","modified_gmt":"2023-07-13T12:15:05","slug":"senegal-un-accord-de-financement-de-15-milliard-pour-des-projets-en-faveur-des-collectivites-territoriales","status":"publish","type":"post","link":"https:\/\/challengeseconomiques.com\/?p=4954","title":{"rendered":"S\u00e9n\u00e9gal : un accord de financement de 1,5 milliard $ pour des projets en faveur des collectivit\u00e9s territoriales"},"content":{"rendered":"<div class=\"itemIntroText\">\n<p class=\"texte textearticle\"><strong>&nbsp;Depuis 2013, le gouvernement s\u00e9n\u00e9galais a souhait\u00e9 renforcer le processus de d\u00e9centralisation du pays. Afin de rendre les territoires plus comp\u00e9titifs et porteurs de d\u00e9veloppement durable, un accord de financement de projets a \u00e9t\u00e9 paraph\u00e9 avec des investisseurs lors du forum \u00ab Invest in S\u00e9n\u00e9gal<em>&nbsp;\u00bb<\/em>.<\/strong><\/p>\n<p class=\"texte textearticle\">Le Conseil mondial des investissements et des affaires de l\u2019Afrique (CMIA) a sign\u00e9 avec l\u2019Association des maires du S\u00e9n\u00e9gal (AMS) et l\u2019Union des associations des \u00e9lus locaux (UAEL), un accord de partenariat pour financer huit projets d\u2019une valeur de 890 milliards de francs CFA (1,5 milliard&nbsp;$) en faveur des collectivit\u00e9s territoriales, le vendredi 7 juillet. C\u2019est ce qu\u2019indique <em>l\u2019Agence de presse s\u00e9n\u00e9galaise (APS)<\/em>.<\/p>\n<p class=\"texte textearticle\">Cet accord entre dans le cadre du forum&nbsp;\u00ab&nbsp;Invest in S\u00e9n\u00e9gal&nbsp;\u00bb, qui s\u2019est ouvert le 6 juillet dernier \u00e0 Dakar.<\/p>\n<p class=\"texte textearticle\">Pour Idrissa Doucour\u00e9, pr\u00e9sident du CMIA, \u00ab&nbsp;<em>l\u2019objectif de&nbsp;ces investissements&nbsp;est d\u2019apporter des r\u00e9ponses aux&nbsp;probl\u00e8mes locaux des collectivit\u00e9s territoriales<\/em>&nbsp;\u00bb.<\/p>\n<p class=\"texte textearticle\">Par la m\u00eame occasion, M. Doucour\u00e9 a annonc\u00e9 le lancement d\u2019un fonds de d\u00e9veloppement durable des territoires au S\u00e9n\u00e9gal, dot\u00e9 d&rsquo;un montant de 3&nbsp;000 milliards de francs CFA (environ 5 milliards de dollars), au b\u00e9n\u00e9fice de l\u2019ensemble des collectivit\u00e9s locales, territoriales, des acteurs priv\u00e9s, des entreprises.<\/p>\n<p class=\"texte textearticle\">Pour rappel, en 2013, le chef de l\u2019Etat s\u00e9n\u00e9galais Macky Sall a mis en place le projet de r\u00e9forme d\u00e9nomm\u00e9 \u00ab&nbsp;Acte III de la d\u00e9centralisation&nbsp;\u00bb. Celui-ci a pour objectif d\u2019organiser le S\u00e9n\u00e9gal en territoires viables, comp\u00e9titifs et porteurs de d\u00e9veloppement durable<em>.<\/em><\/p>\n<p class=\"texte textearticle\">L\u2019un des r\u00e9sultats de cette initiative pr\u00e9sidentielle est la communalisation int\u00e9grale, qui offre de nouvelles opportunit\u00e9s aux collectivit\u00e9s locales, en am\u00e9liorant par des \u00e9quipements, la plateforme minimale des infrastructures socio-\u00e9conomiques de base. Elle permet \u00e9galement de recruter du personnel qualifi\u00e9, d\u2019acc\u00e9der facilement aux financements des partenaires au d\u00e9veloppement et de la coop\u00e9ration d\u00e9centralis\u00e9e.<\/p>\n<p class=\"texte textearticle\"><strong>(Agence Ecofin)<br \/>\n<\/strong><\/p>\n<\/div>\n","protected":false},"excerpt":{"rendered":"<p>&nbsp;Depuis 2013, le gouvernement s\u00e9n\u00e9galais a souhait\u00e9 renforcer le processus de d\u00e9centralisation du pays. Afin de rendre les territoires plus comp\u00e9titifs et porteurs de d\u00e9veloppement&#8230;<\/p>\n","protected":false},"author":1,"featured_media":4955,"comment_status":"closed","ping_status":"open","sticky":false,"template":"","format":"standard","meta":{"_jetpack_memberships_contains_paid_content":false,"footnotes":""},"categories":[8,10],"tags":[],"class_list":["post-4954","post","type-post","status-publish","format-standard","has-post-thumbnail","hentry","category-actualite-economique","category-infos-eco","wpcat-8-id","wpcat-10-id"],"yoast_head":"<!-- This site is optimized with the Yoast SEO plugin v27.1.1 - https:\/\/yoast.com\/product\/yoast-seo-wordpress\/ -->\n<title>S\u00e9n\u00e9gal : un accord de financement de 1,5 milliard $ pour des projets en faveur des collectivit\u00e9s territoriales - challenges economiques<\/title>\n<meta name=\"robots\" content=\"index, follow, max-snippet:-1, max-image-preview:large, max-video-preview:-1\" \/>\n<link rel=\"canonical\" href=\"https:\/\/challengeseconomiques.com\/?p=4954\" \/>\n<meta property=\"og:locale\" content=\"fr_FR\" \/>\n<meta property=\"og:type\" content=\"article\" \/>\n<meta property=\"og:title\" content=\"S\u00e9n\u00e9gal : un accord de financement de 1,5 milliard $ pour des projets en faveur des collectivit\u00e9s territoriales - challenges economiques\" \/>\n<meta property=\"og:description\" content=\"&nbsp;Depuis 2013, le gouvernement s\u00e9n\u00e9galais a souhait\u00e9 renforcer le processus de d\u00e9centralisation du pays. Afin de rendre les territoires plus comp\u00e9titifs et porteurs de d\u00e9veloppement...\" \/>\n<meta property=\"og:url\" content=\"https:\/\/challengeseconomiques.com\/?p=4954\" \/>\n<meta property=\"og:site_name\" content=\"challenges economiques\" \/>\n<meta property=\"article:published_time\" content=\"2023-07-13T12:14:02+00:00\" \/>\n<meta property=\"article:modified_time\" content=\"2023-07-13T12:15:05+00:00\" \/>\n<meta property=\"og:image\" content=\"https:\/\/challengeseconomiques.com\/wp-content\/uploads\/2023\/07\/fin.jpg\" \/>\n\t<meta property=\"og:image:width\" content=\"450\" \/>\n\t<meta property=\"og:image:height\" content=\"286\" \/>\n\t<meta property=\"og:image:type\" content=\"image\/jpeg\" \/>\n<meta name=\"author\" content=\"admin\" \/>\n<meta name=\"twitter:card\" content=\"summary_large_image\" \/>\n<meta name=\"twitter:label1\" content=\"\u00c9crit par\" \/>\n\t<meta name=\"twitter:data1\" content=\"admin\" \/>\n\t<meta name=\"twitter:label2\" content=\"Dur\u00e9e de lecture estim\u00e9e\" \/>\n\t<meta name=\"twitter:data2\" content=\"2 minutes\" \/>\n<script type=\"application\/ld+json\" class=\"yoast-schema-graph\">{\"@context\":\"https:\/\/schema.org\",\"@graph\":[{\"@type\":\"Article\",\"@id\":\"https:\/\/challengeseconomiques.com\/?p=4954#article\",\"isPartOf\":{\"@id\":\"https:\/\/challengeseconomiques.com\/?p=4954\"},\"author\":{\"name\":\"admin\",\"@id\":\"https:\/\/challengeseconomiques.com\/#\/schema\/person\/b4568c9afebc5a9238a771873801e349\"},\"headline\":\"S\u00e9n\u00e9gal : un accord de financement de 1,5 milliard $ pour des projets en faveur des collectivit\u00e9s territoriales\",\"datePublished\":\"2023-07-13T12:14:02+00:00\",\"dateModified\":\"2023-07-13T12:15:05+00:00\",\"mainEntityOfPage\":{\"@id\":\"https:\/\/challengeseconomiques.com\/?p=4954\"},\"wordCount\":376,\"image\":{\"@id\":\"https:\/\/challengeseconomiques.com\/?p=4954#primaryimage\"},\"thumbnailUrl\":\"https:\/\/challengeseconomiques.com\/wp-content\/uploads\/2023\/07\/fin.jpg\",\"articleSection\":[\"Actualit\u00e9 \u00e9conomique\",\"Infos \u00e9co\"],\"inLanguage\":\"fr-FR\"},{\"@type\":\"WebPage\",\"@id\":\"https:\/\/challengeseconomiques.com\/?p=4954\",\"url\":\"https:\/\/challengeseconomiques.com\/?p=4954\",\"name\":\"S\u00e9n\u00e9gal : un accord de financement de 1,5 milliard $ pour des projets en faveur des collectivit\u00e9s territoriales - challenges economiques\",\"isPartOf\":{\"@id\":\"https:\/\/challengeseconomiques.com\/#website\"},\"primaryImageOfPage\":{\"@id\":\"https:\/\/challengeseconomiques.com\/?p=4954#primaryimage\"},\"image\":{\"@id\":\"https:\/\/challengeseconomiques.com\/?p=4954#primaryimage\"},\"thumbnailUrl\":\"https:\/\/challengeseconomiques.com\/wp-content\/uploads\/2023\/07\/fin.jpg\",\"datePublished\":\"2023-07-13T12:14:02+00:00\",\"dateModified\":\"2023-07-13T12:15:05+00:00\",\"author\":{\"@id\":\"https:\/\/challengeseconomiques.com\/#\/schema\/person\/b4568c9afebc5a9238a771873801e349\"},\"breadcrumb\":{\"@id\":\"https:\/\/challengeseconomiques.com\/?p=4954#breadcrumb\"},\"inLanguage\":\"fr-FR\",\"potentialAction\":[{\"@type\":\"ReadAction\",\"target\":[\"https:\/\/challengeseconomiques.com\/?p=4954\"]}]},{\"@type\":\"ImageObject\",\"inLanguage\":\"fr-FR\",\"@id\":\"https:\/\/challengeseconomiques.com\/?p=4954#primaryimage\",\"url\":\"https:\/\/challengeseconomiques.com\/wp-content\/uploads\/2023\/07\/fin.jpg\",\"contentUrl\":\"https:\/\/challengeseconomiques.com\/wp-content\/uploads\/2023\/07\/fin.jpg\",\"width\":450,\"height\":286},{\"@type\":\"BreadcrumbList\",\"@id\":\"https:\/\/challengeseconomiques.com\/?p=4954#breadcrumb\",\"itemListElement\":[{\"@type\":\"ListItem\",\"position\":1,\"name\":\"Home\",\"item\":\"https:\/\/challengeseconomiques.com\/\"},{\"@type\":\"ListItem\",\"position\":2,\"name\":\"S\u00e9n\u00e9gal : un accord de financement de 1,5 milliard $ pour des projets en faveur des collectivit\u00e9s territoriales\"}]},{\"@type\":\"WebSite\",\"@id\":\"https:\/\/challengeseconomiques.com\/#website\",\"url\":\"https:\/\/challengeseconomiques.com\/\",\"name\":\"challenges economiques\",\"description\":\"\",\"potentialAction\":[{\"@type\":\"SearchAction\",\"target\":{\"@type\":\"EntryPoint\",\"urlTemplate\":\"https:\/\/challengeseconomiques.com\/?s={search_term_string}\"},\"query-input\":{\"@type\":\"PropertyValueSpecification\",\"valueRequired\":true,\"valueName\":\"search_term_string\"}}],\"inLanguage\":\"fr-FR\"},{\"@type\":\"Person\",\"@id\":\"https:\/\/challengeseconomiques.com\/#\/schema\/person\/b4568c9afebc5a9238a771873801e349\",\"name\":\"admin\",\"image\":{\"@type\":\"ImageObject\",\"inLanguage\":\"fr-FR\",\"@id\":\"https:\/\/challengeseconomiques.com\/#\/schema\/person\/image\/\",\"url\":\"https:\/\/secure.gravatar.com\/avatar\/099e42240b5eea11acdb72751fcce0dd918603f0749d24974b7984ea47ed9fd9?s=96&d=mm&r=g\",\"contentUrl\":\"https:\/\/secure.gravatar.com\/avatar\/099e42240b5eea11acdb72751fcce0dd918603f0749d24974b7984ea47ed9fd9?s=96&d=mm&r=g\",\"caption\":\"admin\"},\"sameAs\":[\"https:\/\/challengeseconomiques.com\"],\"url\":\"https:\/\/challengeseconomiques.com\/?author=1\"}]}<\/script>\n<!-- \/ Yoast SEO plugin. -->","yoast_head_json":{"title":"S\u00e9n\u00e9gal : un accord de financement de 1,5 milliard $ pour des projets en faveur des collectivit\u00e9s territoriales - challenges economiques","robots":{"index":"index","follow":"follow","max-snippet":"max-snippet:-1","max-image-preview":"max-image-preview:large","max-video-preview":"max-video-preview:-1"},"canonical":"https:\/\/challengeseconomiques.com\/?p=4954","og_locale":"fr_FR","og_type":"article","og_title":"S\u00e9n\u00e9gal : un accord de financement de 1,5 milliard $ pour des projets en faveur des collectivit\u00e9s territoriales - challenges economiques","og_description":"&nbsp;Depuis 2013, le gouvernement s\u00e9n\u00e9galais a souhait\u00e9 renforcer le processus de d\u00e9centralisation du pays. Afin de rendre les territoires plus comp\u00e9titifs et porteurs de d\u00e9veloppement...","og_url":"https:\/\/challengeseconomiques.com\/?p=4954","og_site_name":"challenges economiques","article_published_time":"2023-07-13T12:14:02+00:00","article_modified_time":"2023-07-13T12:15:05+00:00","og_image":[{"width":450,"height":286,"url":"https:\/\/challengeseconomiques.com\/wp-content\/uploads\/2023\/07\/fin.jpg","type":"image\/jpeg"}],"author":"admin","twitter_card":"summary_large_image","twitter_misc":{"\u00c9crit par":"admin","Dur\u00e9e de lecture estim\u00e9e":"2 minutes"},"schema":{"@context":"https:\/\/schema.org","@graph":[{"@type":"Article","@id":"https:\/\/challengeseconomiques.com\/?p=4954#article","isPartOf":{"@id":"https:\/\/challengeseconomiques.com\/?p=4954"},"author":{"name":"admin","@id":"https:\/\/challengeseconomiques.com\/#\/schema\/person\/b4568c9afebc5a9238a771873801e349"},"headline":"S\u00e9n\u00e9gal : un accord de financement de 1,5 milliard $ pour des projets en faveur des collectivit\u00e9s territoriales","datePublished":"2023-07-13T12:14:02+00:00","dateModified":"2023-07-13T12:15:05+00:00","mainEntityOfPage":{"@id":"https:\/\/challengeseconomiques.com\/?p=4954"},"wordCount":376,"image":{"@id":"https:\/\/challengeseconomiques.com\/?p=4954#primaryimage"},"thumbnailUrl":"https:\/\/challengeseconomiques.com\/wp-content\/uploads\/2023\/07\/fin.jpg","articleSection":["Actualit\u00e9 \u00e9conomique","Infos \u00e9co"],"inLanguage":"fr-FR"},{"@type":"WebPage","@id":"https:\/\/challengeseconomiques.com\/?p=4954","url":"https:\/\/challengeseconomiques.com\/?p=4954","name":"S\u00e9n\u00e9gal : un accord de financement de 1,5 milliard $ pour des projets en faveur des collectivit\u00e9s territoriales - challenges economiques","isPartOf":{"@id":"https:\/\/challengeseconomiques.com\/#website"},"primaryImageOfPage":{"@id":"https:\/\/challengeseconomiques.com\/?p=4954#primaryimage"},"image":{"@id":"https:\/\/challengeseconomiques.com\/?p=4954#primaryimage"},"thumbnailUrl":"https:\/\/challengeseconomiques.com\/wp-content\/uploads\/2023\/07\/fin.jpg","datePublished":"2023-07-13T12:14:02+00:00","dateModified":"2023-07-13T12:15:05+00:00","author":{"@id":"https:\/\/challengeseconomiques.com\/#\/schema\/person\/b4568c9afebc5a9238a771873801e349"},"breadcrumb":{"@id":"https:\/\/challengeseconomiques.com\/?p=4954#breadcrumb"},"inLanguage":"fr-FR","potentialAction":[{"@type":"ReadAction","target":["https:\/\/challengeseconomiques.com\/?p=4954"]}]},{"@type":"ImageObject","inLanguage":"fr-FR","@id":"https:\/\/challengeseconomiques.com\/?p=4954#primaryimage","url":"https:\/\/challengeseconomiques.com\/wp-content\/uploads\/2023\/07\/fin.jpg","contentUrl":"https:\/\/challengeseconomiques.com\/wp-content\/uploads\/2023\/07\/fin.jpg","width":450,"height":286},{"@type":"BreadcrumbList","@id":"https:\/\/challengeseconomiques.com\/?p=4954#breadcrumb","itemListElement":[{"@type":"ListItem","position":1,"name":"Home","item":"https:\/\/challengeseconomiques.com\/"},{"@type":"ListItem","position":2,"name":"S\u00e9n\u00e9gal : un accord de financement de 1,5 milliard $ pour des projets en faveur des collectivit\u00e9s territoriales"}]},{"@type":"WebSite","@id":"https:\/\/challengeseconomiques.com\/#website","url":"https:\/\/challengeseconomiques.com\/","name":"challenges economiques","description":"","potentialAction":[{"@type":"SearchAction","target":{"@type":"EntryPoint","urlTemplate":"https:\/\/challengeseconomiques.com\/?s={search_term_string}"},"query-input":{"@type":"PropertyValueSpecification","valueRequired":true,"valueName":"search_term_string"}}],"inLanguage":"fr-FR"},{"@type":"Person","@id":"https:\/\/challengeseconomiques.com\/#\/schema\/person\/b4568c9afebc5a9238a771873801e349","name":"admin","image":{"@type":"ImageObject","inLanguage":"fr-FR","@id":"https:\/\/challengeseconomiques.com\/#\/schema\/person\/image\/","url":"https:\/\/secure.gravatar.com\/avatar\/099e42240b5eea11acdb72751fcce0dd918603f0749d24974b7984ea47ed9fd9?s=96&d=mm&r=g","contentUrl":"https:\/\/secure.gravatar.com\/avatar\/099e42240b5eea11acdb72751fcce0dd918603f0749d24974b7984ea47ed9fd9?s=96&d=mm&r=g","caption":"admin"},"sameAs":["https:\/\/challengeseconomiques.com"],"url":"https:\/\/challengeseconomiques.com\/?author=1"}]}},"jetpack_featured_media_url":"https:\/\/challengeseconomiques.com\/wp-content\/uploads\/2023\/07\/fin.jpg","jetpack_sharing_enabled":true,"_links":{"self":[{"href":"https:\/\/challengeseconomiques.com\/index.php?rest_route=\/wp\/v2\/posts\/4954","targetHints":{"allow":["GET"]}}],"collection":[{"href":"https:\/\/challengeseconomiques.com\/index.php?rest_route=\/wp\/v2\/posts"}],"about":[{"href":"https:\/\/challengeseconomiques.com\/index.php?rest_route=\/wp\/v2\/types\/post"}],"author":[{"embeddable":true,"href":"https:\/\/challengeseconomiques.com\/index.php?rest_route=\/wp\/v2\/users\/1"}],"replies":[{"embeddable":true,"href":"https:\/\/challengeseconomiques.com\/index.php?rest_route=%2Fwp%2Fv2%2Fcomments&post=4954"}],"version-history":[{"count":2,"href":"https:\/\/challengeseconomiques.com\/index.php?rest_route=\/wp\/v2\/posts\/4954\/revisions"}],"predecessor-version":[{"id":4957,"href":"https:\/\/challengeseconomiques.com\/index.php?rest_route=\/wp\/v2\/posts\/4954\/revisions\/4957"}],"wp:featuredmedia":[{"embeddable":true,"href":"https:\/\/challengeseconomiques.com\/index.php?rest_route=\/wp\/v2\/media\/4955"}],"wp:attachment":[{"href":"https:\/\/challengeseconomiques.com\/index.php?rest_route=%2Fwp%2Fv2%2Fmedia&parent=4954"}],"wp:term":[{"taxonomy":"category","embeddable":true,"href":"https:\/\/challengeseconomiques.com\/index.php?rest_route=%2Fwp%2Fv2%2Fcategories&post=4954"},{"taxonomy":"post_tag","embeddable":true,"href":"https:\/\/challengeseconomiques.com\/index.php?rest_route=%2Fwp%2Fv2%2Ftags&post=4954"}],"curies":[{"name":"wp","href":"https:\/\/api.w.org\/{rel}","templated":true}]}}