{"id":4951,"date":"2023-07-08T17:03:30","date_gmt":"2023-07-08T17:03:30","guid":{"rendered":"https:\/\/challengeseconomiques.com\/?p=4951"},"modified":"2023-07-08T17:03:52","modified_gmt":"2023-07-08T17:03:52","slug":"forum-invest-in-senegal-amadou-ba-salue-la-signature-de-plusieurs-accords","status":"publish","type":"post","link":"https:\/\/challengeseconomiques.com\/?p=4951","title":{"rendered":"Forum Invest in S\u00e9n\u00e9gal : Amadou Ba salue la signature de plusieurs accords"},"content":{"rendered":"<p>Le Premier ministre, Amadou Ba, a salu\u00e9, vendredi, le succ\u00e8s de la premi\u00e8re \u00e9dition du forum Invest-in S\u00e9n\u00e9gal au cours duquel des \u00ab accords importants ont \u00e9t\u00e9 conclus \u00bb.<\/p>\n<p>\u00ab Je tiens aussi \u00e0 souligner que des accords importants ont \u00e9t\u00e9 conclus pendant ce forum Invest in Senegal, notamment l\u2019accord d\u2019investissement conjoint pour le d\u00e9veloppement de la zone \u00e9conomique sp\u00e9ciale de Diass, entre APIX-SA, ARISE, NRC et AFC pour un montant de 265 millions de dollars [Pr\u00e8s de 160 milliards FCFA] en faveur du d\u00e9veloppement rapide de 220 hectares sur une partie de la ZES [zone \u00e9conomique sp\u00e9ciale] de Diass \u00bb, s\u2019est-il r\u00e9joui \u00e0 la cl\u00f4ture de ce forum ouvert jeudi \u00e0 Diamniadio.<\/p>\n<p>Le Premier ministre souligne que cet accord facilitera l\u2019implantation d\u2019entreprises industrielles et de services de rang mondial, cr\u00e9ateurs de \u00ab milliers d\u2019emplois directs \u00bb.<\/p>\n<p>Il pr\u00e9cise qu\u2019il vient s\u2019ajouter \u00e0 celui portant sur 31 milliards de francs CFA, d\u00e9j\u00e0 mobilis\u00e9s par l\u2019\u00c9tat aupr\u00e8s de la Banque ouest africaine de d\u00e9veloppement (BOAD). Cette enveloppe permettra la mise en place d\u2019infrastructures de connectivit\u00e9, d\u2019am\u00e9nagements sur 100 hectares, de b\u00e2timents administratifs et services connexes.<\/p>\n<p>Amadou Ba a \u00e9galement signal\u00e9 le contrat avec les entreprises s\u00e9n\u00e9galaises SERTEM et Diass Industries charg\u00e9es de la r\u00e9alisation des travaux qui seront lanc\u00e9s en marge de la r\u00e9ception du terminus de la gare du Train express r\u00e9gional (TER) de l\u2019a\u00e9roport international Blaise Diagne.<\/p>\n<p>\u00ab Au total, avec la signature de ces conventions, 315 millions d\u2019euros sont mobilis\u00e9s, dont 80% sous forme d\u2019investissements directs non g\u00e9n\u00e9rateurs de dette publique \u00bb, a-t-il relev\u00e9.<\/p>\n<p>Amadou Ba a magnifi\u00e9 aussi le lancement d\u2019un fonds de d\u00e9veloppement des territoires de 5 milliards de dollars, sous l\u2019\u00e9gide du Groupe des Nations unies sur le d\u00e9veloppement durable et l\u2019app\u00e9tence pour l\u2019investissement de 2 milliards de livres par an par UK Export dans le but d\u2019accompagner l\u2019installation des entreprises britanniques au S\u00e9n\u00e9gal.<\/p>\n<p>Il a indiqu\u00e9 par ailleurs que plusieurs lettres d\u2019intentions d\u2019investissements priv\u00e9s ont \u00e9t\u00e9 sign\u00e9es, notamment pour l\u2019exploitation p\u00e9troli\u00e8re et gazi\u00e8re, l\u2019assainissement urbain, les zones \u00e9conomiques sp\u00e9ciales.<\/p>\n<p>Amadou Ba a soulign\u00e9 \u00e9galement qu\u2019\u00e0 la suite de ces pr\u00e9sentations et en marge des diff\u00e9rentes sessions programm\u00e9es, plus de 800 contacts ont \u00e9t\u00e9 \u00e9tablis, et pr\u00e8s de 30 projets offrant \u00ab un r\u00e9el potentiel \u00bb pour le d\u00e9veloppement \u00e9conomique et social du S\u00e9n\u00e9gal mis en lumi\u00e8re, lesquels projets couvrent 12 secteurs, parmi lesquels l\u2019\u00e9nergie, l\u2019agriculture, l\u2019industrie, le num\u00e9rique, l\u2019\u00e9conomie verte, etc.<\/p>\n<p>Il a magnifi\u00e9 la pr\u00e9sence de plus de 3200 participants venus de plus de 60 pays diff\u00e9rents, promettant que \u00ab le S\u00e9n\u00e9gal est et restera un pays Open to Business \u00bb.<\/p>\n<p>\u00ab L\u2019ambition collective qui nous anime est d\u2019exploiter la stabilit\u00e9 politique du pays, son bon niveau de capital humain, ses dotations en ressources naturelles et son positionnement g\u00e9ographique enviable entre l\u2019Europe, l\u2019Am\u00e9rique et l\u2019Asie pour faire du S\u00e9n\u00e9gal, dans un futur proche, une porte d\u2019entr\u00e9e incontournable \u00bb, a-t-il lanc\u00e9 \u00e0 endroit des investisseurs.<\/p>\n<p><strong>APS<\/strong><\/p>\n","protected":false},"excerpt":{"rendered":"<p>Le Premier ministre, Amadou Ba, a salu\u00e9, vendredi, le succ\u00e8s de la premi\u00e8re \u00e9dition du forum Invest-in S\u00e9n\u00e9gal au cours duquel des \u00ab accords importants&#8230;<\/p>\n","protected":false},"author":1,"featured_media":1689,"comment_status":"closed","ping_status":"open","sticky":false,"template":"","format":"standard","meta":{"_jetpack_memberships_contains_paid_content":false,"footnotes":""},"categories":[1],"tags":[],"class_list":["post-4951","post","type-post","status-publish","format-standard","has-post-thumbnail","hentry","category-uncategorized","wpcat-1-id"],"yoast_head":"<!-- This site is optimized with the Yoast SEO plugin v27.1.1 - https:\/\/yoast.com\/product\/yoast-seo-wordpress\/ -->\n<title>Forum Invest in S\u00e9n\u00e9gal : Amadou Ba salue la signature de plusieurs accords - challenges economiques<\/title>\n<meta name=\"robots\" content=\"index, follow, max-snippet:-1, max-image-preview:large, max-video-preview:-1\" \/>\n<link rel=\"canonical\" href=\"https:\/\/challengeseconomiques.com\/?p=4951\" \/>\n<meta property=\"og:locale\" content=\"fr_FR\" \/>\n<meta property=\"og:type\" content=\"article\" \/>\n<meta property=\"og:title\" content=\"Forum Invest in S\u00e9n\u00e9gal : Amadou Ba salue la signature de plusieurs accords - challenges economiques\" \/>\n<meta property=\"og:description\" content=\"Le Premier ministre, Amadou Ba, a salu\u00e9, vendredi, le succ\u00e8s de la premi\u00e8re \u00e9dition du forum Invest-in S\u00e9n\u00e9gal au cours duquel des \u00ab accords importants...\" \/>\n<meta property=\"og:url\" content=\"https:\/\/challengeseconomiques.com\/?p=4951\" \/>\n<meta property=\"og:site_name\" content=\"challenges economiques\" \/>\n<meta property=\"article:published_time\" content=\"2023-07-08T17:03:30+00:00\" \/>\n<meta property=\"article:modified_time\" content=\"2023-07-08T17:03:52+00:00\" \/>\n<meta property=\"og:image\" content=\"https:\/\/challengeseconomiques.com\/wp-content\/uploads\/2021\/08\/amadou-ba1.jpg\" \/>\n\t<meta property=\"og:image:width\" content=\"755\" \/>\n\t<meta property=\"og:image:height\" content=\"449\" \/>\n\t<meta property=\"og:image:type\" content=\"image\/jpeg\" \/>\n<meta name=\"author\" content=\"admin\" \/>\n<meta name=\"twitter:card\" content=\"summary_large_image\" \/>\n<meta name=\"twitter:label1\" content=\"\u00c9crit par\" \/>\n\t<meta name=\"twitter:data1\" content=\"admin\" \/>\n\t<meta name=\"twitter:label2\" content=\"Dur\u00e9e de lecture estim\u00e9e\" \/>\n\t<meta name=\"twitter:data2\" content=\"3 minutes\" \/>\n<script type=\"application\/ld+json\" class=\"yoast-schema-graph\">{\"@context\":\"https:\/\/schema.org\",\"@graph\":[{\"@type\":\"Article\",\"@id\":\"https:\/\/challengeseconomiques.com\/?p=4951#article\",\"isPartOf\":{\"@id\":\"https:\/\/challengeseconomiques.com\/?p=4951\"},\"author\":{\"name\":\"admin\",\"@id\":\"https:\/\/challengeseconomiques.com\/#\/schema\/person\/b4568c9afebc5a9238a771873801e349\"},\"headline\":\"Forum Invest in S\u00e9n\u00e9gal : Amadou Ba salue la signature de plusieurs accords\",\"datePublished\":\"2023-07-08T17:03:30+00:00\",\"dateModified\":\"2023-07-08T17:03:52+00:00\",\"mainEntityOfPage\":{\"@id\":\"https:\/\/challengeseconomiques.com\/?p=4951\"},\"wordCount\":557,\"image\":{\"@id\":\"https:\/\/challengeseconomiques.com\/?p=4951#primaryimage\"},\"thumbnailUrl\":\"https:\/\/challengeseconomiques.com\/wp-content\/uploads\/2021\/08\/amadou-ba1.jpg\",\"articleSection\":[\"Uncategorized\"],\"inLanguage\":\"fr-FR\"},{\"@type\":\"WebPage\",\"@id\":\"https:\/\/challengeseconomiques.com\/?p=4951\",\"url\":\"https:\/\/challengeseconomiques.com\/?p=4951\",\"name\":\"Forum Invest in S\u00e9n\u00e9gal : Amadou Ba salue la signature de plusieurs accords - challenges economiques\",\"isPartOf\":{\"@id\":\"https:\/\/challengeseconomiques.com\/#website\"},\"primaryImageOfPage\":{\"@id\":\"https:\/\/challengeseconomiques.com\/?p=4951#primaryimage\"},\"image\":{\"@id\":\"https:\/\/challengeseconomiques.com\/?p=4951#primaryimage\"},\"thumbnailUrl\":\"https:\/\/challengeseconomiques.com\/wp-content\/uploads\/2021\/08\/amadou-ba1.jpg\",\"datePublished\":\"2023-07-08T17:03:30+00:00\",\"dateModified\":\"2023-07-08T17:03:52+00:00\",\"author\":{\"@id\":\"https:\/\/challengeseconomiques.com\/#\/schema\/person\/b4568c9afebc5a9238a771873801e349\"},\"breadcrumb\":{\"@id\":\"https:\/\/challengeseconomiques.com\/?p=4951#breadcrumb\"},\"inLanguage\":\"fr-FR\",\"potentialAction\":[{\"@type\":\"ReadAction\",\"target\":[\"https:\/\/challengeseconomiques.com\/?p=4951\"]}]},{\"@type\":\"ImageObject\",\"inLanguage\":\"fr-FR\",\"@id\":\"https:\/\/challengeseconomiques.com\/?p=4951#primaryimage\",\"url\":\"https:\/\/challengeseconomiques.com\/wp-content\/uploads\/2021\/08\/amadou-ba1.jpg\",\"contentUrl\":\"https:\/\/challengeseconomiques.com\/wp-content\/uploads\/2021\/08\/amadou-ba1.jpg\",\"width\":755,\"height\":449},{\"@type\":\"BreadcrumbList\",\"@id\":\"https:\/\/challengeseconomiques.com\/?p=4951#breadcrumb\",\"itemListElement\":[{\"@type\":\"ListItem\",\"position\":1,\"name\":\"Home\",\"item\":\"https:\/\/challengeseconomiques.com\/\"},{\"@type\":\"ListItem\",\"position\":2,\"name\":\"Forum Invest in S\u00e9n\u00e9gal : Amadou Ba salue la signature de plusieurs accords\"}]},{\"@type\":\"WebSite\",\"@id\":\"https:\/\/challengeseconomiques.com\/#website\",\"url\":\"https:\/\/challengeseconomiques.com\/\",\"name\":\"challenges economiques\",\"description\":\"\",\"potentialAction\":[{\"@type\":\"SearchAction\",\"target\":{\"@type\":\"EntryPoint\",\"urlTemplate\":\"https:\/\/challengeseconomiques.com\/?s={search_term_string}\"},\"query-input\":{\"@type\":\"PropertyValueSpecification\",\"valueRequired\":true,\"valueName\":\"search_term_string\"}}],\"inLanguage\":\"fr-FR\"},{\"@type\":\"Person\",\"@id\":\"https:\/\/challengeseconomiques.com\/#\/schema\/person\/b4568c9afebc5a9238a771873801e349\",\"name\":\"admin\",\"image\":{\"@type\":\"ImageObject\",\"inLanguage\":\"fr-FR\",\"@id\":\"https:\/\/challengeseconomiques.com\/#\/schema\/person\/image\/\",\"url\":\"https:\/\/secure.gravatar.com\/avatar\/099e42240b5eea11acdb72751fcce0dd918603f0749d24974b7984ea47ed9fd9?s=96&d=mm&r=g\",\"contentUrl\":\"https:\/\/secure.gravatar.com\/avatar\/099e42240b5eea11acdb72751fcce0dd918603f0749d24974b7984ea47ed9fd9?s=96&d=mm&r=g\",\"caption\":\"admin\"},\"sameAs\":[\"https:\/\/challengeseconomiques.com\"],\"url\":\"https:\/\/challengeseconomiques.com\/?author=1\"}]}<\/script>\n<!-- \/ Yoast SEO plugin. -->","yoast_head_json":{"title":"Forum Invest in S\u00e9n\u00e9gal : Amadou Ba salue la signature de plusieurs accords - challenges economiques","robots":{"index":"index","follow":"follow","max-snippet":"max-snippet:-1","max-image-preview":"max-image-preview:large","max-video-preview":"max-video-preview:-1"},"canonical":"https:\/\/challengeseconomiques.com\/?p=4951","og_locale":"fr_FR","og_type":"article","og_title":"Forum Invest in S\u00e9n\u00e9gal : Amadou Ba salue la signature de plusieurs accords - challenges economiques","og_description":"Le Premier ministre, Amadou Ba, a salu\u00e9, vendredi, le succ\u00e8s de la premi\u00e8re \u00e9dition du forum Invest-in S\u00e9n\u00e9gal au cours duquel des \u00ab accords importants...","og_url":"https:\/\/challengeseconomiques.com\/?p=4951","og_site_name":"challenges economiques","article_published_time":"2023-07-08T17:03:30+00:00","article_modified_time":"2023-07-08T17:03:52+00:00","og_image":[{"width":755,"height":449,"url":"https:\/\/challengeseconomiques.com\/wp-content\/uploads\/2021\/08\/amadou-ba1.jpg","type":"image\/jpeg"}],"author":"admin","twitter_card":"summary_large_image","twitter_misc":{"\u00c9crit par":"admin","Dur\u00e9e de lecture estim\u00e9e":"3 minutes"},"schema":{"@context":"https:\/\/schema.org","@graph":[{"@type":"Article","@id":"https:\/\/challengeseconomiques.com\/?p=4951#article","isPartOf":{"@id":"https:\/\/challengeseconomiques.com\/?p=4951"},"author":{"name":"admin","@id":"https:\/\/challengeseconomiques.com\/#\/schema\/person\/b4568c9afebc5a9238a771873801e349"},"headline":"Forum Invest in S\u00e9n\u00e9gal : Amadou Ba salue la signature de plusieurs accords","datePublished":"2023-07-08T17:03:30+00:00","dateModified":"2023-07-08T17:03:52+00:00","mainEntityOfPage":{"@id":"https:\/\/challengeseconomiques.com\/?p=4951"},"wordCount":557,"image":{"@id":"https:\/\/challengeseconomiques.com\/?p=4951#primaryimage"},"thumbnailUrl":"https:\/\/challengeseconomiques.com\/wp-content\/uploads\/2021\/08\/amadou-ba1.jpg","articleSection":["Uncategorized"],"inLanguage":"fr-FR"},{"@type":"WebPage","@id":"https:\/\/challengeseconomiques.com\/?p=4951","url":"https:\/\/challengeseconomiques.com\/?p=4951","name":"Forum Invest in S\u00e9n\u00e9gal : Amadou Ba salue la signature de plusieurs accords - challenges economiques","isPartOf":{"@id":"https:\/\/challengeseconomiques.com\/#website"},"primaryImageOfPage":{"@id":"https:\/\/challengeseconomiques.com\/?p=4951#primaryimage"},"image":{"@id":"https:\/\/challengeseconomiques.com\/?p=4951#primaryimage"},"thumbnailUrl":"https:\/\/challengeseconomiques.com\/wp-content\/uploads\/2021\/08\/amadou-ba1.jpg","datePublished":"2023-07-08T17:03:30+00:00","dateModified":"2023-07-08T17:03:52+00:00","author":{"@id":"https:\/\/challengeseconomiques.com\/#\/schema\/person\/b4568c9afebc5a9238a771873801e349"},"breadcrumb":{"@id":"https:\/\/challengeseconomiques.com\/?p=4951#breadcrumb"},"inLanguage":"fr-FR","potentialAction":[{"@type":"ReadAction","target":["https:\/\/challengeseconomiques.com\/?p=4951"]}]},{"@type":"ImageObject","inLanguage":"fr-FR","@id":"https:\/\/challengeseconomiques.com\/?p=4951#primaryimage","url":"https:\/\/challengeseconomiques.com\/wp-content\/uploads\/2021\/08\/amadou-ba1.jpg","contentUrl":"https:\/\/challengeseconomiques.com\/wp-content\/uploads\/2021\/08\/amadou-ba1.jpg","width":755,"height":449},{"@type":"BreadcrumbList","@id":"https:\/\/challengeseconomiques.com\/?p=4951#breadcrumb","itemListElement":[{"@type":"ListItem","position":1,"name":"Home","item":"https:\/\/challengeseconomiques.com\/"},{"@type":"ListItem","position":2,"name":"Forum Invest in S\u00e9n\u00e9gal : Amadou Ba salue la signature de plusieurs accords"}]},{"@type":"WebSite","@id":"https:\/\/challengeseconomiques.com\/#website","url":"https:\/\/challengeseconomiques.com\/","name":"challenges economiques","description":"","potentialAction":[{"@type":"SearchAction","target":{"@type":"EntryPoint","urlTemplate":"https:\/\/challengeseconomiques.com\/?s={search_term_string}"},"query-input":{"@type":"PropertyValueSpecification","valueRequired":true,"valueName":"search_term_string"}}],"inLanguage":"fr-FR"},{"@type":"Person","@id":"https:\/\/challengeseconomiques.com\/#\/schema\/person\/b4568c9afebc5a9238a771873801e349","name":"admin","image":{"@type":"ImageObject","inLanguage":"fr-FR","@id":"https:\/\/challengeseconomiques.com\/#\/schema\/person\/image\/","url":"https:\/\/secure.gravatar.com\/avatar\/099e42240b5eea11acdb72751fcce0dd918603f0749d24974b7984ea47ed9fd9?s=96&d=mm&r=g","contentUrl":"https:\/\/secure.gravatar.com\/avatar\/099e42240b5eea11acdb72751fcce0dd918603f0749d24974b7984ea47ed9fd9?s=96&d=mm&r=g","caption":"admin"},"sameAs":["https:\/\/challengeseconomiques.com"],"url":"https:\/\/challengeseconomiques.com\/?author=1"}]}},"jetpack_featured_media_url":"https:\/\/challengeseconomiques.com\/wp-content\/uploads\/2021\/08\/amadou-ba1.jpg","jetpack_sharing_enabled":true,"_links":{"self":[{"href":"https:\/\/challengeseconomiques.com\/index.php?rest_route=\/wp\/v2\/posts\/4951","targetHints":{"allow":["GET"]}}],"collection":[{"href":"https:\/\/challengeseconomiques.com\/index.php?rest_route=\/wp\/v2\/posts"}],"about":[{"href":"https:\/\/challengeseconomiques.com\/index.php?rest_route=\/wp\/v2\/types\/post"}],"author":[{"embeddable":true,"href":"https:\/\/challengeseconomiques.com\/index.php?rest_route=\/wp\/v2\/users\/1"}],"replies":[{"embeddable":true,"href":"https:\/\/challengeseconomiques.com\/index.php?rest_route=%2Fwp%2Fv2%2Fcomments&post=4951"}],"version-history":[{"count":1,"href":"https:\/\/challengeseconomiques.com\/index.php?rest_route=\/wp\/v2\/posts\/4951\/revisions"}],"predecessor-version":[{"id":4952,"href":"https:\/\/challengeseconomiques.com\/index.php?rest_route=\/wp\/v2\/posts\/4951\/revisions\/4952"}],"wp:featuredmedia":[{"embeddable":true,"href":"https:\/\/challengeseconomiques.com\/index.php?rest_route=\/wp\/v2\/media\/1689"}],"wp:attachment":[{"href":"https:\/\/challengeseconomiques.com\/index.php?rest_route=%2Fwp%2Fv2%2Fmedia&parent=4951"}],"wp:term":[{"taxonomy":"category","embeddable":true,"href":"https:\/\/challengeseconomiques.com\/index.php?rest_route=%2Fwp%2Fv2%2Fcategories&post=4951"},{"taxonomy":"post_tag","embeddable":true,"href":"https:\/\/challengeseconomiques.com\/index.php?rest_route=%2Fwp%2Fv2%2Ftags&post=4951"}],"curies":[{"name":"wp","href":"https:\/\/api.w.org\/{rel}","templated":true}]}}