{"id":4947,"date":"2023-07-08T16:53:17","date_gmt":"2023-07-08T16:53:17","guid":{"rendered":"https:\/\/challengeseconomiques.com\/?p=4947"},"modified":"2023-07-08T16:54:21","modified_gmt":"2023-07-08T16:54:21","slug":"indemnisations-des-impactes-du-port-de-ndayane-2-milliards-debloques-pour-la-1ere-phase","status":"publish","type":"post","link":"https:\/\/challengeseconomiques.com\/?p=4947","title":{"rendered":"Indemnisations des impact\u00e9s du port de Ndayane: 2 milliards d\u00e9bloqu\u00e9s pour la 1\u00e8re \u00e9phase"},"content":{"rendered":"<p>Un pas a \u00e9t\u00e9 franchi ce 7 juillet dans le processus d\u2019indemnisation des personnes affect\u00e9es par le projet du futur Port de Ndayane \u00e0 Rufisque. Les concern\u00e9s ont re\u00e7u leurs indemnit\u00e9s . \u00abLe processus a n\u00e9cessit\u00e9 plusieurs rencontres entre l\u2019administration, la direction g\u00e9n\u00e9rale du Port Autonome de Dakar et les personnes affect\u00e9es par le projet pour une harmonisation des bar\u00e8mes de paiement, mais aussi un correct r\u00e9am\u00e9nagement des taux d\u2019indemnisation qui ont \u00e9t\u00e9 pendant longtemps la pomme de discorde. Mbour abritera dans les jours \u00e0 venir une c\u00e9r\u00e9monie identique pour le paiement des indemnisations des Personnes affect\u00e9es par le projet. 33 Personnes affect\u00e9es par le projet de Yenne et Toubab Dialaw de Rufisque se situant dans la zone prioritaire du projet ont re\u00e7u leurs ch\u00e8ques d\u2019un montant global de 2 milliards de F CFA. Le montant total budg\u00e9tis\u00e9 pour les impact\u00e9s des deux d\u00e9partements est arr\u00eat\u00e9 \u00e0 15 milliards de F Cfa \u00bb informe les services du directeur g\u00e9n\u00e9ral du Port de Dakar, Mountaga Sy.<\/p>\n<p>Sur l\u2019ensemble des deux d\u00e9partements, 5464 personnes sont concern\u00e9es dont 83 pour le d\u00e9partement de Rufisque. Le montant total budg\u00e9tis\u00e9 pour les impact\u00e9s des d\u00e9partements de Rufisque et de Mbour est arr\u00eat\u00e9 \u00e0 15 milliards.<\/p>\n","protected":false},"excerpt":{"rendered":"<p>Un pas a \u00e9t\u00e9 franchi ce 7 juillet dans le processus d\u2019indemnisation des personnes affect\u00e9es par le projet du futur Port de Ndayane \u00e0 Rufisque&#8230;.<\/p>\n","protected":false},"author":1,"featured_media":4948,"comment_status":"closed","ping_status":"open","sticky":false,"template":"","format":"standard","meta":{"_jetpack_memberships_contains_paid_content":false,"footnotes":""},"categories":[23,8],"tags":[],"class_list":["post-4947","post","type-post","status-publish","format-standard","has-post-thumbnail","hentry","category-a-la-une","category-actualite-economique","wpcat-23-id","wpcat-8-id"],"yoast_head":"<!-- This site is optimized with the Yoast SEO plugin v27.1.1 - https:\/\/yoast.com\/product\/yoast-seo-wordpress\/ -->\n<title>Indemnisations des impact\u00e9s du port de Ndayane: 2 milliards d\u00e9bloqu\u00e9s pour la 1\u00e8re \u00e9phase - challenges economiques<\/title>\n<meta name=\"robots\" content=\"index, follow, max-snippet:-1, max-image-preview:large, max-video-preview:-1\" \/>\n<link rel=\"canonical\" href=\"https:\/\/challengeseconomiques.com\/?p=4947\" \/>\n<meta property=\"og:locale\" content=\"fr_FR\" \/>\n<meta property=\"og:type\" content=\"article\" \/>\n<meta property=\"og:title\" content=\"Indemnisations des impact\u00e9s du port de Ndayane: 2 milliards d\u00e9bloqu\u00e9s pour la 1\u00e8re \u00e9phase - challenges economiques\" \/>\n<meta property=\"og:description\" content=\"Un pas a \u00e9t\u00e9 franchi ce 7 juillet dans le processus d\u2019indemnisation des personnes affect\u00e9es par le projet du futur Port de Ndayane \u00e0 Rufisque....\" \/>\n<meta property=\"og:url\" content=\"https:\/\/challengeseconomiques.com\/?p=4947\" \/>\n<meta property=\"og:site_name\" content=\"challenges economiques\" \/>\n<meta property=\"article:published_time\" content=\"2023-07-08T16:53:17+00:00\" \/>\n<meta property=\"article:modified_time\" content=\"2023-07-08T16:54:21+00:00\" \/>\n<meta property=\"og:image\" content=\"https:\/\/challengeseconomiques.com\/wp-content\/uploads\/2023\/07\/portndayane.jpg\" \/>\n\t<meta property=\"og:image:width\" content=\"1024\" \/>\n\t<meta property=\"og:image:height\" content=\"770\" \/>\n\t<meta property=\"og:image:type\" content=\"image\/jpeg\" \/>\n<meta name=\"author\" content=\"admin\" \/>\n<meta name=\"twitter:card\" content=\"summary_large_image\" \/>\n<meta name=\"twitter:label1\" content=\"\u00c9crit par\" \/>\n\t<meta name=\"twitter:data1\" content=\"admin\" \/>\n\t<meta name=\"twitter:label2\" content=\"Dur\u00e9e de lecture estim\u00e9e\" \/>\n\t<meta name=\"twitter:data2\" content=\"1 minute\" \/>\n<script type=\"application\/ld+json\" class=\"yoast-schema-graph\">{\"@context\":\"https:\/\/schema.org\",\"@graph\":[{\"@type\":\"Article\",\"@id\":\"https:\/\/challengeseconomiques.com\/?p=4947#article\",\"isPartOf\":{\"@id\":\"https:\/\/challengeseconomiques.com\/?p=4947\"},\"author\":{\"name\":\"admin\",\"@id\":\"https:\/\/challengeseconomiques.com\/#\/schema\/person\/b4568c9afebc5a9238a771873801e349\"},\"headline\":\"Indemnisations des impact\u00e9s du port de Ndayane: 2 milliards d\u00e9bloqu\u00e9s pour la 1\u00e8re \u00e9phase\",\"datePublished\":\"2023-07-08T16:53:17+00:00\",\"dateModified\":\"2023-07-08T16:54:21+00:00\",\"mainEntityOfPage\":{\"@id\":\"https:\/\/challengeseconomiques.com\/?p=4947\"},\"wordCount\":238,\"image\":{\"@id\":\"https:\/\/challengeseconomiques.com\/?p=4947#primaryimage\"},\"thumbnailUrl\":\"https:\/\/challengeseconomiques.com\/wp-content\/uploads\/2023\/07\/portndayane.jpg\",\"articleSection\":[\"A la une\",\"Actualit\u00e9 \u00e9conomique\"],\"inLanguage\":\"fr-FR\"},{\"@type\":\"WebPage\",\"@id\":\"https:\/\/challengeseconomiques.com\/?p=4947\",\"url\":\"https:\/\/challengeseconomiques.com\/?p=4947\",\"name\":\"Indemnisations des impact\u00e9s du port de Ndayane: 2 milliards d\u00e9bloqu\u00e9s pour la 1\u00e8re \u00e9phase - challenges economiques\",\"isPartOf\":{\"@id\":\"https:\/\/challengeseconomiques.com\/#website\"},\"primaryImageOfPage\":{\"@id\":\"https:\/\/challengeseconomiques.com\/?p=4947#primaryimage\"},\"image\":{\"@id\":\"https:\/\/challengeseconomiques.com\/?p=4947#primaryimage\"},\"thumbnailUrl\":\"https:\/\/challengeseconomiques.com\/wp-content\/uploads\/2023\/07\/portndayane.jpg\",\"datePublished\":\"2023-07-08T16:53:17+00:00\",\"dateModified\":\"2023-07-08T16:54:21+00:00\",\"author\":{\"@id\":\"https:\/\/challengeseconomiques.com\/#\/schema\/person\/b4568c9afebc5a9238a771873801e349\"},\"breadcrumb\":{\"@id\":\"https:\/\/challengeseconomiques.com\/?p=4947#breadcrumb\"},\"inLanguage\":\"fr-FR\",\"potentialAction\":[{\"@type\":\"ReadAction\",\"target\":[\"https:\/\/challengeseconomiques.com\/?p=4947\"]}]},{\"@type\":\"ImageObject\",\"inLanguage\":\"fr-FR\",\"@id\":\"https:\/\/challengeseconomiques.com\/?p=4947#primaryimage\",\"url\":\"https:\/\/challengeseconomiques.com\/wp-content\/uploads\/2023\/07\/portndayane.jpg\",\"contentUrl\":\"https:\/\/challengeseconomiques.com\/wp-content\/uploads\/2023\/07\/portndayane.jpg\",\"width\":1024,\"height\":770},{\"@type\":\"BreadcrumbList\",\"@id\":\"https:\/\/challengeseconomiques.com\/?p=4947#breadcrumb\",\"itemListElement\":[{\"@type\":\"ListItem\",\"position\":1,\"name\":\"Home\",\"item\":\"https:\/\/challengeseconomiques.com\/\"},{\"@type\":\"ListItem\",\"position\":2,\"name\":\"Indemnisations des impact\u00e9s du port de Ndayane: 2 milliards d\u00e9bloqu\u00e9s pour la 1\u00e8re \u00e9phase\"}]},{\"@type\":\"WebSite\",\"@id\":\"https:\/\/challengeseconomiques.com\/#website\",\"url\":\"https:\/\/challengeseconomiques.com\/\",\"name\":\"challenges economiques\",\"description\":\"\",\"potentialAction\":[{\"@type\":\"SearchAction\",\"target\":{\"@type\":\"EntryPoint\",\"urlTemplate\":\"https:\/\/challengeseconomiques.com\/?s={search_term_string}\"},\"query-input\":{\"@type\":\"PropertyValueSpecification\",\"valueRequired\":true,\"valueName\":\"search_term_string\"}}],\"inLanguage\":\"fr-FR\"},{\"@type\":\"Person\",\"@id\":\"https:\/\/challengeseconomiques.com\/#\/schema\/person\/b4568c9afebc5a9238a771873801e349\",\"name\":\"admin\",\"image\":{\"@type\":\"ImageObject\",\"inLanguage\":\"fr-FR\",\"@id\":\"https:\/\/challengeseconomiques.com\/#\/schema\/person\/image\/\",\"url\":\"https:\/\/secure.gravatar.com\/avatar\/099e42240b5eea11acdb72751fcce0dd918603f0749d24974b7984ea47ed9fd9?s=96&d=mm&r=g\",\"contentUrl\":\"https:\/\/secure.gravatar.com\/avatar\/099e42240b5eea11acdb72751fcce0dd918603f0749d24974b7984ea47ed9fd9?s=96&d=mm&r=g\",\"caption\":\"admin\"},\"sameAs\":[\"https:\/\/challengeseconomiques.com\"],\"url\":\"https:\/\/challengeseconomiques.com\/?author=1\"}]}<\/script>\n<!-- \/ Yoast SEO plugin. -->","yoast_head_json":{"title":"Indemnisations des impact\u00e9s du port de Ndayane: 2 milliards d\u00e9bloqu\u00e9s pour la 1\u00e8re \u00e9phase - challenges economiques","robots":{"index":"index","follow":"follow","max-snippet":"max-snippet:-1","max-image-preview":"max-image-preview:large","max-video-preview":"max-video-preview:-1"},"canonical":"https:\/\/challengeseconomiques.com\/?p=4947","og_locale":"fr_FR","og_type":"article","og_title":"Indemnisations des impact\u00e9s du port de Ndayane: 2 milliards d\u00e9bloqu\u00e9s pour la 1\u00e8re \u00e9phase - challenges economiques","og_description":"Un pas a \u00e9t\u00e9 franchi ce 7 juillet dans le processus d\u2019indemnisation des personnes affect\u00e9es par le projet du futur Port de Ndayane \u00e0 Rufisque....","og_url":"https:\/\/challengeseconomiques.com\/?p=4947","og_site_name":"challenges economiques","article_published_time":"2023-07-08T16:53:17+00:00","article_modified_time":"2023-07-08T16:54:21+00:00","og_image":[{"width":1024,"height":770,"url":"https:\/\/challengeseconomiques.com\/wp-content\/uploads\/2023\/07\/portndayane.jpg","type":"image\/jpeg"}],"author":"admin","twitter_card":"summary_large_image","twitter_misc":{"\u00c9crit par":"admin","Dur\u00e9e de lecture estim\u00e9e":"1 minute"},"schema":{"@context":"https:\/\/schema.org","@graph":[{"@type":"Article","@id":"https:\/\/challengeseconomiques.com\/?p=4947#article","isPartOf":{"@id":"https:\/\/challengeseconomiques.com\/?p=4947"},"author":{"name":"admin","@id":"https:\/\/challengeseconomiques.com\/#\/schema\/person\/b4568c9afebc5a9238a771873801e349"},"headline":"Indemnisations des impact\u00e9s du port de Ndayane: 2 milliards d\u00e9bloqu\u00e9s pour la 1\u00e8re \u00e9phase","datePublished":"2023-07-08T16:53:17+00:00","dateModified":"2023-07-08T16:54:21+00:00","mainEntityOfPage":{"@id":"https:\/\/challengeseconomiques.com\/?p=4947"},"wordCount":238,"image":{"@id":"https:\/\/challengeseconomiques.com\/?p=4947#primaryimage"},"thumbnailUrl":"https:\/\/challengeseconomiques.com\/wp-content\/uploads\/2023\/07\/portndayane.jpg","articleSection":["A la une","Actualit\u00e9 \u00e9conomique"],"inLanguage":"fr-FR"},{"@type":"WebPage","@id":"https:\/\/challengeseconomiques.com\/?p=4947","url":"https:\/\/challengeseconomiques.com\/?p=4947","name":"Indemnisations des impact\u00e9s du port de Ndayane: 2 milliards d\u00e9bloqu\u00e9s pour la 1\u00e8re \u00e9phase - challenges economiques","isPartOf":{"@id":"https:\/\/challengeseconomiques.com\/#website"},"primaryImageOfPage":{"@id":"https:\/\/challengeseconomiques.com\/?p=4947#primaryimage"},"image":{"@id":"https:\/\/challengeseconomiques.com\/?p=4947#primaryimage"},"thumbnailUrl":"https:\/\/challengeseconomiques.com\/wp-content\/uploads\/2023\/07\/portndayane.jpg","datePublished":"2023-07-08T16:53:17+00:00","dateModified":"2023-07-08T16:54:21+00:00","author":{"@id":"https:\/\/challengeseconomiques.com\/#\/schema\/person\/b4568c9afebc5a9238a771873801e349"},"breadcrumb":{"@id":"https:\/\/challengeseconomiques.com\/?p=4947#breadcrumb"},"inLanguage":"fr-FR","potentialAction":[{"@type":"ReadAction","target":["https:\/\/challengeseconomiques.com\/?p=4947"]}]},{"@type":"ImageObject","inLanguage":"fr-FR","@id":"https:\/\/challengeseconomiques.com\/?p=4947#primaryimage","url":"https:\/\/challengeseconomiques.com\/wp-content\/uploads\/2023\/07\/portndayane.jpg","contentUrl":"https:\/\/challengeseconomiques.com\/wp-content\/uploads\/2023\/07\/portndayane.jpg","width":1024,"height":770},{"@type":"BreadcrumbList","@id":"https:\/\/challengeseconomiques.com\/?p=4947#breadcrumb","itemListElement":[{"@type":"ListItem","position":1,"name":"Home","item":"https:\/\/challengeseconomiques.com\/"},{"@type":"ListItem","position":2,"name":"Indemnisations des impact\u00e9s du port de Ndayane: 2 milliards d\u00e9bloqu\u00e9s pour la 1\u00e8re \u00e9phase"}]},{"@type":"WebSite","@id":"https:\/\/challengeseconomiques.com\/#website","url":"https:\/\/challengeseconomiques.com\/","name":"challenges economiques","description":"","potentialAction":[{"@type":"SearchAction","target":{"@type":"EntryPoint","urlTemplate":"https:\/\/challengeseconomiques.com\/?s={search_term_string}"},"query-input":{"@type":"PropertyValueSpecification","valueRequired":true,"valueName":"search_term_string"}}],"inLanguage":"fr-FR"},{"@type":"Person","@id":"https:\/\/challengeseconomiques.com\/#\/schema\/person\/b4568c9afebc5a9238a771873801e349","name":"admin","image":{"@type":"ImageObject","inLanguage":"fr-FR","@id":"https:\/\/challengeseconomiques.com\/#\/schema\/person\/image\/","url":"https:\/\/secure.gravatar.com\/avatar\/099e42240b5eea11acdb72751fcce0dd918603f0749d24974b7984ea47ed9fd9?s=96&d=mm&r=g","contentUrl":"https:\/\/secure.gravatar.com\/avatar\/099e42240b5eea11acdb72751fcce0dd918603f0749d24974b7984ea47ed9fd9?s=96&d=mm&r=g","caption":"admin"},"sameAs":["https:\/\/challengeseconomiques.com"],"url":"https:\/\/challengeseconomiques.com\/?author=1"}]}},"jetpack_featured_media_url":"https:\/\/challengeseconomiques.com\/wp-content\/uploads\/2023\/07\/portndayane.jpg","jetpack_sharing_enabled":true,"_links":{"self":[{"href":"https:\/\/challengeseconomiques.com\/index.php?rest_route=\/wp\/v2\/posts\/4947","targetHints":{"allow":["GET"]}}],"collection":[{"href":"https:\/\/challengeseconomiques.com\/index.php?rest_route=\/wp\/v2\/posts"}],"about":[{"href":"https:\/\/challengeseconomiques.com\/index.php?rest_route=\/wp\/v2\/types\/post"}],"author":[{"embeddable":true,"href":"https:\/\/challengeseconomiques.com\/index.php?rest_route=\/wp\/v2\/users\/1"}],"replies":[{"embeddable":true,"href":"https:\/\/challengeseconomiques.com\/index.php?rest_route=%2Fwp%2Fv2%2Fcomments&post=4947"}],"version-history":[{"count":2,"href":"https:\/\/challengeseconomiques.com\/index.php?rest_route=\/wp\/v2\/posts\/4947\/revisions"}],"predecessor-version":[{"id":4950,"href":"https:\/\/challengeseconomiques.com\/index.php?rest_route=\/wp\/v2\/posts\/4947\/revisions\/4950"}],"wp:featuredmedia":[{"embeddable":true,"href":"https:\/\/challengeseconomiques.com\/index.php?rest_route=\/wp\/v2\/media\/4948"}],"wp:attachment":[{"href":"https:\/\/challengeseconomiques.com\/index.php?rest_route=%2Fwp%2Fv2%2Fmedia&parent=4947"}],"wp:term":[{"taxonomy":"category","embeddable":true,"href":"https:\/\/challengeseconomiques.com\/index.php?rest_route=%2Fwp%2Fv2%2Fcategories&post=4947"},{"taxonomy":"post_tag","embeddable":true,"href":"https:\/\/challengeseconomiques.com\/index.php?rest_route=%2Fwp%2Fv2%2Ftags&post=4947"}],"curies":[{"name":"wp","href":"https:\/\/api.w.org\/{rel}","templated":true}]}}