{"id":4943,"date":"2023-07-07T12:31:11","date_gmt":"2023-07-07T12:31:11","guid":{"rendered":"https:\/\/challengeseconomiques.com\/?p=4943"},"modified":"2023-07-07T10:37:03","modified_gmt":"2023-07-07T10:37:03","slug":"le-togo-enterine-sa-marche-vers-leco","status":"publish","type":"post","link":"https:\/\/challengeseconomiques.com\/?p=4943","title":{"rendered":"Le Togo ent\u00e9rine sa marche vers l\u2019ECO"},"content":{"rendered":"<p><strong>Les parlementaires togolais ont ratifi\u00e9 l\u2019accord entre les pays de la CEDEAO et la France, ouvrant la voie \u00e0 la disparition du franc CFA au profit d\u2019une autre monnaie, \u00e0 horizon 2027, en Afrique de l\u2019Ouest.<\/strong><\/p>\n<p>&nbsp;<\/p>\n<p>Les d\u00e9put\u00e9s togolais ont adopt\u00e9, le 29 juin 2023, la loi autorisant la ratification de l\u2019accord de coop\u00e9ration mon\u00e9taire entre les gouvernements des pays &nbsp;membres de l\u2019UMOA. L\u2019objectif est de&nbsp;d\u00e9finir les bases de l\u2019adh\u00e9sion des huit pays membres de l\u2019Union \u00e0 l\u2019\u00ab&nbsp;<em>ECO<\/em>&nbsp;\u00bb, le projet de monnaie unique de la CEDEAO (Communaut\u00e9 \u00e9conomique des \u00c9tats de l\u2019Afrique de l\u2019Ouest).<\/p>\n<p>Ce texte pr\u00e9voit l\u2019arr\u00eat de la centralisation des r\u00e9serves de change au Tr\u00e9sor fran\u00e7ais, la fermeture du compte d\u2019op\u00e9rations et le transfert \u00e0 la BCEAO (Banque centrale des \u00c9tats de l\u2019Afrique de l\u2019Ouest) des ressources disponibles dans le compte. De plus, le texte pr\u00e9voit le retrait de tous les repr\u00e9sentants fran\u00e7ais dans les organes de d\u00e9cisions et de gestion de l\u2019UMOA (Conseil d\u2019administration de la BCEAO, Commission bancaire et Comit\u00e9 de politique mon\u00e9taire).<\/p>\n<blockquote><p>\u00ab&nbsp;La loi sur les CGA cr\u00e9e un nouveau cadre d\u2019\u00e9mancipation pour nos entreprises et les aidera \u00e0 se d\u00e9velopper et \u00e0 \u00eatre plus r\u00e9silientes face aux diff\u00e9rents chocs. Les CGA ont un grand r\u00f4le \u00e0 jouer dans l\u2019\u00e9closion et le d\u00e9veloppement des PME et PMI.&nbsp;\u00bb<\/p><\/blockquote>\n<p>En revanche le texte pr\u00e9voit bien de conserver deux piliers du syst\u00e8me mon\u00e9taire \u00ab&nbsp;franc CFA&nbsp;\u00bb&nbsp;: le maintien du taux de change fixe par rapport \u00e0 l\u2019euro et la garantie de convertibilit\u00e9 illimit\u00e9 de la monnaie par rapport \u00e0 la France.<\/p>\n<p>La ratification de cet accord permet au Togo de notifier aux autres pays membres de l\u2019Union l\u2019ach\u00e8vement de sa proc\u00e9dure interne n\u00e9cessaire \u00e0 l\u2019entr\u00e9e en vigueur de l\u2019accord sign\u00e9 le 21 d\u00e9cembre 2019 \u00e0 Abidjan. Voici deux ans, le 19 juin 2021, les quinze membres de la CEDEAO ont adopt\u00e9 une feuille de route pr\u00e9voyant la monnaie unique, \u00ab&nbsp;<em>ECO<\/em>&nbsp;\u00bb, en 2027.<\/p>\n<p>Selon le ministre de l\u2019\u00c9conomie et des Finances, Sani Yaya (<em>photo ci-dessus<\/em>), cet accord est porteur de d\u00e9cisions majeures. \u00ab <em>La ratification de ce nouvel accord est l\u2019occasion pour notre pays de jouer sa partition dans le concert des pays de l\u2019Union et de poser les bases d\u2019une transition r\u00e9ussie vers la concr\u00e9tisation du projet de monnaie unique de la CEDEAO qu\u2019est l\u2019ECO<\/em>&nbsp;\u00bb, a d\u00e9clar\u00e9 le ministre.<\/p>\n<p>&nbsp;<\/p>\n<p><strong>Sortir les entreprises de l\u2019informel<\/strong><\/p>\n<p>Sani Yaya s\u2019est \u00e9galement f\u00e9licit\u00e9 de la modification, act\u00e9e par le Parlement, du statut des Centres pilotes de gestion agr\u00e9\u00e9 (CGA). Ce m\u00e9canisme, cr\u00e9\u00e9 par la Chambre de commerce et d\u2019industrie du Togo (CCI), aide les petites entreprises \u00e0 se formaliser.<\/p>\n<p>Il apporte une aide technique (d\u00e9clarations fiscales, \u00e9tats financiers, comptabilit\u00e9 \u2026). Depuis neuf ans, 214 soci\u00e9t\u00e9s ont b\u00e9n\u00e9fici\u00e9 de cette assistance. Le gouvernement a jug\u00e9 que ce r\u00e9sultat \u00e9tait bien modeste par rapport aux autres pays de la r\u00e9gion. C\u2019est pourquoi la nouvelle loi renforce la marge de man\u0153uvre des CGA, leur conf\u00e9rant la possibilit\u00e9 d\u2019exercer sous forme de soci\u00e9t\u00e9s en capitaux, en plus de la forme associative initiale.<\/p>\n<p>De plus, les CGA pourront d\u00e9sormais assister leurs adh\u00e9rents ou clients, non seulement en mati\u00e8re de gestion et de comptabilit\u00e9, mais \u00e9galement en mati\u00e8re de fiscalit\u00e9 et de droit du travail. D\u2019autres innovations l\u00e9gislatives concernent la possibilit\u00e9 de mesures incitatives telles que les subventions aux CGA rest\u00e9es sous statut associatif. Il est \u00e9galement pr\u00e9vu une marge de pr\u00e9f\u00e9rence au profit des adh\u00e9rents aux CGA dans les proc\u00e9dures de passation des march\u00e9s publics, la possibilit\u00e9 donn\u00e9e aux personnes morales d\u2019\u00eatre adh\u00e9rentes ou clientes et la cr\u00e9ation d\u2019une structure, au sein de l\u2019administration fiscale, charg\u00e9e du suivi des CGA.<\/p>\n<p>\u00ab&nbsp;<em>La loi sur les CGA cr\u00e9e un nouveau cadre d\u2019\u00e9mancipation pour nos entreprises et les aidera \u00e0 se d\u00e9velopper et \u00e0 \u00eatre plus r\u00e9silientes face aux diff\u00e9rents chocs. Les CGA ont un grand r\u00f4le \u00e0 jouer dans l\u2019\u00e9closion et le d\u00e9veloppement des PME et PMI&nbsp;<\/em>\u00bb, a comment\u00e9 Sani Yaya, \u00e0 l\u2019issue du vote.<\/p>\n<p>Pour le ministre, cette nouvelle loi&nbsp;permet, entre autres, d\u2019am\u00e9liorer la gouvernance des entreprises et d\u2019apporter aux adh\u00e9rents ou clients des CGA une assistance en mati\u00e8re de gestion, de leur offrir des services en termes d\u2019information et de formation, de leur apporter un appui \u00e0 la pr\u00e9vention et au r\u00e8glement des difficult\u00e9s, de tenir et de pr\u00e9senter leur comptabilit\u00e9 et de leur apporter une assistance en mati\u00e8re fiscale et en droit social.<\/p>\n<p>Les CGA s\u2019adressent aux entreprises industrielles, commerciales, artisanales et agricoles, exer\u00e7ant en entreprise individuelle ou en soci\u00e9t\u00e9, quel que soit leur r\u00e9gime d\u2019imposition.<\/p>\n<p>&nbsp;<\/p>\n<p><strong>Le Magazine de l&rsquo;Afrique<\/strong><\/p>\n","protected":false},"excerpt":{"rendered":"<p>Les parlementaires togolais ont ratifi\u00e9 l\u2019accord entre les pays de la CEDEAO et la France, ouvrant la voie \u00e0 la disparition du franc CFA au&#8230;<\/p>\n","protected":false},"author":1,"featured_media":4944,"comment_status":"closed","ping_status":"open","sticky":false,"template":"","format":"standard","meta":{"_jetpack_memberships_contains_paid_content":false,"footnotes":""},"categories":[8,10],"tags":[],"class_list":["post-4943","post","type-post","status-publish","format-standard","has-post-thumbnail","hentry","category-actualite-economique","category-infos-eco","wpcat-8-id","wpcat-10-id"],"yoast_head":"<!-- This site is optimized with the Yoast SEO plugin v27.1.1 - https:\/\/yoast.com\/product\/yoast-seo-wordpress\/ -->\n<title>Le Togo ent\u00e9rine sa marche vers l\u2019ECO - challenges economiques<\/title>\n<meta name=\"robots\" content=\"index, follow, max-snippet:-1, max-image-preview:large, max-video-preview:-1\" \/>\n<link rel=\"canonical\" href=\"https:\/\/challengeseconomiques.com\/?p=4943\" \/>\n<meta property=\"og:locale\" content=\"fr_FR\" \/>\n<meta property=\"og:type\" content=\"article\" \/>\n<meta property=\"og:title\" content=\"Le Togo ent\u00e9rine sa marche vers l\u2019ECO - challenges economiques\" \/>\n<meta property=\"og:description\" content=\"Les parlementaires togolais ont ratifi\u00e9 l\u2019accord entre les pays de la CEDEAO et la France, ouvrant la voie \u00e0 la disparition du franc CFA au...\" \/>\n<meta property=\"og:url\" content=\"https:\/\/challengeseconomiques.com\/?p=4943\" \/>\n<meta property=\"og:site_name\" content=\"challenges economiques\" \/>\n<meta property=\"article:published_time\" content=\"2023-07-07T12:31:11+00:00\" \/>\n<meta property=\"og:image\" content=\"https:\/\/challengeseconomiques.com\/wp-content\/uploads\/2023\/07\/Sani-Yaya-770x470-1.webp\" \/>\n\t<meta property=\"og:image:width\" content=\"770\" \/>\n\t<meta property=\"og:image:height\" content=\"470\" \/>\n\t<meta property=\"og:image:type\" content=\"image\/webp\" \/>\n<meta name=\"author\" content=\"admin\" \/>\n<meta name=\"twitter:card\" content=\"summary_large_image\" \/>\n<meta name=\"twitter:label1\" content=\"\u00c9crit par\" \/>\n\t<meta name=\"twitter:data1\" content=\"admin\" \/>\n\t<meta name=\"twitter:label2\" content=\"Dur\u00e9e de lecture estim\u00e9e\" \/>\n\t<meta name=\"twitter:data2\" content=\"4 minutes\" \/>\n<script type=\"application\/ld+json\" class=\"yoast-schema-graph\">{\"@context\":\"https:\/\/schema.org\",\"@graph\":[{\"@type\":\"Article\",\"@id\":\"https:\/\/challengeseconomiques.com\/?p=4943#article\",\"isPartOf\":{\"@id\":\"https:\/\/challengeseconomiques.com\/?p=4943\"},\"author\":{\"name\":\"admin\",\"@id\":\"https:\/\/challengeseconomiques.com\/#\/schema\/person\/b4568c9afebc5a9238a771873801e349\"},\"headline\":\"Le Togo ent\u00e9rine sa marche vers l\u2019ECO\",\"datePublished\":\"2023-07-07T12:31:11+00:00\",\"mainEntityOfPage\":{\"@id\":\"https:\/\/challengeseconomiques.com\/?p=4943\"},\"wordCount\":875,\"image\":{\"@id\":\"https:\/\/challengeseconomiques.com\/?p=4943#primaryimage\"},\"thumbnailUrl\":\"https:\/\/challengeseconomiques.com\/wp-content\/uploads\/2023\/07\/Sani-Yaya-770x470-1.webp\",\"articleSection\":[\"Actualit\u00e9 \u00e9conomique\",\"Infos \u00e9co\"],\"inLanguage\":\"fr-FR\"},{\"@type\":\"WebPage\",\"@id\":\"https:\/\/challengeseconomiques.com\/?p=4943\",\"url\":\"https:\/\/challengeseconomiques.com\/?p=4943\",\"name\":\"Le Togo ent\u00e9rine sa marche vers l\u2019ECO - challenges economiques\",\"isPartOf\":{\"@id\":\"https:\/\/challengeseconomiques.com\/#website\"},\"primaryImageOfPage\":{\"@id\":\"https:\/\/challengeseconomiques.com\/?p=4943#primaryimage\"},\"image\":{\"@id\":\"https:\/\/challengeseconomiques.com\/?p=4943#primaryimage\"},\"thumbnailUrl\":\"https:\/\/challengeseconomiques.com\/wp-content\/uploads\/2023\/07\/Sani-Yaya-770x470-1.webp\",\"datePublished\":\"2023-07-07T12:31:11+00:00\",\"author\":{\"@id\":\"https:\/\/challengeseconomiques.com\/#\/schema\/person\/b4568c9afebc5a9238a771873801e349\"},\"breadcrumb\":{\"@id\":\"https:\/\/challengeseconomiques.com\/?p=4943#breadcrumb\"},\"inLanguage\":\"fr-FR\",\"potentialAction\":[{\"@type\":\"ReadAction\",\"target\":[\"https:\/\/challengeseconomiques.com\/?p=4943\"]}]},{\"@type\":\"ImageObject\",\"inLanguage\":\"fr-FR\",\"@id\":\"https:\/\/challengeseconomiques.com\/?p=4943#primaryimage\",\"url\":\"https:\/\/challengeseconomiques.com\/wp-content\/uploads\/2023\/07\/Sani-Yaya-770x470-1.webp\",\"contentUrl\":\"https:\/\/challengeseconomiques.com\/wp-content\/uploads\/2023\/07\/Sani-Yaya-770x470-1.webp\",\"width\":770,\"height\":470},{\"@type\":\"BreadcrumbList\",\"@id\":\"https:\/\/challengeseconomiques.com\/?p=4943#breadcrumb\",\"itemListElement\":[{\"@type\":\"ListItem\",\"position\":1,\"name\":\"Home\",\"item\":\"https:\/\/challengeseconomiques.com\/\"},{\"@type\":\"ListItem\",\"position\":2,\"name\":\"Le Togo ent\u00e9rine sa marche vers l\u2019ECO\"}]},{\"@type\":\"WebSite\",\"@id\":\"https:\/\/challengeseconomiques.com\/#website\",\"url\":\"https:\/\/challengeseconomiques.com\/\",\"name\":\"challenges economiques\",\"description\":\"\",\"potentialAction\":[{\"@type\":\"SearchAction\",\"target\":{\"@type\":\"EntryPoint\",\"urlTemplate\":\"https:\/\/challengeseconomiques.com\/?s={search_term_string}\"},\"query-input\":{\"@type\":\"PropertyValueSpecification\",\"valueRequired\":true,\"valueName\":\"search_term_string\"}}],\"inLanguage\":\"fr-FR\"},{\"@type\":\"Person\",\"@id\":\"https:\/\/challengeseconomiques.com\/#\/schema\/person\/b4568c9afebc5a9238a771873801e349\",\"name\":\"admin\",\"image\":{\"@type\":\"ImageObject\",\"inLanguage\":\"fr-FR\",\"@id\":\"https:\/\/challengeseconomiques.com\/#\/schema\/person\/image\/\",\"url\":\"https:\/\/secure.gravatar.com\/avatar\/099e42240b5eea11acdb72751fcce0dd918603f0749d24974b7984ea47ed9fd9?s=96&d=mm&r=g\",\"contentUrl\":\"https:\/\/secure.gravatar.com\/avatar\/099e42240b5eea11acdb72751fcce0dd918603f0749d24974b7984ea47ed9fd9?s=96&d=mm&r=g\",\"caption\":\"admin\"},\"sameAs\":[\"https:\/\/challengeseconomiques.com\"],\"url\":\"https:\/\/challengeseconomiques.com\/?author=1\"}]}<\/script>\n<!-- \/ Yoast SEO plugin. -->","yoast_head_json":{"title":"Le Togo ent\u00e9rine sa marche vers l\u2019ECO - challenges economiques","robots":{"index":"index","follow":"follow","max-snippet":"max-snippet:-1","max-image-preview":"max-image-preview:large","max-video-preview":"max-video-preview:-1"},"canonical":"https:\/\/challengeseconomiques.com\/?p=4943","og_locale":"fr_FR","og_type":"article","og_title":"Le Togo ent\u00e9rine sa marche vers l\u2019ECO - challenges economiques","og_description":"Les parlementaires togolais ont ratifi\u00e9 l\u2019accord entre les pays de la CEDEAO et la France, ouvrant la voie \u00e0 la disparition du franc CFA au...","og_url":"https:\/\/challengeseconomiques.com\/?p=4943","og_site_name":"challenges economiques","article_published_time":"2023-07-07T12:31:11+00:00","og_image":[{"width":770,"height":470,"url":"https:\/\/challengeseconomiques.com\/wp-content\/uploads\/2023\/07\/Sani-Yaya-770x470-1.webp","type":"image\/webp"}],"author":"admin","twitter_card":"summary_large_image","twitter_misc":{"\u00c9crit par":"admin","Dur\u00e9e de lecture estim\u00e9e":"4 minutes"},"schema":{"@context":"https:\/\/schema.org","@graph":[{"@type":"Article","@id":"https:\/\/challengeseconomiques.com\/?p=4943#article","isPartOf":{"@id":"https:\/\/challengeseconomiques.com\/?p=4943"},"author":{"name":"admin","@id":"https:\/\/challengeseconomiques.com\/#\/schema\/person\/b4568c9afebc5a9238a771873801e349"},"headline":"Le Togo ent\u00e9rine sa marche vers l\u2019ECO","datePublished":"2023-07-07T12:31:11+00:00","mainEntityOfPage":{"@id":"https:\/\/challengeseconomiques.com\/?p=4943"},"wordCount":875,"image":{"@id":"https:\/\/challengeseconomiques.com\/?p=4943#primaryimage"},"thumbnailUrl":"https:\/\/challengeseconomiques.com\/wp-content\/uploads\/2023\/07\/Sani-Yaya-770x470-1.webp","articleSection":["Actualit\u00e9 \u00e9conomique","Infos \u00e9co"],"inLanguage":"fr-FR"},{"@type":"WebPage","@id":"https:\/\/challengeseconomiques.com\/?p=4943","url":"https:\/\/challengeseconomiques.com\/?p=4943","name":"Le Togo ent\u00e9rine sa marche vers l\u2019ECO - challenges economiques","isPartOf":{"@id":"https:\/\/challengeseconomiques.com\/#website"},"primaryImageOfPage":{"@id":"https:\/\/challengeseconomiques.com\/?p=4943#primaryimage"},"image":{"@id":"https:\/\/challengeseconomiques.com\/?p=4943#primaryimage"},"thumbnailUrl":"https:\/\/challengeseconomiques.com\/wp-content\/uploads\/2023\/07\/Sani-Yaya-770x470-1.webp","datePublished":"2023-07-07T12:31:11+00:00","author":{"@id":"https:\/\/challengeseconomiques.com\/#\/schema\/person\/b4568c9afebc5a9238a771873801e349"},"breadcrumb":{"@id":"https:\/\/challengeseconomiques.com\/?p=4943#breadcrumb"},"inLanguage":"fr-FR","potentialAction":[{"@type":"ReadAction","target":["https:\/\/challengeseconomiques.com\/?p=4943"]}]},{"@type":"ImageObject","inLanguage":"fr-FR","@id":"https:\/\/challengeseconomiques.com\/?p=4943#primaryimage","url":"https:\/\/challengeseconomiques.com\/wp-content\/uploads\/2023\/07\/Sani-Yaya-770x470-1.webp","contentUrl":"https:\/\/challengeseconomiques.com\/wp-content\/uploads\/2023\/07\/Sani-Yaya-770x470-1.webp","width":770,"height":470},{"@type":"BreadcrumbList","@id":"https:\/\/challengeseconomiques.com\/?p=4943#breadcrumb","itemListElement":[{"@type":"ListItem","position":1,"name":"Home","item":"https:\/\/challengeseconomiques.com\/"},{"@type":"ListItem","position":2,"name":"Le Togo ent\u00e9rine sa marche vers l\u2019ECO"}]},{"@type":"WebSite","@id":"https:\/\/challengeseconomiques.com\/#website","url":"https:\/\/challengeseconomiques.com\/","name":"challenges economiques","description":"","potentialAction":[{"@type":"SearchAction","target":{"@type":"EntryPoint","urlTemplate":"https:\/\/challengeseconomiques.com\/?s={search_term_string}"},"query-input":{"@type":"PropertyValueSpecification","valueRequired":true,"valueName":"search_term_string"}}],"inLanguage":"fr-FR"},{"@type":"Person","@id":"https:\/\/challengeseconomiques.com\/#\/schema\/person\/b4568c9afebc5a9238a771873801e349","name":"admin","image":{"@type":"ImageObject","inLanguage":"fr-FR","@id":"https:\/\/challengeseconomiques.com\/#\/schema\/person\/image\/","url":"https:\/\/secure.gravatar.com\/avatar\/099e42240b5eea11acdb72751fcce0dd918603f0749d24974b7984ea47ed9fd9?s=96&d=mm&r=g","contentUrl":"https:\/\/secure.gravatar.com\/avatar\/099e42240b5eea11acdb72751fcce0dd918603f0749d24974b7984ea47ed9fd9?s=96&d=mm&r=g","caption":"admin"},"sameAs":["https:\/\/challengeseconomiques.com"],"url":"https:\/\/challengeseconomiques.com\/?author=1"}]}},"jetpack_featured_media_url":"https:\/\/challengeseconomiques.com\/wp-content\/uploads\/2023\/07\/Sani-Yaya-770x470-1.webp","jetpack_sharing_enabled":true,"_links":{"self":[{"href":"https:\/\/challengeseconomiques.com\/index.php?rest_route=\/wp\/v2\/posts\/4943","targetHints":{"allow":["GET"]}}],"collection":[{"href":"https:\/\/challengeseconomiques.com\/index.php?rest_route=\/wp\/v2\/posts"}],"about":[{"href":"https:\/\/challengeseconomiques.com\/index.php?rest_route=\/wp\/v2\/types\/post"}],"author":[{"embeddable":true,"href":"https:\/\/challengeseconomiques.com\/index.php?rest_route=\/wp\/v2\/users\/1"}],"replies":[{"embeddable":true,"href":"https:\/\/challengeseconomiques.com\/index.php?rest_route=%2Fwp%2Fv2%2Fcomments&post=4943"}],"version-history":[{"count":2,"href":"https:\/\/challengeseconomiques.com\/index.php?rest_route=\/wp\/v2\/posts\/4943\/revisions"}],"predecessor-version":[{"id":4946,"href":"https:\/\/challengeseconomiques.com\/index.php?rest_route=\/wp\/v2\/posts\/4943\/revisions\/4946"}],"wp:featuredmedia":[{"embeddable":true,"href":"https:\/\/challengeseconomiques.com\/index.php?rest_route=\/wp\/v2\/media\/4944"}],"wp:attachment":[{"href":"https:\/\/challengeseconomiques.com\/index.php?rest_route=%2Fwp%2Fv2%2Fmedia&parent=4943"}],"wp:term":[{"taxonomy":"category","embeddable":true,"href":"https:\/\/challengeseconomiques.com\/index.php?rest_route=%2Fwp%2Fv2%2Fcategories&post=4943"},{"taxonomy":"post_tag","embeddable":true,"href":"https:\/\/challengeseconomiques.com\/index.php?rest_route=%2Fwp%2Fv2%2Ftags&post=4943"}],"curies":[{"name":"wp","href":"https:\/\/api.w.org\/{rel}","templated":true}]}}