{"id":4931,"date":"2023-07-06T22:35:47","date_gmt":"2023-07-06T22:35:47","guid":{"rendered":"https:\/\/challengeseconomiques.com\/?p=4931"},"modified":"2023-07-06T22:36:29","modified_gmt":"2023-07-06T22:36:29","slug":"senegal-investissement-forum-la-paix-et-la-securite-prealables-sans-lesquels-il-ne-peut-y-avoir-dinvestissement-selon-macky-sall-publie-6-juillet-202","status":"publish","type":"post","link":"https:\/\/challengeseconomiques.com\/?p=4931","title":{"rendered":"SENEGAL-INVESTISSEMENT-FORUM \/ \u2018\u2019La paix et la s\u00e9curit\u00e9, pr\u00e9alables sans lesquels, il ne peut y avoir d\u2019investissement\u2019\u2019, selon Macky Sall"},"content":{"rendered":"<p>Le pr\u00e9sident de la R\u00e9publique Macky Sall a insist\u00e9, jeudi, \u00e0 Diamniadio, sur la n\u00e9cessit\u00e9 pour les Etats de pr\u00e9server la paix et la s\u00e9curit\u00e9 afin d\u2019attirer les investisseurs.<\/p>\n<p>\u2018\u2019Notre premier investissement, c\u2019est la paix, la s\u00e9curit\u00e9, la stabilit\u00e9 et l\u2019\u00e9tat de droit. Ce sont des pr\u00e9alables sans lesquels, il ne peut y avoir ni commerce ni investissement durable\u2019\u2019, a-t-il d\u00e9clar\u00e9.<\/p>\n<p>Le chef de l\u2019Etat pr\u00e9sidait la premi\u00e8re \u00e9dition du forum Invest-in S\u00e9n\u00e9gal en pr\u00e9sence du vice-pr\u00e9sident de la R\u00e9publique de C\u00f4te-d\u2019Ivoire, Ti\u00e9moko Meyliet Kon\u00e9, dont le pays est l\u2019invit\u00e9 d\u2019honneur de cette rencontre organis\u00e9e par l\u2019APIX.<\/p>\n<p>Des membres du gouvernement, d\u2019organisations du secteur priv\u00e9, entre autres, ont pris part \u00e0 cette c\u00e9r\u00e9monie.<\/p>\n<p>Macky Sall a rappel\u00e9 que partout dans le monde, ces piliers sont les fondements d\u2019un environnement attractif des affaires.<\/p>\n<p>\u2018\u2019Ce sont des facteurs que tout investisseur avis\u00e9 cherche \u00e0 \u00e9valuer avant de miser sur un pays \u00bb, a-t-il soulign\u00e9.<\/p>\n<p>Il a relev\u00e9 que le r\u00f4le des pouvoirs publics est avant tout de veiller au maintien de ces fondamentaux \u00e0 savoir la paix, la s\u00e9curit\u00e9, la stabilit\u00e9 et l\u2019\u00e9tat de droit.<\/p>\n<p>\u00bbC\u2019est ce que nous allons continuer \u00e0 faire au S\u00e9n\u00e9gal\u2019\u2019, a-t-il dit, assurant qu\u2019il y avait aucun risque \u00e0 venir investir au S\u00e9n\u00e9gal.<\/p>\n<p>Le pr\u00e9sident Macky Sall a indiqu\u00e9 par ailleurs que l\u2019enjeu pour le S\u00e9n\u00e9gal est de cr\u00e9er et maintenir un standing national qui tend vers les standards internationaux afin de stimuler les investissements en mettant en avant les atouts et en identifiant objectivement les fragilit\u00e9s.<\/p>\n<p>Le forum invest in S\u00e9n\u00e9gal doit surtout s\u2019inscrire dans une logique de perfectionnement devant permettre au pays de d\u00e9livrer les meilleures performances en restant \u00e0 l\u2019\u00e9coute des partenaires du secteur priv\u00e9 et int\u00e9grant les pratiques qui sont font ailleurs, a-t-il estim\u00e9.<\/p>\n<p><strong>(APS)<\/strong><\/p>\n<p>&nbsp;<\/p>\n","protected":false},"excerpt":{"rendered":"<p>Le pr\u00e9sident de la R\u00e9publique Macky Sall a insist\u00e9, jeudi, \u00e0 Diamniadio, sur la n\u00e9cessit\u00e9 pour les Etats de pr\u00e9server la paix et la s\u00e9curit\u00e9&#8230;<\/p>\n","protected":false},"author":1,"featured_media":3312,"comment_status":"closed","ping_status":"open","sticky":false,"template":"","format":"standard","meta":{"_jetpack_memberships_contains_paid_content":false,"footnotes":""},"categories":[23,10],"tags":[],"class_list":["post-4931","post","type-post","status-publish","format-standard","has-post-thumbnail","hentry","category-a-la-une","category-infos-eco","wpcat-23-id","wpcat-10-id"],"yoast_head":"<!-- This site is optimized with the Yoast SEO plugin v27.1.1 - https:\/\/yoast.com\/product\/yoast-seo-wordpress\/ -->\n<title>SENEGAL-INVESTISSEMENT-FORUM \/ \u2018\u2019La paix et la s\u00e9curit\u00e9, pr\u00e9alables sans lesquels, il ne peut y avoir d\u2019investissement\u2019\u2019, selon Macky Sall - challenges economiques<\/title>\n<meta name=\"robots\" content=\"index, follow, max-snippet:-1, max-image-preview:large, max-video-preview:-1\" \/>\n<link rel=\"canonical\" href=\"https:\/\/challengeseconomiques.com\/?p=4931\" \/>\n<meta property=\"og:locale\" content=\"fr_FR\" \/>\n<meta property=\"og:type\" content=\"article\" \/>\n<meta property=\"og:title\" content=\"SENEGAL-INVESTISSEMENT-FORUM \/ \u2018\u2019La paix et la s\u00e9curit\u00e9, pr\u00e9alables sans lesquels, il ne peut y avoir d\u2019investissement\u2019\u2019, selon Macky Sall - challenges economiques\" \/>\n<meta property=\"og:description\" content=\"Le pr\u00e9sident de la R\u00e9publique Macky Sall a insist\u00e9, jeudi, \u00e0 Diamniadio, sur la n\u00e9cessit\u00e9 pour les Etats de pr\u00e9server la paix et la s\u00e9curit\u00e9...\" \/>\n<meta property=\"og:url\" content=\"https:\/\/challengeseconomiques.com\/?p=4931\" \/>\n<meta property=\"og:site_name\" content=\"challenges economiques\" \/>\n<meta property=\"article:published_time\" content=\"2023-07-06T22:35:47+00:00\" \/>\n<meta property=\"article:modified_time\" content=\"2023-07-06T22:36:29+00:00\" \/>\n<meta property=\"og:image\" content=\"https:\/\/challengeseconomiques.com\/wp-content\/uploads\/2022\/05\/macky-sall.jpg\" \/>\n\t<meta property=\"og:image:width\" content=\"592\" \/>\n\t<meta property=\"og:image:height\" content=\"296\" \/>\n\t<meta property=\"og:image:type\" content=\"image\/jpeg\" \/>\n<meta name=\"author\" content=\"admin\" \/>\n<meta name=\"twitter:card\" content=\"summary_large_image\" \/>\n<meta name=\"twitter:label1\" content=\"\u00c9crit par\" \/>\n\t<meta name=\"twitter:data1\" content=\"admin\" \/>\n\t<meta name=\"twitter:label2\" content=\"Dur\u00e9e de lecture estim\u00e9e\" \/>\n\t<meta name=\"twitter:data2\" content=\"2 minutes\" \/>\n<script type=\"application\/ld+json\" class=\"yoast-schema-graph\">{\"@context\":\"https:\/\/schema.org\",\"@graph\":[{\"@type\":\"Article\",\"@id\":\"https:\/\/challengeseconomiques.com\/?p=4931#article\",\"isPartOf\":{\"@id\":\"https:\/\/challengeseconomiques.com\/?p=4931\"},\"author\":{\"name\":\"admin\",\"@id\":\"https:\/\/challengeseconomiques.com\/#\/schema\/person\/b4568c9afebc5a9238a771873801e349\"},\"headline\":\"SENEGAL-INVESTISSEMENT-FORUM \/ \u2018\u2019La paix et la s\u00e9curit\u00e9, pr\u00e9alables sans lesquels, il ne peut y avoir d\u2019investissement\u2019\u2019, selon Macky Sall\",\"datePublished\":\"2023-07-06T22:35:47+00:00\",\"dateModified\":\"2023-07-06T22:36:29+00:00\",\"mainEntityOfPage\":{\"@id\":\"https:\/\/challengeseconomiques.com\/?p=4931\"},\"wordCount\":357,\"image\":{\"@id\":\"https:\/\/challengeseconomiques.com\/?p=4931#primaryimage\"},\"thumbnailUrl\":\"https:\/\/challengeseconomiques.com\/wp-content\/uploads\/2022\/05\/macky-sall.jpg\",\"articleSection\":[\"A la une\",\"Infos \u00e9co\"],\"inLanguage\":\"fr-FR\"},{\"@type\":\"WebPage\",\"@id\":\"https:\/\/challengeseconomiques.com\/?p=4931\",\"url\":\"https:\/\/challengeseconomiques.com\/?p=4931\",\"name\":\"SENEGAL-INVESTISSEMENT-FORUM \/ \u2018\u2019La paix et la s\u00e9curit\u00e9, pr\u00e9alables sans lesquels, il ne peut y avoir d\u2019investissement\u2019\u2019, selon Macky Sall - challenges economiques\",\"isPartOf\":{\"@id\":\"https:\/\/challengeseconomiques.com\/#website\"},\"primaryImageOfPage\":{\"@id\":\"https:\/\/challengeseconomiques.com\/?p=4931#primaryimage\"},\"image\":{\"@id\":\"https:\/\/challengeseconomiques.com\/?p=4931#primaryimage\"},\"thumbnailUrl\":\"https:\/\/challengeseconomiques.com\/wp-content\/uploads\/2022\/05\/macky-sall.jpg\",\"datePublished\":\"2023-07-06T22:35:47+00:00\",\"dateModified\":\"2023-07-06T22:36:29+00:00\",\"author\":{\"@id\":\"https:\/\/challengeseconomiques.com\/#\/schema\/person\/b4568c9afebc5a9238a771873801e349\"},\"breadcrumb\":{\"@id\":\"https:\/\/challengeseconomiques.com\/?p=4931#breadcrumb\"},\"inLanguage\":\"fr-FR\",\"potentialAction\":[{\"@type\":\"ReadAction\",\"target\":[\"https:\/\/challengeseconomiques.com\/?p=4931\"]}]},{\"@type\":\"ImageObject\",\"inLanguage\":\"fr-FR\",\"@id\":\"https:\/\/challengeseconomiques.com\/?p=4931#primaryimage\",\"url\":\"https:\/\/challengeseconomiques.com\/wp-content\/uploads\/2022\/05\/macky-sall.jpg\",\"contentUrl\":\"https:\/\/challengeseconomiques.com\/wp-content\/uploads\/2022\/05\/macky-sall.jpg\",\"width\":592,\"height\":296},{\"@type\":\"BreadcrumbList\",\"@id\":\"https:\/\/challengeseconomiques.com\/?p=4931#breadcrumb\",\"itemListElement\":[{\"@type\":\"ListItem\",\"position\":1,\"name\":\"Home\",\"item\":\"https:\/\/challengeseconomiques.com\/\"},{\"@type\":\"ListItem\",\"position\":2,\"name\":\"SENEGAL-INVESTISSEMENT-FORUM \/ \u2018\u2019La paix et la s\u00e9curit\u00e9, pr\u00e9alables sans lesquels, il ne peut y avoir d\u2019investissement\u2019\u2019, selon Macky Sall\"}]},{\"@type\":\"WebSite\",\"@id\":\"https:\/\/challengeseconomiques.com\/#website\",\"url\":\"https:\/\/challengeseconomiques.com\/\",\"name\":\"challenges economiques\",\"description\":\"\",\"potentialAction\":[{\"@type\":\"SearchAction\",\"target\":{\"@type\":\"EntryPoint\",\"urlTemplate\":\"https:\/\/challengeseconomiques.com\/?s={search_term_string}\"},\"query-input\":{\"@type\":\"PropertyValueSpecification\",\"valueRequired\":true,\"valueName\":\"search_term_string\"}}],\"inLanguage\":\"fr-FR\"},{\"@type\":\"Person\",\"@id\":\"https:\/\/challengeseconomiques.com\/#\/schema\/person\/b4568c9afebc5a9238a771873801e349\",\"name\":\"admin\",\"image\":{\"@type\":\"ImageObject\",\"inLanguage\":\"fr-FR\",\"@id\":\"https:\/\/challengeseconomiques.com\/#\/schema\/person\/image\/\",\"url\":\"https:\/\/secure.gravatar.com\/avatar\/099e42240b5eea11acdb72751fcce0dd918603f0749d24974b7984ea47ed9fd9?s=96&d=mm&r=g\",\"contentUrl\":\"https:\/\/secure.gravatar.com\/avatar\/099e42240b5eea11acdb72751fcce0dd918603f0749d24974b7984ea47ed9fd9?s=96&d=mm&r=g\",\"caption\":\"admin\"},\"sameAs\":[\"https:\/\/challengeseconomiques.com\"],\"url\":\"https:\/\/challengeseconomiques.com\/?author=1\"}]}<\/script>\n<!-- \/ Yoast SEO plugin. -->","yoast_head_json":{"title":"SENEGAL-INVESTISSEMENT-FORUM \/ \u2018\u2019La paix et la s\u00e9curit\u00e9, pr\u00e9alables sans lesquels, il ne peut y avoir d\u2019investissement\u2019\u2019, selon Macky Sall - challenges economiques","robots":{"index":"index","follow":"follow","max-snippet":"max-snippet:-1","max-image-preview":"max-image-preview:large","max-video-preview":"max-video-preview:-1"},"canonical":"https:\/\/challengeseconomiques.com\/?p=4931","og_locale":"fr_FR","og_type":"article","og_title":"SENEGAL-INVESTISSEMENT-FORUM \/ \u2018\u2019La paix et la s\u00e9curit\u00e9, pr\u00e9alables sans lesquels, il ne peut y avoir d\u2019investissement\u2019\u2019, selon Macky Sall - challenges economiques","og_description":"Le pr\u00e9sident de la R\u00e9publique Macky Sall a insist\u00e9, jeudi, \u00e0 Diamniadio, sur la n\u00e9cessit\u00e9 pour les Etats de pr\u00e9server la paix et la s\u00e9curit\u00e9...","og_url":"https:\/\/challengeseconomiques.com\/?p=4931","og_site_name":"challenges economiques","article_published_time":"2023-07-06T22:35:47+00:00","article_modified_time":"2023-07-06T22:36:29+00:00","og_image":[{"width":592,"height":296,"url":"https:\/\/challengeseconomiques.com\/wp-content\/uploads\/2022\/05\/macky-sall.jpg","type":"image\/jpeg"}],"author":"admin","twitter_card":"summary_large_image","twitter_misc":{"\u00c9crit par":"admin","Dur\u00e9e de lecture estim\u00e9e":"2 minutes"},"schema":{"@context":"https:\/\/schema.org","@graph":[{"@type":"Article","@id":"https:\/\/challengeseconomiques.com\/?p=4931#article","isPartOf":{"@id":"https:\/\/challengeseconomiques.com\/?p=4931"},"author":{"name":"admin","@id":"https:\/\/challengeseconomiques.com\/#\/schema\/person\/b4568c9afebc5a9238a771873801e349"},"headline":"SENEGAL-INVESTISSEMENT-FORUM \/ \u2018\u2019La paix et la s\u00e9curit\u00e9, pr\u00e9alables sans lesquels, il ne peut y avoir d\u2019investissement\u2019\u2019, selon Macky Sall","datePublished":"2023-07-06T22:35:47+00:00","dateModified":"2023-07-06T22:36:29+00:00","mainEntityOfPage":{"@id":"https:\/\/challengeseconomiques.com\/?p=4931"},"wordCount":357,"image":{"@id":"https:\/\/challengeseconomiques.com\/?p=4931#primaryimage"},"thumbnailUrl":"https:\/\/challengeseconomiques.com\/wp-content\/uploads\/2022\/05\/macky-sall.jpg","articleSection":["A la une","Infos \u00e9co"],"inLanguage":"fr-FR"},{"@type":"WebPage","@id":"https:\/\/challengeseconomiques.com\/?p=4931","url":"https:\/\/challengeseconomiques.com\/?p=4931","name":"SENEGAL-INVESTISSEMENT-FORUM \/ \u2018\u2019La paix et la s\u00e9curit\u00e9, pr\u00e9alables sans lesquels, il ne peut y avoir d\u2019investissement\u2019\u2019, selon Macky Sall - challenges economiques","isPartOf":{"@id":"https:\/\/challengeseconomiques.com\/#website"},"primaryImageOfPage":{"@id":"https:\/\/challengeseconomiques.com\/?p=4931#primaryimage"},"image":{"@id":"https:\/\/challengeseconomiques.com\/?p=4931#primaryimage"},"thumbnailUrl":"https:\/\/challengeseconomiques.com\/wp-content\/uploads\/2022\/05\/macky-sall.jpg","datePublished":"2023-07-06T22:35:47+00:00","dateModified":"2023-07-06T22:36:29+00:00","author":{"@id":"https:\/\/challengeseconomiques.com\/#\/schema\/person\/b4568c9afebc5a9238a771873801e349"},"breadcrumb":{"@id":"https:\/\/challengeseconomiques.com\/?p=4931#breadcrumb"},"inLanguage":"fr-FR","potentialAction":[{"@type":"ReadAction","target":["https:\/\/challengeseconomiques.com\/?p=4931"]}]},{"@type":"ImageObject","inLanguage":"fr-FR","@id":"https:\/\/challengeseconomiques.com\/?p=4931#primaryimage","url":"https:\/\/challengeseconomiques.com\/wp-content\/uploads\/2022\/05\/macky-sall.jpg","contentUrl":"https:\/\/challengeseconomiques.com\/wp-content\/uploads\/2022\/05\/macky-sall.jpg","width":592,"height":296},{"@type":"BreadcrumbList","@id":"https:\/\/challengeseconomiques.com\/?p=4931#breadcrumb","itemListElement":[{"@type":"ListItem","position":1,"name":"Home","item":"https:\/\/challengeseconomiques.com\/"},{"@type":"ListItem","position":2,"name":"SENEGAL-INVESTISSEMENT-FORUM \/ \u2018\u2019La paix et la s\u00e9curit\u00e9, pr\u00e9alables sans lesquels, il ne peut y avoir d\u2019investissement\u2019\u2019, selon Macky Sall"}]},{"@type":"WebSite","@id":"https:\/\/challengeseconomiques.com\/#website","url":"https:\/\/challengeseconomiques.com\/","name":"challenges economiques","description":"","potentialAction":[{"@type":"SearchAction","target":{"@type":"EntryPoint","urlTemplate":"https:\/\/challengeseconomiques.com\/?s={search_term_string}"},"query-input":{"@type":"PropertyValueSpecification","valueRequired":true,"valueName":"search_term_string"}}],"inLanguage":"fr-FR"},{"@type":"Person","@id":"https:\/\/challengeseconomiques.com\/#\/schema\/person\/b4568c9afebc5a9238a771873801e349","name":"admin","image":{"@type":"ImageObject","inLanguage":"fr-FR","@id":"https:\/\/challengeseconomiques.com\/#\/schema\/person\/image\/","url":"https:\/\/secure.gravatar.com\/avatar\/099e42240b5eea11acdb72751fcce0dd918603f0749d24974b7984ea47ed9fd9?s=96&d=mm&r=g","contentUrl":"https:\/\/secure.gravatar.com\/avatar\/099e42240b5eea11acdb72751fcce0dd918603f0749d24974b7984ea47ed9fd9?s=96&d=mm&r=g","caption":"admin"},"sameAs":["https:\/\/challengeseconomiques.com"],"url":"https:\/\/challengeseconomiques.com\/?author=1"}]}},"jetpack_featured_media_url":"https:\/\/challengeseconomiques.com\/wp-content\/uploads\/2022\/05\/macky-sall.jpg","jetpack_sharing_enabled":true,"_links":{"self":[{"href":"https:\/\/challengeseconomiques.com\/index.php?rest_route=\/wp\/v2\/posts\/4931","targetHints":{"allow":["GET"]}}],"collection":[{"href":"https:\/\/challengeseconomiques.com\/index.php?rest_route=\/wp\/v2\/posts"}],"about":[{"href":"https:\/\/challengeseconomiques.com\/index.php?rest_route=\/wp\/v2\/types\/post"}],"author":[{"embeddable":true,"href":"https:\/\/challengeseconomiques.com\/index.php?rest_route=\/wp\/v2\/users\/1"}],"replies":[{"embeddable":true,"href":"https:\/\/challengeseconomiques.com\/index.php?rest_route=%2Fwp%2Fv2%2Fcomments&post=4931"}],"version-history":[{"count":2,"href":"https:\/\/challengeseconomiques.com\/index.php?rest_route=\/wp\/v2\/posts\/4931\/revisions"}],"predecessor-version":[{"id":4933,"href":"https:\/\/challengeseconomiques.com\/index.php?rest_route=\/wp\/v2\/posts\/4931\/revisions\/4933"}],"wp:featuredmedia":[{"embeddable":true,"href":"https:\/\/challengeseconomiques.com\/index.php?rest_route=\/wp\/v2\/media\/3312"}],"wp:attachment":[{"href":"https:\/\/challengeseconomiques.com\/index.php?rest_route=%2Fwp%2Fv2%2Fmedia&parent=4931"}],"wp:term":[{"taxonomy":"category","embeddable":true,"href":"https:\/\/challengeseconomiques.com\/index.php?rest_route=%2Fwp%2Fv2%2Fcategories&post=4931"},{"taxonomy":"post_tag","embeddable":true,"href":"https:\/\/challengeseconomiques.com\/index.php?rest_route=%2Fwp%2Fv2%2Ftags&post=4931"}],"curies":[{"name":"wp","href":"https:\/\/api.w.org\/{rel}","templated":true}]}}