{"id":4909,"date":"2023-07-03T12:44:08","date_gmt":"2023-07-03T12:44:08","guid":{"rendered":"https:\/\/challengeseconomiques.com\/?p=4909"},"modified":"2023-07-03T12:44:32","modified_gmt":"2023-07-03T12:44:32","slug":"une-bouffee-doxygene-pour-le-senegal","status":"publish","type":"post","link":"https:\/\/challengeseconomiques.com\/?p=4909","title":{"rendered":"Une bouff\u00e9e d\u2019oxyg\u00e8ne pour le S\u00e9n\u00e9gal"},"content":{"rendered":"<p><strong>Le FMI approuve le d\u00e9caissement de 1,8 milliard de dollars en faveur du S\u00e9n\u00e9gal, constatant les d\u00e9s\u00e9quilibres de court terme de sa balance des paiements et des actions entreprises par le pays en faveur d\u2019une croissance \u00e9conomique plus p\u00e9renne.<\/strong><\/p>\n<p>&nbsp;<\/p>\n<p>Une victoire ou un petit cadeau pour Macky Sall, dont le S\u00e9n\u00e9gal attend la d\u00e9cision concernant son avenir politique&nbsp;? Toujours est-il que le FMI vient d\u2019approuver une \u00ab&nbsp;FEC&nbsp;\u00bb (Facilit\u00e9 \u00e9largie de cr\u00e9dit) et un \u00ab&nbsp;MEC&nbsp;\u00bb (M\u00e9canisme \u00e9largi de cr\u00e9dit), apportant 1,51 milliard de dollars au pays, ainsi qu\u2019une autre Facilit\u00e9 pour 324 millions $.<\/p>\n<blockquote><p><strong><em>\u00ab\u00a0Une gestion prudente de la dette et une surveillance renforc\u00e9e d\u2019emprunt des entreprises publiques et des PPP sont essentielles pour att\u00e9nuer les risques pesant sur la viabilit\u00e9 de la dette\u00a0\u00bb.<\/em><\/strong><\/p><\/blockquote>\n<p>Une bouff\u00e9e d\u2019oxyg\u00e8ne qui aidera le pays \u00e0 r\u00e9pondre aux \u00ab&nbsp;besoins prolong\u00e9s&nbsp;\u00bb de sa balance des paiements et \u00e0 rem\u00e9dier aux d\u00e9s\u00e9quilibres macro\u00e9conomiques. Les priorit\u00e9s politiques portent sur la r\u00e9duction des vuln\u00e9rabilit\u00e9s de la dette \u00e0 travers un assainissement budg\u00e9taire favorable \u00e0 la croissance, le renforcement de la gouvernance et la mise en \u0153uvre de r\u00e9formes pour une croissance plus inclusive et plus riche en emplois.<\/p>\n<p>Il s\u2019agit parall\u00e8lement pour le S\u00e9n\u00e9gal de relever les d\u00e9fis structurels \u00e0 plus long terme li\u00e9s au changement climatique et \u00e0 la mise en \u0153uvre des politiques climatiques. Donc de financer des objectifs d\u2019att\u00e9nuation du changement climatique du S\u00e9n\u00e9gal, et d\u2019acc\u00e9l\u00e9rer l\u2019adaptation du pays \u00e0 ce changement. Le tout, sans affecter davantage le pr\u00e9caire \u00e9quilibre budg\u00e9taire.<\/p>\n<p>Le FMI consid\u00e8re que le programme qu\u2019il soutient \u00ab&nbsp;<em>aidera \u00e0 rem\u00e9dier aux d\u00e9s\u00e9quilibres macro\u00e9conomiques en r\u00e9duisant les vuln\u00e9rabilit\u00e9s de la dette, \u00e0 renforcer la gouvernance et \u00e0 assurer une croissance plus inclusive et riche en emplois<\/em>&nbsp;\u00bb.<\/p>\n<p>L\u2019\u00e9conomie s\u00e9n\u00e9galaise a \u00e9t\u00e9 \u00ab&nbsp;<em>durement touch\u00e9e<\/em>&nbsp;\u00bb par diff\u00e9rents chocs, notamment la hausse des prix des denr\u00e9es alimentaires et de l\u2019\u00e9nergie, le resserrement des conditions financi\u00e8res, la faiblesse de la demande ext\u00e9rieure et l\u2019appr\u00e9ciation du dollar. Le pays fait \u00e9galement face \u00e0 de multiples d\u00e9fis, notamment une ins\u00e9curit\u00e9 r\u00e9gionale accrue et des tensions sociopolitiques croissantes \u00e0 l\u2019approche des \u00e9lections pr\u00e9sidentielles de l\u2019ann\u00e9e prochaine. En cons\u00e9quence, l\u2019ann\u00e9e 2022 a \u00e9t\u00e9 u difficile. La croissance a ralenti \u00e0 4,0 %, l\u2019inflation s\u2019est acc\u00e9l\u00e9r\u00e9e \u00e0 9,7 % et les d\u00e9ficits budg\u00e9taire et courant ont augment\u00e9.<\/p>\n<p>&nbsp;<\/p>\n<p><strong>Du pain sur la planche<\/strong><\/p>\n<p>\u00ab&nbsp;<em>Malgr\u00e9 ces d\u00e9fis, les autorit\u00e9s sont d\u00e9termin\u00e9es \u00e0 entreprendre un assainissement budg\u00e9taire favorable \u00e0 la croissance afin de contenir le d\u00e9ficit budg\u00e9taire \u00e0 3 % du PIB d\u2019ici 2025<\/em>&nbsp;\u00bb, salue le FMI. Pour cela, elles entendent redoubler d\u2019efforts pour augmenter les recettes et am\u00e9liorer l\u2019efficience des d\u00e9penses, notamment en supprimant progressivement les subventions dans le secteur de l\u2019\u00c9nergie. \u00ab&nbsp;<em>Ces efforts devraient contribuer \u00e0 reconstituer les cousins budg\u00e9taires et \u00e0 permettre \u00e0 la dette publique d\u2019\u00eatre sur une trajectoire r\u00e9solument descendante \u00e0 moyen terme.&nbsp;<\/em>\u00bb Dans le m\u00eame temps, les autorit\u00e9s s\u2019engagent \u00e0 renforcer les cadres de gouvernance, de transparence et de lutte contre la corruption.<\/p>\n<p>On le sait, les perspectives de croissance du S\u00e9n\u00e9gal, \u00e0 moyen terme, semblent plus favorables avec le d\u00e9marrage en 2024 de la production de p\u00e9trole et de gaz. Cependant, \u00ab&nbsp;<em>les risques pesant sur les perspectives restent \u00e9lev\u00e9s et fortement orient\u00e9s vers la baisse&nbsp;<\/em>\u00bb, pr\u00e9vient l\u2019organisation de Washington. Qui cite p\u00eale-m\u00eale une croissance mondiale plus faible, des conditions financi\u00e8res plus resserr\u00e9es, une guerre en Ukraine plus intense et prolong\u00e9e, et une appr\u00e9ciation du dollar plus prononc\u00e9e. Sans oublier les risques climatiques et politiques.<\/p>\n<p>Le S\u00e9n\u00e9gal a donc du travail&nbsp;: \u00ab&nbsp;<em>Du c\u00f4t\u00e9 des recettes, la mise en \u0153uvre de la strat\u00e9gie de mobilisation de recettes \u00e0 moyen terme devrait \u00eatre acc\u00e9l\u00e9r\u00e9e pour am\u00e9liorer la mobilisation des recettes, notamment par la rationalisation des exon\u00e9rations de TVA et l\u2019\u00e9largissement de l\u2019assiette fiscale&nbsp;<\/em>\u00bb, recommande Kenji Okamura, directeur g\u00e9n\u00e9ral adjoint du FMI.<\/p>\n<p>Du c\u00f4t\u00e9 des d\u00e9penses, si l\u2019\u00e9limination progressive des subventions \u00e9nerg\u00e9tiques non cibl\u00e9es constitue \u00ab&nbsp;<em>une priorit\u00e9<\/em>&nbsp;\u00bb, elle doit s\u2019accompagner \u00ab&nbsp;<em>de mesures visant \u00e0 renforcer les filets de s\u00e9curit\u00e9 sociale existants<\/em>&nbsp;\u00bb. Une gestion prudente de la dette et une surveillance renforc\u00e9e d\u2019emprunt des entreprises publiques et des op\u00e9rations de partenariat public-priv\u00e9 sont essentielles pour att\u00e9nuer les risques pesant sur la viabilit\u00e9 de la dette.<\/p>\n<p>Le FMI encourage enfin le S\u00e9n\u00e9gal \u00e0 mener \u00ab&nbsp;<em>des actions urgentes&nbsp;\u00bb en mati\u00e8re de lutte contre le blanchiment et le financement du terrorisme, \u00ab&nbsp;afin d\u2019\u00e9viter d\u2019\u00e9ventuelles r\u00e9percussions macro\u00e9conomiques et de r\u00e9putation n\u00e9gatives et de sortir de la liste grise du GAFI<\/em>&nbsp;\u00bb.<\/p>\n<p><strong>Le Magazine de l Afrique<\/strong><\/p>\n<p>&nbsp;<\/p>\n","protected":false},"excerpt":{"rendered":"<p>Le FMI approuve le d\u00e9caissement de 1,8 milliard de dollars en faveur du S\u00e9n\u00e9gal, constatant les d\u00e9s\u00e9quilibres de court terme de sa balance des paiements&#8230;<\/p>\n","protected":false},"author":1,"featured_media":4910,"comment_status":"closed","ping_status":"open","sticky":false,"template":"","format":"standard","meta":{"_jetpack_memberships_contains_paid_content":false,"footnotes":""},"categories":[23,10],"tags":[],"class_list":["post-4909","post","type-post","status-publish","format-standard","has-post-thumbnail","hentry","category-a-la-une","category-infos-eco","wpcat-23-id","wpcat-10-id"],"yoast_head":"<!-- This site is optimized with the Yoast SEO plugin v27.1.1 - https:\/\/yoast.com\/product\/yoast-seo-wordpress\/ -->\n<title>Une bouff\u00e9e d\u2019oxyg\u00e8ne pour le S\u00e9n\u00e9gal - challenges economiques<\/title>\n<meta name=\"robots\" content=\"index, follow, max-snippet:-1, max-image-preview:large, max-video-preview:-1\" \/>\n<link rel=\"canonical\" href=\"https:\/\/challengeseconomiques.com\/?p=4909\" \/>\n<meta property=\"og:locale\" content=\"fr_FR\" \/>\n<meta property=\"og:type\" content=\"article\" \/>\n<meta property=\"og:title\" content=\"Une bouff\u00e9e d\u2019oxyg\u00e8ne pour le S\u00e9n\u00e9gal - challenges economiques\" \/>\n<meta property=\"og:description\" content=\"Le FMI approuve le d\u00e9caissement de 1,8 milliard de dollars en faveur du S\u00e9n\u00e9gal, constatant les d\u00e9s\u00e9quilibres de court terme de sa balance des paiements...\" \/>\n<meta property=\"og:url\" content=\"https:\/\/challengeseconomiques.com\/?p=4909\" \/>\n<meta property=\"og:site_name\" content=\"challenges economiques\" \/>\n<meta property=\"article:published_time\" content=\"2023-07-03T12:44:08+00:00\" \/>\n<meta property=\"article:modified_time\" content=\"2023-07-03T12:44:32+00:00\" \/>\n<meta property=\"og:image\" content=\"https:\/\/challengeseconomiques.com\/wp-content\/uploads\/2023\/07\/Sall-FMI-770x470-1.webp\" \/>\n\t<meta property=\"og:image:width\" content=\"770\" \/>\n\t<meta property=\"og:image:height\" content=\"470\" \/>\n\t<meta property=\"og:image:type\" content=\"image\/webp\" \/>\n<meta name=\"author\" content=\"admin\" \/>\n<meta name=\"twitter:card\" content=\"summary_large_image\" \/>\n<meta name=\"twitter:label1\" content=\"\u00c9crit par\" \/>\n\t<meta name=\"twitter:data1\" content=\"admin\" \/>\n\t<meta name=\"twitter:label2\" content=\"Dur\u00e9e de lecture estim\u00e9e\" \/>\n\t<meta name=\"twitter:data2\" content=\"4 minutes\" \/>\n<script type=\"application\/ld+json\" class=\"yoast-schema-graph\">{\"@context\":\"https:\/\/schema.org\",\"@graph\":[{\"@type\":\"Article\",\"@id\":\"https:\/\/challengeseconomiques.com\/?p=4909#article\",\"isPartOf\":{\"@id\":\"https:\/\/challengeseconomiques.com\/?p=4909\"},\"author\":{\"name\":\"admin\",\"@id\":\"https:\/\/challengeseconomiques.com\/#\/schema\/person\/b4568c9afebc5a9238a771873801e349\"},\"headline\":\"Une bouff\u00e9e d\u2019oxyg\u00e8ne pour le S\u00e9n\u00e9gal\",\"datePublished\":\"2023-07-03T12:44:08+00:00\",\"dateModified\":\"2023-07-03T12:44:32+00:00\",\"mainEntityOfPage\":{\"@id\":\"https:\/\/challengeseconomiques.com\/?p=4909\"},\"wordCount\":881,\"image\":{\"@id\":\"https:\/\/challengeseconomiques.com\/?p=4909#primaryimage\"},\"thumbnailUrl\":\"https:\/\/challengeseconomiques.com\/wp-content\/uploads\/2023\/07\/Sall-FMI-770x470-1.webp\",\"articleSection\":[\"A la une\",\"Infos \u00e9co\"],\"inLanguage\":\"fr-FR\"},{\"@type\":\"WebPage\",\"@id\":\"https:\/\/challengeseconomiques.com\/?p=4909\",\"url\":\"https:\/\/challengeseconomiques.com\/?p=4909\",\"name\":\"Une bouff\u00e9e d\u2019oxyg\u00e8ne pour le S\u00e9n\u00e9gal - challenges economiques\",\"isPartOf\":{\"@id\":\"https:\/\/challengeseconomiques.com\/#website\"},\"primaryImageOfPage\":{\"@id\":\"https:\/\/challengeseconomiques.com\/?p=4909#primaryimage\"},\"image\":{\"@id\":\"https:\/\/challengeseconomiques.com\/?p=4909#primaryimage\"},\"thumbnailUrl\":\"https:\/\/challengeseconomiques.com\/wp-content\/uploads\/2023\/07\/Sall-FMI-770x470-1.webp\",\"datePublished\":\"2023-07-03T12:44:08+00:00\",\"dateModified\":\"2023-07-03T12:44:32+00:00\",\"author\":{\"@id\":\"https:\/\/challengeseconomiques.com\/#\/schema\/person\/b4568c9afebc5a9238a771873801e349\"},\"breadcrumb\":{\"@id\":\"https:\/\/challengeseconomiques.com\/?p=4909#breadcrumb\"},\"inLanguage\":\"fr-FR\",\"potentialAction\":[{\"@type\":\"ReadAction\",\"target\":[\"https:\/\/challengeseconomiques.com\/?p=4909\"]}]},{\"@type\":\"ImageObject\",\"inLanguage\":\"fr-FR\",\"@id\":\"https:\/\/challengeseconomiques.com\/?p=4909#primaryimage\",\"url\":\"https:\/\/challengeseconomiques.com\/wp-content\/uploads\/2023\/07\/Sall-FMI-770x470-1.webp\",\"contentUrl\":\"https:\/\/challengeseconomiques.com\/wp-content\/uploads\/2023\/07\/Sall-FMI-770x470-1.webp\",\"width\":770,\"height\":470},{\"@type\":\"BreadcrumbList\",\"@id\":\"https:\/\/challengeseconomiques.com\/?p=4909#breadcrumb\",\"itemListElement\":[{\"@type\":\"ListItem\",\"position\":1,\"name\":\"Home\",\"item\":\"https:\/\/challengeseconomiques.com\/\"},{\"@type\":\"ListItem\",\"position\":2,\"name\":\"Une bouff\u00e9e d\u2019oxyg\u00e8ne pour le S\u00e9n\u00e9gal\"}]},{\"@type\":\"WebSite\",\"@id\":\"https:\/\/challengeseconomiques.com\/#website\",\"url\":\"https:\/\/challengeseconomiques.com\/\",\"name\":\"challenges economiques\",\"description\":\"\",\"potentialAction\":[{\"@type\":\"SearchAction\",\"target\":{\"@type\":\"EntryPoint\",\"urlTemplate\":\"https:\/\/challengeseconomiques.com\/?s={search_term_string}\"},\"query-input\":{\"@type\":\"PropertyValueSpecification\",\"valueRequired\":true,\"valueName\":\"search_term_string\"}}],\"inLanguage\":\"fr-FR\"},{\"@type\":\"Person\",\"@id\":\"https:\/\/challengeseconomiques.com\/#\/schema\/person\/b4568c9afebc5a9238a771873801e349\",\"name\":\"admin\",\"image\":{\"@type\":\"ImageObject\",\"inLanguage\":\"fr-FR\",\"@id\":\"https:\/\/challengeseconomiques.com\/#\/schema\/person\/image\/\",\"url\":\"https:\/\/secure.gravatar.com\/avatar\/099e42240b5eea11acdb72751fcce0dd918603f0749d24974b7984ea47ed9fd9?s=96&d=mm&r=g\",\"contentUrl\":\"https:\/\/secure.gravatar.com\/avatar\/099e42240b5eea11acdb72751fcce0dd918603f0749d24974b7984ea47ed9fd9?s=96&d=mm&r=g\",\"caption\":\"admin\"},\"sameAs\":[\"https:\/\/challengeseconomiques.com\"],\"url\":\"https:\/\/challengeseconomiques.com\/?author=1\"}]}<\/script>\n<!-- \/ Yoast SEO plugin. -->","yoast_head_json":{"title":"Une bouff\u00e9e d\u2019oxyg\u00e8ne pour le S\u00e9n\u00e9gal - challenges economiques","robots":{"index":"index","follow":"follow","max-snippet":"max-snippet:-1","max-image-preview":"max-image-preview:large","max-video-preview":"max-video-preview:-1"},"canonical":"https:\/\/challengeseconomiques.com\/?p=4909","og_locale":"fr_FR","og_type":"article","og_title":"Une bouff\u00e9e d\u2019oxyg\u00e8ne pour le S\u00e9n\u00e9gal - challenges economiques","og_description":"Le FMI approuve le d\u00e9caissement de 1,8 milliard de dollars en faveur du S\u00e9n\u00e9gal, constatant les d\u00e9s\u00e9quilibres de court terme de sa balance des paiements...","og_url":"https:\/\/challengeseconomiques.com\/?p=4909","og_site_name":"challenges economiques","article_published_time":"2023-07-03T12:44:08+00:00","article_modified_time":"2023-07-03T12:44:32+00:00","og_image":[{"width":770,"height":470,"url":"https:\/\/challengeseconomiques.com\/wp-content\/uploads\/2023\/07\/Sall-FMI-770x470-1.webp","type":"image\/webp"}],"author":"admin","twitter_card":"summary_large_image","twitter_misc":{"\u00c9crit par":"admin","Dur\u00e9e de lecture estim\u00e9e":"4 minutes"},"schema":{"@context":"https:\/\/schema.org","@graph":[{"@type":"Article","@id":"https:\/\/challengeseconomiques.com\/?p=4909#article","isPartOf":{"@id":"https:\/\/challengeseconomiques.com\/?p=4909"},"author":{"name":"admin","@id":"https:\/\/challengeseconomiques.com\/#\/schema\/person\/b4568c9afebc5a9238a771873801e349"},"headline":"Une bouff\u00e9e d\u2019oxyg\u00e8ne pour le S\u00e9n\u00e9gal","datePublished":"2023-07-03T12:44:08+00:00","dateModified":"2023-07-03T12:44:32+00:00","mainEntityOfPage":{"@id":"https:\/\/challengeseconomiques.com\/?p=4909"},"wordCount":881,"image":{"@id":"https:\/\/challengeseconomiques.com\/?p=4909#primaryimage"},"thumbnailUrl":"https:\/\/challengeseconomiques.com\/wp-content\/uploads\/2023\/07\/Sall-FMI-770x470-1.webp","articleSection":["A la une","Infos \u00e9co"],"inLanguage":"fr-FR"},{"@type":"WebPage","@id":"https:\/\/challengeseconomiques.com\/?p=4909","url":"https:\/\/challengeseconomiques.com\/?p=4909","name":"Une bouff\u00e9e d\u2019oxyg\u00e8ne pour le S\u00e9n\u00e9gal - challenges economiques","isPartOf":{"@id":"https:\/\/challengeseconomiques.com\/#website"},"primaryImageOfPage":{"@id":"https:\/\/challengeseconomiques.com\/?p=4909#primaryimage"},"image":{"@id":"https:\/\/challengeseconomiques.com\/?p=4909#primaryimage"},"thumbnailUrl":"https:\/\/challengeseconomiques.com\/wp-content\/uploads\/2023\/07\/Sall-FMI-770x470-1.webp","datePublished":"2023-07-03T12:44:08+00:00","dateModified":"2023-07-03T12:44:32+00:00","author":{"@id":"https:\/\/challengeseconomiques.com\/#\/schema\/person\/b4568c9afebc5a9238a771873801e349"},"breadcrumb":{"@id":"https:\/\/challengeseconomiques.com\/?p=4909#breadcrumb"},"inLanguage":"fr-FR","potentialAction":[{"@type":"ReadAction","target":["https:\/\/challengeseconomiques.com\/?p=4909"]}]},{"@type":"ImageObject","inLanguage":"fr-FR","@id":"https:\/\/challengeseconomiques.com\/?p=4909#primaryimage","url":"https:\/\/challengeseconomiques.com\/wp-content\/uploads\/2023\/07\/Sall-FMI-770x470-1.webp","contentUrl":"https:\/\/challengeseconomiques.com\/wp-content\/uploads\/2023\/07\/Sall-FMI-770x470-1.webp","width":770,"height":470},{"@type":"BreadcrumbList","@id":"https:\/\/challengeseconomiques.com\/?p=4909#breadcrumb","itemListElement":[{"@type":"ListItem","position":1,"name":"Home","item":"https:\/\/challengeseconomiques.com\/"},{"@type":"ListItem","position":2,"name":"Une bouff\u00e9e d\u2019oxyg\u00e8ne pour le S\u00e9n\u00e9gal"}]},{"@type":"WebSite","@id":"https:\/\/challengeseconomiques.com\/#website","url":"https:\/\/challengeseconomiques.com\/","name":"challenges economiques","description":"","potentialAction":[{"@type":"SearchAction","target":{"@type":"EntryPoint","urlTemplate":"https:\/\/challengeseconomiques.com\/?s={search_term_string}"},"query-input":{"@type":"PropertyValueSpecification","valueRequired":true,"valueName":"search_term_string"}}],"inLanguage":"fr-FR"},{"@type":"Person","@id":"https:\/\/challengeseconomiques.com\/#\/schema\/person\/b4568c9afebc5a9238a771873801e349","name":"admin","image":{"@type":"ImageObject","inLanguage":"fr-FR","@id":"https:\/\/challengeseconomiques.com\/#\/schema\/person\/image\/","url":"https:\/\/secure.gravatar.com\/avatar\/099e42240b5eea11acdb72751fcce0dd918603f0749d24974b7984ea47ed9fd9?s=96&d=mm&r=g","contentUrl":"https:\/\/secure.gravatar.com\/avatar\/099e42240b5eea11acdb72751fcce0dd918603f0749d24974b7984ea47ed9fd9?s=96&d=mm&r=g","caption":"admin"},"sameAs":["https:\/\/challengeseconomiques.com"],"url":"https:\/\/challengeseconomiques.com\/?author=1"}]}},"jetpack_featured_media_url":"https:\/\/challengeseconomiques.com\/wp-content\/uploads\/2023\/07\/Sall-FMI-770x470-1.webp","jetpack_sharing_enabled":true,"_links":{"self":[{"href":"https:\/\/challengeseconomiques.com\/index.php?rest_route=\/wp\/v2\/posts\/4909","targetHints":{"allow":["GET"]}}],"collection":[{"href":"https:\/\/challengeseconomiques.com\/index.php?rest_route=\/wp\/v2\/posts"}],"about":[{"href":"https:\/\/challengeseconomiques.com\/index.php?rest_route=\/wp\/v2\/types\/post"}],"author":[{"embeddable":true,"href":"https:\/\/challengeseconomiques.com\/index.php?rest_route=\/wp\/v2\/users\/1"}],"replies":[{"embeddable":true,"href":"https:\/\/challengeseconomiques.com\/index.php?rest_route=%2Fwp%2Fv2%2Fcomments&post=4909"}],"version-history":[{"count":2,"href":"https:\/\/challengeseconomiques.com\/index.php?rest_route=\/wp\/v2\/posts\/4909\/revisions"}],"predecessor-version":[{"id":4912,"href":"https:\/\/challengeseconomiques.com\/index.php?rest_route=\/wp\/v2\/posts\/4909\/revisions\/4912"}],"wp:featuredmedia":[{"embeddable":true,"href":"https:\/\/challengeseconomiques.com\/index.php?rest_route=\/wp\/v2\/media\/4910"}],"wp:attachment":[{"href":"https:\/\/challengeseconomiques.com\/index.php?rest_route=%2Fwp%2Fv2%2Fmedia&parent=4909"}],"wp:term":[{"taxonomy":"category","embeddable":true,"href":"https:\/\/challengeseconomiques.com\/index.php?rest_route=%2Fwp%2Fv2%2Fcategories&post=4909"},{"taxonomy":"post_tag","embeddable":true,"href":"https:\/\/challengeseconomiques.com\/index.php?rest_route=%2Fwp%2Fv2%2Ftags&post=4909"}],"curies":[{"name":"wp","href":"https:\/\/api.w.org\/{rel}","templated":true}]}}