{"id":4896,"date":"2023-06-26T16:18:49","date_gmt":"2023-06-26T16:18:49","guid":{"rendered":"https:\/\/challengeseconomiques.com\/?p=4896"},"modified":"2023-06-26T16:21:58","modified_gmt":"2023-06-26T16:21:58","slug":"heurts-politico-sociaux-de-juin-2023-le-president-abdoulaye-sow-appelle-a-lapaisement","status":"publish","type":"post","link":"https:\/\/challengeseconomiques.com\/?p=4896","title":{"rendered":"Heurts politico-sociaux de juin 2023 : Le pr\u00e9sident Abdoulaye Sow appelle \u00e0 l\u2019apaisement"},"content":{"rendered":"<p><strong>Les manifestations survenues au d\u00e9but du mois de juin 2023 au S\u00e9n\u00e9gal ont eu de graves r\u00e9percussions tant sur le plan humain que mat\u00e9riel. En effet, plusieurs personnes ont perdu la vie et des biens publics et priv\u00e9s ont \u00e9t\u00e9 d\u00e9truits. Regrettant cette situation, la Chambre de Commerce, d\u2019Industrie et d\u2019Agriculture de Dakar (CCIAD) a tenu une r\u00e9union \u00e9largie aux pr\u00e9sidents des commissions de l\u2019Institution Consulaire afin de discuter de la situation actuelle dans le pays et d\u2019appeler \u00e0 l\u2019apaisement.<\/strong><\/p>\n<p>Le pr\u00e9sident de la CCIAD exprime d\u00e8s le d\u00e9part ses regrets quant aux incidents survenus lors des r\u00e9centes manifestations des 1er et 2 juin 2023, qui ont laiss\u00e9 des cicatrices douloureuses sur toute la nation s\u00e9n\u00e9galaise. Abdoulaye Sow souligne que le bureau, les \u00e9lus et les pr\u00e9sidents des commissions regrettent profond\u00e9ment les pertes en vies humaines et pr\u00e9sentent leurs condol\u00e9ances aux familles endeuill\u00e9es.<\/p>\n<p><strong>De lourdes pertes<\/strong><\/p>\n<p>Au nom du secteur priv\u00e9 repr\u00e9sent\u00e9 par la CCIAD, Abdoulaye Sow affirme que celui-ci a subi de lourdes pertes. Par exemple, dans le secteur des transports, les pertes sont estim\u00e9es \u00e0 1 869 900 000 FCFA en seulement 72 heures, selon les statistiques fournies par la F\u00e9d\u00e9ration Nationale des Transporteurs du S\u00e9n\u00e9gal (FNTS), dirig\u00e9e par le vice-pr\u00e9sident Mbargou Badiane. Ces pertes concernent le transport de marchandises en conteneur, le transport de marchandises en vrac, les camions-bennes, le transport urbain, le transport interurbain, les taxis et les v\u00e9hicules 7 places, rapporte Abdoulaye Sow.<br \/>\nIl souligne \u00e9galement que dans le secteur du commerce, l\u2019Association des Commer\u00e7ants et Industriels du S\u00e9n\u00e9gal (ACIS) d\u00e9plore les tensions politiques qui \u00ab&nbsp;annihilent tous les efforts consentis par des investisseurs nationaux d\u00e9sireux de contribuer au d\u00e9veloppement&nbsp;\u00bb. M. Sow rappelle \u00e9galement que le Conseil National du Patronat (CNP) a d\u00e9j\u00e0 tir\u00e9 la sonnette d\u2019alarme en signalant que des entreprises du secteur bancaire, du p\u00e9trole et du gaz, de la grande distribution, des t\u00e9l\u00e9communications et du num\u00e9rique ont \u00e9t\u00e9 incendi\u00e9es, pill\u00e9es et vandalis\u00e9es.<\/p>\n<p><strong>Plus jamais \u00e7a<\/strong><\/p>\n<p>Selon le pr\u00e9sident Abdoulaye Sow, la situation d\u00e9coulant des manifestations du d\u00e9but du mois de juin 2023 contraste fortement avec la r\u00e9putation du S\u00e9n\u00e9gal en tant que pays de dialogue, de cousinage \u00e0 plaisanterie, o\u00f9 les croyants vivent en parfaite harmonie. Le bureau de la CCIAD consid\u00e8re donc qu\u2019il est urgent que ce climat de violence, de tension politique et d\u2019invectives cesse, souligne M. Sow.<br \/>\nUn climat d\u2019apaisement permettrait, selon lui, de profiter pleinement des retomb\u00e9es de l\u2019exploitation du gaz et du p\u00e9trole d\u00e9couverts au S\u00e9n\u00e9gal, dont la commercialisation sur le march\u00e9 international est pr\u00e9vue pour le dernier trimestre de cette ann\u00e9e. \u00ab&nbsp;Le S\u00e9n\u00e9gal doit rester un \u00eelot de paix, de dialogue et de consensus qui accueille toutes les nations du monde partageant notre id\u00e9al de pays de la T\u00e9ranga&nbsp;\u00bb, conclut Abdoulaye Sow.<\/p>\n<p><strong>(Source: BIE)<\/strong><\/p>\n","protected":false},"excerpt":{"rendered":"<p>Les manifestations survenues au d\u00e9but du mois de juin 2023 au S\u00e9n\u00e9gal ont eu de graves r\u00e9percussions tant sur le plan humain que mat\u00e9riel. En&#8230;<\/p>\n","protected":false},"author":1,"featured_media":4747,"comment_status":"closed","ping_status":"open","sticky":false,"template":"","format":"standard","meta":{"_jetpack_memberships_contains_paid_content":false,"footnotes":""},"categories":[23,10],"tags":[],"class_list":["post-4896","post","type-post","status-publish","format-standard","has-post-thumbnail","hentry","category-a-la-une","category-infos-eco","wpcat-23-id","wpcat-10-id"],"yoast_head":"<!-- This site is optimized with the Yoast SEO plugin v27.1.1 - https:\/\/yoast.com\/product\/yoast-seo-wordpress\/ -->\n<title>Heurts politico-sociaux de juin 2023 : Le pr\u00e9sident Abdoulaye Sow appelle \u00e0 l\u2019apaisement - challenges economiques<\/title>\n<meta name=\"robots\" content=\"index, follow, max-snippet:-1, max-image-preview:large, max-video-preview:-1\" \/>\n<link rel=\"canonical\" href=\"https:\/\/challengeseconomiques.com\/?p=4896\" \/>\n<meta property=\"og:locale\" content=\"fr_FR\" \/>\n<meta property=\"og:type\" content=\"article\" \/>\n<meta property=\"og:title\" content=\"Heurts politico-sociaux de juin 2023 : Le pr\u00e9sident Abdoulaye Sow appelle \u00e0 l\u2019apaisement - challenges economiques\" \/>\n<meta property=\"og:description\" content=\"Les manifestations survenues au d\u00e9but du mois de juin 2023 au S\u00e9n\u00e9gal ont eu de graves r\u00e9percussions tant sur le plan humain que mat\u00e9riel. En...\" \/>\n<meta property=\"og:url\" content=\"https:\/\/challengeseconomiques.com\/?p=4896\" \/>\n<meta property=\"og:site_name\" content=\"challenges economiques\" \/>\n<meta property=\"article:published_time\" content=\"2023-06-26T16:18:49+00:00\" \/>\n<meta property=\"article:modified_time\" content=\"2023-06-26T16:21:58+00:00\" \/>\n<meta property=\"og:image\" content=\"https:\/\/challengeseconomiques.com\/wp-content\/uploads\/2023\/05\/Abdoulaye-Sow-CCIAD-1080x900-1.png\" \/>\n\t<meta property=\"og:image:width\" content=\"1080\" \/>\n\t<meta property=\"og:image:height\" content=\"900\" \/>\n\t<meta property=\"og:image:type\" content=\"image\/png\" \/>\n<meta name=\"author\" content=\"admin\" \/>\n<meta name=\"twitter:card\" content=\"summary_large_image\" \/>\n<meta name=\"twitter:label1\" content=\"\u00c9crit par\" \/>\n\t<meta name=\"twitter:data1\" content=\"admin\" \/>\n\t<meta name=\"twitter:label2\" content=\"Dur\u00e9e de lecture estim\u00e9e\" \/>\n\t<meta name=\"twitter:data2\" content=\"3 minutes\" \/>\n<script type=\"application\/ld+json\" class=\"yoast-schema-graph\">{\"@context\":\"https:\/\/schema.org\",\"@graph\":[{\"@type\":\"Article\",\"@id\":\"https:\/\/challengeseconomiques.com\/?p=4896#article\",\"isPartOf\":{\"@id\":\"https:\/\/challengeseconomiques.com\/?p=4896\"},\"author\":{\"name\":\"admin\",\"@id\":\"https:\/\/challengeseconomiques.com\/#\/schema\/person\/b4568c9afebc5a9238a771873801e349\"},\"headline\":\"Heurts politico-sociaux de juin 2023 : Le pr\u00e9sident Abdoulaye Sow appelle \u00e0 l\u2019apaisement\",\"datePublished\":\"2023-06-26T16:18:49+00:00\",\"dateModified\":\"2023-06-26T16:21:58+00:00\",\"mainEntityOfPage\":{\"@id\":\"https:\/\/challengeseconomiques.com\/?p=4896\"},\"wordCount\":532,\"image\":{\"@id\":\"https:\/\/challengeseconomiques.com\/?p=4896#primaryimage\"},\"thumbnailUrl\":\"https:\/\/challengeseconomiques.com\/wp-content\/uploads\/2023\/05\/Abdoulaye-Sow-CCIAD-1080x900-1.png\",\"articleSection\":[\"A la une\",\"Infos \u00e9co\"],\"inLanguage\":\"fr-FR\"},{\"@type\":\"WebPage\",\"@id\":\"https:\/\/challengeseconomiques.com\/?p=4896\",\"url\":\"https:\/\/challengeseconomiques.com\/?p=4896\",\"name\":\"Heurts politico-sociaux de juin 2023 : Le pr\u00e9sident Abdoulaye Sow appelle \u00e0 l\u2019apaisement - challenges economiques\",\"isPartOf\":{\"@id\":\"https:\/\/challengeseconomiques.com\/#website\"},\"primaryImageOfPage\":{\"@id\":\"https:\/\/challengeseconomiques.com\/?p=4896#primaryimage\"},\"image\":{\"@id\":\"https:\/\/challengeseconomiques.com\/?p=4896#primaryimage\"},\"thumbnailUrl\":\"https:\/\/challengeseconomiques.com\/wp-content\/uploads\/2023\/05\/Abdoulaye-Sow-CCIAD-1080x900-1.png\",\"datePublished\":\"2023-06-26T16:18:49+00:00\",\"dateModified\":\"2023-06-26T16:21:58+00:00\",\"author\":{\"@id\":\"https:\/\/challengeseconomiques.com\/#\/schema\/person\/b4568c9afebc5a9238a771873801e349\"},\"breadcrumb\":{\"@id\":\"https:\/\/challengeseconomiques.com\/?p=4896#breadcrumb\"},\"inLanguage\":\"fr-FR\",\"potentialAction\":[{\"@type\":\"ReadAction\",\"target\":[\"https:\/\/challengeseconomiques.com\/?p=4896\"]}]},{\"@type\":\"ImageObject\",\"inLanguage\":\"fr-FR\",\"@id\":\"https:\/\/challengeseconomiques.com\/?p=4896#primaryimage\",\"url\":\"https:\/\/challengeseconomiques.com\/wp-content\/uploads\/2023\/05\/Abdoulaye-Sow-CCIAD-1080x900-1.png\",\"contentUrl\":\"https:\/\/challengeseconomiques.com\/wp-content\/uploads\/2023\/05\/Abdoulaye-Sow-CCIAD-1080x900-1.png\",\"width\":1080,\"height\":900},{\"@type\":\"BreadcrumbList\",\"@id\":\"https:\/\/challengeseconomiques.com\/?p=4896#breadcrumb\",\"itemListElement\":[{\"@type\":\"ListItem\",\"position\":1,\"name\":\"Home\",\"item\":\"https:\/\/challengeseconomiques.com\/\"},{\"@type\":\"ListItem\",\"position\":2,\"name\":\"Heurts politico-sociaux de juin 2023 : Le pr\u00e9sident Abdoulaye Sow appelle \u00e0 l\u2019apaisement\"}]},{\"@type\":\"WebSite\",\"@id\":\"https:\/\/challengeseconomiques.com\/#website\",\"url\":\"https:\/\/challengeseconomiques.com\/\",\"name\":\"challenges economiques\",\"description\":\"\",\"potentialAction\":[{\"@type\":\"SearchAction\",\"target\":{\"@type\":\"EntryPoint\",\"urlTemplate\":\"https:\/\/challengeseconomiques.com\/?s={search_term_string}\"},\"query-input\":{\"@type\":\"PropertyValueSpecification\",\"valueRequired\":true,\"valueName\":\"search_term_string\"}}],\"inLanguage\":\"fr-FR\"},{\"@type\":\"Person\",\"@id\":\"https:\/\/challengeseconomiques.com\/#\/schema\/person\/b4568c9afebc5a9238a771873801e349\",\"name\":\"admin\",\"image\":{\"@type\":\"ImageObject\",\"inLanguage\":\"fr-FR\",\"@id\":\"https:\/\/challengeseconomiques.com\/#\/schema\/person\/image\/\",\"url\":\"https:\/\/secure.gravatar.com\/avatar\/099e42240b5eea11acdb72751fcce0dd918603f0749d24974b7984ea47ed9fd9?s=96&d=mm&r=g\",\"contentUrl\":\"https:\/\/secure.gravatar.com\/avatar\/099e42240b5eea11acdb72751fcce0dd918603f0749d24974b7984ea47ed9fd9?s=96&d=mm&r=g\",\"caption\":\"admin\"},\"sameAs\":[\"https:\/\/challengeseconomiques.com\"],\"url\":\"https:\/\/challengeseconomiques.com\/?author=1\"}]}<\/script>\n<!-- \/ Yoast SEO plugin. -->","yoast_head_json":{"title":"Heurts politico-sociaux de juin 2023 : Le pr\u00e9sident Abdoulaye Sow appelle \u00e0 l\u2019apaisement - challenges economiques","robots":{"index":"index","follow":"follow","max-snippet":"max-snippet:-1","max-image-preview":"max-image-preview:large","max-video-preview":"max-video-preview:-1"},"canonical":"https:\/\/challengeseconomiques.com\/?p=4896","og_locale":"fr_FR","og_type":"article","og_title":"Heurts politico-sociaux de juin 2023 : Le pr\u00e9sident Abdoulaye Sow appelle \u00e0 l\u2019apaisement - challenges economiques","og_description":"Les manifestations survenues au d\u00e9but du mois de juin 2023 au S\u00e9n\u00e9gal ont eu de graves r\u00e9percussions tant sur le plan humain que mat\u00e9riel. En...","og_url":"https:\/\/challengeseconomiques.com\/?p=4896","og_site_name":"challenges economiques","article_published_time":"2023-06-26T16:18:49+00:00","article_modified_time":"2023-06-26T16:21:58+00:00","og_image":[{"width":1080,"height":900,"url":"https:\/\/challengeseconomiques.com\/wp-content\/uploads\/2023\/05\/Abdoulaye-Sow-CCIAD-1080x900-1.png","type":"image\/png"}],"author":"admin","twitter_card":"summary_large_image","twitter_misc":{"\u00c9crit par":"admin","Dur\u00e9e de lecture estim\u00e9e":"3 minutes"},"schema":{"@context":"https:\/\/schema.org","@graph":[{"@type":"Article","@id":"https:\/\/challengeseconomiques.com\/?p=4896#article","isPartOf":{"@id":"https:\/\/challengeseconomiques.com\/?p=4896"},"author":{"name":"admin","@id":"https:\/\/challengeseconomiques.com\/#\/schema\/person\/b4568c9afebc5a9238a771873801e349"},"headline":"Heurts politico-sociaux de juin 2023 : Le pr\u00e9sident Abdoulaye Sow appelle \u00e0 l\u2019apaisement","datePublished":"2023-06-26T16:18:49+00:00","dateModified":"2023-06-26T16:21:58+00:00","mainEntityOfPage":{"@id":"https:\/\/challengeseconomiques.com\/?p=4896"},"wordCount":532,"image":{"@id":"https:\/\/challengeseconomiques.com\/?p=4896#primaryimage"},"thumbnailUrl":"https:\/\/challengeseconomiques.com\/wp-content\/uploads\/2023\/05\/Abdoulaye-Sow-CCIAD-1080x900-1.png","articleSection":["A la une","Infos \u00e9co"],"inLanguage":"fr-FR"},{"@type":"WebPage","@id":"https:\/\/challengeseconomiques.com\/?p=4896","url":"https:\/\/challengeseconomiques.com\/?p=4896","name":"Heurts politico-sociaux de juin 2023 : Le pr\u00e9sident Abdoulaye Sow appelle \u00e0 l\u2019apaisement - challenges economiques","isPartOf":{"@id":"https:\/\/challengeseconomiques.com\/#website"},"primaryImageOfPage":{"@id":"https:\/\/challengeseconomiques.com\/?p=4896#primaryimage"},"image":{"@id":"https:\/\/challengeseconomiques.com\/?p=4896#primaryimage"},"thumbnailUrl":"https:\/\/challengeseconomiques.com\/wp-content\/uploads\/2023\/05\/Abdoulaye-Sow-CCIAD-1080x900-1.png","datePublished":"2023-06-26T16:18:49+00:00","dateModified":"2023-06-26T16:21:58+00:00","author":{"@id":"https:\/\/challengeseconomiques.com\/#\/schema\/person\/b4568c9afebc5a9238a771873801e349"},"breadcrumb":{"@id":"https:\/\/challengeseconomiques.com\/?p=4896#breadcrumb"},"inLanguage":"fr-FR","potentialAction":[{"@type":"ReadAction","target":["https:\/\/challengeseconomiques.com\/?p=4896"]}]},{"@type":"ImageObject","inLanguage":"fr-FR","@id":"https:\/\/challengeseconomiques.com\/?p=4896#primaryimage","url":"https:\/\/challengeseconomiques.com\/wp-content\/uploads\/2023\/05\/Abdoulaye-Sow-CCIAD-1080x900-1.png","contentUrl":"https:\/\/challengeseconomiques.com\/wp-content\/uploads\/2023\/05\/Abdoulaye-Sow-CCIAD-1080x900-1.png","width":1080,"height":900},{"@type":"BreadcrumbList","@id":"https:\/\/challengeseconomiques.com\/?p=4896#breadcrumb","itemListElement":[{"@type":"ListItem","position":1,"name":"Home","item":"https:\/\/challengeseconomiques.com\/"},{"@type":"ListItem","position":2,"name":"Heurts politico-sociaux de juin 2023 : Le pr\u00e9sident Abdoulaye Sow appelle \u00e0 l\u2019apaisement"}]},{"@type":"WebSite","@id":"https:\/\/challengeseconomiques.com\/#website","url":"https:\/\/challengeseconomiques.com\/","name":"challenges economiques","description":"","potentialAction":[{"@type":"SearchAction","target":{"@type":"EntryPoint","urlTemplate":"https:\/\/challengeseconomiques.com\/?s={search_term_string}"},"query-input":{"@type":"PropertyValueSpecification","valueRequired":true,"valueName":"search_term_string"}}],"inLanguage":"fr-FR"},{"@type":"Person","@id":"https:\/\/challengeseconomiques.com\/#\/schema\/person\/b4568c9afebc5a9238a771873801e349","name":"admin","image":{"@type":"ImageObject","inLanguage":"fr-FR","@id":"https:\/\/challengeseconomiques.com\/#\/schema\/person\/image\/","url":"https:\/\/secure.gravatar.com\/avatar\/099e42240b5eea11acdb72751fcce0dd918603f0749d24974b7984ea47ed9fd9?s=96&d=mm&r=g","contentUrl":"https:\/\/secure.gravatar.com\/avatar\/099e42240b5eea11acdb72751fcce0dd918603f0749d24974b7984ea47ed9fd9?s=96&d=mm&r=g","caption":"admin"},"sameAs":["https:\/\/challengeseconomiques.com"],"url":"https:\/\/challengeseconomiques.com\/?author=1"}]}},"jetpack_featured_media_url":"https:\/\/challengeseconomiques.com\/wp-content\/uploads\/2023\/05\/Abdoulaye-Sow-CCIAD-1080x900-1.png","jetpack_sharing_enabled":true,"_links":{"self":[{"href":"https:\/\/challengeseconomiques.com\/index.php?rest_route=\/wp\/v2\/posts\/4896","targetHints":{"allow":["GET"]}}],"collection":[{"href":"https:\/\/challengeseconomiques.com\/index.php?rest_route=\/wp\/v2\/posts"}],"about":[{"href":"https:\/\/challengeseconomiques.com\/index.php?rest_route=\/wp\/v2\/types\/post"}],"author":[{"embeddable":true,"href":"https:\/\/challengeseconomiques.com\/index.php?rest_route=\/wp\/v2\/users\/1"}],"replies":[{"embeddable":true,"href":"https:\/\/challengeseconomiques.com\/index.php?rest_route=%2Fwp%2Fv2%2Fcomments&post=4896"}],"version-history":[{"count":2,"href":"https:\/\/challengeseconomiques.com\/index.php?rest_route=\/wp\/v2\/posts\/4896\/revisions"}],"predecessor-version":[{"id":4899,"href":"https:\/\/challengeseconomiques.com\/index.php?rest_route=\/wp\/v2\/posts\/4896\/revisions\/4899"}],"wp:featuredmedia":[{"embeddable":true,"href":"https:\/\/challengeseconomiques.com\/index.php?rest_route=\/wp\/v2\/media\/4747"}],"wp:attachment":[{"href":"https:\/\/challengeseconomiques.com\/index.php?rest_route=%2Fwp%2Fv2%2Fmedia&parent=4896"}],"wp:term":[{"taxonomy":"category","embeddable":true,"href":"https:\/\/challengeseconomiques.com\/index.php?rest_route=%2Fwp%2Fv2%2Fcategories&post=4896"},{"taxonomy":"post_tag","embeddable":true,"href":"https:\/\/challengeseconomiques.com\/index.php?rest_route=%2Fwp%2Fv2%2Ftags&post=4896"}],"curies":[{"name":"wp","href":"https:\/\/api.w.org\/{rel}","templated":true}]}}