{"id":4892,"date":"2023-06-26T16:13:22","date_gmt":"2023-06-26T16:13:22","guid":{"rendered":"https:\/\/challengeseconomiques.com\/?p=4892"},"modified":"2023-06-26T16:20:09","modified_gmt":"2023-06-26T16:20:09","slug":"evenements-du-mois-de-juin-lappel-au-calme-de-la-cciad","status":"publish","type":"post","link":"https:\/\/challengeseconomiques.com\/?p=4892","title":{"rendered":"\u00c9v\u00e8nements du mois de juin : L\u2019appel au calme de la CCIAD"},"content":{"rendered":"<p><strong><em>L<\/em>e Bureau de la CCIAD a livr\u00e9 une r\u00e9solution relative aux impacts \u00e9conomiques des \u00e9v\u00e9nements de juin 2023, le lundi 26 juin 2023. C\u2019est \u00e0 l\u2019occasion d\u2019une D\u00e9claration tenue dans le Hall Mamadou Lamine Niang de la Chambre Consulaire. Les membres du bureau ont apport\u00e9 leur soutien aux personnes impact\u00e9es. Ils ont \u00e9galement lanc\u00e9 un appel au calme \u00e0 l\u2019endroit des acteurs politiques. La r\u00e9solution a \u00e9t\u00e9 lue par le vice-pr\u00e9sident de la CCIAD, Dr Daouda Thiam. <\/strong><\/p>\n<p>Tout d\u2019abord le Bureau regrette les pertes en vies humaines et pr\u00e9sente ses sinc\u00e8res condol\u00e9ances aux familles \u00e9plor\u00e9es.<br \/>\nEn outre, il condamne les actes de pillage et d\u2019agression not\u00e9s durant les manifestations de d\u00e9but juin. Ces agissements \u00ab\u00a0annihilent\u00a0\u00bb tous les efforts consentis par des investisseurs nationaux et internationaux acteurs incontournables du d\u00e9veloppement \u00e9conomique de notre pays.<br \/>\nPar ailleurs, le Bureau invite toutes les parties prenantes du jeu politique \u00e0 un d\u00e9bat \u00ab\u00a0serein et fructueux\u00a0\u00bb.<\/p>\n<p><strong>(Source:BIE)<\/strong><\/p>\n","protected":false},"excerpt":{"rendered":"<p>Le Bureau de la CCIAD a livr\u00e9 une r\u00e9solution relative aux impacts \u00e9conomiques des \u00e9v\u00e9nements de juin 2023, le lundi 26 juin 2023. C\u2019est \u00e0&#8230;<\/p>\n","protected":false},"author":1,"featured_media":4893,"comment_status":"closed","ping_status":"open","sticky":false,"template":"","format":"standard","meta":{"_jetpack_memberships_contains_paid_content":false,"footnotes":""},"categories":[23,10],"tags":[],"class_list":["post-4892","post","type-post","status-publish","format-standard","has-post-thumbnail","hentry","category-a-la-une","category-infos-eco","wpcat-23-id","wpcat-10-id"],"yoast_head":"<!-- This site is optimized with the Yoast SEO plugin v27.1.1 - https:\/\/yoast.com\/product\/yoast-seo-wordpress\/ -->\n<title>\u00c9v\u00e8nements du mois de juin : L\u2019appel au calme de la CCIAD - challenges economiques<\/title>\n<meta name=\"robots\" content=\"index, follow, max-snippet:-1, max-image-preview:large, max-video-preview:-1\" \/>\n<link rel=\"canonical\" href=\"https:\/\/challengeseconomiques.com\/?p=4892\" \/>\n<meta property=\"og:locale\" content=\"fr_FR\" \/>\n<meta property=\"og:type\" content=\"article\" \/>\n<meta property=\"og:title\" content=\"\u00c9v\u00e8nements du mois de juin : L\u2019appel au calme de la CCIAD - challenges economiques\" \/>\n<meta property=\"og:description\" content=\"Le Bureau de la CCIAD a livr\u00e9 une r\u00e9solution relative aux impacts \u00e9conomiques des \u00e9v\u00e9nements de juin 2023, le lundi 26 juin 2023. C\u2019est \u00e0...\" \/>\n<meta property=\"og:url\" content=\"https:\/\/challengeseconomiques.com\/?p=4892\" \/>\n<meta property=\"og:site_name\" content=\"challenges economiques\" \/>\n<meta property=\"article:published_time\" content=\"2023-06-26T16:13:22+00:00\" \/>\n<meta property=\"article:modified_time\" content=\"2023-06-26T16:20:09+00:00\" \/>\n<meta property=\"og:image\" content=\"https:\/\/challengeseconomiques.com\/wp-content\/uploads\/2023\/06\/Point_Presse_CCIAD_9-1536x1017-1.jpeg\" \/>\n\t<meta property=\"og:image:width\" content=\"1536\" \/>\n\t<meta property=\"og:image:height\" content=\"1017\" \/>\n\t<meta property=\"og:image:type\" content=\"image\/jpeg\" \/>\n<meta name=\"author\" content=\"admin\" \/>\n<meta name=\"twitter:card\" content=\"summary_large_image\" \/>\n<meta name=\"twitter:label1\" content=\"\u00c9crit par\" \/>\n\t<meta name=\"twitter:data1\" content=\"admin\" \/>\n\t<meta name=\"twitter:label2\" content=\"Dur\u00e9e de lecture estim\u00e9e\" \/>\n\t<meta name=\"twitter:data2\" content=\"1 minute\" \/>\n<script type=\"application\/ld+json\" class=\"yoast-schema-graph\">{\"@context\":\"https:\/\/schema.org\",\"@graph\":[{\"@type\":\"Article\",\"@id\":\"https:\/\/challengeseconomiques.com\/?p=4892#article\",\"isPartOf\":{\"@id\":\"https:\/\/challengeseconomiques.com\/?p=4892\"},\"author\":{\"name\":\"admin\",\"@id\":\"https:\/\/challengeseconomiques.com\/#\/schema\/person\/b4568c9afebc5a9238a771873801e349\"},\"headline\":\"\u00c9v\u00e8nements du mois de juin : L\u2019appel au calme de la CCIAD\",\"datePublished\":\"2023-06-26T16:13:22+00:00\",\"dateModified\":\"2023-06-26T16:20:09+00:00\",\"mainEntityOfPage\":{\"@id\":\"https:\/\/challengeseconomiques.com\/?p=4892\"},\"wordCount\":180,\"image\":{\"@id\":\"https:\/\/challengeseconomiques.com\/?p=4892#primaryimage\"},\"thumbnailUrl\":\"https:\/\/challengeseconomiques.com\/wp-content\/uploads\/2023\/06\/Point_Presse_CCIAD_9-1536x1017-1.jpeg\",\"articleSection\":[\"A la une\",\"Infos \u00e9co\"],\"inLanguage\":\"fr-FR\"},{\"@type\":\"WebPage\",\"@id\":\"https:\/\/challengeseconomiques.com\/?p=4892\",\"url\":\"https:\/\/challengeseconomiques.com\/?p=4892\",\"name\":\"\u00c9v\u00e8nements du mois de juin : L\u2019appel au calme de la CCIAD - challenges economiques\",\"isPartOf\":{\"@id\":\"https:\/\/challengeseconomiques.com\/#website\"},\"primaryImageOfPage\":{\"@id\":\"https:\/\/challengeseconomiques.com\/?p=4892#primaryimage\"},\"image\":{\"@id\":\"https:\/\/challengeseconomiques.com\/?p=4892#primaryimage\"},\"thumbnailUrl\":\"https:\/\/challengeseconomiques.com\/wp-content\/uploads\/2023\/06\/Point_Presse_CCIAD_9-1536x1017-1.jpeg\",\"datePublished\":\"2023-06-26T16:13:22+00:00\",\"dateModified\":\"2023-06-26T16:20:09+00:00\",\"author\":{\"@id\":\"https:\/\/challengeseconomiques.com\/#\/schema\/person\/b4568c9afebc5a9238a771873801e349\"},\"breadcrumb\":{\"@id\":\"https:\/\/challengeseconomiques.com\/?p=4892#breadcrumb\"},\"inLanguage\":\"fr-FR\",\"potentialAction\":[{\"@type\":\"ReadAction\",\"target\":[\"https:\/\/challengeseconomiques.com\/?p=4892\"]}]},{\"@type\":\"ImageObject\",\"inLanguage\":\"fr-FR\",\"@id\":\"https:\/\/challengeseconomiques.com\/?p=4892#primaryimage\",\"url\":\"https:\/\/challengeseconomiques.com\/wp-content\/uploads\/2023\/06\/Point_Presse_CCIAD_9-1536x1017-1.jpeg\",\"contentUrl\":\"https:\/\/challengeseconomiques.com\/wp-content\/uploads\/2023\/06\/Point_Presse_CCIAD_9-1536x1017-1.jpeg\",\"width\":1536,\"height\":1017},{\"@type\":\"BreadcrumbList\",\"@id\":\"https:\/\/challengeseconomiques.com\/?p=4892#breadcrumb\",\"itemListElement\":[{\"@type\":\"ListItem\",\"position\":1,\"name\":\"Home\",\"item\":\"https:\/\/challengeseconomiques.com\/\"},{\"@type\":\"ListItem\",\"position\":2,\"name\":\"\u00c9v\u00e8nements du mois de juin : L\u2019appel au calme de la CCIAD\"}]},{\"@type\":\"WebSite\",\"@id\":\"https:\/\/challengeseconomiques.com\/#website\",\"url\":\"https:\/\/challengeseconomiques.com\/\",\"name\":\"challenges economiques\",\"description\":\"\",\"potentialAction\":[{\"@type\":\"SearchAction\",\"target\":{\"@type\":\"EntryPoint\",\"urlTemplate\":\"https:\/\/challengeseconomiques.com\/?s={search_term_string}\"},\"query-input\":{\"@type\":\"PropertyValueSpecification\",\"valueRequired\":true,\"valueName\":\"search_term_string\"}}],\"inLanguage\":\"fr-FR\"},{\"@type\":\"Person\",\"@id\":\"https:\/\/challengeseconomiques.com\/#\/schema\/person\/b4568c9afebc5a9238a771873801e349\",\"name\":\"admin\",\"image\":{\"@type\":\"ImageObject\",\"inLanguage\":\"fr-FR\",\"@id\":\"https:\/\/challengeseconomiques.com\/#\/schema\/person\/image\/\",\"url\":\"https:\/\/secure.gravatar.com\/avatar\/099e42240b5eea11acdb72751fcce0dd918603f0749d24974b7984ea47ed9fd9?s=96&d=mm&r=g\",\"contentUrl\":\"https:\/\/secure.gravatar.com\/avatar\/099e42240b5eea11acdb72751fcce0dd918603f0749d24974b7984ea47ed9fd9?s=96&d=mm&r=g\",\"caption\":\"admin\"},\"sameAs\":[\"https:\/\/challengeseconomiques.com\"],\"url\":\"https:\/\/challengeseconomiques.com\/?author=1\"}]}<\/script>\n<!-- \/ Yoast SEO plugin. -->","yoast_head_json":{"title":"\u00c9v\u00e8nements du mois de juin : L\u2019appel au calme de la CCIAD - challenges economiques","robots":{"index":"index","follow":"follow","max-snippet":"max-snippet:-1","max-image-preview":"max-image-preview:large","max-video-preview":"max-video-preview:-1"},"canonical":"https:\/\/challengeseconomiques.com\/?p=4892","og_locale":"fr_FR","og_type":"article","og_title":"\u00c9v\u00e8nements du mois de juin : L\u2019appel au calme de la CCIAD - challenges economiques","og_description":"Le Bureau de la CCIAD a livr\u00e9 une r\u00e9solution relative aux impacts \u00e9conomiques des \u00e9v\u00e9nements de juin 2023, le lundi 26 juin 2023. C\u2019est \u00e0...","og_url":"https:\/\/challengeseconomiques.com\/?p=4892","og_site_name":"challenges economiques","article_published_time":"2023-06-26T16:13:22+00:00","article_modified_time":"2023-06-26T16:20:09+00:00","og_image":[{"width":1536,"height":1017,"url":"https:\/\/challengeseconomiques.com\/wp-content\/uploads\/2023\/06\/Point_Presse_CCIAD_9-1536x1017-1.jpeg","type":"image\/jpeg"}],"author":"admin","twitter_card":"summary_large_image","twitter_misc":{"\u00c9crit par":"admin","Dur\u00e9e de lecture estim\u00e9e":"1 minute"},"schema":{"@context":"https:\/\/schema.org","@graph":[{"@type":"Article","@id":"https:\/\/challengeseconomiques.com\/?p=4892#article","isPartOf":{"@id":"https:\/\/challengeseconomiques.com\/?p=4892"},"author":{"name":"admin","@id":"https:\/\/challengeseconomiques.com\/#\/schema\/person\/b4568c9afebc5a9238a771873801e349"},"headline":"\u00c9v\u00e8nements du mois de juin : L\u2019appel au calme de la CCIAD","datePublished":"2023-06-26T16:13:22+00:00","dateModified":"2023-06-26T16:20:09+00:00","mainEntityOfPage":{"@id":"https:\/\/challengeseconomiques.com\/?p=4892"},"wordCount":180,"image":{"@id":"https:\/\/challengeseconomiques.com\/?p=4892#primaryimage"},"thumbnailUrl":"https:\/\/challengeseconomiques.com\/wp-content\/uploads\/2023\/06\/Point_Presse_CCIAD_9-1536x1017-1.jpeg","articleSection":["A la une","Infos \u00e9co"],"inLanguage":"fr-FR"},{"@type":"WebPage","@id":"https:\/\/challengeseconomiques.com\/?p=4892","url":"https:\/\/challengeseconomiques.com\/?p=4892","name":"\u00c9v\u00e8nements du mois de juin : L\u2019appel au calme de la CCIAD - challenges economiques","isPartOf":{"@id":"https:\/\/challengeseconomiques.com\/#website"},"primaryImageOfPage":{"@id":"https:\/\/challengeseconomiques.com\/?p=4892#primaryimage"},"image":{"@id":"https:\/\/challengeseconomiques.com\/?p=4892#primaryimage"},"thumbnailUrl":"https:\/\/challengeseconomiques.com\/wp-content\/uploads\/2023\/06\/Point_Presse_CCIAD_9-1536x1017-1.jpeg","datePublished":"2023-06-26T16:13:22+00:00","dateModified":"2023-06-26T16:20:09+00:00","author":{"@id":"https:\/\/challengeseconomiques.com\/#\/schema\/person\/b4568c9afebc5a9238a771873801e349"},"breadcrumb":{"@id":"https:\/\/challengeseconomiques.com\/?p=4892#breadcrumb"},"inLanguage":"fr-FR","potentialAction":[{"@type":"ReadAction","target":["https:\/\/challengeseconomiques.com\/?p=4892"]}]},{"@type":"ImageObject","inLanguage":"fr-FR","@id":"https:\/\/challengeseconomiques.com\/?p=4892#primaryimage","url":"https:\/\/challengeseconomiques.com\/wp-content\/uploads\/2023\/06\/Point_Presse_CCIAD_9-1536x1017-1.jpeg","contentUrl":"https:\/\/challengeseconomiques.com\/wp-content\/uploads\/2023\/06\/Point_Presse_CCIAD_9-1536x1017-1.jpeg","width":1536,"height":1017},{"@type":"BreadcrumbList","@id":"https:\/\/challengeseconomiques.com\/?p=4892#breadcrumb","itemListElement":[{"@type":"ListItem","position":1,"name":"Home","item":"https:\/\/challengeseconomiques.com\/"},{"@type":"ListItem","position":2,"name":"\u00c9v\u00e8nements du mois de juin : L\u2019appel au calme de la CCIAD"}]},{"@type":"WebSite","@id":"https:\/\/challengeseconomiques.com\/#website","url":"https:\/\/challengeseconomiques.com\/","name":"challenges economiques","description":"","potentialAction":[{"@type":"SearchAction","target":{"@type":"EntryPoint","urlTemplate":"https:\/\/challengeseconomiques.com\/?s={search_term_string}"},"query-input":{"@type":"PropertyValueSpecification","valueRequired":true,"valueName":"search_term_string"}}],"inLanguage":"fr-FR"},{"@type":"Person","@id":"https:\/\/challengeseconomiques.com\/#\/schema\/person\/b4568c9afebc5a9238a771873801e349","name":"admin","image":{"@type":"ImageObject","inLanguage":"fr-FR","@id":"https:\/\/challengeseconomiques.com\/#\/schema\/person\/image\/","url":"https:\/\/secure.gravatar.com\/avatar\/099e42240b5eea11acdb72751fcce0dd918603f0749d24974b7984ea47ed9fd9?s=96&d=mm&r=g","contentUrl":"https:\/\/secure.gravatar.com\/avatar\/099e42240b5eea11acdb72751fcce0dd918603f0749d24974b7984ea47ed9fd9?s=96&d=mm&r=g","caption":"admin"},"sameAs":["https:\/\/challengeseconomiques.com"],"url":"https:\/\/challengeseconomiques.com\/?author=1"}]}},"jetpack_featured_media_url":"https:\/\/challengeseconomiques.com\/wp-content\/uploads\/2023\/06\/Point_Presse_CCIAD_9-1536x1017-1.jpeg","jetpack_sharing_enabled":true,"_links":{"self":[{"href":"https:\/\/challengeseconomiques.com\/index.php?rest_route=\/wp\/v2\/posts\/4892","targetHints":{"allow":["GET"]}}],"collection":[{"href":"https:\/\/challengeseconomiques.com\/index.php?rest_route=\/wp\/v2\/posts"}],"about":[{"href":"https:\/\/challengeseconomiques.com\/index.php?rest_route=\/wp\/v2\/types\/post"}],"author":[{"embeddable":true,"href":"https:\/\/challengeseconomiques.com\/index.php?rest_route=\/wp\/v2\/users\/1"}],"replies":[{"embeddable":true,"href":"https:\/\/challengeseconomiques.com\/index.php?rest_route=%2Fwp%2Fv2%2Fcomments&post=4892"}],"version-history":[{"count":3,"href":"https:\/\/challengeseconomiques.com\/index.php?rest_route=\/wp\/v2\/posts\/4892\/revisions"}],"predecessor-version":[{"id":4900,"href":"https:\/\/challengeseconomiques.com\/index.php?rest_route=\/wp\/v2\/posts\/4892\/revisions\/4900"}],"wp:featuredmedia":[{"embeddable":true,"href":"https:\/\/challengeseconomiques.com\/index.php?rest_route=\/wp\/v2\/media\/4893"}],"wp:attachment":[{"href":"https:\/\/challengeseconomiques.com\/index.php?rest_route=%2Fwp%2Fv2%2Fmedia&parent=4892"}],"wp:term":[{"taxonomy":"category","embeddable":true,"href":"https:\/\/challengeseconomiques.com\/index.php?rest_route=%2Fwp%2Fv2%2Fcategories&post=4892"},{"taxonomy":"post_tag","embeddable":true,"href":"https:\/\/challengeseconomiques.com\/index.php?rest_route=%2Fwp%2Fv2%2Ftags&post=4892"}],"curies":[{"name":"wp","href":"https:\/\/api.w.org\/{rel}","templated":true}]}}